{"id":1139,"date":"2013-06-04T10:42:51","date_gmt":"2013-06-04T08:42:51","guid":{"rendered":"http:\/\/www.naturparkmagazin.de\/vdn\/?p=1139"},"modified":"2013-06-06T15:47:12","modified_gmt":"2013-06-06T13:47:12","slug":"loewenzahnblueten-aufstrich-aus-dem-naturpark-bayerischer-wald","status":"publish","type":"post","link":"https:\/\/www.naturparkmagazin.de\/vdn\/loewenzahnblueten-aufstrich-aus-dem-naturpark-bayerischer-wald\/","title":{"rendered":"L\u00f6wenzahnbl\u00fcten-Aufstrich aus dem Naturpark Bayerischer Wald"},"content":{"rendered":"<p style=\"text-align: center;\"><a href=\"https:\/\/www.naturparkmagazin.de\/vdn\/wp-content\/uploads\/sites\/3\/L\u00f6wenzahnaufstrich.jpg\"><img decoding=\"async\" loading=\"lazy\" class=\"size-medium wp-image-1183 aligncenter\" title=\"L\u00f6wenzahnaufstrich - Copyright: Naturgenuss\" alt=\"L\u00f6wenzahnaufstrich\" src=\"https:\/\/www.naturparkmagazin.de\/vdn\/wp-content\/uploads\/sites\/3\/L\u00f6wenzahnaufstrich-620x413.jpg\" width=\"620\" height=\"413\" srcset=\"https:\/\/www.naturparkmagazin.de\/vdn\/wp-content\/uploads\/sites\/3\/L\u00f6wenzahnaufstrich-620x413.jpg 620w, https:\/\/www.naturparkmagazin.de\/vdn\/wp-content\/uploads\/sites\/3\/L\u00f6wenzahnaufstrich-300x200.jpg 300w, https:\/\/www.naturparkmagazin.de\/vdn\/wp-content\/uploads\/sites\/3\/L\u00f6wenzahnaufstrich-940x627.jpg 940w, https:\/\/www.naturparkmagazin.de\/vdn\/wp-content\/uploads\/sites\/3\/L\u00f6wenzahnaufstrich-670x447.jpg 670w, https:\/\/www.naturparkmagazin.de\/vdn\/wp-content\/uploads\/sites\/3\/L\u00f6wenzahnaufstrich-200x133.jpg 200w, https:\/\/www.naturparkmagazin.de\/vdn\/wp-content\/uploads\/sites\/3\/L\u00f6wenzahnaufstrich.jpg 1660w\" sizes=\"(max-width: 620px) 100vw, 620px\" \/><\/a><\/p>\n<p>Den Geschmack bl\u00fchender L\u00f6wenzahnwiesen k\u00f6nnen Sie sich mit dem L\u00f6wenzahnbl\u00fcten-Aufstrich aus dem Naturpark Bayerischer Wald direkt aufs Brot holen.<\/p>\n<p>Die Kr\u00e4uterey im Freilichtmuseum Finsterau ist ein kleiner, \u00fcberschaubarer Kr\u00e4uterbetrieb, der es sich zur Aufgabe gemacht hat heimische Wild- und Heilkr\u00e4uter, aber auch Wildfr\u00fcchte zu neuen und schmackhaften Produkten zu verarbeiten. Im Einklang mit der Natur und auf der Grundlage traditioneller Rezepte werden in Handarbeit die Wild- und Gartenkr\u00e4uter der Museumsfluren zu schmackhaften Aufstrichen kreiert. Ein besonderer Wert wird auf die sorgf\u00e4ltige Ernte und Trocknung sowie schonende Verarbeitung ohne Chemie gelegt.<\/p>\n<p>Den L\u00f6wenzahnbl\u00fcten-Aufstrich aus dem Naturpark Bayerischer Wald sowie viele weitere Spezialit\u00e4ten aus Naturparken k\u00f6nnen Sie im <a title=\"Naturpark-Spezialit\u00e4ten-Shop\" href=\"http:\/\/www.naturpark-spezialitaeten.de\" target=\"_blank\">Naturpark-Spezialit\u00e4ten-Shop <\/a>bestellen.<\/p>\n","protected":false},"excerpt":{"rendered":"<p>Den Geschmack bl\u00fchender L\u00f6wenzahnwiesen k\u00f6nnen Sie sich mit dem &#8230;<\/p>\n","protected":false},"author":14,"featured_media":1183,"comment_status":"open","ping_status":"open","sticky":false,"template":"","format":"standard","meta":{"_links_to":"","_links_to_target":""},"categories":[13],"tags":[],"yoast_head":"<!-- This site is optimized with the Yoast SEO plugin v19.10 - https:\/\/yoast.com\/wordpress\/plugins\/seo\/ -->\n<title>L\u00f6wenzahnbl\u00fcten-Aufstrich aus dem Naturpark Bayerischer Wald<\/title>\n<meta name=\"description\" content=\"Den Geschmack bl\u00fchender L\u00f6wenzahnwiesen k\u00f6nnen Sie sich mit dem ...\" \/>\n<meta name=\"robots\" content=\"index, follow, max-snippet:-1, max-image-preview:large, max-video-preview:-1\" \/>\n<link rel=\"canonical\" href=\"https:\/\/www.naturparkmagazin.de\/vdn\/loewenzahnblueten-aufstrich-aus-dem-naturpark-bayerischer-wald\/\" \/>\n<meta property=\"og:locale\" content=\"de_DE\" \/>\n<meta property=\"og:type\" content=\"article\" \/>\n<meta property=\"og:title\" content=\"L\u00f6wenzahnbl\u00fcten-Aufstrich aus dem Naturpark Bayerischer Wald\" \/>\n<meta property=\"og:description\" content=\"Den Geschmack bl\u00fchender L\u00f6wenzahnwiesen k\u00f6nnen Sie sich mit dem ...\" \/>\n<meta property=\"og:url\" content=\"https:\/\/www.naturparkmagazin.de\/vdn\/loewenzahnblueten-aufstrich-aus-dem-naturpark-bayerischer-wald\/\" \/>\n<meta property=\"og:site_name\" content=\"Verband Deutscher Naturparke\" \/>\n<meta property=\"article:published_time\" content=\"2013-06-04T08:42:51+00:00\" \/>\n<meta property=\"article:modified_time\" content=\"2013-06-06T13:47:12+00:00\" \/>\n<meta property=\"og:image\" content=\"https:\/\/www.naturparkmagazin.de\/vdn\/wp-content\/uploads\/sites\/3\/L\u00f6wenzahnaufstrich.jpg\" \/>\n\t<meta property=\"og:image:width\" content=\"1660\" \/>\n\t<meta property=\"og:image:height\" content=\"1107\" \/>\n\t<meta property=\"og:image:type\" content=\"image\/jpeg\" \/>\n<meta name=\"author\" content=\"vdnnational\" \/>\n<meta name=\"twitter:label1\" content=\"Verfasst von\" \/>\n\t<meta name=\"twitter:data1\" content=\"vdnnational\" \/>\n\t<meta name=\"twitter:label2\" content=\"Gesch\u00e4tzte Lesezeit\" \/>\n\t<meta name=\"twitter:data2\" content=\"1\u00a0Minute\" \/>\n<script type=\"application\/ld+json\" class=\"yoast-schema-graph\">{\"@context\":\"https:\/\/schema.org\",\"@graph\":[{\"@type\":\"WebPage\",\"@id\":\"https:\/\/www.naturparkmagazin.de\/vdn\/loewenzahnblueten-aufstrich-aus-dem-naturpark-bayerischer-wald\/\",\"url\":\"https:\/\/www.naturparkmagazin.de\/vdn\/loewenzahnblueten-aufstrich-aus-dem-naturpark-bayerischer-wald\/\",\"name\":\"L\u00f6wenzahnbl\u00fcten-Aufstrich aus dem Naturpark Bayerischer Wald\",\"isPartOf\":{\"@id\":\"https:\/\/www.naturparkmagazin.de\/vdn\/#website\"},\"datePublished\":\"2013-06-04T08:42:51+00:00\",\"dateModified\":\"2013-06-06T13:47:12+00:00\",\"author\":{\"@id\":\"https:\/\/www.naturparkmagazin.de\/vdn\/#\/schema\/person\/e28d931df83318a48d52ae72b08d2bfb\"},\"description\":\"Den Geschmack bl\u00fchender L\u00f6wenzahnwiesen k\u00f6nnen Sie sich mit dem ...\",\"breadcrumb\":{\"@id\":\"https:\/\/www.naturparkmagazin.de\/vdn\/loewenzahnblueten-aufstrich-aus-dem-naturpark-bayerischer-wald\/#breadcrumb\"},\"inLanguage\":\"de\",\"potentialAction\":[{\"@type\":\"ReadAction\",\"target\":[\"https:\/\/www.naturparkmagazin.de\/vdn\/loewenzahnblueten-aufstrich-aus-dem-naturpark-bayerischer-wald\/\"]}]},{\"@type\":\"BreadcrumbList\",\"@id\":\"https:\/\/www.naturparkmagazin.de\/vdn\/loewenzahnblueten-aufstrich-aus-dem-naturpark-bayerischer-wald\/#breadcrumb\",\"itemListElement\":[{\"@type\":\"ListItem\",\"position\":1,\"name\":\"Home\",\"item\":\"https:\/\/www.naturparkmagazin.de\/vdn\/\"},{\"@type\":\"ListItem\",\"position\":2,\"name\":\"L\u00f6wenzahnbl\u00fcten-Aufstrich aus dem Naturpark Bayerischer Wald\"}]},{\"@type\":\"WebSite\",\"@id\":\"https:\/\/www.naturparkmagazin.de\/vdn\/#website\",\"url\":\"https:\/\/www.naturparkmagazin.de\/vdn\/\",\"name\":\"Verband Deutscher Naturparke\",\"description\":\"Eine weitere Naturparkmagazin.de Netzwerk Seite\",\"potentialAction\":[{\"@type\":\"SearchAction\",\"target\":{\"@type\":\"EntryPoint\",\"urlTemplate\":\"https:\/\/www.naturparkmagazin.de\/vdn\/?s={search_term_string}\"},\"query-input\":\"required name=search_term_string\"}],\"inLanguage\":\"de\"},{\"@type\":\"Person\",\"@id\":\"https:\/\/www.naturparkmagazin.de\/vdn\/#\/schema\/person\/e28d931df83318a48d52ae72b08d2bfb\",\"name\":\"vdnnational\",\"url\":\"https:\/\/www.naturparkmagazin.de\/vdn\/author\/vdnnational\/\"}]}<\/script>\n<!-- \/ Yoast SEO plugin. -->","yoast_head_json":{"title":"L\u00f6wenzahnbl\u00fcten-Aufstrich aus dem Naturpark Bayerischer Wald","description":"Den Geschmack bl\u00fchender L\u00f6wenzahnwiesen k\u00f6nnen Sie sich mit dem ...","robots":{"index":"index","follow":"follow","max-snippet":"max-snippet:-1","max-image-preview":"max-image-preview:large","max-video-preview":"max-video-preview:-1"},"canonical":"https:\/\/www.naturparkmagazin.de\/vdn\/loewenzahnblueten-aufstrich-aus-dem-naturpark-bayerischer-wald\/","og_locale":"de_DE","og_type":"article","og_title":"L\u00f6wenzahnbl\u00fcten-Aufstrich aus dem Naturpark Bayerischer Wald","og_description":"Den Geschmack bl\u00fchender L\u00f6wenzahnwiesen k\u00f6nnen Sie sich mit dem ...","og_url":"https:\/\/www.naturparkmagazin.de\/vdn\/loewenzahnblueten-aufstrich-aus-dem-naturpark-bayerischer-wald\/","og_site_name":"Verband Deutscher Naturparke","article_published_time":"2013-06-04T08:42:51+00:00","article_modified_time":"2013-06-06T13:47:12+00:00","og_image":[{"width":1660,"height":1107,"url":"https:\/\/www.naturparkmagazin.de\/vdn\/wp-content\/uploads\/sites\/3\/L\u00f6wenzahnaufstrich.jpg","type":"image\/jpeg"}],"author":"vdnnational","twitter_misc":{"Verfasst von":"vdnnational","Gesch\u00e4tzte Lesezeit":"1\u00a0Minute"},"schema":{"@context":"https:\/\/schema.org","@graph":[{"@type":"WebPage","@id":"https:\/\/www.naturparkmagazin.de\/vdn\/loewenzahnblueten-aufstrich-aus-dem-naturpark-bayerischer-wald\/","url":"https:\/\/www.naturparkmagazin.de\/vdn\/loewenzahnblueten-aufstrich-aus-dem-naturpark-bayerischer-wald\/","name":"L\u00f6wenzahnbl\u00fcten-Aufstrich aus dem Naturpark Bayerischer Wald","isPartOf":{"@id":"https:\/\/www.naturparkmagazin.de\/vdn\/#website"},"datePublished":"2013-06-04T08:42:51+00:00","dateModified":"2013-06-06T13:47:12+00:00","author":{"@id":"https:\/\/www.naturparkmagazin.de\/vdn\/#\/schema\/person\/e28d931df83318a48d52ae72b08d2bfb"},"description":"Den Geschmack bl\u00fchender L\u00f6wenzahnwiesen k\u00f6nnen Sie sich mit dem ...","breadcrumb":{"@id":"https:\/\/www.naturparkmagazin.de\/vdn\/loewenzahnblueten-aufstrich-aus-dem-naturpark-bayerischer-wald\/#breadcrumb"},"inLanguage":"de","potentialAction":[{"@type":"ReadAction","target":["https:\/\/www.naturparkmagazin.de\/vdn\/loewenzahnblueten-aufstrich-aus-dem-naturpark-bayerischer-wald\/"]}]},{"@type":"BreadcrumbList","@id":"https:\/\/www.naturparkmagazin.de\/vdn\/loewenzahnblueten-aufstrich-aus-dem-naturpark-bayerischer-wald\/#breadcrumb","itemListElement":[{"@type":"ListItem","position":1,"name":"Home","item":"https:\/\/www.naturparkmagazin.de\/vdn\/"},{"@type":"ListItem","position":2,"name":"L\u00f6wenzahnbl\u00fcten-Aufstrich aus dem Naturpark Bayerischer Wald"}]},{"@type":"WebSite","@id":"https:\/\/www.naturparkmagazin.de\/vdn\/#website","url":"https:\/\/www.naturparkmagazin.de\/vdn\/","name":"Verband Deutscher Naturparke","description":"Eine weitere Naturparkmagazin.de Netzwerk Seite","potentialAction":[{"@type":"SearchAction","target":{"@type":"EntryPoint","urlTemplate":"https:\/\/www.naturparkmagazin.de\/vdn\/?s={search_term_string}"},"query-input":"required name=search_term_string"}],"inLanguage":"de"},{"@type":"Person","@id":"https:\/\/www.naturparkmagazin.de\/vdn\/#\/schema\/person\/e28d931df83318a48d52ae72b08d2bfb","name":"vdnnational","url":"https:\/\/www.naturparkmagazin.de\/vdn\/author\/vdnnational\/"}]}},"_links":{"self":[{"href":"https:\/\/www.naturparkmagazin.de\/vdn\/wp-json\/wp\/v2\/posts\/1139"}],"collection":[{"href":"https:\/\/www.naturparkmagazin.de\/vdn\/wp-json\/wp\/v2\/posts"}],"about":[{"href":"https:\/\/www.naturparkmagazin.de\/vdn\/wp-json\/wp\/v2\/types\/post"}],"author":[{"embeddable":true,"href":"https:\/\/www.naturparkmagazin.de\/vdn\/wp-json\/wp\/v2\/users\/14"}],"replies":[{"embeddable":true,"href":"https:\/\/www.naturparkmagazin.de\/vdn\/wp-json\/wp\/v2\/comments?post=1139"}],"version-history":[{"count":17,"href":"https:\/\/www.naturparkmagazin.de\/vdn\/wp-json\/wp\/v2\/posts\/1139\/revisions"}],"predecessor-version":[{"id":1421,"href":"https:\/\/www.naturparkmagazin.de\/vdn\/wp-json\/wp\/v2\/posts\/1139\/revisions\/1421"}],"wp:featuredmedia":[{"embeddable":true,"href":"https:\/\/www.naturparkmagazin.de\/vdn\/wp-json\/wp\/v2\/media\/1183"}],"wp:attachment":[{"href":"https:\/\/www.naturparkmagazin.de\/vdn\/wp-json\/wp\/v2\/media?parent=1139"}],"wp:term":[{"taxonomy":"category","embeddable":true,"href":"https:\/\/www.naturparkmagazin.de\/vdn\/wp-json\/wp\/v2\/categories?post=1139"},{"taxonomy":"post_tag","embeddable":true,"href":"https:\/\/www.naturparkmagazin.de\/vdn\/wp-json\/wp\/v2\/tags?post=1139"}],"curies":[{"name":"wp","href":"https:\/\/api.w.org\/{rel}","templated":true}]}}