{"id":11421,"date":"2019-06-14T17:19:42","date_gmt":"2019-06-14T15:19:42","guid":{"rendered":"https:\/\/www.naturparkmagazin.de\/vdn\/?p=11421"},"modified":"2019-06-13T14:01:40","modified_gmt":"2019-06-13T12:01:40","slug":"100-naturpark-schulen-bundesweit","status":"publish","type":"post","link":"https:\/\/www.naturparkmagazin.de\/vdn\/100-naturpark-schulen-bundesweit\/","title":{"rendered":"100 Naturpark-Schulen bundesweit"},"content":{"rendered":"<div id=\"attachment_11423\" style=\"width: 510px\" class=\"wp-caption alignnone\"><a href=\"https:\/\/www.naturparkmagazin.de\/vdn\/wp-content\/uploads\/sites\/3\/NP-Schuleb.jpeg\"><img aria-describedby=\"caption-attachment-11423\" decoding=\"async\" loading=\"lazy\" class=\"size-full wp-image-11423\" src=\"https:\/\/www.naturparkmagazin.de\/vdn\/wp-content\/uploads\/sites\/3\/NP-Schuleb.jpeg\" alt=\"\u00a9 VDN\" width=\"500\" height=\"300\" srcset=\"https:\/\/www.naturparkmagazin.de\/vdn\/wp-content\/uploads\/sites\/3\/NP-Schuleb.jpeg 500w, https:\/\/www.naturparkmagazin.de\/vdn\/wp-content\/uploads\/sites\/3\/NP-Schuleb-300x180.jpeg 300w, https:\/\/www.naturparkmagazin.de\/vdn\/wp-content\/uploads\/sites\/3\/NP-Schuleb-200x120.jpeg 200w\" sizes=\"(max-width: 500px) 100vw, 500px\" \/><\/a><p id=\"caption-attachment-11423\" class=\"wp-caption-text\">\u00a9 VDN<\/p><\/div>\n<p>Die Weerth-Schule Detmold im Naturpark Teutoburger Wald \/ Eggegebirge durfte sich als erste Schule \u201eNaturpark-Schule\u201c nennen: Mitte Mai 2014 war die Weerth-Schule die erste Schule bundesweit, die dieses Zertifikat vom Verband Deutscher Naturparke (VDN) erhielt. \u201eDie Initiative der Naturpark-Schulen wird Schule machen. Hier wird Bildung f\u00fcr nachhaltige Entwicklung konkret\u201c, prophezeite der damalige NRW-Umweltminister Johannes Remmel. Er sollte Recht behalten, denn 5 Jahre sp\u00e4ter wird jetzt im Naturpark S\u00fcdschwarzwald mit der Gemeinschaftsschule Oberes Wiesental in Todtnau die 100. Naturpark-Schule ausgezeichnet.<\/p>\n<p>Ziel des Programms ist der Aufbau einer festen, dauerhaften Zusammenarbeit zwischen Naturparken und Schulen, deren Rahmenbedingungen in einer Kooperationsvereinbarung festgelegt sind. Die Schulen gew\u00e4hrleisten, Naturpark- und Umweltthemen unter Ber\u00fccksichtigung des Aspekts \u201eBildung f\u00fcr nachhaltige Entwicklung\u201c regelm\u00e4\u00dfig im Unterricht zu verankern.<\/p>\n<p>Das Konzept und die Kriterien f\u00fcr eine \u201eNaturpark-Schule\u201c sind von 2014-2017 im Projekt \u201eNetzwerk Naturpark-Schulen\u201c des VDN entstanden, in dem sich 14 Modell-Naturparke aus dem Bundesgebiet zusammengefunden hatten. Das Zertifikat \u201eNaturpark-Schule\u201c ist f\u00fcr f\u00fcnf Jahre g\u00fcltig und kann nach dem f\u00e4lligen Qualit\u00e4ts-Check entsprechend der VDN-Kriterien erneut vergeben werden. Im Juni 2019 hat sich die Grundschule Blankensee im Naturpark Nuthe-Nieplitz als erste Naturpark-Schule re-evaluieren lassen \u2013 weitere werden folgen.<\/p>\n<p>Das Projekt \u201eNetzwerk Naturpark-Schulen\u201c wurde im April 2015 als offizielles Projekt der UN-Dekade \u201eBildung f\u00fcr nachhaltige Entwicklung\u201c ausgezeichnet.<\/p>\n<p>&gt;&gt; <a href=\"https:\/\/www.naturparke.de\/aufgaben-ziele\/bildung\/naturpark-schulen.html\" target=\"_blank\">Hier erhalten Sie n\u00e4here Information zum Programm \u201eNetzwerk Naturpark-Schulen\u201c<\/a><\/p>\n<p>&nbsp;<\/p>\n<p>&nbsp;<\/p>\n<p>&nbsp;<\/p>\n","protected":false},"excerpt":{"rendered":"<p>Vor f\u00fcnf Jahren wurde die erste Naturpark-Schule ausgezeichnet. Mit der Auszeichnung der Gemeinschaftsschule Oberes Wiesental im Naturpark S\u00fcdschwarzwald freut sich das Netzwerk Naturpark-Schulen des VDN jetzt \u00fcber sein 100. Mitglied.<\/p>\n","protected":false},"author":73,"featured_media":11422,"comment_status":"open","ping_status":"open","sticky":false,"template":"","format":"standard","meta":{"_links_to":"","_links_to_target":""},"categories":[7],"tags":[1094,637,327,41],"yoast_head":"<!-- This site is optimized with the Yoast SEO plugin v19.10 - https:\/\/yoast.com\/wordpress\/plugins\/seo\/ -->\n<title>100 Naturpark-Schulen bundesweit<\/title>\n<meta name=\"description\" content=\"Vor f\u00fcnf Jahren wurde die erste Naturpark-Schule ausgezeichnet. Mit der Auszeichnung der Gemeinschaftsschule Oberes Wiesental im Naturpark S\u00fcdschwarzwald freut sich das Netzwerk Naturpark-Schulen des VDN jetzt \u00fcber sein 100. Mitglied.\" \/>\n<meta name=\"robots\" content=\"index, follow, max-snippet:-1, max-image-preview:large, max-video-preview:-1\" \/>\n<link rel=\"canonical\" href=\"https:\/\/www.naturparkmagazin.de\/vdn\/100-naturpark-schulen-bundesweit\/\" \/>\n<meta property=\"og:locale\" content=\"de_DE\" \/>\n<meta property=\"og:type\" content=\"article\" \/>\n<meta property=\"og:title\" content=\"100 Naturpark-Schulen bundesweit\" \/>\n<meta property=\"og:description\" content=\"Vor f\u00fcnf Jahren wurde die erste Naturpark-Schule ausgezeichnet. Mit der Auszeichnung der Gemeinschaftsschule Oberes Wiesental im Naturpark S\u00fcdschwarzwald freut sich das Netzwerk Naturpark-Schulen des VDN jetzt \u00fcber sein 100. Mitglied.\" \/>\n<meta property=\"og:url\" content=\"https:\/\/www.naturparkmagazin.de\/vdn\/100-naturpark-schulen-bundesweit\/\" \/>\n<meta property=\"og:site_name\" content=\"Verband Deutscher Naturparke\" \/>\n<meta property=\"article:published_time\" content=\"2019-06-14T15:19:42+00:00\" \/>\n<meta property=\"article:modified_time\" content=\"2019-06-13T12:01:40+00:00\" \/>\n<meta property=\"og:image\" content=\"https:\/\/www.naturparkmagazin.de\/vdn\/wp-content\/uploads\/sites\/3\/NP-Schule.jpeg\" \/>\n\t<meta property=\"og:image:width\" content=\"200\" \/>\n\t<meta property=\"og:image:height\" content=\"200\" \/>\n\t<meta property=\"og:image:type\" content=\"image\/jpeg\" \/>\n<meta name=\"author\" content=\"manuelamerz\" \/>\n<meta name=\"twitter:label1\" content=\"Verfasst von\" \/>\n\t<meta name=\"twitter:data1\" content=\"manuelamerz\" \/>\n\t<meta name=\"twitter:label2\" content=\"Gesch\u00e4tzte Lesezeit\" \/>\n\t<meta name=\"twitter:data2\" content=\"1\u00a0Minute\" \/>\n<script type=\"application\/ld+json\" class=\"yoast-schema-graph\">{\"@context\":\"https:\/\/schema.org\",\"@graph\":[{\"@type\":\"WebPage\",\"@id\":\"https:\/\/www.naturparkmagazin.de\/vdn\/100-naturpark-schulen-bundesweit\/\",\"url\":\"https:\/\/www.naturparkmagazin.de\/vdn\/100-naturpark-schulen-bundesweit\/\",\"name\":\"100 Naturpark-Schulen bundesweit\",\"isPartOf\":{\"@id\":\"https:\/\/www.naturparkmagazin.de\/vdn\/#website\"},\"datePublished\":\"2019-06-14T15:19:42+00:00\",\"dateModified\":\"2019-06-13T12:01:40+00:00\",\"author\":{\"@id\":\"https:\/\/www.naturparkmagazin.de\/vdn\/#\/schema\/person\/3cff9b8773ed55f0189255fa9adfd57c\"},\"description\":\"Vor f\u00fcnf Jahren wurde die erste Naturpark-Schule ausgezeichnet. Mit der Auszeichnung der Gemeinschaftsschule Oberes Wiesental im Naturpark S\u00fcdschwarzwald freut sich das Netzwerk Naturpark-Schulen des VDN jetzt \u00fcber sein 100. Mitglied.\",\"breadcrumb\":{\"@id\":\"https:\/\/www.naturparkmagazin.de\/vdn\/100-naturpark-schulen-bundesweit\/#breadcrumb\"},\"inLanguage\":\"de\",\"potentialAction\":[{\"@type\":\"ReadAction\",\"target\":[\"https:\/\/www.naturparkmagazin.de\/vdn\/100-naturpark-schulen-bundesweit\/\"]}]},{\"@type\":\"BreadcrumbList\",\"@id\":\"https:\/\/www.naturparkmagazin.de\/vdn\/100-naturpark-schulen-bundesweit\/#breadcrumb\",\"itemListElement\":[{\"@type\":\"ListItem\",\"position\":1,\"name\":\"Home\",\"item\":\"https:\/\/www.naturparkmagazin.de\/vdn\/\"},{\"@type\":\"ListItem\",\"position\":2,\"name\":\"100 Naturpark-Schulen bundesweit\"}]},{\"@type\":\"WebSite\",\"@id\":\"https:\/\/www.naturparkmagazin.de\/vdn\/#website\",\"url\":\"https:\/\/www.naturparkmagazin.de\/vdn\/\",\"name\":\"Verband Deutscher Naturparke\",\"description\":\"Eine weitere Naturparkmagazin.de Netzwerk Seite\",\"potentialAction\":[{\"@type\":\"SearchAction\",\"target\":{\"@type\":\"EntryPoint\",\"urlTemplate\":\"https:\/\/www.naturparkmagazin.de\/vdn\/?s={search_term_string}\"},\"query-input\":\"required name=search_term_string\"}],\"inLanguage\":\"de\"},{\"@type\":\"Person\",\"@id\":\"https:\/\/www.naturparkmagazin.de\/vdn\/#\/schema\/person\/3cff9b8773ed55f0189255fa9adfd57c\",\"name\":\"manuelamerz\",\"url\":\"https:\/\/www.naturparkmagazin.de\/vdn\/author\/manuelamerz\/\"}]}<\/script>\n<!-- \/ Yoast SEO plugin. -->","yoast_head_json":{"title":"100 Naturpark-Schulen bundesweit","description":"Vor f\u00fcnf Jahren wurde die erste Naturpark-Schule ausgezeichnet. Mit der Auszeichnung der Gemeinschaftsschule Oberes Wiesental im Naturpark S\u00fcdschwarzwald freut sich das Netzwerk Naturpark-Schulen des VDN jetzt \u00fcber sein 100. Mitglied.","robots":{"index":"index","follow":"follow","max-snippet":"max-snippet:-1","max-image-preview":"max-image-preview:large","max-video-preview":"max-video-preview:-1"},"canonical":"https:\/\/www.naturparkmagazin.de\/vdn\/100-naturpark-schulen-bundesweit\/","og_locale":"de_DE","og_type":"article","og_title":"100 Naturpark-Schulen bundesweit","og_description":"Vor f\u00fcnf Jahren wurde die erste Naturpark-Schule ausgezeichnet. Mit der Auszeichnung der Gemeinschaftsschule Oberes Wiesental im Naturpark S\u00fcdschwarzwald freut sich das Netzwerk Naturpark-Schulen des VDN jetzt \u00fcber sein 100. Mitglied.","og_url":"https:\/\/www.naturparkmagazin.de\/vdn\/100-naturpark-schulen-bundesweit\/","og_site_name":"Verband Deutscher Naturparke","article_published_time":"2019-06-14T15:19:42+00:00","article_modified_time":"2019-06-13T12:01:40+00:00","og_image":[{"width":200,"height":200,"url":"https:\/\/www.naturparkmagazin.de\/vdn\/wp-content\/uploads\/sites\/3\/NP-Schule.jpeg","type":"image\/jpeg"}],"author":"manuelamerz","twitter_misc":{"Verfasst von":"manuelamerz","Gesch\u00e4tzte Lesezeit":"1\u00a0Minute"},"schema":{"@context":"https:\/\/schema.org","@graph":[{"@type":"WebPage","@id":"https:\/\/www.naturparkmagazin.de\/vdn\/100-naturpark-schulen-bundesweit\/","url":"https:\/\/www.naturparkmagazin.de\/vdn\/100-naturpark-schulen-bundesweit\/","name":"100 Naturpark-Schulen bundesweit","isPartOf":{"@id":"https:\/\/www.naturparkmagazin.de\/vdn\/#website"},"datePublished":"2019-06-14T15:19:42+00:00","dateModified":"2019-06-13T12:01:40+00:00","author":{"@id":"https:\/\/www.naturparkmagazin.de\/vdn\/#\/schema\/person\/3cff9b8773ed55f0189255fa9adfd57c"},"description":"Vor f\u00fcnf Jahren wurde die erste Naturpark-Schule ausgezeichnet. Mit der Auszeichnung der Gemeinschaftsschule Oberes Wiesental im Naturpark S\u00fcdschwarzwald freut sich das Netzwerk Naturpark-Schulen des VDN jetzt \u00fcber sein 100. Mitglied.","breadcrumb":{"@id":"https:\/\/www.naturparkmagazin.de\/vdn\/100-naturpark-schulen-bundesweit\/#breadcrumb"},"inLanguage":"de","potentialAction":[{"@type":"ReadAction","target":["https:\/\/www.naturparkmagazin.de\/vdn\/100-naturpark-schulen-bundesweit\/"]}]},{"@type":"BreadcrumbList","@id":"https:\/\/www.naturparkmagazin.de\/vdn\/100-naturpark-schulen-bundesweit\/#breadcrumb","itemListElement":[{"@type":"ListItem","position":1,"name":"Home","item":"https:\/\/www.naturparkmagazin.de\/vdn\/"},{"@type":"ListItem","position":2,"name":"100 Naturpark-Schulen bundesweit"}]},{"@type":"WebSite","@id":"https:\/\/www.naturparkmagazin.de\/vdn\/#website","url":"https:\/\/www.naturparkmagazin.de\/vdn\/","name":"Verband Deutscher Naturparke","description":"Eine weitere Naturparkmagazin.de Netzwerk Seite","potentialAction":[{"@type":"SearchAction","target":{"@type":"EntryPoint","urlTemplate":"https:\/\/www.naturparkmagazin.de\/vdn\/?s={search_term_string}"},"query-input":"required name=search_term_string"}],"inLanguage":"de"},{"@type":"Person","@id":"https:\/\/www.naturparkmagazin.de\/vdn\/#\/schema\/person\/3cff9b8773ed55f0189255fa9adfd57c","name":"manuelamerz","url":"https:\/\/www.naturparkmagazin.de\/vdn\/author\/manuelamerz\/"}]}},"_links":{"self":[{"href":"https:\/\/www.naturparkmagazin.de\/vdn\/wp-json\/wp\/v2\/posts\/11421"}],"collection":[{"href":"https:\/\/www.naturparkmagazin.de\/vdn\/wp-json\/wp\/v2\/posts"}],"about":[{"href":"https:\/\/www.naturparkmagazin.de\/vdn\/wp-json\/wp\/v2\/types\/post"}],"author":[{"embeddable":true,"href":"https:\/\/www.naturparkmagazin.de\/vdn\/wp-json\/wp\/v2\/users\/73"}],"replies":[{"embeddable":true,"href":"https:\/\/www.naturparkmagazin.de\/vdn\/wp-json\/wp\/v2\/comments?post=11421"}],"version-history":[{"count":1,"href":"https:\/\/www.naturparkmagazin.de\/vdn\/wp-json\/wp\/v2\/posts\/11421\/revisions"}],"predecessor-version":[{"id":11424,"href":"https:\/\/www.naturparkmagazin.de\/vdn\/wp-json\/wp\/v2\/posts\/11421\/revisions\/11424"}],"wp:featuredmedia":[{"embeddable":true,"href":"https:\/\/www.naturparkmagazin.de\/vdn\/wp-json\/wp\/v2\/media\/11422"}],"wp:attachment":[{"href":"https:\/\/www.naturparkmagazin.de\/vdn\/wp-json\/wp\/v2\/media?parent=11421"}],"wp:term":[{"taxonomy":"category","embeddable":true,"href":"https:\/\/www.naturparkmagazin.de\/vdn\/wp-json\/wp\/v2\/categories?post=11421"},{"taxonomy":"post_tag","embeddable":true,"href":"https:\/\/www.naturparkmagazin.de\/vdn\/wp-json\/wp\/v2\/tags?post=11421"}],"curies":[{"name":"wp","href":"https:\/\/api.w.org\/{rel}","templated":true}]}}