{"id":11426,"date":"2019-06-21T17:16:48","date_gmt":"2019-06-21T15:16:48","guid":{"rendered":"https:\/\/www.naturparkmagazin.de\/vdn\/?p=11426"},"modified":"2019-06-27T14:41:26","modified_gmt":"2019-06-27T12:41:26","slug":"monrepos-meine-ruhe","status":"publish","type":"post","link":"https:\/\/www.naturparkmagazin.de\/vdn\/monrepos-meine-ruhe\/","title":{"rendered":"\u201eMonrepos\u201c &#8211; \u201eMeine Ruhe\u201c"},"content":{"rendered":"<div id=\"attachment_11429\" style=\"width: 510px\" class=\"wp-caption alignnone\"><a href=\"https:\/\/www.naturparkmagazin.de\/vdn\/wp-content\/uploads\/sites\/3\/Ruheliegeb.jpeg\"><img aria-describedby=\"caption-attachment-11429\" decoding=\"async\" loading=\"lazy\" class=\"wp-image-11429 size-full\" src=\"https:\/\/www.naturparkmagazin.de\/vdn\/wp-content\/uploads\/sites\/3\/Ruheliegeb.jpeg\" alt=\"Ruheliege \u00a9 Naturpark Rhein-Westerwald\" width=\"500\" height=\"300\" srcset=\"https:\/\/www.naturparkmagazin.de\/vdn\/wp-content\/uploads\/sites\/3\/Ruheliegeb.jpeg 500w, https:\/\/www.naturparkmagazin.de\/vdn\/wp-content\/uploads\/sites\/3\/Ruheliegeb-300x180.jpeg 300w, https:\/\/www.naturparkmagazin.de\/vdn\/wp-content\/uploads\/sites\/3\/Ruheliegeb-200x120.jpeg 200w\" sizes=\"(max-width: 500px) 100vw, 500px\" \/><\/a><p id=\"caption-attachment-11429\" class=\"wp-caption-text\">Ruheliege \u00a9 Naturpark Rhein-Westerwald<\/p><\/div>\n<p>Monrepos (frz. \u201eMeine Ruhe\u201c) ist ein historisches Naherholungsgebiet \u00fcber dem Mittelrheintal im Naturpark Rhein-Westerwald. Die ehemalige f\u00fcrstliche Sommerresidenz auf den Anh\u00f6hen der Stadt Neuwied liegt inmitten ausgedehnter W\u00e4lder. Im Schloss Monrepos, dem ehemaligen Prinzessinnenpalais der F\u00fcrsten zu Wied in Neuwied, befindet sich heute das Arch\u00e4ologische Forschungszentrum und Museum f\u00fcr menschliche Verhaltensforschung. Arch\u00e4ologen aus aller Welt forschen und arbeiten auf Monrepos.<\/p>\n<div id=\"attachment_11428\" style=\"width: 510px\" class=\"wp-caption alignnone\"><a href=\"https:\/\/www.naturparkmagazin.de\/vdn\/wp-content\/uploads\/sites\/3\/Monreposb.jpg\"><img aria-describedby=\"caption-attachment-11428\" decoding=\"async\" loading=\"lazy\" class=\"wp-image-11428 size-full\" src=\"https:\/\/www.naturparkmagazin.de\/vdn\/wp-content\/uploads\/sites\/3\/Monreposb.jpg\" alt=\"\u00a9 Monrepos\" width=\"500\" height=\"300\" srcset=\"https:\/\/www.naturparkmagazin.de\/vdn\/wp-content\/uploads\/sites\/3\/Monreposb.jpg 500w, https:\/\/www.naturparkmagazin.de\/vdn\/wp-content\/uploads\/sites\/3\/Monreposb-300x180.jpg 300w, https:\/\/www.naturparkmagazin.de\/vdn\/wp-content\/uploads\/sites\/3\/Monreposb-200x120.jpg 200w\" sizes=\"(max-width: 500px) 100vw, 500px\" \/><\/a><p id=\"caption-attachment-11428\" class=\"wp-caption-text\">Monrepos \u00a9 Naturpark Rhein-Westerwald<\/p><\/div>\n<p>Im Sommer 2014 startete hier die neue, spannende Dauerausstellung \u201eMENSCHL<strong>ICH<\/strong>ES <strong>VERSTEHEN<\/strong>\u201c, die Besucher jeden Alters auf eine Entdeckungsreise zum eigenen \u201eIch\u201c schickt. Dabei werden die wichtigsten Stationen unserer 2,5 Millionen Jahre alten Verhaltensentwicklung in bewegenden Szenen aufbereitet. Der Besucher kann w\u00e4hrend eines Besuches die Wurzeln seines Verhaltens in der fr\u00fchen Menschheitsgeschichte nachempfinden und kommt dabei seiner eigenen Identit\u00e4t n\u00e4her. Es werden zahlreiche Antworten auf Fragen wie:<\/p>\n<ul>\n<li>Warum bin ich so, wie ich bin?<\/li>\n<li>Warum brauchen wir eine Familie?<\/li>\n<li>Warum liebe ich Pommes und fettiges Essen?<\/li>\n<li>Warum bin ich so w\u00fctend?<\/li>\n<li>Wann kam die Macht oder der Glaube oder die Freude am Feiern in unsere Welt?<\/li>\n<li>Warum bin ich kreativ? gegeben.<\/li>\n<\/ul>\n<p>Neben der Dauerausstellung gibt es auch andere Vermittlungsformate, die fortlaufend weiterentwickelt werden, um einem breiten Publikum die aktuellen Forschungsergebnisse begreifbar zu machen. Dazu z\u00e4hlen zum einen die Dialoge zur Pleistoz\u00e4nen Arch\u00e4ologie, eine \u00f6ffentliche Veranstaltung, die den wissenschaftlichen Austausch erm\u00f6glicht. Zum anderen gibt es ein breites Spektrum an unterschiedlichen In- und Outdoorworkshops, F\u00fchrungen zu Ern\u00e4hrungs- und Gesundheitsfragen, Klimawandel und Naturerlebnis, als auch zur Entstehung von Glauben oder die Rolle der Frau in der Altsteinzeit.<\/p>\n<p>Ein Restaurant mit wechselnden Tagesgerichten, Kaffee, Kuchen und anderen kleinen K\u00f6stlichkeiten bietet ein Genusserlebnis. Bei gutem Wetter kann man auf der Panoramaterrasse zudem den herrlichen Ausblick ins Rheintal genie\u00dfen!<\/p>\n<p><strong>\u00d6ffnungszeiten:<\/strong>\nJanuar bis Dezember: Di bis So und feiertags, 10-17 Uhr<\/p>\n<p>Tel.: +49 (0) 2631 \/ 9772-0\nFax: +49 (0) 2631 \/ 9772-299<\/p>\n<p><a href=\"http:\/\/www.monrepos-rgzm.de\">http:\/\/www.monrepos-rgzm.de<\/a><\/p>\n<p><a href=\"mailto:monrepos@rgzm.de\">monrepos@rgzm.de<\/a><\/p>\n<p>&nbsp;<\/p>\n","protected":false},"excerpt":{"rendered":"<p>Ein historisches Naherholungsgebiet \u00fcber dem Mittelrheintal, die f\u00fcrstliche Sommerresidenz inmitten ausgedehnter W\u00e4lder mit dem Schloss Monrepos, indem sich heute das Arch\u00e4ologische Forschungszentrum und Museum f\u00fcr menschliche Verhaltensforschung befindet. <\/p>\n","protected":false},"author":73,"featured_media":11430,"comment_status":"open","ping_status":"open","sticky":false,"template":"","format":"standard","meta":{"_links_to":"","_links_to_target":""},"categories":[617],"tags":[1698,1703,1700,1697,1129,1702,1701,1705,1704,1699],"yoast_head":"<!-- This site is optimized with the Yoast SEO plugin v19.10 - https:\/\/yoast.com\/wordpress\/plugins\/seo\/ -->\n<title>\u201eMonrepos\u201c - \u201eMeine Ruhe\u201c<\/title>\n<meta name=\"description\" content=\"Ein historisches Naherholungsgebiet \u00fcber dem Mittelrheintal, die f\u00fcrstliche Sommerresidenz inmitten ausgedehnter W\u00e4lder mit dem Schloss Monrepos, indem sich heute das Arch\u00e4ologische Forschungszentrum und Museum f\u00fcr menschliche Verhaltensforschung befindet.\" \/>\n<meta name=\"robots\" content=\"index, follow, max-snippet:-1, max-image-preview:large, max-video-preview:-1\" \/>\n<link rel=\"canonical\" href=\"https:\/\/www.naturparkmagazin.de\/vdn\/monrepos-meine-ruhe\/\" \/>\n<meta property=\"og:locale\" content=\"de_DE\" \/>\n<meta property=\"og:type\" content=\"article\" \/>\n<meta property=\"og:title\" content=\"\u201eMonrepos\u201c - \u201eMeine Ruhe\u201c\" \/>\n<meta property=\"og:description\" content=\"Ein historisches Naherholungsgebiet \u00fcber dem Mittelrheintal, die f\u00fcrstliche Sommerresidenz inmitten ausgedehnter W\u00e4lder mit dem Schloss Monrepos, indem sich heute das Arch\u00e4ologische Forschungszentrum und Museum f\u00fcr menschliche Verhaltensforschung befindet.\" \/>\n<meta property=\"og:url\" content=\"https:\/\/www.naturparkmagazin.de\/vdn\/monrepos-meine-ruhe\/\" \/>\n<meta property=\"og:site_name\" content=\"Verband Deutscher Naturparke\" \/>\n<meta property=\"article:published_time\" content=\"2019-06-21T15:16:48+00:00\" \/>\n<meta property=\"article:modified_time\" content=\"2019-06-27T12:41:26+00:00\" \/>\n<meta property=\"og:image\" content=\"https:\/\/www.naturparkmagazin.de\/vdn\/wp-content\/uploads\/sites\/3\/Ruheliegebf.jpeg\" \/>\n\t<meta property=\"og:image:width\" content=\"200\" \/>\n\t<meta property=\"og:image:height\" content=\"200\" \/>\n\t<meta property=\"og:image:type\" content=\"image\/jpeg\" \/>\n<meta name=\"author\" content=\"manuelamerz\" \/>\n<meta name=\"twitter:label1\" content=\"Verfasst von\" \/>\n\t<meta name=\"twitter:data1\" content=\"manuelamerz\" \/>\n\t<meta name=\"twitter:label2\" content=\"Gesch\u00e4tzte Lesezeit\" \/>\n\t<meta name=\"twitter:data2\" content=\"2\u00a0Minuten\" \/>\n<script type=\"application\/ld+json\" class=\"yoast-schema-graph\">{\"@context\":\"https:\/\/schema.org\",\"@graph\":[{\"@type\":\"WebPage\",\"@id\":\"https:\/\/www.naturparkmagazin.de\/vdn\/monrepos-meine-ruhe\/\",\"url\":\"https:\/\/www.naturparkmagazin.de\/vdn\/monrepos-meine-ruhe\/\",\"name\":\"\u201eMonrepos\u201c - \u201eMeine Ruhe\u201c\",\"isPartOf\":{\"@id\":\"https:\/\/www.naturparkmagazin.de\/vdn\/#website\"},\"datePublished\":\"2019-06-21T15:16:48+00:00\",\"dateModified\":\"2019-06-27T12:41:26+00:00\",\"author\":{\"@id\":\"https:\/\/www.naturparkmagazin.de\/vdn\/#\/schema\/person\/3cff9b8773ed55f0189255fa9adfd57c\"},\"description\":\"Ein historisches Naherholungsgebiet \u00fcber dem Mittelrheintal, die f\u00fcrstliche Sommerresidenz inmitten ausgedehnter W\u00e4lder mit dem Schloss Monrepos, indem sich heute das Arch\u00e4ologische Forschungszentrum und Museum f\u00fcr menschliche Verhaltensforschung befindet.\",\"breadcrumb\":{\"@id\":\"https:\/\/www.naturparkmagazin.de\/vdn\/monrepos-meine-ruhe\/#breadcrumb\"},\"inLanguage\":\"de\",\"potentialAction\":[{\"@type\":\"ReadAction\",\"target\":[\"https:\/\/www.naturparkmagazin.de\/vdn\/monrepos-meine-ruhe\/\"]}]},{\"@type\":\"BreadcrumbList\",\"@id\":\"https:\/\/www.naturparkmagazin.de\/vdn\/monrepos-meine-ruhe\/#breadcrumb\",\"itemListElement\":[{\"@type\":\"ListItem\",\"position\":1,\"name\":\"Home\",\"item\":\"https:\/\/www.naturparkmagazin.de\/vdn\/\"},{\"@type\":\"ListItem\",\"position\":2,\"name\":\"\u201eMonrepos\u201c &#8211; \u201eMeine Ruhe\u201c\"}]},{\"@type\":\"WebSite\",\"@id\":\"https:\/\/www.naturparkmagazin.de\/vdn\/#website\",\"url\":\"https:\/\/www.naturparkmagazin.de\/vdn\/\",\"name\":\"Verband Deutscher Naturparke\",\"description\":\"Eine weitere Naturparkmagazin.de Netzwerk Seite\",\"potentialAction\":[{\"@type\":\"SearchAction\",\"target\":{\"@type\":\"EntryPoint\",\"urlTemplate\":\"https:\/\/www.naturparkmagazin.de\/vdn\/?s={search_term_string}\"},\"query-input\":\"required name=search_term_string\"}],\"inLanguage\":\"de\"},{\"@type\":\"Person\",\"@id\":\"https:\/\/www.naturparkmagazin.de\/vdn\/#\/schema\/person\/3cff9b8773ed55f0189255fa9adfd57c\",\"name\":\"manuelamerz\",\"url\":\"https:\/\/www.naturparkmagazin.de\/vdn\/author\/manuelamerz\/\"}]}<\/script>\n<!-- \/ Yoast SEO plugin. -->","yoast_head_json":{"title":"\u201eMonrepos\u201c - \u201eMeine Ruhe\u201c","description":"Ein historisches Naherholungsgebiet \u00fcber dem Mittelrheintal, die f\u00fcrstliche Sommerresidenz inmitten ausgedehnter W\u00e4lder mit dem Schloss Monrepos, indem sich heute das Arch\u00e4ologische Forschungszentrum und Museum f\u00fcr menschliche Verhaltensforschung befindet.","robots":{"index":"index","follow":"follow","max-snippet":"max-snippet:-1","max-image-preview":"max-image-preview:large","max-video-preview":"max-video-preview:-1"},"canonical":"https:\/\/www.naturparkmagazin.de\/vdn\/monrepos-meine-ruhe\/","og_locale":"de_DE","og_type":"article","og_title":"\u201eMonrepos\u201c - \u201eMeine Ruhe\u201c","og_description":"Ein historisches Naherholungsgebiet \u00fcber dem Mittelrheintal, die f\u00fcrstliche Sommerresidenz inmitten ausgedehnter W\u00e4lder mit dem Schloss Monrepos, indem sich heute das Arch\u00e4ologische Forschungszentrum und Museum f\u00fcr menschliche Verhaltensforschung befindet.","og_url":"https:\/\/www.naturparkmagazin.de\/vdn\/monrepos-meine-ruhe\/","og_site_name":"Verband Deutscher Naturparke","article_published_time":"2019-06-21T15:16:48+00:00","article_modified_time":"2019-06-27T12:41:26+00:00","og_image":[{"width":200,"height":200,"url":"https:\/\/www.naturparkmagazin.de\/vdn\/wp-content\/uploads\/sites\/3\/Ruheliegebf.jpeg","type":"image\/jpeg"}],"author":"manuelamerz","twitter_misc":{"Verfasst von":"manuelamerz","Gesch\u00e4tzte Lesezeit":"2\u00a0Minuten"},"schema":{"@context":"https:\/\/schema.org","@graph":[{"@type":"WebPage","@id":"https:\/\/www.naturparkmagazin.de\/vdn\/monrepos-meine-ruhe\/","url":"https:\/\/www.naturparkmagazin.de\/vdn\/monrepos-meine-ruhe\/","name":"\u201eMonrepos\u201c - \u201eMeine Ruhe\u201c","isPartOf":{"@id":"https:\/\/www.naturparkmagazin.de\/vdn\/#website"},"datePublished":"2019-06-21T15:16:48+00:00","dateModified":"2019-06-27T12:41:26+00:00","author":{"@id":"https:\/\/www.naturparkmagazin.de\/vdn\/#\/schema\/person\/3cff9b8773ed55f0189255fa9adfd57c"},"description":"Ein historisches Naherholungsgebiet \u00fcber dem Mittelrheintal, die f\u00fcrstliche Sommerresidenz inmitten ausgedehnter W\u00e4lder mit dem Schloss Monrepos, indem sich heute das Arch\u00e4ologische Forschungszentrum und Museum f\u00fcr menschliche Verhaltensforschung befindet.","breadcrumb":{"@id":"https:\/\/www.naturparkmagazin.de\/vdn\/monrepos-meine-ruhe\/#breadcrumb"},"inLanguage":"de","potentialAction":[{"@type":"ReadAction","target":["https:\/\/www.naturparkmagazin.de\/vdn\/monrepos-meine-ruhe\/"]}]},{"@type":"BreadcrumbList","@id":"https:\/\/www.naturparkmagazin.de\/vdn\/monrepos-meine-ruhe\/#breadcrumb","itemListElement":[{"@type":"ListItem","position":1,"name":"Home","item":"https:\/\/www.naturparkmagazin.de\/vdn\/"},{"@type":"ListItem","position":2,"name":"\u201eMonrepos\u201c &#8211; \u201eMeine Ruhe\u201c"}]},{"@type":"WebSite","@id":"https:\/\/www.naturparkmagazin.de\/vdn\/#website","url":"https:\/\/www.naturparkmagazin.de\/vdn\/","name":"Verband Deutscher Naturparke","description":"Eine weitere Naturparkmagazin.de Netzwerk Seite","potentialAction":[{"@type":"SearchAction","target":{"@type":"EntryPoint","urlTemplate":"https:\/\/www.naturparkmagazin.de\/vdn\/?s={search_term_string}"},"query-input":"required name=search_term_string"}],"inLanguage":"de"},{"@type":"Person","@id":"https:\/\/www.naturparkmagazin.de\/vdn\/#\/schema\/person\/3cff9b8773ed55f0189255fa9adfd57c","name":"manuelamerz","url":"https:\/\/www.naturparkmagazin.de\/vdn\/author\/manuelamerz\/"}]}},"_links":{"self":[{"href":"https:\/\/www.naturparkmagazin.de\/vdn\/wp-json\/wp\/v2\/posts\/11426"}],"collection":[{"href":"https:\/\/www.naturparkmagazin.de\/vdn\/wp-json\/wp\/v2\/posts"}],"about":[{"href":"https:\/\/www.naturparkmagazin.de\/vdn\/wp-json\/wp\/v2\/types\/post"}],"author":[{"embeddable":true,"href":"https:\/\/www.naturparkmagazin.de\/vdn\/wp-json\/wp\/v2\/users\/73"}],"replies":[{"embeddable":true,"href":"https:\/\/www.naturparkmagazin.de\/vdn\/wp-json\/wp\/v2\/comments?post=11426"}],"version-history":[{"count":6,"href":"https:\/\/www.naturparkmagazin.de\/vdn\/wp-json\/wp\/v2\/posts\/11426\/revisions"}],"predecessor-version":[{"id":11488,"href":"https:\/\/www.naturparkmagazin.de\/vdn\/wp-json\/wp\/v2\/posts\/11426\/revisions\/11488"}],"wp:featuredmedia":[{"embeddable":true,"href":"https:\/\/www.naturparkmagazin.de\/vdn\/wp-json\/wp\/v2\/media\/11430"}],"wp:attachment":[{"href":"https:\/\/www.naturparkmagazin.de\/vdn\/wp-json\/wp\/v2\/media?parent=11426"}],"wp:term":[{"taxonomy":"category","embeddable":true,"href":"https:\/\/www.naturparkmagazin.de\/vdn\/wp-json\/wp\/v2\/categories?post=11426"},{"taxonomy":"post_tag","embeddable":true,"href":"https:\/\/www.naturparkmagazin.de\/vdn\/wp-json\/wp\/v2\/tags?post=11426"}],"curies":[{"name":"wp","href":"https:\/\/api.w.org\/{rel}","templated":true}]}}