{"id":11435,"date":"2019-06-21T17:37:05","date_gmt":"2019-06-21T15:37:05","guid":{"rendered":"https:\/\/www.naturparkmagazin.de\/vdn\/?p=11435"},"modified":"2019-06-18T15:14:12","modified_gmt":"2019-06-18T13:14:12","slug":"naturpark-rhein-westerwald","status":"publish","type":"post","link":"https:\/\/www.naturparkmagazin.de\/vdn\/naturpark-rhein-westerwald\/","title":{"rendered":"Naturpark Rhein-Westerwald"},"content":{"rendered":"<div id=\"attachment_11440\" style=\"width: 510px\" class=\"wp-caption alignnone\"><a href=\"https:\/\/www.naturparkmagazin.de\/vdn\/wp-content\/uploads\/sites\/3\/Landschaft-Wiedb.jpeg\"><img aria-describedby=\"caption-attachment-11440\" decoding=\"async\" loading=\"lazy\" class=\"size-full wp-image-11440\" src=\"https:\/\/www.naturparkmagazin.de\/vdn\/wp-content\/uploads\/sites\/3\/Landschaft-Wiedb.jpeg\" alt=\"Landschaft Wied \u00a9 Andreas Pacek \/ Touristik-Verband Wiedtal e.V.\" width=\"500\" height=\"300\" srcset=\"https:\/\/www.naturparkmagazin.de\/vdn\/wp-content\/uploads\/sites\/3\/Landschaft-Wiedb.jpeg 500w, https:\/\/www.naturparkmagazin.de\/vdn\/wp-content\/uploads\/sites\/3\/Landschaft-Wiedb-300x180.jpeg 300w, https:\/\/www.naturparkmagazin.de\/vdn\/wp-content\/uploads\/sites\/3\/Landschaft-Wiedb-200x120.jpeg 200w\" sizes=\"(max-width: 500px) 100vw, 500px\" \/><\/a><p id=\"caption-attachment-11440\" class=\"wp-caption-text\">Landschaft Wied \u00a9 Andreas Pacek \/ Touristik-Verband Wiedtal e.V.<\/p><\/div>\n<p>&nbsp;<\/p>\n<p>Die Besonderheit des ca. 470 km\u00b2 gro\u00dfen Naturparks ist dessen Dreiteilung, die aus seiner Lage zwischen Rhein und Westerwald resultiert. Der westliche Bereich wird durch den typischen Mittelrhein-Charakter gepr\u00e4gt. Weinberge und steile, sonnige Felsh\u00e4nge zieren dieses Gebiet. In nord\u00f6stlicher Richtung schlie\u00dft sich das Wiedtal mit seinen teils steilen Felsklippen an und geht in die charakteristisch, h\u00fcgelige Hochfl\u00e4chen des Westerwaldes \u00fcber.<\/p>\n<p>&nbsp;<\/p>\n<div id=\"attachment_11442\" style=\"width: 510px\" class=\"wp-caption alignnone\"><a href=\"https:\/\/www.naturparkmagazin.de\/vdn\/wp-content\/uploads\/sites\/3\/Weinberge2b.jpeg\"><img aria-describedby=\"caption-attachment-11442\" decoding=\"async\" loading=\"lazy\" class=\"size-full wp-image-11442\" src=\"https:\/\/www.naturparkmagazin.de\/vdn\/wp-content\/uploads\/sites\/3\/Weinberge2b.jpeg\" alt=\"Weinberge \u00a9 Naturpark Rhein-Westerwald\" width=\"500\" height=\"300\" srcset=\"https:\/\/www.naturparkmagazin.de\/vdn\/wp-content\/uploads\/sites\/3\/Weinberge2b.jpeg 500w, https:\/\/www.naturparkmagazin.de\/vdn\/wp-content\/uploads\/sites\/3\/Weinberge2b-300x180.jpeg 300w, https:\/\/www.naturparkmagazin.de\/vdn\/wp-content\/uploads\/sites\/3\/Weinberge2b-200x120.jpeg 200w\" sizes=\"(max-width: 500px) 100vw, 500px\" \/><\/a><p id=\"caption-attachment-11442\" class=\"wp-caption-text\">Weinberge \u00a9 Naturpark Rhein-Westerwald<\/p><\/div>\n<p>&nbsp;<\/p>\n<p>Der hohe Waldanteil ist eine weitere Besonderheit im Naturpark. Das Gesamtareal umfasst etwa 45% Wald. In den f\u00fcr den Naturpark charakteristischen Buchenw\u00e4ldern kommen au\u00dfergew\u00f6hnlich seltene Pflanzen vor. So trifft man in einem Seitental des Rheins auf den heimischen Frauenschuh \u2013 das einzige bodenst\u00e4ndige Vorkommen dieser Art in Rheinland-Pfalz. In den Buchenw\u00e4ldern des Naturparks findet der aufmerksame Wanderer weitere bemerkenswerte Waldorchideen: Vogel-Nestwurz, Bleiches und Schwertbl\u00e4ttriges Waldv\u00f6gelein, Manns-Knabenkraut oder die Gr\u00fcne Waldhyazinthe sind nur einige, die an dieser Stelle genannt werden k\u00f6nnen.<\/p>\n<p>&nbsp;<\/p>\n<div id=\"attachment_11443\" style=\"width: 510px\" class=\"wp-caption alignnone\"><a href=\"https:\/\/www.naturparkmagazin.de\/vdn\/wp-content\/uploads\/sites\/3\/Frauenschuhb.jpeg\"><img aria-describedby=\"caption-attachment-11443\" decoding=\"async\" loading=\"lazy\" class=\"size-full wp-image-11443\" src=\"https:\/\/www.naturparkmagazin.de\/vdn\/wp-content\/uploads\/sites\/3\/Frauenschuhb.jpeg\" alt=\"Frauenschuh \u00a9 G\u00fcnter Hahn\" width=\"500\" height=\"300\" srcset=\"https:\/\/www.naturparkmagazin.de\/vdn\/wp-content\/uploads\/sites\/3\/Frauenschuhb.jpeg 500w, https:\/\/www.naturparkmagazin.de\/vdn\/wp-content\/uploads\/sites\/3\/Frauenschuhb-300x180.jpeg 300w, https:\/\/www.naturparkmagazin.de\/vdn\/wp-content\/uploads\/sites\/3\/Frauenschuhb-200x120.jpeg 200w\" sizes=\"(max-width: 500px) 100vw, 500px\" \/><\/a><p id=\"caption-attachment-11443\" class=\"wp-caption-text\">Frauenschuh \u00a9 G\u00fcnter Hahn<\/p><\/div>\n<p>&nbsp;<\/p>\n<p>Durch den strukturellen Abwechslungsreichtum der Landschaft hat sich zudem eine artenreiche Fauna im Naturparkgebiet etabliert. So erfreuen sich in der Vogelfauna in den letzten Jahren zunehmend Rot- und Schwarzmilan den aufmerksamen Beobachtern. Der Schwarzstorch ist sogar in den rheinnahen FFH-Waldgebieten anzutreffen. Ein besonderer faunistischer Zugewinn f\u00fcr die Region ist die Wildkatze, die nach dem Bejagungsverbot inzwischen wieder gr\u00f6\u00dfere Bereiche besiedelt. Besondere Aufmerksamkeit verdient und findet nat\u00fcrlich auch der Wolf. Er ist nach mehr als 125 Jahren der j\u00fcngste Heimkehrer in dieser Region. Im Naturparkgebiet liegen aus den letzten Jahren mehrere Sichtungen vor, wenngleich damit noch nicht sichergestellt ist, ob die Tiere als Wanderw\u00f6lfe nur auf der Durchwanderung waren oder tats\u00e4chlich eine Reviergr\u00fcndung versucht haben.<\/p>\n<p>&nbsp;<\/p>\n<div id=\"attachment_11444\" style=\"width: 510px\" class=\"wp-caption alignnone\"><a href=\"https:\/\/www.naturparkmagazin.de\/vdn\/wp-content\/uploads\/sites\/3\/Schwarzstorch_GHahnb.jpeg\"><img aria-describedby=\"caption-attachment-11444\" decoding=\"async\" loading=\"lazy\" class=\"size-full wp-image-11444\" src=\"https:\/\/www.naturparkmagazin.de\/vdn\/wp-content\/uploads\/sites\/3\/Schwarzstorch_GHahnb.jpeg\" alt=\"Schwarzstorch \u00a9 G\u00fcnter Hahn\" width=\"500\" height=\"300\" srcset=\"https:\/\/www.naturparkmagazin.de\/vdn\/wp-content\/uploads\/sites\/3\/Schwarzstorch_GHahnb.jpeg 500w, https:\/\/www.naturparkmagazin.de\/vdn\/wp-content\/uploads\/sites\/3\/Schwarzstorch_GHahnb-300x180.jpeg 300w, https:\/\/www.naturparkmagazin.de\/vdn\/wp-content\/uploads\/sites\/3\/Schwarzstorch_GHahnb-200x120.jpeg 200w\" sizes=\"(max-width: 500px) 100vw, 500px\" \/><\/a><p id=\"caption-attachment-11444\" class=\"wp-caption-text\">Schwarzstorch \u00a9 G\u00fcnter Hahn<\/p><\/div>\n<p>&nbsp;<\/p>\n<p>Der Naturpark Rhein-Westerwald l\u00e4sst sich am besten zu Fu\u00df oder mit dem Fahrrad erkunden: Mit dem Rheinsteig und dem Westerwaldsteig verlaufen zwei herausragende Qualit\u00e4tswanderwege durch den Naturpark. Neben dem gr\u00f6\u00dftenteils gut ausgebauten Wanderwegenetz sind es vor allem aber auch die Siedlungs- und die Territorialgeschichte, die in der Landschaft denkmal- und beachtenswerte Objekte hinterlassen haben und somit zu weiteren Natur\/Kulturerlebnissen einladen. So bietet der Naturpark Rhein-Westerwald mit dem ehemaligen Prinzessinnenpalais Monrepos, verschiedenen Burgruinen, dem Limes oder Relikten des Erzbergbaus eine \u00fcberraschende F\u00fclle an Erlebnisinhalten und Themen.<\/p>\n<p>&nbsp;<\/p>\n<div id=\"attachment_11445\" style=\"width: 510px\" class=\"wp-caption alignnone\"><a href=\"https:\/\/www.naturparkmagazin.de\/vdn\/wp-content\/uploads\/sites\/3\/B\u00e4renkoppb.jpeg\"><img aria-describedby=\"caption-attachment-11445\" decoding=\"async\" loading=\"lazy\" class=\"size-full wp-image-11445\" src=\"https:\/\/www.naturparkmagazin.de\/vdn\/wp-content\/uploads\/sites\/3\/B\u00e4renkoppb.jpeg\" alt=\"B\u00e4renkopp \u00a9 Andreas Pacek \/ Touristik-Verband Wiedtal e.V.\" width=\"500\" height=\"300\" srcset=\"https:\/\/www.naturparkmagazin.de\/vdn\/wp-content\/uploads\/sites\/3\/B\u00e4renkoppb.jpeg 500w, https:\/\/www.naturparkmagazin.de\/vdn\/wp-content\/uploads\/sites\/3\/B\u00e4renkoppb-300x180.jpeg 300w, https:\/\/www.naturparkmagazin.de\/vdn\/wp-content\/uploads\/sites\/3\/B\u00e4renkoppb-200x120.jpeg 200w\" sizes=\"(max-width: 500px) 100vw, 500px\" \/><\/a><p id=\"caption-attachment-11445\" class=\"wp-caption-text\">B\u00e4renkopp \u00a9 Andreas Pacek \/ Touristik-Verband Wiedtal e.V.<\/p><\/div>\n<p>&nbsp;<\/p>\n","protected":false},"excerpt":{"rendered":"<p>Der Naturpark Rhein-Westerwald kann auf eine \u00fcber 55-j\u00e4hrige, abwechslungsreiche Geschichte zur\u00fcckblicken. Eingebettet in die gr\u00fcnen Weiten des Westerwaldes wird der Naturpark im Westen durch den Rhein begrenzt und geh\u00f6rt zu dem gr\u00fcnen Herz der Mittelgebirgsregion zwischen den St\u00e4dten Koblenz und Bonn.<\/p>\n","protected":false},"author":73,"featured_media":11441,"comment_status":"open","ping_status":"open","sticky":false,"template":"","format":"standard","meta":{"_links_to":"","_links_to_target":""},"categories":[15],"tags":[1710,867,1706,1697,1129,1482,321,1707,1709,1711,1708,326,505],"yoast_head":"<!-- This site is optimized with the Yoast SEO plugin v19.10 - https:\/\/yoast.com\/wordpress\/plugins\/seo\/ -->\n<title>Naturpark Rhein-Westerwald<\/title>\n<meta name=\"description\" content=\"Der Naturpark Rhein-Westerwald kann auf eine \u00fcber 55-j\u00e4hrige, abwechslungsreiche Geschichte zur\u00fcckblicken. Eingebettet in die gr\u00fcnen Weiten des Westerwaldes wird der Naturpark im Westen durch den Rhein begrenzt und geh\u00f6rt zu dem gr\u00fcnen Herz der Mittelgebirgsregion zwischen den St\u00e4dten Koblenz und Bonn.\" \/>\n<meta name=\"robots\" content=\"index, follow, max-snippet:-1, max-image-preview:large, max-video-preview:-1\" \/>\n<link rel=\"canonical\" href=\"https:\/\/www.naturparkmagazin.de\/vdn\/naturpark-rhein-westerwald\/\" \/>\n<meta property=\"og:locale\" content=\"de_DE\" \/>\n<meta property=\"og:type\" content=\"article\" \/>\n<meta property=\"og:title\" content=\"Naturpark Rhein-Westerwald\" \/>\n<meta property=\"og:description\" content=\"Der Naturpark Rhein-Westerwald kann auf eine \u00fcber 55-j\u00e4hrige, abwechslungsreiche Geschichte zur\u00fcckblicken. Eingebettet in die gr\u00fcnen Weiten des Westerwaldes wird der Naturpark im Westen durch den Rhein begrenzt und geh\u00f6rt zu dem gr\u00fcnen Herz der Mittelgebirgsregion zwischen den St\u00e4dten Koblenz und Bonn.\" \/>\n<meta property=\"og:url\" content=\"https:\/\/www.naturparkmagazin.de\/vdn\/naturpark-rhein-westerwald\/\" \/>\n<meta property=\"og:site_name\" content=\"Verband Deutscher Naturparke\" \/>\n<meta property=\"article:published_time\" content=\"2019-06-21T15:37:05+00:00\" \/>\n<meta property=\"article:modified_time\" content=\"2019-06-18T13:14:12+00:00\" \/>\n<meta property=\"og:image\" content=\"https:\/\/www.naturparkmagazin.de\/vdn\/wp-content\/uploads\/sites\/3\/Landschaft-Wiedbf.jpeg\" \/>\n\t<meta property=\"og:image:width\" content=\"200\" \/>\n\t<meta property=\"og:image:height\" content=\"200\" \/>\n\t<meta property=\"og:image:type\" content=\"image\/jpeg\" \/>\n<meta name=\"author\" content=\"manuelamerz\" \/>\n<meta name=\"twitter:label1\" content=\"Verfasst von\" \/>\n\t<meta name=\"twitter:data1\" content=\"manuelamerz\" \/>\n\t<meta name=\"twitter:label2\" content=\"Gesch\u00e4tzte Lesezeit\" \/>\n\t<meta name=\"twitter:data2\" content=\"2\u00a0Minuten\" \/>\n<script type=\"application\/ld+json\" class=\"yoast-schema-graph\">{\"@context\":\"https:\/\/schema.org\",\"@graph\":[{\"@type\":\"WebPage\",\"@id\":\"https:\/\/www.naturparkmagazin.de\/vdn\/naturpark-rhein-westerwald\/\",\"url\":\"https:\/\/www.naturparkmagazin.de\/vdn\/naturpark-rhein-westerwald\/\",\"name\":\"Naturpark Rhein-Westerwald\",\"isPartOf\":{\"@id\":\"https:\/\/www.naturparkmagazin.de\/vdn\/#website\"},\"datePublished\":\"2019-06-21T15:37:05+00:00\",\"dateModified\":\"2019-06-18T13:14:12+00:00\",\"author\":{\"@id\":\"https:\/\/www.naturparkmagazin.de\/vdn\/#\/schema\/person\/3cff9b8773ed55f0189255fa9adfd57c\"},\"description\":\"Der Naturpark Rhein-Westerwald kann auf eine \u00fcber 55-j\u00e4hrige, abwechslungsreiche Geschichte zur\u00fcckblicken. Eingebettet in die gr\u00fcnen Weiten des Westerwaldes wird der Naturpark im Westen durch den Rhein begrenzt und geh\u00f6rt zu dem gr\u00fcnen Herz der Mittelgebirgsregion zwischen den St\u00e4dten Koblenz und Bonn.\",\"breadcrumb\":{\"@id\":\"https:\/\/www.naturparkmagazin.de\/vdn\/naturpark-rhein-westerwald\/#breadcrumb\"},\"inLanguage\":\"de\",\"potentialAction\":[{\"@type\":\"ReadAction\",\"target\":[\"https:\/\/www.naturparkmagazin.de\/vdn\/naturpark-rhein-westerwald\/\"]}]},{\"@type\":\"BreadcrumbList\",\"@id\":\"https:\/\/www.naturparkmagazin.de\/vdn\/naturpark-rhein-westerwald\/#breadcrumb\",\"itemListElement\":[{\"@type\":\"ListItem\",\"position\":1,\"name\":\"Home\",\"item\":\"https:\/\/www.naturparkmagazin.de\/vdn\/\"},{\"@type\":\"ListItem\",\"position\":2,\"name\":\"Naturpark Rhein-Westerwald\"}]},{\"@type\":\"WebSite\",\"@id\":\"https:\/\/www.naturparkmagazin.de\/vdn\/#website\",\"url\":\"https:\/\/www.naturparkmagazin.de\/vdn\/\",\"name\":\"Verband Deutscher Naturparke\",\"description\":\"Eine weitere Naturparkmagazin.de Netzwerk Seite\",\"potentialAction\":[{\"@type\":\"SearchAction\",\"target\":{\"@type\":\"EntryPoint\",\"urlTemplate\":\"https:\/\/www.naturparkmagazin.de\/vdn\/?s={search_term_string}\"},\"query-input\":\"required name=search_term_string\"}],\"inLanguage\":\"de\"},{\"@type\":\"Person\",\"@id\":\"https:\/\/www.naturparkmagazin.de\/vdn\/#\/schema\/person\/3cff9b8773ed55f0189255fa9adfd57c\",\"name\":\"manuelamerz\",\"url\":\"https:\/\/www.naturparkmagazin.de\/vdn\/author\/manuelamerz\/\"}]}<\/script>\n<!-- \/ Yoast SEO plugin. -->","yoast_head_json":{"title":"Naturpark Rhein-Westerwald","description":"Der Naturpark Rhein-Westerwald kann auf eine \u00fcber 55-j\u00e4hrige, abwechslungsreiche Geschichte zur\u00fcckblicken. Eingebettet in die gr\u00fcnen Weiten des Westerwaldes wird der Naturpark im Westen durch den Rhein begrenzt und geh\u00f6rt zu dem gr\u00fcnen Herz der Mittelgebirgsregion zwischen den St\u00e4dten Koblenz und Bonn.","robots":{"index":"index","follow":"follow","max-snippet":"max-snippet:-1","max-image-preview":"max-image-preview:large","max-video-preview":"max-video-preview:-1"},"canonical":"https:\/\/www.naturparkmagazin.de\/vdn\/naturpark-rhein-westerwald\/","og_locale":"de_DE","og_type":"article","og_title":"Naturpark Rhein-Westerwald","og_description":"Der Naturpark Rhein-Westerwald kann auf eine \u00fcber 55-j\u00e4hrige, abwechslungsreiche Geschichte zur\u00fcckblicken. Eingebettet in die gr\u00fcnen Weiten des Westerwaldes wird der Naturpark im Westen durch den Rhein begrenzt und geh\u00f6rt zu dem gr\u00fcnen Herz der Mittelgebirgsregion zwischen den St\u00e4dten Koblenz und Bonn.","og_url":"https:\/\/www.naturparkmagazin.de\/vdn\/naturpark-rhein-westerwald\/","og_site_name":"Verband Deutscher Naturparke","article_published_time":"2019-06-21T15:37:05+00:00","article_modified_time":"2019-06-18T13:14:12+00:00","og_image":[{"width":200,"height":200,"url":"https:\/\/www.naturparkmagazin.de\/vdn\/wp-content\/uploads\/sites\/3\/Landschaft-Wiedbf.jpeg","type":"image\/jpeg"}],"author":"manuelamerz","twitter_misc":{"Verfasst von":"manuelamerz","Gesch\u00e4tzte Lesezeit":"2\u00a0Minuten"},"schema":{"@context":"https:\/\/schema.org","@graph":[{"@type":"WebPage","@id":"https:\/\/www.naturparkmagazin.de\/vdn\/naturpark-rhein-westerwald\/","url":"https:\/\/www.naturparkmagazin.de\/vdn\/naturpark-rhein-westerwald\/","name":"Naturpark Rhein-Westerwald","isPartOf":{"@id":"https:\/\/www.naturparkmagazin.de\/vdn\/#website"},"datePublished":"2019-06-21T15:37:05+00:00","dateModified":"2019-06-18T13:14:12+00:00","author":{"@id":"https:\/\/www.naturparkmagazin.de\/vdn\/#\/schema\/person\/3cff9b8773ed55f0189255fa9adfd57c"},"description":"Der Naturpark Rhein-Westerwald kann auf eine \u00fcber 55-j\u00e4hrige, abwechslungsreiche Geschichte zur\u00fcckblicken. Eingebettet in die gr\u00fcnen Weiten des Westerwaldes wird der Naturpark im Westen durch den Rhein begrenzt und geh\u00f6rt zu dem gr\u00fcnen Herz der Mittelgebirgsregion zwischen den St\u00e4dten Koblenz und Bonn.","breadcrumb":{"@id":"https:\/\/www.naturparkmagazin.de\/vdn\/naturpark-rhein-westerwald\/#breadcrumb"},"inLanguage":"de","potentialAction":[{"@type":"ReadAction","target":["https:\/\/www.naturparkmagazin.de\/vdn\/naturpark-rhein-westerwald\/"]}]},{"@type":"BreadcrumbList","@id":"https:\/\/www.naturparkmagazin.de\/vdn\/naturpark-rhein-westerwald\/#breadcrumb","itemListElement":[{"@type":"ListItem","position":1,"name":"Home","item":"https:\/\/www.naturparkmagazin.de\/vdn\/"},{"@type":"ListItem","position":2,"name":"Naturpark Rhein-Westerwald"}]},{"@type":"WebSite","@id":"https:\/\/www.naturparkmagazin.de\/vdn\/#website","url":"https:\/\/www.naturparkmagazin.de\/vdn\/","name":"Verband Deutscher Naturparke","description":"Eine weitere Naturparkmagazin.de Netzwerk Seite","potentialAction":[{"@type":"SearchAction","target":{"@type":"EntryPoint","urlTemplate":"https:\/\/www.naturparkmagazin.de\/vdn\/?s={search_term_string}"},"query-input":"required name=search_term_string"}],"inLanguage":"de"},{"@type":"Person","@id":"https:\/\/www.naturparkmagazin.de\/vdn\/#\/schema\/person\/3cff9b8773ed55f0189255fa9adfd57c","name":"manuelamerz","url":"https:\/\/www.naturparkmagazin.de\/vdn\/author\/manuelamerz\/"}]}},"_links":{"self":[{"href":"https:\/\/www.naturparkmagazin.de\/vdn\/wp-json\/wp\/v2\/posts\/11435"}],"collection":[{"href":"https:\/\/www.naturparkmagazin.de\/vdn\/wp-json\/wp\/v2\/posts"}],"about":[{"href":"https:\/\/www.naturparkmagazin.de\/vdn\/wp-json\/wp\/v2\/types\/post"}],"author":[{"embeddable":true,"href":"https:\/\/www.naturparkmagazin.de\/vdn\/wp-json\/wp\/v2\/users\/73"}],"replies":[{"embeddable":true,"href":"https:\/\/www.naturparkmagazin.de\/vdn\/wp-json\/wp\/v2\/comments?post=11435"}],"version-history":[{"count":5,"href":"https:\/\/www.naturparkmagazin.de\/vdn\/wp-json\/wp\/v2\/posts\/11435\/revisions"}],"predecessor-version":[{"id":11448,"href":"https:\/\/www.naturparkmagazin.de\/vdn\/wp-json\/wp\/v2\/posts\/11435\/revisions\/11448"}],"wp:featuredmedia":[{"embeddable":true,"href":"https:\/\/www.naturparkmagazin.de\/vdn\/wp-json\/wp\/v2\/media\/11441"}],"wp:attachment":[{"href":"https:\/\/www.naturparkmagazin.de\/vdn\/wp-json\/wp\/v2\/media?parent=11435"}],"wp:term":[{"taxonomy":"category","embeddable":true,"href":"https:\/\/www.naturparkmagazin.de\/vdn\/wp-json\/wp\/v2\/categories?post=11435"},{"taxonomy":"post_tag","embeddable":true,"href":"https:\/\/www.naturparkmagazin.de\/vdn\/wp-json\/wp\/v2\/tags?post=11435"}],"curies":[{"name":"wp","href":"https:\/\/api.w.org\/{rel}","templated":true}]}}