{"id":11475,"date":"2019-06-17T14:47:03","date_gmt":"2019-06-17T12:47:03","guid":{"rendered":"https:\/\/www.naturparkmagazin.de\/vdn\/?p=11475"},"modified":"2019-07-02T11:52:09","modified_gmt":"2019-07-02T09:52:09","slug":"natur-erleben-im-naturpark-duebener-heide","status":"publish","type":"post","link":"https:\/\/www.naturparkmagazin.de\/vdn\/natur-erleben-im-naturpark-duebener-heide\/","title":{"rendered":"Natur erleben im Naturpark D\u00fcbener Heide"},"content":{"rendered":"<div id=\"attachment_11483\" style=\"width: 510px\" class=\"wp-caption alignnone\"><a href=\"https:\/\/www.naturparkmagazin.de\/vdn\/wp-content\/uploads\/sites\/3\/csm_carolinlauerfotografie-63_194eeb7d90b.jpg\"><img aria-describedby=\"caption-attachment-11483\" decoding=\"async\" loading=\"lazy\" class=\"size-full wp-image-11483\" src=\"https:\/\/www.naturparkmagazin.de\/vdn\/wp-content\/uploads\/sites\/3\/csm_carolinlauerfotografie-63_194eeb7d90b.jpg\" alt=\"\u00a9 Carolin Lauer Fotografie\" width=\"500\" height=\"300\" srcset=\"https:\/\/www.naturparkmagazin.de\/vdn\/wp-content\/uploads\/sites\/3\/csm_carolinlauerfotografie-63_194eeb7d90b.jpg 500w, https:\/\/www.naturparkmagazin.de\/vdn\/wp-content\/uploads\/sites\/3\/csm_carolinlauerfotografie-63_194eeb7d90b-300x180.jpg 300w, https:\/\/www.naturparkmagazin.de\/vdn\/wp-content\/uploads\/sites\/3\/csm_carolinlauerfotografie-63_194eeb7d90b-200x120.jpg 200w\" sizes=\"(max-width: 500px) 100vw, 500px\" \/><\/a><p id=\"caption-attachment-11483\" class=\"wp-caption-text\">\u00a9 Carolin Lauer Fotografie<\/p><\/div>\n<p>Wie spannend Unterricht sein kann, wenn er drau\u00dfen in der Natur stattfindet, erlebten Sch\u00fcler*innen der Grundschule Berg in Eilenburg im Naturpark D\u00fcbener Heide am 17. Juni 2019.<\/p>\n<p>Tiere und Pflanzen kennenlernen oder die Natur mit allen Sinnen auf vielf\u00e4ltige Art und Weise entdecken und erleben &#8211; das begeistert jede*n. M\u00f6glich wurde die Tages-Exkursion durch eine Kooperation des Verbandes Deutscher Naturparke e. V. (VDN) mit dem Unternehmen Kaufland, das die Kosten f\u00fcr den Naturaktionstag im Rahmen seines gesellschaftlichen Engagements \u00fcbernimmt.<\/p>\n<div id=\"attachment_11489\" style=\"width: 510px\" class=\"wp-caption alignnone\"><a href=\"https:\/\/www.naturparkmagazin.de\/vdn\/wp-content\/uploads\/sites\/3\/Im-Reicher-des-Bibers-Umweltbildungb.jpg\"><img aria-describedby=\"caption-attachment-11489\" decoding=\"async\" loading=\"lazy\" class=\"size-full wp-image-11489\" src=\"https:\/\/www.naturparkmagazin.de\/vdn\/wp-content\/uploads\/sites\/3\/Im-Reicher-des-Bibers-Umweltbildungb.jpg\" alt=\"Im Reicher des Bibers Umweltbildung \u00a9 Naturpark D\u00fcbener Heide \" width=\"500\" height=\"300\" srcset=\"https:\/\/www.naturparkmagazin.de\/vdn\/wp-content\/uploads\/sites\/3\/Im-Reicher-des-Bibers-Umweltbildungb.jpg 500w, https:\/\/www.naturparkmagazin.de\/vdn\/wp-content\/uploads\/sites\/3\/Im-Reicher-des-Bibers-Umweltbildungb-300x180.jpg 300w, https:\/\/www.naturparkmagazin.de\/vdn\/wp-content\/uploads\/sites\/3\/Im-Reicher-des-Bibers-Umweltbildungb-200x120.jpg 200w\" sizes=\"(max-width: 500px) 100vw, 500px\" \/><\/a><p id=\"caption-attachment-11489\" class=\"wp-caption-text\">Im Reicher des Bibers Umweltbildung \u00a9 Naturpark D\u00fcbener Heide<\/p><\/div>\n<p>Kinder aus einem st\u00e4dtischen Umfeld sammeln h\u00e4ufig wenig Erfahrungen in der Natur. Ziel der Kooperation von VDN und Kaufland ist es daher, diesen Kindern den Zugang zu Naturerlebnissen zu erm\u00f6glichen. Durch das Engagement von Kaufland k\u00f6nnen zwischen Juni und November 2019 im Rahmen der Naturaktionstage deutschlandweit 40 Klassen an Grund- und weiterf\u00fchrenden Schulen eine eint\u00e4gige Exkursion in einen nahegelegenen Naturpark durchf\u00fchren.<\/p>\n<p>Das p\u00e4dagogische Konzept der Naturaktionstage wurde vom VDN erarbeitet. Durchgef\u00fchrt, organisiert und betreut wird die Exkursion durch den entsprechenden Naturpark. Die Vorbereitung erfolgt in enger Abstimmung zwischen Schule und Naturpark. Dies gew\u00e4hrleistet, dass der Ausflug auf die individuellen Interessen der Sch\u00fclerinnen und Sch\u00fcler zugeschnitten ist und jeder Naturpark die standortspezifischen Besonderheiten einflie\u00dfen lassen kann.<\/p>\n<p>Die Naturaktionstage sind Teil des breit angelegten gemeinsamen Engagements von Kaufland und VDN f\u00fcr die Naturparke in Deutschland.<\/p>\n<p>&nbsp;<\/p>\n","protected":false},"excerpt":{"rendered":"<p>Wie spannend Lernen sein kann, entdeckten Sch\u00fcler*innen der Grundschule Berg in Eilenburg am 17. Juni im Naturpark D\u00fcbener Heide bei einem der ersten von insgesamt 40 bundesweit geplanten Naturaktionstagen 2019.<\/p>\n","protected":false},"author":73,"featured_media":11482,"comment_status":"open","ping_status":"open","sticky":false,"template":"","format":"standard","meta":{"_links_to":"","_links_to_target":""},"categories":[7],"tags":[1738,522,1737,634,41,1054],"yoast_head":"<!-- This site is optimized with the Yoast SEO plugin v19.10 - https:\/\/yoast.com\/wordpress\/plugins\/seo\/ -->\n<title>Natur erleben im Naturpark D\u00fcbener Heide<\/title>\n<meta name=\"description\" content=\"Wie spannend Lernen sein kann, entdeckten Sch\u00fcler*innen der Grundschule Berg in Eilenburg am 17. Juni im Naturpark D\u00fcbener Heide bei einem der ersten von insgesamt 40 bundesweit geplanten Naturaktionstagen 2019.\" \/>\n<meta name=\"robots\" content=\"index, follow, max-snippet:-1, max-image-preview:large, max-video-preview:-1\" \/>\n<link rel=\"canonical\" href=\"https:\/\/www.naturparkmagazin.de\/vdn\/natur-erleben-im-naturpark-duebener-heide\/\" \/>\n<meta property=\"og:locale\" content=\"de_DE\" \/>\n<meta property=\"og:type\" content=\"article\" \/>\n<meta property=\"og:title\" content=\"Natur erleben im Naturpark D\u00fcbener Heide\" \/>\n<meta property=\"og:description\" content=\"Wie spannend Lernen sein kann, entdeckten Sch\u00fcler*innen der Grundschule Berg in Eilenburg am 17. Juni im Naturpark D\u00fcbener Heide bei einem der ersten von insgesamt 40 bundesweit geplanten Naturaktionstagen 2019.\" \/>\n<meta property=\"og:url\" content=\"https:\/\/www.naturparkmagazin.de\/vdn\/natur-erleben-im-naturpark-duebener-heide\/\" \/>\n<meta property=\"og:site_name\" content=\"Verband Deutscher Naturparke\" \/>\n<meta property=\"article:published_time\" content=\"2019-06-17T12:47:03+00:00\" \/>\n<meta property=\"article:modified_time\" content=\"2019-07-02T09:52:09+00:00\" \/>\n<meta property=\"og:image\" content=\"https:\/\/www.naturparkmagazin.de\/vdn\/wp-content\/uploads\/sites\/3\/csm_carolinlauerfotografie-63_194eeb7d90bf.jpg\" \/>\n\t<meta property=\"og:image:width\" content=\"200\" \/>\n\t<meta property=\"og:image:height\" content=\"200\" \/>\n\t<meta property=\"og:image:type\" content=\"image\/jpeg\" \/>\n<meta name=\"author\" content=\"manuelamerz\" \/>\n<meta name=\"twitter:label1\" content=\"Verfasst von\" \/>\n\t<meta name=\"twitter:data1\" content=\"manuelamerz\" \/>\n\t<meta name=\"twitter:label2\" content=\"Gesch\u00e4tzte Lesezeit\" \/>\n\t<meta name=\"twitter:data2\" content=\"1\u00a0Minute\" \/>\n<script type=\"application\/ld+json\" class=\"yoast-schema-graph\">{\"@context\":\"https:\/\/schema.org\",\"@graph\":[{\"@type\":\"WebPage\",\"@id\":\"https:\/\/www.naturparkmagazin.de\/vdn\/natur-erleben-im-naturpark-duebener-heide\/\",\"url\":\"https:\/\/www.naturparkmagazin.de\/vdn\/natur-erleben-im-naturpark-duebener-heide\/\",\"name\":\"Natur erleben im Naturpark D\u00fcbener Heide\",\"isPartOf\":{\"@id\":\"https:\/\/www.naturparkmagazin.de\/vdn\/#website\"},\"datePublished\":\"2019-06-17T12:47:03+00:00\",\"dateModified\":\"2019-07-02T09:52:09+00:00\",\"author\":{\"@id\":\"https:\/\/www.naturparkmagazin.de\/vdn\/#\/schema\/person\/3cff9b8773ed55f0189255fa9adfd57c\"},\"description\":\"Wie spannend Lernen sein kann, entdeckten Sch\u00fcler*innen der Grundschule Berg in Eilenburg am 17. Juni im Naturpark D\u00fcbener Heide bei einem der ersten von insgesamt 40 bundesweit geplanten Naturaktionstagen 2019.\",\"breadcrumb\":{\"@id\":\"https:\/\/www.naturparkmagazin.de\/vdn\/natur-erleben-im-naturpark-duebener-heide\/#breadcrumb\"},\"inLanguage\":\"de\",\"potentialAction\":[{\"@type\":\"ReadAction\",\"target\":[\"https:\/\/www.naturparkmagazin.de\/vdn\/natur-erleben-im-naturpark-duebener-heide\/\"]}]},{\"@type\":\"BreadcrumbList\",\"@id\":\"https:\/\/www.naturparkmagazin.de\/vdn\/natur-erleben-im-naturpark-duebener-heide\/#breadcrumb\",\"itemListElement\":[{\"@type\":\"ListItem\",\"position\":1,\"name\":\"Home\",\"item\":\"https:\/\/www.naturparkmagazin.de\/vdn\/\"},{\"@type\":\"ListItem\",\"position\":2,\"name\":\"Natur erleben im Naturpark D\u00fcbener Heide\"}]},{\"@type\":\"WebSite\",\"@id\":\"https:\/\/www.naturparkmagazin.de\/vdn\/#website\",\"url\":\"https:\/\/www.naturparkmagazin.de\/vdn\/\",\"name\":\"Verband Deutscher Naturparke\",\"description\":\"Eine weitere Naturparkmagazin.de Netzwerk Seite\",\"potentialAction\":[{\"@type\":\"SearchAction\",\"target\":{\"@type\":\"EntryPoint\",\"urlTemplate\":\"https:\/\/www.naturparkmagazin.de\/vdn\/?s={search_term_string}\"},\"query-input\":\"required name=search_term_string\"}],\"inLanguage\":\"de\"},{\"@type\":\"Person\",\"@id\":\"https:\/\/www.naturparkmagazin.de\/vdn\/#\/schema\/person\/3cff9b8773ed55f0189255fa9adfd57c\",\"name\":\"manuelamerz\",\"url\":\"https:\/\/www.naturparkmagazin.de\/vdn\/author\/manuelamerz\/\"}]}<\/script>\n<!-- \/ Yoast SEO plugin. -->","yoast_head_json":{"title":"Natur erleben im Naturpark D\u00fcbener Heide","description":"Wie spannend Lernen sein kann, entdeckten Sch\u00fcler*innen der Grundschule Berg in Eilenburg am 17. Juni im Naturpark D\u00fcbener Heide bei einem der ersten von insgesamt 40 bundesweit geplanten Naturaktionstagen 2019.","robots":{"index":"index","follow":"follow","max-snippet":"max-snippet:-1","max-image-preview":"max-image-preview:large","max-video-preview":"max-video-preview:-1"},"canonical":"https:\/\/www.naturparkmagazin.de\/vdn\/natur-erleben-im-naturpark-duebener-heide\/","og_locale":"de_DE","og_type":"article","og_title":"Natur erleben im Naturpark D\u00fcbener Heide","og_description":"Wie spannend Lernen sein kann, entdeckten Sch\u00fcler*innen der Grundschule Berg in Eilenburg am 17. Juni im Naturpark D\u00fcbener Heide bei einem der ersten von insgesamt 40 bundesweit geplanten Naturaktionstagen 2019.","og_url":"https:\/\/www.naturparkmagazin.de\/vdn\/natur-erleben-im-naturpark-duebener-heide\/","og_site_name":"Verband Deutscher Naturparke","article_published_time":"2019-06-17T12:47:03+00:00","article_modified_time":"2019-07-02T09:52:09+00:00","og_image":[{"width":200,"height":200,"url":"https:\/\/www.naturparkmagazin.de\/vdn\/wp-content\/uploads\/sites\/3\/csm_carolinlauerfotografie-63_194eeb7d90bf.jpg","type":"image\/jpeg"}],"author":"manuelamerz","twitter_misc":{"Verfasst von":"manuelamerz","Gesch\u00e4tzte Lesezeit":"1\u00a0Minute"},"schema":{"@context":"https:\/\/schema.org","@graph":[{"@type":"WebPage","@id":"https:\/\/www.naturparkmagazin.de\/vdn\/natur-erleben-im-naturpark-duebener-heide\/","url":"https:\/\/www.naturparkmagazin.de\/vdn\/natur-erleben-im-naturpark-duebener-heide\/","name":"Natur erleben im Naturpark D\u00fcbener Heide","isPartOf":{"@id":"https:\/\/www.naturparkmagazin.de\/vdn\/#website"},"datePublished":"2019-06-17T12:47:03+00:00","dateModified":"2019-07-02T09:52:09+00:00","author":{"@id":"https:\/\/www.naturparkmagazin.de\/vdn\/#\/schema\/person\/3cff9b8773ed55f0189255fa9adfd57c"},"description":"Wie spannend Lernen sein kann, entdeckten Sch\u00fcler*innen der Grundschule Berg in Eilenburg am 17. Juni im Naturpark D\u00fcbener Heide bei einem der ersten von insgesamt 40 bundesweit geplanten Naturaktionstagen 2019.","breadcrumb":{"@id":"https:\/\/www.naturparkmagazin.de\/vdn\/natur-erleben-im-naturpark-duebener-heide\/#breadcrumb"},"inLanguage":"de","potentialAction":[{"@type":"ReadAction","target":["https:\/\/www.naturparkmagazin.de\/vdn\/natur-erleben-im-naturpark-duebener-heide\/"]}]},{"@type":"BreadcrumbList","@id":"https:\/\/www.naturparkmagazin.de\/vdn\/natur-erleben-im-naturpark-duebener-heide\/#breadcrumb","itemListElement":[{"@type":"ListItem","position":1,"name":"Home","item":"https:\/\/www.naturparkmagazin.de\/vdn\/"},{"@type":"ListItem","position":2,"name":"Natur erleben im Naturpark D\u00fcbener Heide"}]},{"@type":"WebSite","@id":"https:\/\/www.naturparkmagazin.de\/vdn\/#website","url":"https:\/\/www.naturparkmagazin.de\/vdn\/","name":"Verband Deutscher Naturparke","description":"Eine weitere Naturparkmagazin.de Netzwerk Seite","potentialAction":[{"@type":"SearchAction","target":{"@type":"EntryPoint","urlTemplate":"https:\/\/www.naturparkmagazin.de\/vdn\/?s={search_term_string}"},"query-input":"required name=search_term_string"}],"inLanguage":"de"},{"@type":"Person","@id":"https:\/\/www.naturparkmagazin.de\/vdn\/#\/schema\/person\/3cff9b8773ed55f0189255fa9adfd57c","name":"manuelamerz","url":"https:\/\/www.naturparkmagazin.de\/vdn\/author\/manuelamerz\/"}]}},"_links":{"self":[{"href":"https:\/\/www.naturparkmagazin.de\/vdn\/wp-json\/wp\/v2\/posts\/11475"}],"collection":[{"href":"https:\/\/www.naturparkmagazin.de\/vdn\/wp-json\/wp\/v2\/posts"}],"about":[{"href":"https:\/\/www.naturparkmagazin.de\/vdn\/wp-json\/wp\/v2\/types\/post"}],"author":[{"embeddable":true,"href":"https:\/\/www.naturparkmagazin.de\/vdn\/wp-json\/wp\/v2\/users\/73"}],"replies":[{"embeddable":true,"href":"https:\/\/www.naturparkmagazin.de\/vdn\/wp-json\/wp\/v2\/comments?post=11475"}],"version-history":[{"count":4,"href":"https:\/\/www.naturparkmagazin.de\/vdn\/wp-json\/wp\/v2\/posts\/11475\/revisions"}],"predecessor-version":[{"id":11490,"href":"https:\/\/www.naturparkmagazin.de\/vdn\/wp-json\/wp\/v2\/posts\/11475\/revisions\/11490"}],"wp:featuredmedia":[{"embeddable":true,"href":"https:\/\/www.naturparkmagazin.de\/vdn\/wp-json\/wp\/v2\/media\/11482"}],"wp:attachment":[{"href":"https:\/\/www.naturparkmagazin.de\/vdn\/wp-json\/wp\/v2\/media?parent=11475"}],"wp:term":[{"taxonomy":"category","embeddable":true,"href":"https:\/\/www.naturparkmagazin.de\/vdn\/wp-json\/wp\/v2\/categories?post=11475"},{"taxonomy":"post_tag","embeddable":true,"href":"https:\/\/www.naturparkmagazin.de\/vdn\/wp-json\/wp\/v2\/tags?post=11475"}],"curies":[{"name":"wp","href":"https:\/\/api.w.org\/{rel}","templated":true}]}}