{"id":11517,"date":"2019-07-17T16:10:14","date_gmt":"2019-07-17T14:10:14","guid":{"rendered":"https:\/\/www.naturparkmagazin.de\/vdn\/?p=11517"},"modified":"2019-10-22T12:24:54","modified_gmt":"2019-10-22T10:24:54","slug":"entdecke-deine-naturlandschaft-tournatur-2019","status":"publish","type":"post","link":"https:\/\/www.naturparkmagazin.de\/vdn\/entdecke-deine-naturlandschaft-tournatur-2019\/","title":{"rendered":"Entdecke deine Naturlandschaft \u2013 TourNatur 2019"},"content":{"rendered":"<div id=\"attachment_11519\" style=\"width: 510px\" class=\"wp-caption aligncenter\"><a href=\"https:\/\/www.naturparkmagazin.de\/vdn\/wp-content\/uploads\/sites\/3\/LiveBuehne4.jpg\"><img aria-describedby=\"caption-attachment-11519\" decoding=\"async\" loading=\"lazy\" class=\"wp-image-11519 size-full\" src=\"https:\/\/www.naturparkmagazin.de\/vdn\/wp-content\/uploads\/sites\/3\/LiveBuehne4.jpg\" alt=\"B\u00fchnenprogramm 2018 - Copyright: VDN\" width=\"500\" height=\"300\" srcset=\"https:\/\/www.naturparkmagazin.de\/vdn\/wp-content\/uploads\/sites\/3\/LiveBuehne4.jpg 500w, https:\/\/www.naturparkmagazin.de\/vdn\/wp-content\/uploads\/sites\/3\/LiveBuehne4-300x180.jpg 300w, https:\/\/www.naturparkmagazin.de\/vdn\/wp-content\/uploads\/sites\/3\/LiveBuehne4-200x120.jpg 200w\" sizes=\"(max-width: 500px) 100vw, 500px\" \/><\/a><p id=\"caption-attachment-11519\" class=\"wp-caption-text\">B\u00fchnenprogramm 2018 &#8211; Copyright: VDN<\/p><\/div>\n<p>Vom 6. bis 8. September 2019 \u00f6ffnet die TourNatur auf der Messe D\u00fcsseldorf ihre Tore und der VDN sowie einige Naturparke sind mit dabei.<\/p>\n<p>Auf der TourNatur dreht sich alles rund um Outdoor-Aktivit\u00e4ten in der Natur. Neben vielen Informationen zu spannenden Reisezielen, stellen sich verschiedene Gro\u00dfschutzgebiete vor, Sie finden viele Angebote rund um Ausr\u00fcstung und die passende Kleidung oder k\u00f6nnen sie bei Mitmach-Aktionen gleich testen.<\/p>\n<div id=\"attachment_11518\" style=\"width: 510px\" class=\"wp-caption aligncenter\"><a href=\"https:\/\/www.naturparkmagazin.de\/vdn\/wp-content\/uploads\/sites\/3\/TourNatur_beitrag.jpg\"><img aria-describedby=\"caption-attachment-11518\" decoding=\"async\" loading=\"lazy\" class=\"size-full wp-image-11518\" src=\"https:\/\/www.naturparkmagazin.de\/vdn\/wp-content\/uploads\/sites\/3\/TourNatur_beitrag.jpg\" alt=\"TourNatur 2018_ Copyright: VDN\" width=\"500\" height=\"300\" srcset=\"https:\/\/www.naturparkmagazin.de\/vdn\/wp-content\/uploads\/sites\/3\/TourNatur_beitrag.jpg 500w, https:\/\/www.naturparkmagazin.de\/vdn\/wp-content\/uploads\/sites\/3\/TourNatur_beitrag-300x180.jpg 300w, https:\/\/www.naturparkmagazin.de\/vdn\/wp-content\/uploads\/sites\/3\/TourNatur_beitrag-200x120.jpg 200w\" sizes=\"(max-width: 500px) 100vw, 500px\" \/><\/a><p id=\"caption-attachment-11518\" class=\"wp-caption-text\">TourNatur 2018_ Copyright: VDN<\/p><\/div>\n<p>Direkt am Sonderstand \u201eErlebnis Natur \u2013 Entdecke Deine Naturlandschaft\u201c erwarten Sie unter anderem die Naturparke Habichtswald, Sauerland Rothaargebirge, Hohe Mark, Vulkaneifel und Siebengebirge. Au\u00dferdem k\u00f6nnen Sie sich am \u201eTreffpunkt Natur\u201c entspannen oder einen Kletterparcours bew\u00e4ltigen.<\/p>\n<p>Wir freuen uns auf Ihren Besuch in Halle 6 an Stand G23!<\/p>\n","protected":false},"excerpt":{"rendered":"<p>VDN und Naturparke beteiligen sich auch in diesem Jahr am Sonderstand \u201eErlebnis Natur \u2013 Entdecke Deine Naturlandschaft\u201c auf der TourNatur 2019<\/p>\n","protected":false},"author":51,"featured_media":10331,"comment_status":"open","ping_status":"open","sticky":false,"template":"","format":"standard","meta":{"_links_to":"","_links_to_target":""},"categories":[7],"tags":[],"yoast_head":"<!-- This site is optimized with the Yoast SEO plugin v19.10 - https:\/\/yoast.com\/wordpress\/plugins\/seo\/ -->\n<title>Entdecke deine Naturlandschaft \u2013 TourNatur 2019<\/title>\n<meta name=\"description\" content=\"VDN und Naturparke beteiligen sich auch in diesem Jahr am Sonderstand \u201eErlebnis Natur \u2013 Entdecke Deine Naturlandschaft\u201c auf der TourNatur 2019\" \/>\n<meta name=\"robots\" content=\"index, follow, max-snippet:-1, max-image-preview:large, max-video-preview:-1\" \/>\n<link rel=\"canonical\" href=\"https:\/\/www.naturparkmagazin.de\/vdn\/entdecke-deine-naturlandschaft-tournatur-2019\/\" \/>\n<meta property=\"og:locale\" content=\"de_DE\" \/>\n<meta property=\"og:type\" content=\"article\" \/>\n<meta property=\"og:title\" content=\"Entdecke deine Naturlandschaft \u2013 TourNatur 2019\" \/>\n<meta property=\"og:description\" content=\"VDN und Naturparke beteiligen sich auch in diesem Jahr am Sonderstand \u201eErlebnis Natur \u2013 Entdecke Deine Naturlandschaft\u201c auf der TourNatur 2019\" \/>\n<meta property=\"og:url\" content=\"https:\/\/www.naturparkmagazin.de\/vdn\/entdecke-deine-naturlandschaft-tournatur-2019\/\" \/>\n<meta property=\"og:site_name\" content=\"Verband Deutscher Naturparke\" \/>\n<meta property=\"article:published_time\" content=\"2019-07-17T14:10:14+00:00\" \/>\n<meta property=\"article:modified_time\" content=\"2019-10-22T10:24:54+00:00\" \/>\n<meta property=\"og:image\" content=\"https:\/\/www.naturparkmagazin.de\/vdn\/wp-content\/uploads\/sites\/3\/tou1802_HeaderDesktop_945x265bf.jpeg\" \/>\n\t<meta property=\"og:image:width\" content=\"200\" \/>\n\t<meta property=\"og:image:height\" content=\"200\" \/>\n\t<meta property=\"og:image:type\" content=\"image\/jpeg\" \/>\n<meta name=\"author\" content=\"beatrixlosem\" \/>\n<meta name=\"twitter:label1\" content=\"Verfasst von\" \/>\n\t<meta name=\"twitter:data1\" content=\"beatrixlosem\" \/>\n\t<meta name=\"twitter:label2\" content=\"Gesch\u00e4tzte Lesezeit\" \/>\n\t<meta name=\"twitter:data2\" content=\"1\u00a0Minute\" \/>\n<script type=\"application\/ld+json\" class=\"yoast-schema-graph\">{\"@context\":\"https:\/\/schema.org\",\"@graph\":[{\"@type\":\"WebPage\",\"@id\":\"https:\/\/www.naturparkmagazin.de\/vdn\/entdecke-deine-naturlandschaft-tournatur-2019\/\",\"url\":\"https:\/\/www.naturparkmagazin.de\/vdn\/entdecke-deine-naturlandschaft-tournatur-2019\/\",\"name\":\"Entdecke deine Naturlandschaft \u2013 TourNatur 2019\",\"isPartOf\":{\"@id\":\"https:\/\/www.naturparkmagazin.de\/vdn\/#website\"},\"datePublished\":\"2019-07-17T14:10:14+00:00\",\"dateModified\":\"2019-10-22T10:24:54+00:00\",\"author\":{\"@id\":\"https:\/\/www.naturparkmagazin.de\/vdn\/#\/schema\/person\/d71357578c318b6db03be60b1f60396b\"},\"description\":\"VDN und Naturparke beteiligen sich auch in diesem Jahr am Sonderstand \u201eErlebnis Natur \u2013 Entdecke Deine Naturlandschaft\u201c auf der TourNatur 2019\",\"breadcrumb\":{\"@id\":\"https:\/\/www.naturparkmagazin.de\/vdn\/entdecke-deine-naturlandschaft-tournatur-2019\/#breadcrumb\"},\"inLanguage\":\"de\",\"potentialAction\":[{\"@type\":\"ReadAction\",\"target\":[\"https:\/\/www.naturparkmagazin.de\/vdn\/entdecke-deine-naturlandschaft-tournatur-2019\/\"]}]},{\"@type\":\"BreadcrumbList\",\"@id\":\"https:\/\/www.naturparkmagazin.de\/vdn\/entdecke-deine-naturlandschaft-tournatur-2019\/#breadcrumb\",\"itemListElement\":[{\"@type\":\"ListItem\",\"position\":1,\"name\":\"Home\",\"item\":\"https:\/\/www.naturparkmagazin.de\/vdn\/\"},{\"@type\":\"ListItem\",\"position\":2,\"name\":\"Entdecke deine Naturlandschaft \u2013 TourNatur 2019\"}]},{\"@type\":\"WebSite\",\"@id\":\"https:\/\/www.naturparkmagazin.de\/vdn\/#website\",\"url\":\"https:\/\/www.naturparkmagazin.de\/vdn\/\",\"name\":\"Verband Deutscher Naturparke\",\"description\":\"Eine weitere Naturparkmagazin.de Netzwerk Seite\",\"potentialAction\":[{\"@type\":\"SearchAction\",\"target\":{\"@type\":\"EntryPoint\",\"urlTemplate\":\"https:\/\/www.naturparkmagazin.de\/vdn\/?s={search_term_string}\"},\"query-input\":\"required name=search_term_string\"}],\"inLanguage\":\"de\"},{\"@type\":\"Person\",\"@id\":\"https:\/\/www.naturparkmagazin.de\/vdn\/#\/schema\/person\/d71357578c318b6db03be60b1f60396b\",\"name\":\"beatrixlosem\",\"url\":\"https:\/\/www.naturparkmagazin.de\/vdn\/author\/beatrixlosem\/\"}]}<\/script>\n<!-- \/ Yoast SEO plugin. -->","yoast_head_json":{"title":"Entdecke deine Naturlandschaft \u2013 TourNatur 2019","description":"VDN und Naturparke beteiligen sich auch in diesem Jahr am Sonderstand \u201eErlebnis Natur \u2013 Entdecke Deine Naturlandschaft\u201c auf der TourNatur 2019","robots":{"index":"index","follow":"follow","max-snippet":"max-snippet:-1","max-image-preview":"max-image-preview:large","max-video-preview":"max-video-preview:-1"},"canonical":"https:\/\/www.naturparkmagazin.de\/vdn\/entdecke-deine-naturlandschaft-tournatur-2019\/","og_locale":"de_DE","og_type":"article","og_title":"Entdecke deine Naturlandschaft \u2013 TourNatur 2019","og_description":"VDN und Naturparke beteiligen sich auch in diesem Jahr am Sonderstand \u201eErlebnis Natur \u2013 Entdecke Deine Naturlandschaft\u201c auf der TourNatur 2019","og_url":"https:\/\/www.naturparkmagazin.de\/vdn\/entdecke-deine-naturlandschaft-tournatur-2019\/","og_site_name":"Verband Deutscher Naturparke","article_published_time":"2019-07-17T14:10:14+00:00","article_modified_time":"2019-10-22T10:24:54+00:00","og_image":[{"width":200,"height":200,"url":"https:\/\/www.naturparkmagazin.de\/vdn\/wp-content\/uploads\/sites\/3\/tou1802_HeaderDesktop_945x265bf.jpeg","type":"image\/jpeg"}],"author":"beatrixlosem","twitter_misc":{"Verfasst von":"beatrixlosem","Gesch\u00e4tzte Lesezeit":"1\u00a0Minute"},"schema":{"@context":"https:\/\/schema.org","@graph":[{"@type":"WebPage","@id":"https:\/\/www.naturparkmagazin.de\/vdn\/entdecke-deine-naturlandschaft-tournatur-2019\/","url":"https:\/\/www.naturparkmagazin.de\/vdn\/entdecke-deine-naturlandschaft-tournatur-2019\/","name":"Entdecke deine Naturlandschaft \u2013 TourNatur 2019","isPartOf":{"@id":"https:\/\/www.naturparkmagazin.de\/vdn\/#website"},"datePublished":"2019-07-17T14:10:14+00:00","dateModified":"2019-10-22T10:24:54+00:00","author":{"@id":"https:\/\/www.naturparkmagazin.de\/vdn\/#\/schema\/person\/d71357578c318b6db03be60b1f60396b"},"description":"VDN und Naturparke beteiligen sich auch in diesem Jahr am Sonderstand \u201eErlebnis Natur \u2013 Entdecke Deine Naturlandschaft\u201c auf der TourNatur 2019","breadcrumb":{"@id":"https:\/\/www.naturparkmagazin.de\/vdn\/entdecke-deine-naturlandschaft-tournatur-2019\/#breadcrumb"},"inLanguage":"de","potentialAction":[{"@type":"ReadAction","target":["https:\/\/www.naturparkmagazin.de\/vdn\/entdecke-deine-naturlandschaft-tournatur-2019\/"]}]},{"@type":"BreadcrumbList","@id":"https:\/\/www.naturparkmagazin.de\/vdn\/entdecke-deine-naturlandschaft-tournatur-2019\/#breadcrumb","itemListElement":[{"@type":"ListItem","position":1,"name":"Home","item":"https:\/\/www.naturparkmagazin.de\/vdn\/"},{"@type":"ListItem","position":2,"name":"Entdecke deine Naturlandschaft \u2013 TourNatur 2019"}]},{"@type":"WebSite","@id":"https:\/\/www.naturparkmagazin.de\/vdn\/#website","url":"https:\/\/www.naturparkmagazin.de\/vdn\/","name":"Verband Deutscher Naturparke","description":"Eine weitere Naturparkmagazin.de Netzwerk Seite","potentialAction":[{"@type":"SearchAction","target":{"@type":"EntryPoint","urlTemplate":"https:\/\/www.naturparkmagazin.de\/vdn\/?s={search_term_string}"},"query-input":"required name=search_term_string"}],"inLanguage":"de"},{"@type":"Person","@id":"https:\/\/www.naturparkmagazin.de\/vdn\/#\/schema\/person\/d71357578c318b6db03be60b1f60396b","name":"beatrixlosem","url":"https:\/\/www.naturparkmagazin.de\/vdn\/author\/beatrixlosem\/"}]}},"_links":{"self":[{"href":"https:\/\/www.naturparkmagazin.de\/vdn\/wp-json\/wp\/v2\/posts\/11517"}],"collection":[{"href":"https:\/\/www.naturparkmagazin.de\/vdn\/wp-json\/wp\/v2\/posts"}],"about":[{"href":"https:\/\/www.naturparkmagazin.de\/vdn\/wp-json\/wp\/v2\/types\/post"}],"author":[{"embeddable":true,"href":"https:\/\/www.naturparkmagazin.de\/vdn\/wp-json\/wp\/v2\/users\/51"}],"replies":[{"embeddable":true,"href":"https:\/\/www.naturparkmagazin.de\/vdn\/wp-json\/wp\/v2\/comments?post=11517"}],"version-history":[{"count":5,"href":"https:\/\/www.naturparkmagazin.de\/vdn\/wp-json\/wp\/v2\/posts\/11517\/revisions"}],"predecessor-version":[{"id":11610,"href":"https:\/\/www.naturparkmagazin.de\/vdn\/wp-json\/wp\/v2\/posts\/11517\/revisions\/11610"}],"wp:featuredmedia":[{"embeddable":true,"href":"https:\/\/www.naturparkmagazin.de\/vdn\/wp-json\/wp\/v2\/media\/10331"}],"wp:attachment":[{"href":"https:\/\/www.naturparkmagazin.de\/vdn\/wp-json\/wp\/v2\/media?parent=11517"}],"wp:term":[{"taxonomy":"category","embeddable":true,"href":"https:\/\/www.naturparkmagazin.de\/vdn\/wp-json\/wp\/v2\/categories?post=11517"},{"taxonomy":"post_tag","embeddable":true,"href":"https:\/\/www.naturparkmagazin.de\/vdn\/wp-json\/wp\/v2\/tags?post=11517"}],"curies":[{"name":"wp","href":"https:\/\/api.w.org\/{rel}","templated":true}]}}