{"id":11644,"date":"2019-08-18T17:33:47","date_gmt":"2019-08-18T15:33:47","guid":{"rendered":"https:\/\/www.naturparkmagazin.de\/vdn\/?p=11644"},"modified":"2019-10-22T12:49:29","modified_gmt":"2019-10-22T10:49:29","slug":"weltenburger-enge-im-morgendunst-von-ulrike-sobick","status":"publish","type":"post","link":"https:\/\/www.naturparkmagazin.de\/vdn\/weltenburger-enge-im-morgendunst-von-ulrike-sobick\/","title":{"rendered":"&#8222;Weltenburger Enge im Morgendunst&#8220; von Ulrike Sobick"},"content":{"rendered":"<div id=\"attachment_11645\" style=\"width: 510px\" class=\"wp-caption alignnone\"><a href=\"https:\/\/www.naturparkmagazin.de\/vdn\/wp-content\/uploads\/sites\/3\/welten-wb-julib.jpg\"><img aria-describedby=\"caption-attachment-11645\" decoding=\"async\" loading=\"lazy\" class=\"size-full wp-image-11645\" src=\"https:\/\/www.naturparkmagazin.de\/vdn\/wp-content\/uploads\/sites\/3\/welten-wb-julib.jpg\" alt=\"Weltenburger Enge im Morgendunst \u00a9 VDN \/ Ulrike Sobick\" width=\"500\" height=\"300\" srcset=\"https:\/\/www.naturparkmagazin.de\/vdn\/wp-content\/uploads\/sites\/3\/welten-wb-julib.jpg 500w, https:\/\/www.naturparkmagazin.de\/vdn\/wp-content\/uploads\/sites\/3\/welten-wb-julib-300x180.jpg 300w, https:\/\/www.naturparkmagazin.de\/vdn\/wp-content\/uploads\/sites\/3\/welten-wb-julib-200x120.jpg 200w\" sizes=\"(max-width: 500px) 100vw, 500px\" \/><\/a><p id=\"caption-attachment-11645\" class=\"wp-caption-text\">Weltenburger Enge im Morgendunst \u00a9 VDN \/ Ulrike Sobick<\/p><\/div>\n<p>Der Jurykommentar zum 1. Platz im Fotowettbewerb:\n\u201eIn Form einer Landschaftsfotografie, die auf technische Effekte zur Aussageverst\u00e4rkung &#8211; wie etwa HDR &#8211; verzichtet, illustriert die Aufnahme die komplexe Aufgabenstellung des Monats August. In leichten Nebel geh\u00fcllt, sehen wir die Weltenburger Enge, den &#8222;neueren&#8220; Verlauf der Donau, deren m\u00e4anderndes Flussbett an dieser Stelle vor etwa 80.000 Jahren durch Nebenfl\u00fcsse geschaffen wurde. Der Eindruck, den das Ergebnis dieses eiszeitlichen Prozesses auf seine Betrachter macht, wird im Bild durch einen Kanuten links unten im Bild repr\u00e4sentiert. Der Mensch steht den gewaltigen Kr\u00e4ften, Vorg\u00e4ngen und Zeitspannen der Natur gegen\u00fcber, deren Dimensionen die seinen in unbeschreibbarem Umfang \u00fcbersteigen.\u201c\nWir freuen uns, dass uns <u><a href=\"https:\/\/www.facebook.com\/hashtag\/kaufland?source=feed_text&amp;epa=HASHTAG&amp;__xts__%5B0%5D=68.ARB3Qe2Vrh_xgYzy9i34I8Nx8BFvvtaiWzF8NPlxRKT3DhgSY_l3O8H0WXVkmcMTVlBWJPFz8OJHdBvj2-hZSKytjI1dkL51jTph4gZquLcFr25t46FOqSRRiei4cV6FLTEhPW0xddQwv6bw4JhT0QJOAH2XXSqrP8rZIgJev1ebgY9FvbjLl5_WZXPsk2vmO5bXYrzLwbp6U0hnB4RE2OHKt7sQe6hvoRNgkaRc2XTW942b-LcgZfN9ny2mEh-ZFitoI4pP8O1Lvdp6MGXZ5Nk5svZRfCEhquAD_2sdh7fk3B4Ob06cNtFfWBsTpuobHQ8xy7MQfkCHq6dBb4oZH3WcMg&amp;__tn__=%2ANK-R\">#Kaufland<\/a><\/u>, #Kaufland Foto mit <u><a href=\"https:\/\/www.facebook.com\/hashtag\/cewe?source=feed_text&amp;epa=HASHTAG&amp;__xts__%5B0%5D=68.ARB3Qe2Vrh_xgYzy9i34I8Nx8BFvvtaiWzF8NPlxRKT3DhgSY_l3O8H0WXVkmcMTVlBWJPFz8OJHdBvj2-hZSKytjI1dkL51jTph4gZquLcFr25t46FOqSRRiei4cV6FLTEhPW0xddQwv6bw4JhT0QJOAH2XXSqrP8rZIgJev1ebgY9FvbjLl5_WZXPsk2vmO5bXYrzLwbp6U0hnB4RE2OHKt7sQe6hvoRNgkaRc2XTW942b-LcgZfN9ny2mEh-ZFitoI4pP8O1Lvdp6MGXZ5Nk5svZRfCEhquAD_2sdh7fk3B4Ob06cNtFfWBsTpuobHQ8xy7MQfkCHq6dBb4oZH3WcMg&amp;__tn__=%2ANK-R\">#CEWE<\/a><\/u>, die Zeitschrift \u201e<u><a href=\"https:\/\/www.facebook.com\/hashtag\/naturfoto?source=feed_text&amp;epa=HASHTAG&amp;__xts__%5B0%5D=68.ARB3Qe2Vrh_xgYzy9i34I8Nx8BFvvtaiWzF8NPlxRKT3DhgSY_l3O8H0WXVkmcMTVlBWJPFz8OJHdBvj2-hZSKytjI1dkL51jTph4gZquLcFr25t46FOqSRRiei4cV6FLTEhPW0xddQwv6bw4JhT0QJOAH2XXSqrP8rZIgJev1ebgY9FvbjLl5_WZXPsk2vmO5bXYrzLwbp6U0hnB4RE2OHKt7sQe6hvoRNgkaRc2XTW942b-LcgZfN9ny2mEh-ZFitoI4pP8O1Lvdp6MGXZ5Nk5svZRfCEhquAD_2sdh7fk3B4Ob06cNtFfWBsTpuobHQ8xy7MQfkCHq6dBb4oZH3WcMg&amp;__tn__=%2ANK-R\">#NaturFoto<\/a><\/u>\u201c, die Firma <u><a href=\"https:\/\/www.facebook.com\/hashtag\/novoflex?source=feed_text&amp;epa=HASHTAG&amp;__xts__%5B0%5D=68.ARB3Qe2Vrh_xgYzy9i34I8Nx8BFvvtaiWzF8NPlxRKT3DhgSY_l3O8H0WXVkmcMTVlBWJPFz8OJHdBvj2-hZSKytjI1dkL51jTph4gZquLcFr25t46FOqSRRiei4cV6FLTEhPW0xddQwv6bw4JhT0QJOAH2XXSqrP8rZIgJev1ebgY9FvbjLl5_WZXPsk2vmO5bXYrzLwbp6U0hnB4RE2OHKt7sQe6hvoRNgkaRc2XTW942b-LcgZfN9ny2mEh-ZFitoI4pP8O1Lvdp6MGXZ5Nk5svZRfCEhquAD_2sdh7fk3B4Ob06cNtFfWBsTpuobHQ8xy7MQfkCHq6dBb4oZH3WcMg&amp;__tn__=%2ANK-R\">#Novoflex<\/a><\/u> sowie der <u><a href=\"https:\/\/www.facebook.com\/hashtag\/rheinwerk?source=feed_text&amp;epa=HASHTAG&amp;__xts__%5B0%5D=68.ARB3Qe2Vrh_xgYzy9i34I8Nx8BFvvtaiWzF8NPlxRKT3DhgSY_l3O8H0WXVkmcMTVlBWJPFz8OJHdBvj2-hZSKytjI1dkL51jTph4gZquLcFr25t46FOqSRRiei4cV6FLTEhPW0xddQwv6bw4JhT0QJOAH2XXSqrP8rZIgJev1ebgY9FvbjLl5_WZXPsk2vmO5bXYrzLwbp6U0hnB4RE2OHKt7sQe6hvoRNgkaRc2XTW942b-LcgZfN9ny2mEh-ZFitoI4pP8O1Lvdp6MGXZ5Nk5svZRfCEhquAD_2sdh7fk3B4Ob06cNtFfWBsTpuobHQ8xy7MQfkCHq6dBb4oZH3WcMg&amp;__tn__=%2ANK-R\">#Rheinwerk<\/a><\/u> Verlag beim Fotowettbewerb &#8222;Augenblick Natur!&#8220; 2019 unterst\u00fctzen!<\/p>\n<p>&nbsp;<\/p>\n","protected":false},"excerpt":{"rendered":"<p>\u201eErdgeschichte zum Anfassen\u201c war das Thema des Monats im Fotowettbewerb \u201eAugenblick Natur\u201c. Ulrike Sobick hat mir Ihrer Aufnahme den 1. Platz erzielt \u2013 Herzlichen Gl\u00fcckwunsch!<\/p>\n","protected":false},"author":73,"featured_media":11646,"comment_status":"open","ping_status":"open","sticky":false,"template":"","format":"standard","meta":{"_links_to":"","_links_to_target":""},"categories":[10],"tags":[3150,807,1648,806],"yoast_head":"<!-- This site is optimized with the Yoast SEO plugin v19.10 - https:\/\/yoast.com\/wordpress\/plugins\/seo\/ -->\n<title>&quot;Weltenburger Enge im Morgendunst&quot; von Ulrike Sobick<\/title>\n<meta name=\"description\" content=\"\u201eErdgeschichte zum Anfassen\u201c war das Thema des Monats im Fotowettbewerb \u201eAugenblick Natur\u201c. Ulrike Sobick hat mir Ihrer Aufnahme den 1. Platz erzielt \u2013 Herzlichen Gl\u00fcckwunsch!\" \/>\n<meta name=\"robots\" content=\"index, follow, max-snippet:-1, max-image-preview:large, max-video-preview:-1\" \/>\n<link rel=\"canonical\" href=\"https:\/\/www.naturparkmagazin.de\/vdn\/weltenburger-enge-im-morgendunst-von-ulrike-sobick\/\" \/>\n<meta property=\"og:locale\" content=\"de_DE\" \/>\n<meta property=\"og:type\" content=\"article\" \/>\n<meta property=\"og:title\" content=\"&quot;Weltenburger Enge im Morgendunst&quot; von Ulrike Sobick\" \/>\n<meta property=\"og:description\" content=\"\u201eErdgeschichte zum Anfassen\u201c war das Thema des Monats im Fotowettbewerb \u201eAugenblick Natur\u201c. Ulrike Sobick hat mir Ihrer Aufnahme den 1. Platz erzielt \u2013 Herzlichen Gl\u00fcckwunsch!\" \/>\n<meta property=\"og:url\" content=\"https:\/\/www.naturparkmagazin.de\/vdn\/weltenburger-enge-im-morgendunst-von-ulrike-sobick\/\" \/>\n<meta property=\"og:site_name\" content=\"Verband Deutscher Naturparke\" \/>\n<meta property=\"article:published_time\" content=\"2019-08-18T15:33:47+00:00\" \/>\n<meta property=\"article:modified_time\" content=\"2019-10-22T10:49:29+00:00\" \/>\n<meta property=\"og:image\" content=\"https:\/\/www.naturparkmagazin.de\/vdn\/wp-content\/uploads\/sites\/3\/welten-wb-julibf.jpg\" \/>\n\t<meta property=\"og:image:width\" content=\"200\" \/>\n\t<meta property=\"og:image:height\" content=\"200\" \/>\n\t<meta property=\"og:image:type\" content=\"image\/jpeg\" \/>\n<meta name=\"author\" content=\"manuelamerz\" \/>\n<meta name=\"twitter:label1\" content=\"Verfasst von\" \/>\n\t<meta name=\"twitter:data1\" content=\"manuelamerz\" \/>\n\t<meta name=\"twitter:label2\" content=\"Gesch\u00e4tzte Lesezeit\" \/>\n\t<meta name=\"twitter:data2\" content=\"1\u00a0Minute\" \/>\n<script type=\"application\/ld+json\" class=\"yoast-schema-graph\">{\"@context\":\"https:\/\/schema.org\",\"@graph\":[{\"@type\":\"WebPage\",\"@id\":\"https:\/\/www.naturparkmagazin.de\/vdn\/weltenburger-enge-im-morgendunst-von-ulrike-sobick\/\",\"url\":\"https:\/\/www.naturparkmagazin.de\/vdn\/weltenburger-enge-im-morgendunst-von-ulrike-sobick\/\",\"name\":\"\\\"Weltenburger Enge im Morgendunst\\\" von Ulrike Sobick\",\"isPartOf\":{\"@id\":\"https:\/\/www.naturparkmagazin.de\/vdn\/#website\"},\"datePublished\":\"2019-08-18T15:33:47+00:00\",\"dateModified\":\"2019-10-22T10:49:29+00:00\",\"author\":{\"@id\":\"https:\/\/www.naturparkmagazin.de\/vdn\/#\/schema\/person\/3cff9b8773ed55f0189255fa9adfd57c\"},\"description\":\"\u201eErdgeschichte zum Anfassen\u201c war das Thema des Monats im Fotowettbewerb \u201eAugenblick Natur\u201c. Ulrike Sobick hat mir Ihrer Aufnahme den 1. Platz erzielt \u2013 Herzlichen Gl\u00fcckwunsch!\",\"breadcrumb\":{\"@id\":\"https:\/\/www.naturparkmagazin.de\/vdn\/weltenburger-enge-im-morgendunst-von-ulrike-sobick\/#breadcrumb\"},\"inLanguage\":\"de\",\"potentialAction\":[{\"@type\":\"ReadAction\",\"target\":[\"https:\/\/www.naturparkmagazin.de\/vdn\/weltenburger-enge-im-morgendunst-von-ulrike-sobick\/\"]}]},{\"@type\":\"BreadcrumbList\",\"@id\":\"https:\/\/www.naturparkmagazin.de\/vdn\/weltenburger-enge-im-morgendunst-von-ulrike-sobick\/#breadcrumb\",\"itemListElement\":[{\"@type\":\"ListItem\",\"position\":1,\"name\":\"Home\",\"item\":\"https:\/\/www.naturparkmagazin.de\/vdn\/\"},{\"@type\":\"ListItem\",\"position\":2,\"name\":\"&#8222;Weltenburger Enge im Morgendunst&#8220; von Ulrike Sobick\"}]},{\"@type\":\"WebSite\",\"@id\":\"https:\/\/www.naturparkmagazin.de\/vdn\/#website\",\"url\":\"https:\/\/www.naturparkmagazin.de\/vdn\/\",\"name\":\"Verband Deutscher Naturparke\",\"description\":\"Eine weitere Naturparkmagazin.de Netzwerk Seite\",\"potentialAction\":[{\"@type\":\"SearchAction\",\"target\":{\"@type\":\"EntryPoint\",\"urlTemplate\":\"https:\/\/www.naturparkmagazin.de\/vdn\/?s={search_term_string}\"},\"query-input\":\"required name=search_term_string\"}],\"inLanguage\":\"de\"},{\"@type\":\"Person\",\"@id\":\"https:\/\/www.naturparkmagazin.de\/vdn\/#\/schema\/person\/3cff9b8773ed55f0189255fa9adfd57c\",\"name\":\"manuelamerz\",\"url\":\"https:\/\/www.naturparkmagazin.de\/vdn\/author\/manuelamerz\/\"}]}<\/script>\n<!-- \/ Yoast SEO plugin. -->","yoast_head_json":{"title":"\"Weltenburger Enge im Morgendunst\" von Ulrike Sobick","description":"\u201eErdgeschichte zum Anfassen\u201c war das Thema des Monats im Fotowettbewerb \u201eAugenblick Natur\u201c. Ulrike Sobick hat mir Ihrer Aufnahme den 1. Platz erzielt \u2013 Herzlichen Gl\u00fcckwunsch!","robots":{"index":"index","follow":"follow","max-snippet":"max-snippet:-1","max-image-preview":"max-image-preview:large","max-video-preview":"max-video-preview:-1"},"canonical":"https:\/\/www.naturparkmagazin.de\/vdn\/weltenburger-enge-im-morgendunst-von-ulrike-sobick\/","og_locale":"de_DE","og_type":"article","og_title":"\"Weltenburger Enge im Morgendunst\" von Ulrike Sobick","og_description":"\u201eErdgeschichte zum Anfassen\u201c war das Thema des Monats im Fotowettbewerb \u201eAugenblick Natur\u201c. Ulrike Sobick hat mir Ihrer Aufnahme den 1. Platz erzielt \u2013 Herzlichen Gl\u00fcckwunsch!","og_url":"https:\/\/www.naturparkmagazin.de\/vdn\/weltenburger-enge-im-morgendunst-von-ulrike-sobick\/","og_site_name":"Verband Deutscher Naturparke","article_published_time":"2019-08-18T15:33:47+00:00","article_modified_time":"2019-10-22T10:49:29+00:00","og_image":[{"width":200,"height":200,"url":"https:\/\/www.naturparkmagazin.de\/vdn\/wp-content\/uploads\/sites\/3\/welten-wb-julibf.jpg","type":"image\/jpeg"}],"author":"manuelamerz","twitter_misc":{"Verfasst von":"manuelamerz","Gesch\u00e4tzte Lesezeit":"1\u00a0Minute"},"schema":{"@context":"https:\/\/schema.org","@graph":[{"@type":"WebPage","@id":"https:\/\/www.naturparkmagazin.de\/vdn\/weltenburger-enge-im-morgendunst-von-ulrike-sobick\/","url":"https:\/\/www.naturparkmagazin.de\/vdn\/weltenburger-enge-im-morgendunst-von-ulrike-sobick\/","name":"\"Weltenburger Enge im Morgendunst\" von Ulrike Sobick","isPartOf":{"@id":"https:\/\/www.naturparkmagazin.de\/vdn\/#website"},"datePublished":"2019-08-18T15:33:47+00:00","dateModified":"2019-10-22T10:49:29+00:00","author":{"@id":"https:\/\/www.naturparkmagazin.de\/vdn\/#\/schema\/person\/3cff9b8773ed55f0189255fa9adfd57c"},"description":"\u201eErdgeschichte zum Anfassen\u201c war das Thema des Monats im Fotowettbewerb \u201eAugenblick Natur\u201c. Ulrike Sobick hat mir Ihrer Aufnahme den 1. Platz erzielt \u2013 Herzlichen Gl\u00fcckwunsch!","breadcrumb":{"@id":"https:\/\/www.naturparkmagazin.de\/vdn\/weltenburger-enge-im-morgendunst-von-ulrike-sobick\/#breadcrumb"},"inLanguage":"de","potentialAction":[{"@type":"ReadAction","target":["https:\/\/www.naturparkmagazin.de\/vdn\/weltenburger-enge-im-morgendunst-von-ulrike-sobick\/"]}]},{"@type":"BreadcrumbList","@id":"https:\/\/www.naturparkmagazin.de\/vdn\/weltenburger-enge-im-morgendunst-von-ulrike-sobick\/#breadcrumb","itemListElement":[{"@type":"ListItem","position":1,"name":"Home","item":"https:\/\/www.naturparkmagazin.de\/vdn\/"},{"@type":"ListItem","position":2,"name":"&#8222;Weltenburger Enge im Morgendunst&#8220; von Ulrike Sobick"}]},{"@type":"WebSite","@id":"https:\/\/www.naturparkmagazin.de\/vdn\/#website","url":"https:\/\/www.naturparkmagazin.de\/vdn\/","name":"Verband Deutscher Naturparke","description":"Eine weitere Naturparkmagazin.de Netzwerk Seite","potentialAction":[{"@type":"SearchAction","target":{"@type":"EntryPoint","urlTemplate":"https:\/\/www.naturparkmagazin.de\/vdn\/?s={search_term_string}"},"query-input":"required name=search_term_string"}],"inLanguage":"de"},{"@type":"Person","@id":"https:\/\/www.naturparkmagazin.de\/vdn\/#\/schema\/person\/3cff9b8773ed55f0189255fa9adfd57c","name":"manuelamerz","url":"https:\/\/www.naturparkmagazin.de\/vdn\/author\/manuelamerz\/"}]}},"_links":{"self":[{"href":"https:\/\/www.naturparkmagazin.de\/vdn\/wp-json\/wp\/v2\/posts\/11644"}],"collection":[{"href":"https:\/\/www.naturparkmagazin.de\/vdn\/wp-json\/wp\/v2\/posts"}],"about":[{"href":"https:\/\/www.naturparkmagazin.de\/vdn\/wp-json\/wp\/v2\/types\/post"}],"author":[{"embeddable":true,"href":"https:\/\/www.naturparkmagazin.de\/vdn\/wp-json\/wp\/v2\/users\/73"}],"replies":[{"embeddable":true,"href":"https:\/\/www.naturparkmagazin.de\/vdn\/wp-json\/wp\/v2\/comments?post=11644"}],"version-history":[{"count":2,"href":"https:\/\/www.naturparkmagazin.de\/vdn\/wp-json\/wp\/v2\/posts\/11644\/revisions"}],"predecessor-version":[{"id":11648,"href":"https:\/\/www.naturparkmagazin.de\/vdn\/wp-json\/wp\/v2\/posts\/11644\/revisions\/11648"}],"wp:featuredmedia":[{"embeddable":true,"href":"https:\/\/www.naturparkmagazin.de\/vdn\/wp-json\/wp\/v2\/media\/11646"}],"wp:attachment":[{"href":"https:\/\/www.naturparkmagazin.de\/vdn\/wp-json\/wp\/v2\/media?parent=11644"}],"wp:term":[{"taxonomy":"category","embeddable":true,"href":"https:\/\/www.naturparkmagazin.de\/vdn\/wp-json\/wp\/v2\/categories?post=11644"},{"taxonomy":"post_tag","embeddable":true,"href":"https:\/\/www.naturparkmagazin.de\/vdn\/wp-json\/wp\/v2\/tags?post=11644"}],"curies":[{"name":"wp","href":"https:\/\/api.w.org\/{rel}","templated":true}]}}