{"id":11685,"date":"2019-08-18T17:59:20","date_gmt":"2019-08-18T15:59:20","guid":{"rendered":"https:\/\/www.naturparkmagazin.de\/vdn\/?p=11685"},"modified":"2019-10-22T12:22:36","modified_gmt":"2019-10-22T10:22:36","slug":"deutscher-naturpark-tag-2019","status":"publish","type":"post","link":"https:\/\/www.naturparkmagazin.de\/vdn\/deutscher-naturpark-tag-2019\/","title":{"rendered":"Deutscher Naturpark-Tag 2019"},"content":{"rendered":"<div id=\"attachment_11687\" style=\"width: 510px\" class=\"wp-caption alignnone\"><a href=\"https:\/\/www.naturparkmagazin.de\/vdn\/wp-content\/uploads\/sites\/3\/panorama-Turmblickb.jpg\"><img aria-describedby=\"caption-attachment-11687\" decoding=\"async\" loading=\"lazy\" class=\"size-full wp-image-11687\" src=\"https:\/\/www.naturparkmagazin.de\/vdn\/wp-content\/uploads\/sites\/3\/panorama-Turmblickb.jpg\" alt=\"Turmblick \u00a9 Naturpark Schw\u00e4bisch Fr\u00e4nkischer Wald\" width=\"500\" height=\"300\" srcset=\"https:\/\/www.naturparkmagazin.de\/vdn\/wp-content\/uploads\/sites\/3\/panorama-Turmblickb.jpg 500w, https:\/\/www.naturparkmagazin.de\/vdn\/wp-content\/uploads\/sites\/3\/panorama-Turmblickb-300x180.jpg 300w, https:\/\/www.naturparkmagazin.de\/vdn\/wp-content\/uploads\/sites\/3\/panorama-Turmblickb-200x120.jpg 200w\" sizes=\"(max-width: 500px) 100vw, 500px\" \/><\/a><p id=\"caption-attachment-11687\" class=\"wp-caption-text\">Turmblick \u00a9 Naturpark Schw\u00e4bisch Fr\u00e4nkischer Wald<\/p><\/div>\n<p>Der Deutsche Naturpark-Tag 2019 findet vom 19.-21. September 2019 im Naturpark Schw\u00e4bisch-Fr\u00e4nkischer Wald statt. Mehr als 80 Vertreter*innen aus 50 Naturparken in Deutschland tauschen sich dort \u00fcber aktuelle Themen und Projekte aus der Naturparkarbeit aus.<\/p>\n<p>Der Naturpark Schw\u00e4bisch-Fr\u00e4nkischer Wald feiert in diesem Jahr sein 40-j\u00e4hriges Jubil\u00e4um und l\u00e4dt am Er\u00f6ffnungsabend am Donnerstag, den 19. September, zu einer Feierstunde ins Kulinarium nach Fornsbach ein. Im Rahmen des Er\u00f6ffnungsabends findet auch die Auszeichnung von Naturparken im Rahmen der \u201eQualit\u00e4tsoffensive Naturparke\u201c statt. Und am 20. und 21. September werden die Naturpark-Vertreter*innen auf Exkursionen die Vielfalt des Naturparks Schw\u00e4bisch-Fr\u00e4nkischer Wald hautnah erleben k\u00f6nnen.<\/p>\n","protected":false},"excerpt":{"rendered":"<p>Vom 19.-21. September treffen sich Vertreter*innen aus 50 Naturparken Deutschlands im Naturpark Schw\u00e4bisch-Fr\u00e4nkischer Wald.<\/p>\n","protected":false},"author":73,"featured_media":11686,"comment_status":"open","ping_status":"open","sticky":false,"template":"","format":"standard","meta":{"_links_to":"","_links_to_target":""},"categories":[7],"tags":[1783,1784,643,645,1054],"yoast_head":"<!-- This site is optimized with the Yoast SEO plugin v19.10 - https:\/\/yoast.com\/wordpress\/plugins\/seo\/ -->\n<title>Deutscher Naturpark-Tag 2019<\/title>\n<meta name=\"description\" content=\"Vom 19.-21. September treffen sich Vertreter*innen aus 50 Naturparken Deutschlands im Naturpark Schw\u00e4bisch-Fr\u00e4nkischer Wald.\" \/>\n<meta name=\"robots\" content=\"index, follow, max-snippet:-1, max-image-preview:large, max-video-preview:-1\" \/>\n<link rel=\"canonical\" href=\"https:\/\/www.naturparkmagazin.de\/vdn\/deutscher-naturpark-tag-2019\/\" \/>\n<meta property=\"og:locale\" content=\"de_DE\" \/>\n<meta property=\"og:type\" content=\"article\" \/>\n<meta property=\"og:title\" content=\"Deutscher Naturpark-Tag 2019\" \/>\n<meta property=\"og:description\" content=\"Vom 19.-21. September treffen sich Vertreter*innen aus 50 Naturparken Deutschlands im Naturpark Schw\u00e4bisch-Fr\u00e4nkischer Wald.\" \/>\n<meta property=\"og:url\" content=\"https:\/\/www.naturparkmagazin.de\/vdn\/deutscher-naturpark-tag-2019\/\" \/>\n<meta property=\"og:site_name\" content=\"Verband Deutscher Naturparke\" \/>\n<meta property=\"article:published_time\" content=\"2019-08-18T15:59:20+00:00\" \/>\n<meta property=\"article:modified_time\" content=\"2019-10-22T10:22:36+00:00\" \/>\n<meta property=\"og:image\" content=\"https:\/\/www.naturparkmagazin.de\/vdn\/wp-content\/uploads\/sites\/3\/panorama-Turmblickbf.jpg\" \/>\n\t<meta property=\"og:image:width\" content=\"200\" \/>\n\t<meta property=\"og:image:height\" content=\"200\" \/>\n\t<meta property=\"og:image:type\" content=\"image\/jpeg\" \/>\n<meta name=\"author\" content=\"manuelamerz\" \/>\n<meta name=\"twitter:label1\" content=\"Verfasst von\" \/>\n\t<meta name=\"twitter:data1\" content=\"manuelamerz\" \/>\n\t<meta name=\"twitter:label2\" content=\"Gesch\u00e4tzte Lesezeit\" \/>\n\t<meta name=\"twitter:data2\" content=\"1\u00a0Minute\" \/>\n<script type=\"application\/ld+json\" class=\"yoast-schema-graph\">{\"@context\":\"https:\/\/schema.org\",\"@graph\":[{\"@type\":\"WebPage\",\"@id\":\"https:\/\/www.naturparkmagazin.de\/vdn\/deutscher-naturpark-tag-2019\/\",\"url\":\"https:\/\/www.naturparkmagazin.de\/vdn\/deutscher-naturpark-tag-2019\/\",\"name\":\"Deutscher Naturpark-Tag 2019\",\"isPartOf\":{\"@id\":\"https:\/\/www.naturparkmagazin.de\/vdn\/#website\"},\"datePublished\":\"2019-08-18T15:59:20+00:00\",\"dateModified\":\"2019-10-22T10:22:36+00:00\",\"author\":{\"@id\":\"https:\/\/www.naturparkmagazin.de\/vdn\/#\/schema\/person\/3cff9b8773ed55f0189255fa9adfd57c\"},\"description\":\"Vom 19.-21. September treffen sich Vertreter*innen aus 50 Naturparken Deutschlands im Naturpark Schw\u00e4bisch-Fr\u00e4nkischer Wald.\",\"breadcrumb\":{\"@id\":\"https:\/\/www.naturparkmagazin.de\/vdn\/deutscher-naturpark-tag-2019\/#breadcrumb\"},\"inLanguage\":\"de\",\"potentialAction\":[{\"@type\":\"ReadAction\",\"target\":[\"https:\/\/www.naturparkmagazin.de\/vdn\/deutscher-naturpark-tag-2019\/\"]}]},{\"@type\":\"BreadcrumbList\",\"@id\":\"https:\/\/www.naturparkmagazin.de\/vdn\/deutscher-naturpark-tag-2019\/#breadcrumb\",\"itemListElement\":[{\"@type\":\"ListItem\",\"position\":1,\"name\":\"Home\",\"item\":\"https:\/\/www.naturparkmagazin.de\/vdn\/\"},{\"@type\":\"ListItem\",\"position\":2,\"name\":\"Deutscher Naturpark-Tag 2019\"}]},{\"@type\":\"WebSite\",\"@id\":\"https:\/\/www.naturparkmagazin.de\/vdn\/#website\",\"url\":\"https:\/\/www.naturparkmagazin.de\/vdn\/\",\"name\":\"Verband Deutscher Naturparke\",\"description\":\"Eine weitere Naturparkmagazin.de Netzwerk Seite\",\"potentialAction\":[{\"@type\":\"SearchAction\",\"target\":{\"@type\":\"EntryPoint\",\"urlTemplate\":\"https:\/\/www.naturparkmagazin.de\/vdn\/?s={search_term_string}\"},\"query-input\":\"required name=search_term_string\"}],\"inLanguage\":\"de\"},{\"@type\":\"Person\",\"@id\":\"https:\/\/www.naturparkmagazin.de\/vdn\/#\/schema\/person\/3cff9b8773ed55f0189255fa9adfd57c\",\"name\":\"manuelamerz\",\"url\":\"https:\/\/www.naturparkmagazin.de\/vdn\/author\/manuelamerz\/\"}]}<\/script>\n<!-- \/ Yoast SEO plugin. -->","yoast_head_json":{"title":"Deutscher Naturpark-Tag 2019","description":"Vom 19.-21. September treffen sich Vertreter*innen aus 50 Naturparken Deutschlands im Naturpark Schw\u00e4bisch-Fr\u00e4nkischer Wald.","robots":{"index":"index","follow":"follow","max-snippet":"max-snippet:-1","max-image-preview":"max-image-preview:large","max-video-preview":"max-video-preview:-1"},"canonical":"https:\/\/www.naturparkmagazin.de\/vdn\/deutscher-naturpark-tag-2019\/","og_locale":"de_DE","og_type":"article","og_title":"Deutscher Naturpark-Tag 2019","og_description":"Vom 19.-21. September treffen sich Vertreter*innen aus 50 Naturparken Deutschlands im Naturpark Schw\u00e4bisch-Fr\u00e4nkischer Wald.","og_url":"https:\/\/www.naturparkmagazin.de\/vdn\/deutscher-naturpark-tag-2019\/","og_site_name":"Verband Deutscher Naturparke","article_published_time":"2019-08-18T15:59:20+00:00","article_modified_time":"2019-10-22T10:22:36+00:00","og_image":[{"width":200,"height":200,"url":"https:\/\/www.naturparkmagazin.de\/vdn\/wp-content\/uploads\/sites\/3\/panorama-Turmblickbf.jpg","type":"image\/jpeg"}],"author":"manuelamerz","twitter_misc":{"Verfasst von":"manuelamerz","Gesch\u00e4tzte Lesezeit":"1\u00a0Minute"},"schema":{"@context":"https:\/\/schema.org","@graph":[{"@type":"WebPage","@id":"https:\/\/www.naturparkmagazin.de\/vdn\/deutscher-naturpark-tag-2019\/","url":"https:\/\/www.naturparkmagazin.de\/vdn\/deutscher-naturpark-tag-2019\/","name":"Deutscher Naturpark-Tag 2019","isPartOf":{"@id":"https:\/\/www.naturparkmagazin.de\/vdn\/#website"},"datePublished":"2019-08-18T15:59:20+00:00","dateModified":"2019-10-22T10:22:36+00:00","author":{"@id":"https:\/\/www.naturparkmagazin.de\/vdn\/#\/schema\/person\/3cff9b8773ed55f0189255fa9adfd57c"},"description":"Vom 19.-21. September treffen sich Vertreter*innen aus 50 Naturparken Deutschlands im Naturpark Schw\u00e4bisch-Fr\u00e4nkischer Wald.","breadcrumb":{"@id":"https:\/\/www.naturparkmagazin.de\/vdn\/deutscher-naturpark-tag-2019\/#breadcrumb"},"inLanguage":"de","potentialAction":[{"@type":"ReadAction","target":["https:\/\/www.naturparkmagazin.de\/vdn\/deutscher-naturpark-tag-2019\/"]}]},{"@type":"BreadcrumbList","@id":"https:\/\/www.naturparkmagazin.de\/vdn\/deutscher-naturpark-tag-2019\/#breadcrumb","itemListElement":[{"@type":"ListItem","position":1,"name":"Home","item":"https:\/\/www.naturparkmagazin.de\/vdn\/"},{"@type":"ListItem","position":2,"name":"Deutscher Naturpark-Tag 2019"}]},{"@type":"WebSite","@id":"https:\/\/www.naturparkmagazin.de\/vdn\/#website","url":"https:\/\/www.naturparkmagazin.de\/vdn\/","name":"Verband Deutscher Naturparke","description":"Eine weitere Naturparkmagazin.de Netzwerk Seite","potentialAction":[{"@type":"SearchAction","target":{"@type":"EntryPoint","urlTemplate":"https:\/\/www.naturparkmagazin.de\/vdn\/?s={search_term_string}"},"query-input":"required name=search_term_string"}],"inLanguage":"de"},{"@type":"Person","@id":"https:\/\/www.naturparkmagazin.de\/vdn\/#\/schema\/person\/3cff9b8773ed55f0189255fa9adfd57c","name":"manuelamerz","url":"https:\/\/www.naturparkmagazin.de\/vdn\/author\/manuelamerz\/"}]}},"_links":{"self":[{"href":"https:\/\/www.naturparkmagazin.de\/vdn\/wp-json\/wp\/v2\/posts\/11685"}],"collection":[{"href":"https:\/\/www.naturparkmagazin.de\/vdn\/wp-json\/wp\/v2\/posts"}],"about":[{"href":"https:\/\/www.naturparkmagazin.de\/vdn\/wp-json\/wp\/v2\/types\/post"}],"author":[{"embeddable":true,"href":"https:\/\/www.naturparkmagazin.de\/vdn\/wp-json\/wp\/v2\/users\/73"}],"replies":[{"embeddable":true,"href":"https:\/\/www.naturparkmagazin.de\/vdn\/wp-json\/wp\/v2\/comments?post=11685"}],"version-history":[{"count":2,"href":"https:\/\/www.naturparkmagazin.de\/vdn\/wp-json\/wp\/v2\/posts\/11685\/revisions"}],"predecessor-version":[{"id":11722,"href":"https:\/\/www.naturparkmagazin.de\/vdn\/wp-json\/wp\/v2\/posts\/11685\/revisions\/11722"}],"wp:featuredmedia":[{"embeddable":true,"href":"https:\/\/www.naturparkmagazin.de\/vdn\/wp-json\/wp\/v2\/media\/11686"}],"wp:attachment":[{"href":"https:\/\/www.naturparkmagazin.de\/vdn\/wp-json\/wp\/v2\/media?parent=11685"}],"wp:term":[{"taxonomy":"category","embeddable":true,"href":"https:\/\/www.naturparkmagazin.de\/vdn\/wp-json\/wp\/v2\/categories?post=11685"},{"taxonomy":"post_tag","embeddable":true,"href":"https:\/\/www.naturparkmagazin.de\/vdn\/wp-json\/wp\/v2\/tags?post=11685"}],"curies":[{"name":"wp","href":"https:\/\/api.w.org\/{rel}","templated":true}]}}