{"id":11689,"date":"2019-08-18T17:34:31","date_gmt":"2019-08-18T15:34:31","guid":{"rendered":"https:\/\/www.naturparkmagazin.de\/vdn\/?p=11689"},"modified":"2019-10-22T12:22:55","modified_gmt":"2019-10-22T10:22:55","slug":"studie-naturparke-in-niedersachsen","status":"publish","type":"post","link":"https:\/\/www.naturparkmagazin.de\/vdn\/studie-naturparke-in-niedersachsen\/","title":{"rendered":"Studie \u201eNaturparke in Niedersachsen\u201c"},"content":{"rendered":"<p><a href=\"https:\/\/www.naturparkmagazin.de\/vdn\/wp-content\/uploads\/sites\/3\/Unbenanntb7.jpg\"><img decoding=\"async\" loading=\"lazy\" class=\"alignnone size-full wp-image-11690\" src=\"https:\/\/www.naturparkmagazin.de\/vdn\/wp-content\/uploads\/sites\/3\/Unbenanntb7.jpg\" alt=\"Unbenanntb\" width=\"300\" height=\"500\" srcset=\"https:\/\/www.naturparkmagazin.de\/vdn\/wp-content\/uploads\/sites\/3\/Unbenanntb7.jpg 300w, https:\/\/www.naturparkmagazin.de\/vdn\/wp-content\/uploads\/sites\/3\/Unbenanntb7-200x333.jpg 200w\" sizes=\"(max-width: 300px) 100vw, 300px\" \/><\/a><\/p>\n<p>Die im Auftrag des Nieders\u00e4chsischen Ministeriums f\u00fcr Umwelt, Energie, Bauen und Klimaschutz durchgef\u00fchrte Studie \u201eStrukturen, Leistungen und Perspektiven der Naturparke in Niedersachsen\u201c vermittelt einen \u00dcberblick \u00fcber die Strukturen, die Ausstattung, die aktuellen Aufgabenschwerpunkte und St\u00e4rken der 14 Naturparke in Niedersachsen. Dar\u00fcber hinaus werden die Handlungsprogramme vorgestellt, die diese Naturparke bis Ende 2024 bearbeiten wollen.<\/p>\n<p>Die Studie steht in der Infothek von <a href=\"http:\/\/www.naturparke.de\">www.naturparke.de<\/a> zum Download bereit.<\/p>\n","protected":false},"excerpt":{"rendered":"<p>Die Strukturen, Leistungen und Perspektiven der 14 Naturparke in Niedersachsen beleuchtet eine aktuell publizierte Studie des VDN.<\/p>\n","protected":false},"author":73,"featured_media":11691,"comment_status":"open","ping_status":"open","sticky":false,"template":"","format":"standard","meta":{"_links_to":"","_links_to_target":""},"categories":[7],"tags":[1785,1034,1090,3154,1245,1786,1054],"yoast_head":"<!-- This site is optimized with the Yoast SEO plugin v19.10 - https:\/\/yoast.com\/wordpress\/plugins\/seo\/ -->\n<title>Studie \u201eNaturparke in Niedersachsen\u201c<\/title>\n<meta name=\"description\" content=\"Die Strukturen, Leistungen und Perspektiven der 14 Naturparke in Niedersachsen beleuchtet eine aktuell publizierte Studie des VDN.\" \/>\n<meta name=\"robots\" content=\"index, follow, max-snippet:-1, max-image-preview:large, max-video-preview:-1\" \/>\n<link rel=\"canonical\" href=\"https:\/\/www.naturparkmagazin.de\/vdn\/studie-naturparke-in-niedersachsen\/\" \/>\n<meta property=\"og:locale\" content=\"de_DE\" \/>\n<meta property=\"og:type\" content=\"article\" \/>\n<meta property=\"og:title\" content=\"Studie \u201eNaturparke in Niedersachsen\u201c\" \/>\n<meta property=\"og:description\" content=\"Die Strukturen, Leistungen und Perspektiven der 14 Naturparke in Niedersachsen beleuchtet eine aktuell publizierte Studie des VDN.\" \/>\n<meta property=\"og:url\" content=\"https:\/\/www.naturparkmagazin.de\/vdn\/studie-naturparke-in-niedersachsen\/\" \/>\n<meta property=\"og:site_name\" content=\"Verband Deutscher Naturparke\" \/>\n<meta property=\"article:published_time\" content=\"2019-08-18T15:34:31+00:00\" \/>\n<meta property=\"article:modified_time\" content=\"2019-10-22T10:22:55+00:00\" \/>\n<meta property=\"og:image\" content=\"https:\/\/www.naturparkmagazin.de\/vdn\/wp-content\/uploads\/sites\/3\/Titelbf.jpg\" \/>\n\t<meta property=\"og:image:width\" content=\"200\" \/>\n\t<meta property=\"og:image:height\" content=\"200\" \/>\n\t<meta property=\"og:image:type\" content=\"image\/jpeg\" \/>\n<meta name=\"author\" content=\"manuelamerz\" \/>\n<meta name=\"twitter:label1\" content=\"Verfasst von\" \/>\n\t<meta name=\"twitter:data1\" content=\"manuelamerz\" \/>\n<script type=\"application\/ld+json\" class=\"yoast-schema-graph\">{\"@context\":\"https:\/\/schema.org\",\"@graph\":[{\"@type\":\"WebPage\",\"@id\":\"https:\/\/www.naturparkmagazin.de\/vdn\/studie-naturparke-in-niedersachsen\/\",\"url\":\"https:\/\/www.naturparkmagazin.de\/vdn\/studie-naturparke-in-niedersachsen\/\",\"name\":\"Studie \u201eNaturparke in Niedersachsen\u201c\",\"isPartOf\":{\"@id\":\"https:\/\/www.naturparkmagazin.de\/vdn\/#website\"},\"datePublished\":\"2019-08-18T15:34:31+00:00\",\"dateModified\":\"2019-10-22T10:22:55+00:00\",\"author\":{\"@id\":\"https:\/\/www.naturparkmagazin.de\/vdn\/#\/schema\/person\/3cff9b8773ed55f0189255fa9adfd57c\"},\"description\":\"Die Strukturen, Leistungen und Perspektiven der 14 Naturparke in Niedersachsen beleuchtet eine aktuell publizierte Studie des VDN.\",\"breadcrumb\":{\"@id\":\"https:\/\/www.naturparkmagazin.de\/vdn\/studie-naturparke-in-niedersachsen\/#breadcrumb\"},\"inLanguage\":\"de\",\"potentialAction\":[{\"@type\":\"ReadAction\",\"target\":[\"https:\/\/www.naturparkmagazin.de\/vdn\/studie-naturparke-in-niedersachsen\/\"]}]},{\"@type\":\"BreadcrumbList\",\"@id\":\"https:\/\/www.naturparkmagazin.de\/vdn\/studie-naturparke-in-niedersachsen\/#breadcrumb\",\"itemListElement\":[{\"@type\":\"ListItem\",\"position\":1,\"name\":\"Home\",\"item\":\"https:\/\/www.naturparkmagazin.de\/vdn\/\"},{\"@type\":\"ListItem\",\"position\":2,\"name\":\"Studie \u201eNaturparke in Niedersachsen\u201c\"}]},{\"@type\":\"WebSite\",\"@id\":\"https:\/\/www.naturparkmagazin.de\/vdn\/#website\",\"url\":\"https:\/\/www.naturparkmagazin.de\/vdn\/\",\"name\":\"Verband Deutscher Naturparke\",\"description\":\"Eine weitere Naturparkmagazin.de Netzwerk Seite\",\"potentialAction\":[{\"@type\":\"SearchAction\",\"target\":{\"@type\":\"EntryPoint\",\"urlTemplate\":\"https:\/\/www.naturparkmagazin.de\/vdn\/?s={search_term_string}\"},\"query-input\":\"required name=search_term_string\"}],\"inLanguage\":\"de\"},{\"@type\":\"Person\",\"@id\":\"https:\/\/www.naturparkmagazin.de\/vdn\/#\/schema\/person\/3cff9b8773ed55f0189255fa9adfd57c\",\"name\":\"manuelamerz\",\"url\":\"https:\/\/www.naturparkmagazin.de\/vdn\/author\/manuelamerz\/\"}]}<\/script>\n<!-- \/ Yoast SEO plugin. -->","yoast_head_json":{"title":"Studie \u201eNaturparke in Niedersachsen\u201c","description":"Die Strukturen, Leistungen und Perspektiven der 14 Naturparke in Niedersachsen beleuchtet eine aktuell publizierte Studie des VDN.","robots":{"index":"index","follow":"follow","max-snippet":"max-snippet:-1","max-image-preview":"max-image-preview:large","max-video-preview":"max-video-preview:-1"},"canonical":"https:\/\/www.naturparkmagazin.de\/vdn\/studie-naturparke-in-niedersachsen\/","og_locale":"de_DE","og_type":"article","og_title":"Studie \u201eNaturparke in Niedersachsen\u201c","og_description":"Die Strukturen, Leistungen und Perspektiven der 14 Naturparke in Niedersachsen beleuchtet eine aktuell publizierte Studie des VDN.","og_url":"https:\/\/www.naturparkmagazin.de\/vdn\/studie-naturparke-in-niedersachsen\/","og_site_name":"Verband Deutscher Naturparke","article_published_time":"2019-08-18T15:34:31+00:00","article_modified_time":"2019-10-22T10:22:55+00:00","og_image":[{"width":200,"height":200,"url":"https:\/\/www.naturparkmagazin.de\/vdn\/wp-content\/uploads\/sites\/3\/Titelbf.jpg","type":"image\/jpeg"}],"author":"manuelamerz","twitter_misc":{"Verfasst von":"manuelamerz"},"schema":{"@context":"https:\/\/schema.org","@graph":[{"@type":"WebPage","@id":"https:\/\/www.naturparkmagazin.de\/vdn\/studie-naturparke-in-niedersachsen\/","url":"https:\/\/www.naturparkmagazin.de\/vdn\/studie-naturparke-in-niedersachsen\/","name":"Studie \u201eNaturparke in Niedersachsen\u201c","isPartOf":{"@id":"https:\/\/www.naturparkmagazin.de\/vdn\/#website"},"datePublished":"2019-08-18T15:34:31+00:00","dateModified":"2019-10-22T10:22:55+00:00","author":{"@id":"https:\/\/www.naturparkmagazin.de\/vdn\/#\/schema\/person\/3cff9b8773ed55f0189255fa9adfd57c"},"description":"Die Strukturen, Leistungen und Perspektiven der 14 Naturparke in Niedersachsen beleuchtet eine aktuell publizierte Studie des VDN.","breadcrumb":{"@id":"https:\/\/www.naturparkmagazin.de\/vdn\/studie-naturparke-in-niedersachsen\/#breadcrumb"},"inLanguage":"de","potentialAction":[{"@type":"ReadAction","target":["https:\/\/www.naturparkmagazin.de\/vdn\/studie-naturparke-in-niedersachsen\/"]}]},{"@type":"BreadcrumbList","@id":"https:\/\/www.naturparkmagazin.de\/vdn\/studie-naturparke-in-niedersachsen\/#breadcrumb","itemListElement":[{"@type":"ListItem","position":1,"name":"Home","item":"https:\/\/www.naturparkmagazin.de\/vdn\/"},{"@type":"ListItem","position":2,"name":"Studie \u201eNaturparke in Niedersachsen\u201c"}]},{"@type":"WebSite","@id":"https:\/\/www.naturparkmagazin.de\/vdn\/#website","url":"https:\/\/www.naturparkmagazin.de\/vdn\/","name":"Verband Deutscher Naturparke","description":"Eine weitere Naturparkmagazin.de Netzwerk Seite","potentialAction":[{"@type":"SearchAction","target":{"@type":"EntryPoint","urlTemplate":"https:\/\/www.naturparkmagazin.de\/vdn\/?s={search_term_string}"},"query-input":"required name=search_term_string"}],"inLanguage":"de"},{"@type":"Person","@id":"https:\/\/www.naturparkmagazin.de\/vdn\/#\/schema\/person\/3cff9b8773ed55f0189255fa9adfd57c","name":"manuelamerz","url":"https:\/\/www.naturparkmagazin.de\/vdn\/author\/manuelamerz\/"}]}},"_links":{"self":[{"href":"https:\/\/www.naturparkmagazin.de\/vdn\/wp-json\/wp\/v2\/posts\/11689"}],"collection":[{"href":"https:\/\/www.naturparkmagazin.de\/vdn\/wp-json\/wp\/v2\/posts"}],"about":[{"href":"https:\/\/www.naturparkmagazin.de\/vdn\/wp-json\/wp\/v2\/types\/post"}],"author":[{"embeddable":true,"href":"https:\/\/www.naturparkmagazin.de\/vdn\/wp-json\/wp\/v2\/users\/73"}],"replies":[{"embeddable":true,"href":"https:\/\/www.naturparkmagazin.de\/vdn\/wp-json\/wp\/v2\/comments?post=11689"}],"version-history":[{"count":1,"href":"https:\/\/www.naturparkmagazin.de\/vdn\/wp-json\/wp\/v2\/posts\/11689\/revisions"}],"predecessor-version":[{"id":11692,"href":"https:\/\/www.naturparkmagazin.de\/vdn\/wp-json\/wp\/v2\/posts\/11689\/revisions\/11692"}],"wp:featuredmedia":[{"embeddable":true,"href":"https:\/\/www.naturparkmagazin.de\/vdn\/wp-json\/wp\/v2\/media\/11691"}],"wp:attachment":[{"href":"https:\/\/www.naturparkmagazin.de\/vdn\/wp-json\/wp\/v2\/media?parent=11689"}],"wp:term":[{"taxonomy":"category","embeddable":true,"href":"https:\/\/www.naturparkmagazin.de\/vdn\/wp-json\/wp\/v2\/categories?post=11689"},{"taxonomy":"post_tag","embeddable":true,"href":"https:\/\/www.naturparkmagazin.de\/vdn\/wp-json\/wp\/v2\/tags?post=11689"}],"curies":[{"name":"wp","href":"https:\/\/api.w.org\/{rel}","templated":true}]}}