{"id":11699,"date":"2019-08-18T17:10:31","date_gmt":"2019-08-18T15:10:31","guid":{"rendered":"https:\/\/www.naturparkmagazin.de\/vdn\/?p=11699"},"modified":"2019-10-22T12:43:18","modified_gmt":"2019-10-22T10:43:18","slug":"regiomontanus-alias-johannes-mueller-1436-1476","status":"publish","type":"post","link":"https:\/\/www.naturparkmagazin.de\/vdn\/regiomontanus-alias-johannes-mueller-1436-1476\/","title":{"rendered":"Regiomontanus alias Johann(es) M\u00fcller (1436-1476)"},"content":{"rendered":"<div id=\"attachment_11700\" style=\"width: 310px\" class=\"wp-caption alignnone\"><a href=\"https:\/\/www.naturparkmagazin.de\/vdn\/wp-content\/uploads\/sites\/3\/regiomontanus_368b.jpg\"><img aria-describedby=\"caption-attachment-11700\" decoding=\"async\" loading=\"lazy\" class=\"size-full wp-image-11700\" src=\"https:\/\/www.naturparkmagazin.de\/vdn\/wp-content\/uploads\/sites\/3\/regiomontanus_368b.jpg\" alt=\"Regiomontanus\" width=\"300\" height=\"500\" srcset=\"https:\/\/www.naturparkmagazin.de\/vdn\/wp-content\/uploads\/sites\/3\/regiomontanus_368b.jpg 300w, https:\/\/www.naturparkmagazin.de\/vdn\/wp-content\/uploads\/sites\/3\/regiomontanus_368b-200x333.jpg 200w\" sizes=\"(max-width: 300px) 100vw, 300px\" \/><\/a><p id=\"caption-attachment-11700\" class=\"wp-caption-text\">Regiomontanus<\/p><\/div>\n<p>Regiomontanus bedeutet \u201eder K\u00f6nigsberger\u201c, was latinisiert wurde und ihm seinen heute so bekannten Namen verschafft.<\/p>\n<p>Er verbesserte die Algebra, f\u00fchrte die arabischen Zahlzeichen ein und perfektionierte das Dezimalsystem. Die Trigonometrie, die bis zu Regiomontanus Zeit eher unbedeutend war, machte er zu einem wichtigen wissenschaftlichen Thema und f\u00fchrte den Gebrauch der Tangenten ein. Regiomontanus erfand astronomische Instrumente und Ephemeriden \u2013 Tabellen, die die Positionen von sich bewegenden Himmelsk\u00f6rpern auflisten. Diese Errungenschaften waren wichtige Hilfsmittel f\u00fcr die Seefahrt. Als Astronom schaffte er sich somit einen weltweit anerkannten Ruf, vergleichbar mit Ptolem\u00e4us, Kopernikus und Galilei. Er schuf somit auch die Voraussetzung zu unserem heutigen Weltbild.<\/p>\n<p>Sehr fr\u00fch erkannten die Eltern die Begabung ihres Sohnes. Mit nur 12 Jahren durfte der Junge aus den Ha\u00dfbergen in Leipzig sein Studium beginnen. Somit war es nicht verwunderlich, dass er bereits mit 21 Jahren sein Wissen an der Wiener Universit\u00e4t weitergegeben hat. Nach einigen Jahren zog es ihn bereits weiter. So lebte er ab 1461 in Italien und forschte dort sehr erfolgreich. 1468 kam er an den Hofe des K\u00f6nigs von Ungarn, wo ihn der Erzbischof von Gran mit der Erstellung astronomischer Tafeln beauftragte. 1471 zog er im Auftrag von K\u00f6nig Matthias nach <a href=\"https:\/\/de.wikipedia.org\/wiki\/N%C3%BCrnberg\">N\u00fcrnberg<\/a>, um dort die Tafeln der Planetenbewegungen noch weiter zu verbessern. Dort baute sich der Mathematiker und Astronom in N\u00fcrnberg etwas Beachtliches auf: Er gr\u00fcndete die erste Sternwarte und besa\u00df eine eigene Druckerei, mit deren Hilfe er es schaffte, seine Werke sehr gut zu verbreiten. So erfuhr auch Papst Sixtus IV. von ihm und lies ihn zur Kalenderreform 1475 zur\u00fcck nach Italien kommen. Am 6. Juli 1476 starb er mit nur 40 Jahren in Rom.<\/p>\n<p>Sein richtiger Name Johannes M\u00fcller ist heute kaum jemandem Bekannt. Der Begriff Regiomontanus ist hingegen allgegenwertig. Zahlreiche Schulen in den Ha\u00dfbergen sind nach ihm benannt und Stra\u00dfen tragen seinen Namen. Wer mehr \u00fcber das Leben und die Werke vom \u201eK\u00f6nigsberger\u201c wissen m\u00f6chte kann sich gerne das Geburtshaus und die Ausstellung im inneren in K\u00f6nigsberg anschauen und sich <a href=\"https:\/\/www.koenigsberg.de\/regiomontanus\/leben-des-regiomontanus\" target=\"_blank\">hier <\/a>genauer informieren.<\/p>\n<p><a href=\"https:\/\/www.naturparkmagazin.de\/vdn\/wp-content\/uploads\/sites\/3\/1280px-Regiomontanus-Koenigsbergb.jpg\"><img decoding=\"async\" loading=\"lazy\" class=\"alignnone size-medium wp-image-11702\" src=\"https:\/\/www.naturparkmagazin.de\/vdn\/wp-content\/uploads\/sites\/3\/1280px-Regiomontanus-Koenigsbergb.jpg\" alt=\"1280px-Regiomontanus-Koenigsbergb\" width=\"500\" height=\"300\" srcset=\"https:\/\/www.naturparkmagazin.de\/vdn\/wp-content\/uploads\/sites\/3\/1280px-Regiomontanus-Koenigsbergb.jpg 500w, https:\/\/www.naturparkmagazin.de\/vdn\/wp-content\/uploads\/sites\/3\/1280px-Regiomontanus-Koenigsbergb-300x180.jpg 300w, https:\/\/www.naturparkmagazin.de\/vdn\/wp-content\/uploads\/sites\/3\/1280px-Regiomontanus-Koenigsbergb-200x120.jpg 200w\" sizes=\"(max-width: 500px) 100vw, 500px\" \/><\/a><\/p>\n<p>&nbsp;<\/p>\n<p>&nbsp;<\/p>\n<p>&nbsp;<\/p>\n","protected":false},"excerpt":{"rendered":"<p>Als Astronom schaffte er sich einen weltweit anerkannten Ruf, vergleichbar mit Ptolem\u00e4us, Kopernikus und Galilei. Er schuf somit auch die Voraussetzung zu unserem heutigen Weltbild.<\/p>\n","protected":false},"author":73,"featured_media":11701,"comment_status":"open","ping_status":"open","sticky":false,"template":"","format":"standard","meta":{"_links_to":"","_links_to_target":""},"categories":[8],"tags":[1794,1193,1795,1793,1762,1792],"yoast_head":"<!-- This site is optimized with the Yoast SEO plugin v19.10 - https:\/\/yoast.com\/wordpress\/plugins\/seo\/ -->\n<title>Regiomontanus alias Johann(es) M\u00fcller (1436-1476)<\/title>\n<meta name=\"description\" content=\"Als Astronom schaffte er sich einen weltweit anerkannten Ruf, vergleichbar mit Ptolem\u00e4us, Kopernikus und Galilei. Er schuf somit auch die Voraussetzung zu unserem heutigen Weltbild.\" \/>\n<meta name=\"robots\" content=\"index, follow, max-snippet:-1, max-image-preview:large, max-video-preview:-1\" \/>\n<link rel=\"canonical\" href=\"https:\/\/www.naturparkmagazin.de\/vdn\/regiomontanus-alias-johannes-mueller-1436-1476\/\" \/>\n<meta property=\"og:locale\" content=\"de_DE\" \/>\n<meta property=\"og:type\" content=\"article\" \/>\n<meta property=\"og:title\" content=\"Regiomontanus alias Johann(es) M\u00fcller (1436-1476)\" \/>\n<meta property=\"og:description\" content=\"Als Astronom schaffte er sich einen weltweit anerkannten Ruf, vergleichbar mit Ptolem\u00e4us, Kopernikus und Galilei. Er schuf somit auch die Voraussetzung zu unserem heutigen Weltbild.\" \/>\n<meta property=\"og:url\" content=\"https:\/\/www.naturparkmagazin.de\/vdn\/regiomontanus-alias-johannes-mueller-1436-1476\/\" \/>\n<meta property=\"og:site_name\" content=\"Verband Deutscher Naturparke\" \/>\n<meta property=\"article:published_time\" content=\"2019-08-18T15:10:31+00:00\" \/>\n<meta property=\"article:modified_time\" content=\"2019-10-22T10:43:18+00:00\" \/>\n<meta property=\"og:image\" content=\"https:\/\/www.naturparkmagazin.de\/vdn\/wp-content\/uploads\/sites\/3\/regiomontanus_368bf.jpg\" \/>\n\t<meta property=\"og:image:width\" content=\"200\" \/>\n\t<meta property=\"og:image:height\" content=\"200\" \/>\n\t<meta property=\"og:image:type\" content=\"image\/jpeg\" \/>\n<meta name=\"author\" content=\"manuelamerz\" \/>\n<meta name=\"twitter:label1\" content=\"Verfasst von\" \/>\n\t<meta name=\"twitter:data1\" content=\"manuelamerz\" \/>\n\t<meta name=\"twitter:label2\" content=\"Gesch\u00e4tzte Lesezeit\" \/>\n\t<meta name=\"twitter:data2\" content=\"2\u00a0Minuten\" \/>\n<script type=\"application\/ld+json\" class=\"yoast-schema-graph\">{\"@context\":\"https:\/\/schema.org\",\"@graph\":[{\"@type\":\"WebPage\",\"@id\":\"https:\/\/www.naturparkmagazin.de\/vdn\/regiomontanus-alias-johannes-mueller-1436-1476\/\",\"url\":\"https:\/\/www.naturparkmagazin.de\/vdn\/regiomontanus-alias-johannes-mueller-1436-1476\/\",\"name\":\"Regiomontanus alias Johann(es) M\u00fcller (1436-1476)\",\"isPartOf\":{\"@id\":\"https:\/\/www.naturparkmagazin.de\/vdn\/#website\"},\"datePublished\":\"2019-08-18T15:10:31+00:00\",\"dateModified\":\"2019-10-22T10:43:18+00:00\",\"author\":{\"@id\":\"https:\/\/www.naturparkmagazin.de\/vdn\/#\/schema\/person\/3cff9b8773ed55f0189255fa9adfd57c\"},\"description\":\"Als Astronom schaffte er sich einen weltweit anerkannten Ruf, vergleichbar mit Ptolem\u00e4us, Kopernikus und Galilei. Er schuf somit auch die Voraussetzung zu unserem heutigen Weltbild.\",\"breadcrumb\":{\"@id\":\"https:\/\/www.naturparkmagazin.de\/vdn\/regiomontanus-alias-johannes-mueller-1436-1476\/#breadcrumb\"},\"inLanguage\":\"de\",\"potentialAction\":[{\"@type\":\"ReadAction\",\"target\":[\"https:\/\/www.naturparkmagazin.de\/vdn\/regiomontanus-alias-johannes-mueller-1436-1476\/\"]}]},{\"@type\":\"BreadcrumbList\",\"@id\":\"https:\/\/www.naturparkmagazin.de\/vdn\/regiomontanus-alias-johannes-mueller-1436-1476\/#breadcrumb\",\"itemListElement\":[{\"@type\":\"ListItem\",\"position\":1,\"name\":\"Home\",\"item\":\"https:\/\/www.naturparkmagazin.de\/vdn\/\"},{\"@type\":\"ListItem\",\"position\":2,\"name\":\"Regiomontanus alias Johann(es) M\u00fcller (1436-1476)\"}]},{\"@type\":\"WebSite\",\"@id\":\"https:\/\/www.naturparkmagazin.de\/vdn\/#website\",\"url\":\"https:\/\/www.naturparkmagazin.de\/vdn\/\",\"name\":\"Verband Deutscher Naturparke\",\"description\":\"Eine weitere Naturparkmagazin.de Netzwerk Seite\",\"potentialAction\":[{\"@type\":\"SearchAction\",\"target\":{\"@type\":\"EntryPoint\",\"urlTemplate\":\"https:\/\/www.naturparkmagazin.de\/vdn\/?s={search_term_string}\"},\"query-input\":\"required name=search_term_string\"}],\"inLanguage\":\"de\"},{\"@type\":\"Person\",\"@id\":\"https:\/\/www.naturparkmagazin.de\/vdn\/#\/schema\/person\/3cff9b8773ed55f0189255fa9adfd57c\",\"name\":\"manuelamerz\",\"url\":\"https:\/\/www.naturparkmagazin.de\/vdn\/author\/manuelamerz\/\"}]}<\/script>\n<!-- \/ Yoast SEO plugin. -->","yoast_head_json":{"title":"Regiomontanus alias Johann(es) M\u00fcller (1436-1476)","description":"Als Astronom schaffte er sich einen weltweit anerkannten Ruf, vergleichbar mit Ptolem\u00e4us, Kopernikus und Galilei. Er schuf somit auch die Voraussetzung zu unserem heutigen Weltbild.","robots":{"index":"index","follow":"follow","max-snippet":"max-snippet:-1","max-image-preview":"max-image-preview:large","max-video-preview":"max-video-preview:-1"},"canonical":"https:\/\/www.naturparkmagazin.de\/vdn\/regiomontanus-alias-johannes-mueller-1436-1476\/","og_locale":"de_DE","og_type":"article","og_title":"Regiomontanus alias Johann(es) M\u00fcller (1436-1476)","og_description":"Als Astronom schaffte er sich einen weltweit anerkannten Ruf, vergleichbar mit Ptolem\u00e4us, Kopernikus und Galilei. Er schuf somit auch die Voraussetzung zu unserem heutigen Weltbild.","og_url":"https:\/\/www.naturparkmagazin.de\/vdn\/regiomontanus-alias-johannes-mueller-1436-1476\/","og_site_name":"Verband Deutscher Naturparke","article_published_time":"2019-08-18T15:10:31+00:00","article_modified_time":"2019-10-22T10:43:18+00:00","og_image":[{"width":200,"height":200,"url":"https:\/\/www.naturparkmagazin.de\/vdn\/wp-content\/uploads\/sites\/3\/regiomontanus_368bf.jpg","type":"image\/jpeg"}],"author":"manuelamerz","twitter_misc":{"Verfasst von":"manuelamerz","Gesch\u00e4tzte Lesezeit":"2\u00a0Minuten"},"schema":{"@context":"https:\/\/schema.org","@graph":[{"@type":"WebPage","@id":"https:\/\/www.naturparkmagazin.de\/vdn\/regiomontanus-alias-johannes-mueller-1436-1476\/","url":"https:\/\/www.naturparkmagazin.de\/vdn\/regiomontanus-alias-johannes-mueller-1436-1476\/","name":"Regiomontanus alias Johann(es) M\u00fcller (1436-1476)","isPartOf":{"@id":"https:\/\/www.naturparkmagazin.de\/vdn\/#website"},"datePublished":"2019-08-18T15:10:31+00:00","dateModified":"2019-10-22T10:43:18+00:00","author":{"@id":"https:\/\/www.naturparkmagazin.de\/vdn\/#\/schema\/person\/3cff9b8773ed55f0189255fa9adfd57c"},"description":"Als Astronom schaffte er sich einen weltweit anerkannten Ruf, vergleichbar mit Ptolem\u00e4us, Kopernikus und Galilei. Er schuf somit auch die Voraussetzung zu unserem heutigen Weltbild.","breadcrumb":{"@id":"https:\/\/www.naturparkmagazin.de\/vdn\/regiomontanus-alias-johannes-mueller-1436-1476\/#breadcrumb"},"inLanguage":"de","potentialAction":[{"@type":"ReadAction","target":["https:\/\/www.naturparkmagazin.de\/vdn\/regiomontanus-alias-johannes-mueller-1436-1476\/"]}]},{"@type":"BreadcrumbList","@id":"https:\/\/www.naturparkmagazin.de\/vdn\/regiomontanus-alias-johannes-mueller-1436-1476\/#breadcrumb","itemListElement":[{"@type":"ListItem","position":1,"name":"Home","item":"https:\/\/www.naturparkmagazin.de\/vdn\/"},{"@type":"ListItem","position":2,"name":"Regiomontanus alias Johann(es) M\u00fcller (1436-1476)"}]},{"@type":"WebSite","@id":"https:\/\/www.naturparkmagazin.de\/vdn\/#website","url":"https:\/\/www.naturparkmagazin.de\/vdn\/","name":"Verband Deutscher Naturparke","description":"Eine weitere Naturparkmagazin.de Netzwerk Seite","potentialAction":[{"@type":"SearchAction","target":{"@type":"EntryPoint","urlTemplate":"https:\/\/www.naturparkmagazin.de\/vdn\/?s={search_term_string}"},"query-input":"required name=search_term_string"}],"inLanguage":"de"},{"@type":"Person","@id":"https:\/\/www.naturparkmagazin.de\/vdn\/#\/schema\/person\/3cff9b8773ed55f0189255fa9adfd57c","name":"manuelamerz","url":"https:\/\/www.naturparkmagazin.de\/vdn\/author\/manuelamerz\/"}]}},"_links":{"self":[{"href":"https:\/\/www.naturparkmagazin.de\/vdn\/wp-json\/wp\/v2\/posts\/11699"}],"collection":[{"href":"https:\/\/www.naturparkmagazin.de\/vdn\/wp-json\/wp\/v2\/posts"}],"about":[{"href":"https:\/\/www.naturparkmagazin.de\/vdn\/wp-json\/wp\/v2\/types\/post"}],"author":[{"embeddable":true,"href":"https:\/\/www.naturparkmagazin.de\/vdn\/wp-json\/wp\/v2\/users\/73"}],"replies":[{"embeddable":true,"href":"https:\/\/www.naturparkmagazin.de\/vdn\/wp-json\/wp\/v2\/comments?post=11699"}],"version-history":[{"count":3,"href":"https:\/\/www.naturparkmagazin.de\/vdn\/wp-json\/wp\/v2\/posts\/11699\/revisions"}],"predecessor-version":[{"id":11720,"href":"https:\/\/www.naturparkmagazin.de\/vdn\/wp-json\/wp\/v2\/posts\/11699\/revisions\/11720"}],"wp:featuredmedia":[{"embeddable":true,"href":"https:\/\/www.naturparkmagazin.de\/vdn\/wp-json\/wp\/v2\/media\/11701"}],"wp:attachment":[{"href":"https:\/\/www.naturparkmagazin.de\/vdn\/wp-json\/wp\/v2\/media?parent=11699"}],"wp:term":[{"taxonomy":"category","embeddable":true,"href":"https:\/\/www.naturparkmagazin.de\/vdn\/wp-json\/wp\/v2\/categories?post=11699"},{"taxonomy":"post_tag","embeddable":true,"href":"https:\/\/www.naturparkmagazin.de\/vdn\/wp-json\/wp\/v2\/tags?post=11699"}],"curies":[{"name":"wp","href":"https:\/\/api.w.org\/{rel}","templated":true}]}}