{"id":11704,"date":"2019-08-18T17:43:12","date_gmt":"2019-08-18T15:43:12","guid":{"rendered":"https:\/\/www.naturparkmagazin.de\/vdn\/?p=11704"},"modified":"2019-10-22T12:44:57","modified_gmt":"2019-10-22T10:44:57","slug":"zwetschgenplootz-pflaumenkuchen","status":"publish","type":"post","link":"https:\/\/www.naturparkmagazin.de\/vdn\/zwetschgenplootz-pflaumenkuchen\/","title":{"rendered":"Zwetschgenplootz Pflaumenkuchen"},"content":{"rendered":"<div id=\"attachment_11715\" style=\"width: 510px\" class=\"wp-caption alignnone\"><a href=\"https:\/\/www.naturparkmagazin.de\/vdn\/wp-content\/uploads\/sites\/3\/cake-915609_640b.jpg\"><img aria-describedby=\"caption-attachment-11715\" decoding=\"async\" loading=\"lazy\" class=\"size-full wp-image-11715\" src=\"https:\/\/www.naturparkmagazin.de\/vdn\/wp-content\/uploads\/sites\/3\/cake-915609_640b.jpg\" alt=\"Kerstin Riemer Pixabay\" width=\"500\" height=\"300\" srcset=\"https:\/\/www.naturparkmagazin.de\/vdn\/wp-content\/uploads\/sites\/3\/cake-915609_640b.jpg 500w, https:\/\/www.naturparkmagazin.de\/vdn\/wp-content\/uploads\/sites\/3\/cake-915609_640b-300x180.jpg 300w, https:\/\/www.naturparkmagazin.de\/vdn\/wp-content\/uploads\/sites\/3\/cake-915609_640b-200x120.jpg 200w\" sizes=\"(max-width: 500px) 100vw, 500px\" \/><\/a><p id=\"caption-attachment-11715\" class=\"wp-caption-text\">Kerstin Riemer Pixabay<\/p><\/div>\n<p><span class=\"st\">L\u00e4uft Ihnen bereits beim Gedanken an ein gutes St\u00fcck\u00a0Pflaumenkuchen das Wasser im Munde zusammen? Dann freuen Sie sich auf das folgende Rezept!\n<\/span><\/p>\n<p><strong>Zutaten:<\/strong>\nHefeteig:\n350g Mehl\n1 Hefew\u00fcrfel\n125 ml lauwarme Milch\n1 Prise Salz\n50 g Zucker\n50 g weiche Butter\n1 Ei\nabgeriebene Schale einer Zitrone<\/p>\n<p>Belag:\n2 kg fr\u00e4nkische Hauszwetschgen<\/p>\n<p>Streusel:\n150 g Mehl\n75 g kalte Butter\n75 g Vanillezucker\n1 TL Zimt<\/p>\n<p><strong>Zubereitung:<\/strong>\nHefeteig:\nHefe mit 2 EL Zucker und 50 ml lauwarmer Milch ansetzen und g\u00e4ren lassen.<\/p>\n<p>Mehl, Hefeansatz und restliche Zutaten f\u00fcr den Teig in eine Sch\u00fcssel geben und verr\u00fchren, bis sich der Teig von der Sch\u00fcssel l\u00f6st.<\/p>\n<p>Dann abgedeckt an einem warmen Ort stellen, bis sich der Teig verdoppelt hat. Den Teig nochmals kr\u00e4ftig durchkneten und auf einer bemehlten Arbeitsplatte auf Backblechgr\u00f6\u00dfe ausrollen.<\/p>\n<p>Das Backblech mit Backpapier und anschlie\u00dfend dem Teig belegen. Jetzt den Teig mit einer Gabel auf der kompletten Fl\u00e4che anstechen und nochmals ruhen lassen.<\/p>\n<p>Belag:<\/p>\n<p>Die Zwetschgen waschen, entsteinen und mit den halbierten Fr\u00fcchten den Teig belegen.<\/p>\n<p>Jetzt die Streusel herstellen. Dazu alle Zutaten in eine Sch\u00fcssel geben und mit den H\u00e4nden vermischen, bis Kr\u00fcmel entstehen.<\/p>\n<p>Wenn der Teig nicht kr\u00fcmelig wird, den Streuselteig nochmal im K\u00fchlschrank kalt werden lassen. Anschlie\u00dfend den Teig nochmals verkneten und \u00fcber die Zwetschgen streuen.<\/p>\n<p>Backofen auf 200 \u00b0C vorheizen und ca. 35 Minuten backen.<\/p>\n<p>&nbsp;<\/p>\n","protected":false},"excerpt":{"rendered":"<p>Wenn Anfang September auf den Streuobstwiesen die fr\u00e4nkischen Zwetschgen reifen, ist es wieder so weit, das der Plootz, wie der flache, mit Obst belegte Kuchen in Franken genannt wird, in den Ofen geschoben werden kann. Die Zwetschgen, eine Unterart der Pflaumen, sind in ganz Franken eine gefragte s\u00fc\u00dfe Frucht. Sie lieben die W\u00e4rme des Maintals und reifen in der fr\u00e4nkischen Sonne zu wunderbaren lila Steinfr\u00fcchten ran.<\/p>\n","protected":false},"author":73,"featured_media":11717,"comment_status":"open","ping_status":"open","sticky":false,"template":"","format":"standard","meta":{"_links_to":"","_links_to_target":""},"categories":[14],"tags":[],"yoast_head":"<!-- This site is optimized with the Yoast SEO plugin v19.10 - https:\/\/yoast.com\/wordpress\/plugins\/seo\/ -->\n<title>Zwetschgenplootz Pflaumenkuchen<\/title>\n<meta name=\"description\" content=\"Wenn Anfang September auf den Streuobstwiesen die fr\u00e4nkischen Zwetschgen reifen, ist es wieder so weit, das der Plootz, wie der flache, mit Obst belegte Kuchen in Franken genannt wird, in den Ofen geschoben werden kann. Die Zwetschgen, eine Unterart der Pflaumen, sind in ganz Franken eine gefragte s\u00fc\u00dfe Frucht. Sie lieben die W\u00e4rme des Maintals und reifen in der fr\u00e4nkischen Sonne zu wunderbaren lila Steinfr\u00fcchten ran.\" \/>\n<meta name=\"robots\" content=\"index, follow, max-snippet:-1, max-image-preview:large, max-video-preview:-1\" \/>\n<link rel=\"canonical\" href=\"https:\/\/www.naturparkmagazin.de\/vdn\/zwetschgenplootz-pflaumenkuchen\/\" \/>\n<meta property=\"og:locale\" content=\"de_DE\" \/>\n<meta property=\"og:type\" content=\"article\" \/>\n<meta property=\"og:title\" content=\"Zwetschgenplootz Pflaumenkuchen\" \/>\n<meta property=\"og:description\" content=\"Wenn Anfang September auf den Streuobstwiesen die fr\u00e4nkischen Zwetschgen reifen, ist es wieder so weit, das der Plootz, wie der flache, mit Obst belegte Kuchen in Franken genannt wird, in den Ofen geschoben werden kann. Die Zwetschgen, eine Unterart der Pflaumen, sind in ganz Franken eine gefragte s\u00fc\u00dfe Frucht. Sie lieben die W\u00e4rme des Maintals und reifen in der fr\u00e4nkischen Sonne zu wunderbaren lila Steinfr\u00fcchten ran.\" \/>\n<meta property=\"og:url\" content=\"https:\/\/www.naturparkmagazin.de\/vdn\/zwetschgenplootz-pflaumenkuchen\/\" \/>\n<meta property=\"og:site_name\" content=\"Verband Deutscher Naturparke\" \/>\n<meta property=\"article:published_time\" content=\"2019-08-18T15:43:12+00:00\" \/>\n<meta property=\"article:modified_time\" content=\"2019-10-22T10:44:57+00:00\" \/>\n<meta property=\"og:image\" content=\"https:\/\/www.naturparkmagazin.de\/vdn\/wp-content\/uploads\/sites\/3\/cake-915609_640bf.jpg\" \/>\n\t<meta property=\"og:image:width\" content=\"200\" \/>\n\t<meta property=\"og:image:height\" content=\"200\" \/>\n\t<meta property=\"og:image:type\" content=\"image\/jpeg\" \/>\n<meta name=\"author\" content=\"manuelamerz\" \/>\n<meta name=\"twitter:label1\" content=\"Verfasst von\" \/>\n\t<meta name=\"twitter:data1\" content=\"manuelamerz\" \/>\n\t<meta name=\"twitter:label2\" content=\"Gesch\u00e4tzte Lesezeit\" \/>\n\t<meta name=\"twitter:data2\" content=\"1\u00a0Minute\" \/>\n<script type=\"application\/ld+json\" class=\"yoast-schema-graph\">{\"@context\":\"https:\/\/schema.org\",\"@graph\":[{\"@type\":\"WebPage\",\"@id\":\"https:\/\/www.naturparkmagazin.de\/vdn\/zwetschgenplootz-pflaumenkuchen\/\",\"url\":\"https:\/\/www.naturparkmagazin.de\/vdn\/zwetschgenplootz-pflaumenkuchen\/\",\"name\":\"Zwetschgenplootz Pflaumenkuchen\",\"isPartOf\":{\"@id\":\"https:\/\/www.naturparkmagazin.de\/vdn\/#website\"},\"datePublished\":\"2019-08-18T15:43:12+00:00\",\"dateModified\":\"2019-10-22T10:44:57+00:00\",\"author\":{\"@id\":\"https:\/\/www.naturparkmagazin.de\/vdn\/#\/schema\/person\/3cff9b8773ed55f0189255fa9adfd57c\"},\"description\":\"Wenn Anfang September auf den Streuobstwiesen die fr\u00e4nkischen Zwetschgen reifen, ist es wieder so weit, das der Plootz, wie der flache, mit Obst belegte Kuchen in Franken genannt wird, in den Ofen geschoben werden kann. Die Zwetschgen, eine Unterart der Pflaumen, sind in ganz Franken eine gefragte s\u00fc\u00dfe Frucht. Sie lieben die W\u00e4rme des Maintals und reifen in der fr\u00e4nkischen Sonne zu wunderbaren lila Steinfr\u00fcchten ran.\",\"breadcrumb\":{\"@id\":\"https:\/\/www.naturparkmagazin.de\/vdn\/zwetschgenplootz-pflaumenkuchen\/#breadcrumb\"},\"inLanguage\":\"de\",\"potentialAction\":[{\"@type\":\"ReadAction\",\"target\":[\"https:\/\/www.naturparkmagazin.de\/vdn\/zwetschgenplootz-pflaumenkuchen\/\"]}]},{\"@type\":\"BreadcrumbList\",\"@id\":\"https:\/\/www.naturparkmagazin.de\/vdn\/zwetschgenplootz-pflaumenkuchen\/#breadcrumb\",\"itemListElement\":[{\"@type\":\"ListItem\",\"position\":1,\"name\":\"Home\",\"item\":\"https:\/\/www.naturparkmagazin.de\/vdn\/\"},{\"@type\":\"ListItem\",\"position\":2,\"name\":\"Zwetschgenplootz Pflaumenkuchen\"}]},{\"@type\":\"WebSite\",\"@id\":\"https:\/\/www.naturparkmagazin.de\/vdn\/#website\",\"url\":\"https:\/\/www.naturparkmagazin.de\/vdn\/\",\"name\":\"Verband Deutscher Naturparke\",\"description\":\"Eine weitere Naturparkmagazin.de Netzwerk Seite\",\"potentialAction\":[{\"@type\":\"SearchAction\",\"target\":{\"@type\":\"EntryPoint\",\"urlTemplate\":\"https:\/\/www.naturparkmagazin.de\/vdn\/?s={search_term_string}\"},\"query-input\":\"required name=search_term_string\"}],\"inLanguage\":\"de\"},{\"@type\":\"Person\",\"@id\":\"https:\/\/www.naturparkmagazin.de\/vdn\/#\/schema\/person\/3cff9b8773ed55f0189255fa9adfd57c\",\"name\":\"manuelamerz\",\"url\":\"https:\/\/www.naturparkmagazin.de\/vdn\/author\/manuelamerz\/\"}]}<\/script>\n<!-- \/ Yoast SEO plugin. -->","yoast_head_json":{"title":"Zwetschgenplootz Pflaumenkuchen","description":"Wenn Anfang September auf den Streuobstwiesen die fr\u00e4nkischen Zwetschgen reifen, ist es wieder so weit, das der Plootz, wie der flache, mit Obst belegte Kuchen in Franken genannt wird, in den Ofen geschoben werden kann. Die Zwetschgen, eine Unterart der Pflaumen, sind in ganz Franken eine gefragte s\u00fc\u00dfe Frucht. Sie lieben die W\u00e4rme des Maintals und reifen in der fr\u00e4nkischen Sonne zu wunderbaren lila Steinfr\u00fcchten ran.","robots":{"index":"index","follow":"follow","max-snippet":"max-snippet:-1","max-image-preview":"max-image-preview:large","max-video-preview":"max-video-preview:-1"},"canonical":"https:\/\/www.naturparkmagazin.de\/vdn\/zwetschgenplootz-pflaumenkuchen\/","og_locale":"de_DE","og_type":"article","og_title":"Zwetschgenplootz Pflaumenkuchen","og_description":"Wenn Anfang September auf den Streuobstwiesen die fr\u00e4nkischen Zwetschgen reifen, ist es wieder so weit, das der Plootz, wie der flache, mit Obst belegte Kuchen in Franken genannt wird, in den Ofen geschoben werden kann. Die Zwetschgen, eine Unterart der Pflaumen, sind in ganz Franken eine gefragte s\u00fc\u00dfe Frucht. Sie lieben die W\u00e4rme des Maintals und reifen in der fr\u00e4nkischen Sonne zu wunderbaren lila Steinfr\u00fcchten ran.","og_url":"https:\/\/www.naturparkmagazin.de\/vdn\/zwetschgenplootz-pflaumenkuchen\/","og_site_name":"Verband Deutscher Naturparke","article_published_time":"2019-08-18T15:43:12+00:00","article_modified_time":"2019-10-22T10:44:57+00:00","og_image":[{"width":200,"height":200,"url":"https:\/\/www.naturparkmagazin.de\/vdn\/wp-content\/uploads\/sites\/3\/cake-915609_640bf.jpg","type":"image\/jpeg"}],"author":"manuelamerz","twitter_misc":{"Verfasst von":"manuelamerz","Gesch\u00e4tzte Lesezeit":"1\u00a0Minute"},"schema":{"@context":"https:\/\/schema.org","@graph":[{"@type":"WebPage","@id":"https:\/\/www.naturparkmagazin.de\/vdn\/zwetschgenplootz-pflaumenkuchen\/","url":"https:\/\/www.naturparkmagazin.de\/vdn\/zwetschgenplootz-pflaumenkuchen\/","name":"Zwetschgenplootz Pflaumenkuchen","isPartOf":{"@id":"https:\/\/www.naturparkmagazin.de\/vdn\/#website"},"datePublished":"2019-08-18T15:43:12+00:00","dateModified":"2019-10-22T10:44:57+00:00","author":{"@id":"https:\/\/www.naturparkmagazin.de\/vdn\/#\/schema\/person\/3cff9b8773ed55f0189255fa9adfd57c"},"description":"Wenn Anfang September auf den Streuobstwiesen die fr\u00e4nkischen Zwetschgen reifen, ist es wieder so weit, das der Plootz, wie der flache, mit Obst belegte Kuchen in Franken genannt wird, in den Ofen geschoben werden kann. Die Zwetschgen, eine Unterart der Pflaumen, sind in ganz Franken eine gefragte s\u00fc\u00dfe Frucht. Sie lieben die W\u00e4rme des Maintals und reifen in der fr\u00e4nkischen Sonne zu wunderbaren lila Steinfr\u00fcchten ran.","breadcrumb":{"@id":"https:\/\/www.naturparkmagazin.de\/vdn\/zwetschgenplootz-pflaumenkuchen\/#breadcrumb"},"inLanguage":"de","potentialAction":[{"@type":"ReadAction","target":["https:\/\/www.naturparkmagazin.de\/vdn\/zwetschgenplootz-pflaumenkuchen\/"]}]},{"@type":"BreadcrumbList","@id":"https:\/\/www.naturparkmagazin.de\/vdn\/zwetschgenplootz-pflaumenkuchen\/#breadcrumb","itemListElement":[{"@type":"ListItem","position":1,"name":"Home","item":"https:\/\/www.naturparkmagazin.de\/vdn\/"},{"@type":"ListItem","position":2,"name":"Zwetschgenplootz Pflaumenkuchen"}]},{"@type":"WebSite","@id":"https:\/\/www.naturparkmagazin.de\/vdn\/#website","url":"https:\/\/www.naturparkmagazin.de\/vdn\/","name":"Verband Deutscher Naturparke","description":"Eine weitere Naturparkmagazin.de Netzwerk Seite","potentialAction":[{"@type":"SearchAction","target":{"@type":"EntryPoint","urlTemplate":"https:\/\/www.naturparkmagazin.de\/vdn\/?s={search_term_string}"},"query-input":"required name=search_term_string"}],"inLanguage":"de"},{"@type":"Person","@id":"https:\/\/www.naturparkmagazin.de\/vdn\/#\/schema\/person\/3cff9b8773ed55f0189255fa9adfd57c","name":"manuelamerz","url":"https:\/\/www.naturparkmagazin.de\/vdn\/author\/manuelamerz\/"}]}},"_links":{"self":[{"href":"https:\/\/www.naturparkmagazin.de\/vdn\/wp-json\/wp\/v2\/posts\/11704"}],"collection":[{"href":"https:\/\/www.naturparkmagazin.de\/vdn\/wp-json\/wp\/v2\/posts"}],"about":[{"href":"https:\/\/www.naturparkmagazin.de\/vdn\/wp-json\/wp\/v2\/types\/post"}],"author":[{"embeddable":true,"href":"https:\/\/www.naturparkmagazin.de\/vdn\/wp-json\/wp\/v2\/users\/73"}],"replies":[{"embeddable":true,"href":"https:\/\/www.naturparkmagazin.de\/vdn\/wp-json\/wp\/v2\/comments?post=11704"}],"version-history":[{"count":3,"href":"https:\/\/www.naturparkmagazin.de\/vdn\/wp-json\/wp\/v2\/posts\/11704\/revisions"}],"predecessor-version":[{"id":11718,"href":"https:\/\/www.naturparkmagazin.de\/vdn\/wp-json\/wp\/v2\/posts\/11704\/revisions\/11718"}],"wp:featuredmedia":[{"embeddable":true,"href":"https:\/\/www.naturparkmagazin.de\/vdn\/wp-json\/wp\/v2\/media\/11717"}],"wp:attachment":[{"href":"https:\/\/www.naturparkmagazin.de\/vdn\/wp-json\/wp\/v2\/media?parent=11704"}],"wp:term":[{"taxonomy":"category","embeddable":true,"href":"https:\/\/www.naturparkmagazin.de\/vdn\/wp-json\/wp\/v2\/categories?post=11704"},{"taxonomy":"post_tag","embeddable":true,"href":"https:\/\/www.naturparkmagazin.de\/vdn\/wp-json\/wp\/v2\/tags?post=11704"}],"curies":[{"name":"wp","href":"https:\/\/api.w.org\/{rel}","templated":true}]}}