{"id":11745,"date":"2019-09-12T14:51:39","date_gmt":"2019-09-12T12:51:39","guid":{"rendered":"https:\/\/www.naturparkmagazin.de\/vdn\/?p=11745"},"modified":"2019-09-12T14:53:56","modified_gmt":"2019-09-12T12:53:56","slug":"liebe-leserin-lieber-leser-72","status":"publish","type":"post","link":"https:\/\/www.naturparkmagazin.de\/vdn\/liebe-leserin-lieber-leser-72\/","title":{"rendered":"Liebe Leserin, lieber Leser,"},"content":{"rendered":"<p>der Wald ist wieder in aller Munde. Leider nicht im Guten, denn die letzten beiden hei\u00dfen Sommer haben ihm in Deutschland buchst\u00e4blich das Wasser abgegraben. Der Wald als Heimat f\u00fcr unz\u00e4hlige Tier- und Pflanzenarten, Wasser- und Kohlenstoffspeicher, Sauerstoffproduzent, Luft- und Wasserfilter ist auch als liebster Ort der Deutschen f\u00fcr Erholung und Entspannung in Gefahr. Gerade in den goldenen Herbstmonaten kann man in Deutschlands Naturparken auf insgesamt 5 Millionen Hektar Waldfl\u00e4che diesen einzigartigen Lebensraum mit allen Sinnen entdecken und erleben. Lesen Sie mehr hier\u00fcber und zu weiteren Themen in der Oktober-Ausgabe unseres Newsletters.<\/p>\n<p>Viel Spa\u00df beim Lesen w\u00fcnscht<\/p>\n<p>Ihr Naturparkteam<\/p>\n<p>&nbsp;<\/p>\n<p>&nbsp;<\/p>\n","protected":false},"excerpt":{"rendered":"<p>der Wald ist wieder in aller Munde. Leider nicht im Guten, denn die letzten beiden hei\u00dfen Sommer haben ihm in Deutschland buchst\u00e4blich das Wasser abgegraben. Der Wald als Heimat f\u00fcr unz\u00e4hlige Tier- und Pflanzenarten, Wasser- und Kohlenstoffspeicher, Sauerstoffproduzent, Luft- und Wasserfilter ist auch als liebster Ort der Deutschen f\u00fcr Erholung und Entspannung in Gefahr. Gerade<\/p>\n","protected":false},"author":73,"featured_media":0,"comment_status":"open","ping_status":"open","sticky":false,"template":"","format":"standard","meta":{"_links_to":"","_links_to_target":""},"categories":[52],"tags":[],"yoast_head":"<!-- This site is optimized with the Yoast SEO plugin v19.10 - https:\/\/yoast.com\/wordpress\/plugins\/seo\/ -->\n<title>Liebe Leserin, lieber Leser,<\/title>\n<meta name=\"description\" content=\"der Wald ist wieder in aller Munde. Leider nicht im Guten, denn die letzten beiden hei\u00dfen Sommer haben ihm in Deutschland buchst\u00e4blich das Wasser\" \/>\n<meta name=\"robots\" content=\"index, follow, max-snippet:-1, max-image-preview:large, max-video-preview:-1\" \/>\n<link rel=\"canonical\" href=\"https:\/\/www.naturparkmagazin.de\/vdn\/liebe-leserin-lieber-leser-72\/\" \/>\n<meta property=\"og:locale\" content=\"de_DE\" \/>\n<meta property=\"og:type\" content=\"article\" \/>\n<meta property=\"og:title\" content=\"Liebe Leserin, lieber Leser,\" \/>\n<meta property=\"og:description\" content=\"der Wald ist wieder in aller Munde. Leider nicht im Guten, denn die letzten beiden hei\u00dfen Sommer haben ihm in Deutschland buchst\u00e4blich das Wasser\" \/>\n<meta property=\"og:url\" content=\"https:\/\/www.naturparkmagazin.de\/vdn\/liebe-leserin-lieber-leser-72\/\" \/>\n<meta property=\"og:site_name\" content=\"Verband Deutscher Naturparke\" \/>\n<meta property=\"article:published_time\" content=\"2019-09-12T12:51:39+00:00\" \/>\n<meta property=\"article:modified_time\" content=\"2019-09-12T12:53:56+00:00\" \/>\n<meta name=\"author\" content=\"manuelamerz\" \/>\n<meta name=\"twitter:label1\" content=\"Verfasst von\" \/>\n\t<meta name=\"twitter:data1\" content=\"manuelamerz\" \/>\n\t<meta name=\"twitter:label2\" content=\"Gesch\u00e4tzte Lesezeit\" \/>\n\t<meta name=\"twitter:data2\" content=\"1\u00a0Minute\" \/>\n<script type=\"application\/ld+json\" class=\"yoast-schema-graph\">{\"@context\":\"https:\/\/schema.org\",\"@graph\":[{\"@type\":\"WebPage\",\"@id\":\"https:\/\/www.naturparkmagazin.de\/vdn\/liebe-leserin-lieber-leser-72\/\",\"url\":\"https:\/\/www.naturparkmagazin.de\/vdn\/liebe-leserin-lieber-leser-72\/\",\"name\":\"Liebe Leserin, lieber Leser,\",\"isPartOf\":{\"@id\":\"https:\/\/www.naturparkmagazin.de\/vdn\/#website\"},\"datePublished\":\"2019-09-12T12:51:39+00:00\",\"dateModified\":\"2019-09-12T12:53:56+00:00\",\"author\":{\"@id\":\"https:\/\/www.naturparkmagazin.de\/vdn\/#\/schema\/person\/3cff9b8773ed55f0189255fa9adfd57c\"},\"description\":\"der Wald ist wieder in aller Munde. Leider nicht im Guten, denn die letzten beiden hei\u00dfen Sommer haben ihm in Deutschland buchst\u00e4blich das Wasser\",\"breadcrumb\":{\"@id\":\"https:\/\/www.naturparkmagazin.de\/vdn\/liebe-leserin-lieber-leser-72\/#breadcrumb\"},\"inLanguage\":\"de\",\"potentialAction\":[{\"@type\":\"ReadAction\",\"target\":[\"https:\/\/www.naturparkmagazin.de\/vdn\/liebe-leserin-lieber-leser-72\/\"]}]},{\"@type\":\"BreadcrumbList\",\"@id\":\"https:\/\/www.naturparkmagazin.de\/vdn\/liebe-leserin-lieber-leser-72\/#breadcrumb\",\"itemListElement\":[{\"@type\":\"ListItem\",\"position\":1,\"name\":\"Home\",\"item\":\"https:\/\/www.naturparkmagazin.de\/vdn\/\"},{\"@type\":\"ListItem\",\"position\":2,\"name\":\"Liebe Leserin, lieber Leser,\"}]},{\"@type\":\"WebSite\",\"@id\":\"https:\/\/www.naturparkmagazin.de\/vdn\/#website\",\"url\":\"https:\/\/www.naturparkmagazin.de\/vdn\/\",\"name\":\"Verband Deutscher Naturparke\",\"description\":\"Eine weitere Naturparkmagazin.de Netzwerk Seite\",\"potentialAction\":[{\"@type\":\"SearchAction\",\"target\":{\"@type\":\"EntryPoint\",\"urlTemplate\":\"https:\/\/www.naturparkmagazin.de\/vdn\/?s={search_term_string}\"},\"query-input\":\"required name=search_term_string\"}],\"inLanguage\":\"de\"},{\"@type\":\"Person\",\"@id\":\"https:\/\/www.naturparkmagazin.de\/vdn\/#\/schema\/person\/3cff9b8773ed55f0189255fa9adfd57c\",\"name\":\"manuelamerz\",\"url\":\"https:\/\/www.naturparkmagazin.de\/vdn\/author\/manuelamerz\/\"}]}<\/script>\n<!-- \/ Yoast SEO plugin. -->","yoast_head_json":{"title":"Liebe Leserin, lieber Leser,","description":"der Wald ist wieder in aller Munde. Leider nicht im Guten, denn die letzten beiden hei\u00dfen Sommer haben ihm in Deutschland buchst\u00e4blich das Wasser","robots":{"index":"index","follow":"follow","max-snippet":"max-snippet:-1","max-image-preview":"max-image-preview:large","max-video-preview":"max-video-preview:-1"},"canonical":"https:\/\/www.naturparkmagazin.de\/vdn\/liebe-leserin-lieber-leser-72\/","og_locale":"de_DE","og_type":"article","og_title":"Liebe Leserin, lieber Leser,","og_description":"der Wald ist wieder in aller Munde. Leider nicht im Guten, denn die letzten beiden hei\u00dfen Sommer haben ihm in Deutschland buchst\u00e4blich das Wasser","og_url":"https:\/\/www.naturparkmagazin.de\/vdn\/liebe-leserin-lieber-leser-72\/","og_site_name":"Verband Deutscher Naturparke","article_published_time":"2019-09-12T12:51:39+00:00","article_modified_time":"2019-09-12T12:53:56+00:00","author":"manuelamerz","twitter_misc":{"Verfasst von":"manuelamerz","Gesch\u00e4tzte Lesezeit":"1\u00a0Minute"},"schema":{"@context":"https:\/\/schema.org","@graph":[{"@type":"WebPage","@id":"https:\/\/www.naturparkmagazin.de\/vdn\/liebe-leserin-lieber-leser-72\/","url":"https:\/\/www.naturparkmagazin.de\/vdn\/liebe-leserin-lieber-leser-72\/","name":"Liebe Leserin, lieber Leser,","isPartOf":{"@id":"https:\/\/www.naturparkmagazin.de\/vdn\/#website"},"datePublished":"2019-09-12T12:51:39+00:00","dateModified":"2019-09-12T12:53:56+00:00","author":{"@id":"https:\/\/www.naturparkmagazin.de\/vdn\/#\/schema\/person\/3cff9b8773ed55f0189255fa9adfd57c"},"description":"der Wald ist wieder in aller Munde. Leider nicht im Guten, denn die letzten beiden hei\u00dfen Sommer haben ihm in Deutschland buchst\u00e4blich das Wasser","breadcrumb":{"@id":"https:\/\/www.naturparkmagazin.de\/vdn\/liebe-leserin-lieber-leser-72\/#breadcrumb"},"inLanguage":"de","potentialAction":[{"@type":"ReadAction","target":["https:\/\/www.naturparkmagazin.de\/vdn\/liebe-leserin-lieber-leser-72\/"]}]},{"@type":"BreadcrumbList","@id":"https:\/\/www.naturparkmagazin.de\/vdn\/liebe-leserin-lieber-leser-72\/#breadcrumb","itemListElement":[{"@type":"ListItem","position":1,"name":"Home","item":"https:\/\/www.naturparkmagazin.de\/vdn\/"},{"@type":"ListItem","position":2,"name":"Liebe Leserin, lieber Leser,"}]},{"@type":"WebSite","@id":"https:\/\/www.naturparkmagazin.de\/vdn\/#website","url":"https:\/\/www.naturparkmagazin.de\/vdn\/","name":"Verband Deutscher Naturparke","description":"Eine weitere Naturparkmagazin.de Netzwerk Seite","potentialAction":[{"@type":"SearchAction","target":{"@type":"EntryPoint","urlTemplate":"https:\/\/www.naturparkmagazin.de\/vdn\/?s={search_term_string}"},"query-input":"required name=search_term_string"}],"inLanguage":"de"},{"@type":"Person","@id":"https:\/\/www.naturparkmagazin.de\/vdn\/#\/schema\/person\/3cff9b8773ed55f0189255fa9adfd57c","name":"manuelamerz","url":"https:\/\/www.naturparkmagazin.de\/vdn\/author\/manuelamerz\/"}]}},"_links":{"self":[{"href":"https:\/\/www.naturparkmagazin.de\/vdn\/wp-json\/wp\/v2\/posts\/11745"}],"collection":[{"href":"https:\/\/www.naturparkmagazin.de\/vdn\/wp-json\/wp\/v2\/posts"}],"about":[{"href":"https:\/\/www.naturparkmagazin.de\/vdn\/wp-json\/wp\/v2\/types\/post"}],"author":[{"embeddable":true,"href":"https:\/\/www.naturparkmagazin.de\/vdn\/wp-json\/wp\/v2\/users\/73"}],"replies":[{"embeddable":true,"href":"https:\/\/www.naturparkmagazin.de\/vdn\/wp-json\/wp\/v2\/comments?post=11745"}],"version-history":[{"count":2,"href":"https:\/\/www.naturparkmagazin.de\/vdn\/wp-json\/wp\/v2\/posts\/11745\/revisions"}],"predecessor-version":[{"id":11747,"href":"https:\/\/www.naturparkmagazin.de\/vdn\/wp-json\/wp\/v2\/posts\/11745\/revisions\/11747"}],"wp:attachment":[{"href":"https:\/\/www.naturparkmagazin.de\/vdn\/wp-json\/wp\/v2\/media?parent=11745"}],"wp:term":[{"taxonomy":"category","embeddable":true,"href":"https:\/\/www.naturparkmagazin.de\/vdn\/wp-json\/wp\/v2\/categories?post=11745"},{"taxonomy":"post_tag","embeddable":true,"href":"https:\/\/www.naturparkmagazin.de\/vdn\/wp-json\/wp\/v2\/tags?post=11745"}],"curies":[{"name":"wp","href":"https:\/\/api.w.org\/{rel}","templated":true}]}}