{"id":11768,"date":"2019-09-30T15:59:19","date_gmt":"2019-09-30T13:59:19","guid":{"rendered":"https:\/\/www.naturparkmagazin.de\/vdn\/?p=11768"},"modified":"2019-11-13T14:43:13","modified_gmt":"2019-11-13T13:43:13","slug":"elmkreisel","status":"publish","type":"post","link":"https:\/\/www.naturparkmagazin.de\/vdn\/elmkreisel\/","title":{"rendered":"Elmkreisel"},"content":{"rendered":"<div id=\"attachment_11770\" style=\"width: 310px\" class=\"wp-caption alignnone\"><a href=\"https:\/\/www.naturparkmagazin.de\/vdn\/wp-content\/uploads\/sites\/3\/Kleiner-Wasserfall-im-Quellbereich-der-Lutter-bei-K\u00f6nigslutterb.jpg\"><img aria-describedby=\"caption-attachment-11770\" decoding=\"async\" loading=\"lazy\" class=\"size-full wp-image-11770\" src=\"https:\/\/www.naturparkmagazin.de\/vdn\/wp-content\/uploads\/sites\/3\/Kleiner-Wasserfall-im-Quellbereich-der-Lutter-bei-K\u00f6nigslutterb.jpg\" alt=\"Kleiner Wasserfall im Quellbereich der Lutter bei K\u00f6nigslutter \u00a9 Naturpark Elm-Lappwald\" width=\"300\" height=\"500\" srcset=\"https:\/\/www.naturparkmagazin.de\/vdn\/wp-content\/uploads\/sites\/3\/Kleiner-Wasserfall-im-Quellbereich-der-Lutter-bei-K\u00f6nigslutterb.jpg 300w, https:\/\/www.naturparkmagazin.de\/vdn\/wp-content\/uploads\/sites\/3\/Kleiner-Wasserfall-im-Quellbereich-der-Lutter-bei-K\u00f6nigslutterb-200x333.jpg 200w\" sizes=\"(max-width: 300px) 100vw, 300px\" \/><\/a><p id=\"caption-attachment-11770\" class=\"wp-caption-text\">Kleiner Wasserfall im Quellbereich der Lutter bei K\u00f6nigslutter \u00a9 Naturpark Elm-Lappwald<\/p><\/div>\n<p>Die Vielfalt an Natur und Kultur im Naturpark Elm-Lappwald l\u00e4sst sich besonders gut auf einer mehrt\u00e4gigen Wanderung entdecken.<\/p>\n<p>Der Elmkreisel, eine 4-Tageswanderung ohne Gep\u00e4ck, f\u00fchrt Sie durch und rund um den wohl sch\u00f6nsten und gr\u00f6\u00dften zusammenh\u00e4ngenden Buchenwald Norddeutschlands und verbindet dabei\u00a0 die St\u00e4dte K\u00f6nigslutter, Sch\u00f6ningen und Sch\u00f6ppenstedt mit ihren zahlreichen historischen und kulturellen Sehensw\u00fcrdigkeiten.<\/p>\n<p>Die ca. 75 km lange Wanderung ist in 4 Etappen unterteilt. Die einzelnen Abschnitte bieten gen\u00fcgend zeitlichen Spielraum f\u00fcr spannende Ein- und Ausblicke entlang der Strecke.<\/p>\n<p>F\u00fcr die Planung der Tour, dem Gep\u00e4cktransport und dem Transport zu den jeweiligen Startpunkten, steht Ihnen der Service der Hotels SCHLAFSCH\u00d6Ningen in Sch\u00f6ningen und des Lindenhofes in Bornum zur Verf\u00fcgung.<\/p>\n<p>&nbsp;<\/p>\n<p>Service-Informationen<\/p>\n<p><strong>SCHLAFSCH\u00d6N<\/strong>ingen<\/p>\n<p>Tel.: 05352 50241\u00a0\u00a0 <a href=\"http:\/\/www.schlafsch\u00f6ningen.de\">www.schlafsch\u00f6ningen.de<\/a><\/p>\n<p><a href=\"mailto:hotel@schlafsch\u00f6ningen.de\">hotel@schlafsch\u00f6ningen.de<\/a><\/p>\n<p>&nbsp;<\/p>\n<p><strong>Lindenhof K\u00f6nigslutter (Ortsteil Bornum)<\/strong><\/p>\n<p>Tel.:05353 920-0\u00a0\u00a0\u00a0 <a href=\"http:\/\/www.lindenhof-bornum.de\">www.lindenhof-bornum.de<\/a><\/p>\n<p>&nbsp;<\/p>\n","protected":false},"excerpt":{"rendered":"<p>\u201eElmkreisel\u201c \u2013 so nennt sich die 4-Tageswanderung mit Gep\u00e4cktransport, bei der sich die Vielfalt an Natur und Kultur im Naturpark Elm-Lappwald besonders gut auf entdecken l\u00e4sst.<\/p>\n","protected":false},"author":73,"featured_media":11769,"comment_status":"open","ping_status":"open","sticky":false,"template":"","format":"standard","meta":{"_links_to":"","_links_to_target":""},"categories":[617],"tags":[],"yoast_head":"<!-- This site is optimized with the Yoast SEO plugin v19.10 - https:\/\/yoast.com\/wordpress\/plugins\/seo\/ -->\n<title>Elmkreisel<\/title>\n<meta name=\"description\" content=\"\u201eElmkreisel\u201c \u2013 so nennt sich die 4-Tageswanderung mit Gep\u00e4cktransport, bei der sich die Vielfalt an Natur und Kultur im Naturpark Elm-Lappwald besonders gut auf entdecken l\u00e4sst.\" \/>\n<meta name=\"robots\" content=\"index, follow, max-snippet:-1, max-image-preview:large, max-video-preview:-1\" \/>\n<link rel=\"canonical\" href=\"https:\/\/www.naturparkmagazin.de\/vdn\/elmkreisel\/\" \/>\n<meta property=\"og:locale\" content=\"de_DE\" \/>\n<meta property=\"og:type\" content=\"article\" \/>\n<meta property=\"og:title\" content=\"Elmkreisel\" \/>\n<meta property=\"og:description\" content=\"\u201eElmkreisel\u201c \u2013 so nennt sich die 4-Tageswanderung mit Gep\u00e4cktransport, bei der sich die Vielfalt an Natur und Kultur im Naturpark Elm-Lappwald besonders gut auf entdecken l\u00e4sst.\" \/>\n<meta property=\"og:url\" content=\"https:\/\/www.naturparkmagazin.de\/vdn\/elmkreisel\/\" \/>\n<meta property=\"og:site_name\" content=\"Verband Deutscher Naturparke\" \/>\n<meta property=\"article:published_time\" content=\"2019-09-30T13:59:19+00:00\" \/>\n<meta property=\"article:modified_time\" content=\"2019-11-13T13:43:13+00:00\" \/>\n<meta property=\"og:image\" content=\"https:\/\/www.naturparkmagazin.de\/vdn\/wp-content\/uploads\/sites\/3\/Kleiner-Wasserfall-im-Quellbereich-der-Lutter-bei-K\u00f6nigslutterbf.jpg\" \/>\n\t<meta property=\"og:image:width\" content=\"200\" \/>\n\t<meta property=\"og:image:height\" content=\"200\" \/>\n\t<meta property=\"og:image:type\" content=\"image\/jpeg\" \/>\n<meta name=\"author\" content=\"manuelamerz\" \/>\n<meta name=\"twitter:label1\" content=\"Verfasst von\" \/>\n\t<meta name=\"twitter:data1\" content=\"manuelamerz\" \/>\n\t<meta name=\"twitter:label2\" content=\"Gesch\u00e4tzte Lesezeit\" \/>\n\t<meta name=\"twitter:data2\" content=\"1\u00a0Minute\" \/>\n<script type=\"application\/ld+json\" class=\"yoast-schema-graph\">{\"@context\":\"https:\/\/schema.org\",\"@graph\":[{\"@type\":\"WebPage\",\"@id\":\"https:\/\/www.naturparkmagazin.de\/vdn\/elmkreisel\/\",\"url\":\"https:\/\/www.naturparkmagazin.de\/vdn\/elmkreisel\/\",\"name\":\"Elmkreisel\",\"isPartOf\":{\"@id\":\"https:\/\/www.naturparkmagazin.de\/vdn\/#website\"},\"datePublished\":\"2019-09-30T13:59:19+00:00\",\"dateModified\":\"2019-11-13T13:43:13+00:00\",\"author\":{\"@id\":\"https:\/\/www.naturparkmagazin.de\/vdn\/#\/schema\/person\/3cff9b8773ed55f0189255fa9adfd57c\"},\"description\":\"\u201eElmkreisel\u201c \u2013 so nennt sich die 4-Tageswanderung mit Gep\u00e4cktransport, bei der sich die Vielfalt an Natur und Kultur im Naturpark Elm-Lappwald besonders gut auf entdecken l\u00e4sst.\",\"breadcrumb\":{\"@id\":\"https:\/\/www.naturparkmagazin.de\/vdn\/elmkreisel\/#breadcrumb\"},\"inLanguage\":\"de\",\"potentialAction\":[{\"@type\":\"ReadAction\",\"target\":[\"https:\/\/www.naturparkmagazin.de\/vdn\/elmkreisel\/\"]}]},{\"@type\":\"BreadcrumbList\",\"@id\":\"https:\/\/www.naturparkmagazin.de\/vdn\/elmkreisel\/#breadcrumb\",\"itemListElement\":[{\"@type\":\"ListItem\",\"position\":1,\"name\":\"Home\",\"item\":\"https:\/\/www.naturparkmagazin.de\/vdn\/\"},{\"@type\":\"ListItem\",\"position\":2,\"name\":\"Elmkreisel\"}]},{\"@type\":\"WebSite\",\"@id\":\"https:\/\/www.naturparkmagazin.de\/vdn\/#website\",\"url\":\"https:\/\/www.naturparkmagazin.de\/vdn\/\",\"name\":\"Verband Deutscher Naturparke\",\"description\":\"Eine weitere Naturparkmagazin.de Netzwerk Seite\",\"potentialAction\":[{\"@type\":\"SearchAction\",\"target\":{\"@type\":\"EntryPoint\",\"urlTemplate\":\"https:\/\/www.naturparkmagazin.de\/vdn\/?s={search_term_string}\"},\"query-input\":\"required name=search_term_string\"}],\"inLanguage\":\"de\"},{\"@type\":\"Person\",\"@id\":\"https:\/\/www.naturparkmagazin.de\/vdn\/#\/schema\/person\/3cff9b8773ed55f0189255fa9adfd57c\",\"name\":\"manuelamerz\",\"url\":\"https:\/\/www.naturparkmagazin.de\/vdn\/author\/manuelamerz\/\"}]}<\/script>\n<!-- \/ Yoast SEO plugin. -->","yoast_head_json":{"title":"Elmkreisel","description":"\u201eElmkreisel\u201c \u2013 so nennt sich die 4-Tageswanderung mit Gep\u00e4cktransport, bei der sich die Vielfalt an Natur und Kultur im Naturpark Elm-Lappwald besonders gut auf entdecken l\u00e4sst.","robots":{"index":"index","follow":"follow","max-snippet":"max-snippet:-1","max-image-preview":"max-image-preview:large","max-video-preview":"max-video-preview:-1"},"canonical":"https:\/\/www.naturparkmagazin.de\/vdn\/elmkreisel\/","og_locale":"de_DE","og_type":"article","og_title":"Elmkreisel","og_description":"\u201eElmkreisel\u201c \u2013 so nennt sich die 4-Tageswanderung mit Gep\u00e4cktransport, bei der sich die Vielfalt an Natur und Kultur im Naturpark Elm-Lappwald besonders gut auf entdecken l\u00e4sst.","og_url":"https:\/\/www.naturparkmagazin.de\/vdn\/elmkreisel\/","og_site_name":"Verband Deutscher Naturparke","article_published_time":"2019-09-30T13:59:19+00:00","article_modified_time":"2019-11-13T13:43:13+00:00","og_image":[{"width":200,"height":200,"url":"https:\/\/www.naturparkmagazin.de\/vdn\/wp-content\/uploads\/sites\/3\/Kleiner-Wasserfall-im-Quellbereich-der-Lutter-bei-K\u00f6nigslutterbf.jpg","type":"image\/jpeg"}],"author":"manuelamerz","twitter_misc":{"Verfasst von":"manuelamerz","Gesch\u00e4tzte Lesezeit":"1\u00a0Minute"},"schema":{"@context":"https:\/\/schema.org","@graph":[{"@type":"WebPage","@id":"https:\/\/www.naturparkmagazin.de\/vdn\/elmkreisel\/","url":"https:\/\/www.naturparkmagazin.de\/vdn\/elmkreisel\/","name":"Elmkreisel","isPartOf":{"@id":"https:\/\/www.naturparkmagazin.de\/vdn\/#website"},"datePublished":"2019-09-30T13:59:19+00:00","dateModified":"2019-11-13T13:43:13+00:00","author":{"@id":"https:\/\/www.naturparkmagazin.de\/vdn\/#\/schema\/person\/3cff9b8773ed55f0189255fa9adfd57c"},"description":"\u201eElmkreisel\u201c \u2013 so nennt sich die 4-Tageswanderung mit Gep\u00e4cktransport, bei der sich die Vielfalt an Natur und Kultur im Naturpark Elm-Lappwald besonders gut auf entdecken l\u00e4sst.","breadcrumb":{"@id":"https:\/\/www.naturparkmagazin.de\/vdn\/elmkreisel\/#breadcrumb"},"inLanguage":"de","potentialAction":[{"@type":"ReadAction","target":["https:\/\/www.naturparkmagazin.de\/vdn\/elmkreisel\/"]}]},{"@type":"BreadcrumbList","@id":"https:\/\/www.naturparkmagazin.de\/vdn\/elmkreisel\/#breadcrumb","itemListElement":[{"@type":"ListItem","position":1,"name":"Home","item":"https:\/\/www.naturparkmagazin.de\/vdn\/"},{"@type":"ListItem","position":2,"name":"Elmkreisel"}]},{"@type":"WebSite","@id":"https:\/\/www.naturparkmagazin.de\/vdn\/#website","url":"https:\/\/www.naturparkmagazin.de\/vdn\/","name":"Verband Deutscher Naturparke","description":"Eine weitere Naturparkmagazin.de Netzwerk Seite","potentialAction":[{"@type":"SearchAction","target":{"@type":"EntryPoint","urlTemplate":"https:\/\/www.naturparkmagazin.de\/vdn\/?s={search_term_string}"},"query-input":"required name=search_term_string"}],"inLanguage":"de"},{"@type":"Person","@id":"https:\/\/www.naturparkmagazin.de\/vdn\/#\/schema\/person\/3cff9b8773ed55f0189255fa9adfd57c","name":"manuelamerz","url":"https:\/\/www.naturparkmagazin.de\/vdn\/author\/manuelamerz\/"}]}},"_links":{"self":[{"href":"https:\/\/www.naturparkmagazin.de\/vdn\/wp-json\/wp\/v2\/posts\/11768"}],"collection":[{"href":"https:\/\/www.naturparkmagazin.de\/vdn\/wp-json\/wp\/v2\/posts"}],"about":[{"href":"https:\/\/www.naturparkmagazin.de\/vdn\/wp-json\/wp\/v2\/types\/post"}],"author":[{"embeddable":true,"href":"https:\/\/www.naturparkmagazin.de\/vdn\/wp-json\/wp\/v2\/users\/73"}],"replies":[{"embeddable":true,"href":"https:\/\/www.naturparkmagazin.de\/vdn\/wp-json\/wp\/v2\/comments?post=11768"}],"version-history":[{"count":2,"href":"https:\/\/www.naturparkmagazin.de\/vdn\/wp-json\/wp\/v2\/posts\/11768\/revisions"}],"predecessor-version":[{"id":11772,"href":"https:\/\/www.naturparkmagazin.de\/vdn\/wp-json\/wp\/v2\/posts\/11768\/revisions\/11772"}],"wp:featuredmedia":[{"embeddable":true,"href":"https:\/\/www.naturparkmagazin.de\/vdn\/wp-json\/wp\/v2\/media\/11769"}],"wp:attachment":[{"href":"https:\/\/www.naturparkmagazin.de\/vdn\/wp-json\/wp\/v2\/media?parent=11768"}],"wp:term":[{"taxonomy":"category","embeddable":true,"href":"https:\/\/www.naturparkmagazin.de\/vdn\/wp-json\/wp\/v2\/categories?post=11768"},{"taxonomy":"post_tag","embeddable":true,"href":"https:\/\/www.naturparkmagazin.de\/vdn\/wp-json\/wp\/v2\/tags?post=11768"}],"curies":[{"name":"wp","href":"https:\/\/api.w.org\/{rel}","templated":true}]}}