{"id":11773,"date":"2019-09-30T16:34:23","date_gmt":"2019-09-30T14:34:23","guid":{"rendered":"https:\/\/www.naturparkmagazin.de\/vdn\/?p=11773"},"modified":"2019-11-13T14:42:59","modified_gmt":"2019-11-13T13:42:59","slug":"streuobstwiesen-apfelsaft","status":"publish","type":"post","link":"https:\/\/www.naturparkmagazin.de\/vdn\/streuobstwiesen-apfelsaft\/","title":{"rendered":"Streuobstwiesen-Apfelsaft"},"content":{"rendered":"<div id=\"attachment_11775\" style=\"width: 510px\" class=\"wp-caption alignnone\"><a href=\"https:\/\/www.naturparkmagazin.de\/vdn\/wp-content\/uploads\/sites\/3\/074-ps-2-skalb.jpg\"><img aria-describedby=\"caption-attachment-11775\" decoding=\"async\" loading=\"lazy\" class=\"size-full wp-image-11775\" src=\"https:\/\/www.naturparkmagazin.de\/vdn\/wp-content\/uploads\/sites\/3\/074-ps-2-skalb.jpg\" alt=\"Leckere Nat\u00fcrlichkeit \u00a9 VDN \/ Luxfox\" width=\"500\" height=\"300\" srcset=\"https:\/\/www.naturparkmagazin.de\/vdn\/wp-content\/uploads\/sites\/3\/074-ps-2-skalb.jpg 500w, https:\/\/www.naturparkmagazin.de\/vdn\/wp-content\/uploads\/sites\/3\/074-ps-2-skalb-300x180.jpg 300w, https:\/\/www.naturparkmagazin.de\/vdn\/wp-content\/uploads\/sites\/3\/074-ps-2-skalb-200x120.jpg 200w\" sizes=\"(max-width: 500px) 100vw, 500px\" \/><\/a><p id=\"caption-attachment-11775\" class=\"wp-caption-text\">Leckere Nat\u00fcrlichkeit \u00a9 VDN \/ Luxfox<\/p><\/div>\n<p>Streuobstwiesen geben seit Jahrhunderten unserer Kulturlandschaft ein unverwechselbares Gesicht: Noch bis in die 60er Jahre hinein umgaben hochst\u00e4mmige Apfel-, Birnen-, Pflaumen-, Kirsch- und Nussb\u00e4ume als breite G\u00fcrtel unsere D\u00f6rfer und pr\u00e4gten als locker bepflanzte Obstwiesen, als Alleen oder pr\u00e4chtige Einzelb\u00e4ume die Landschaft.<\/p>\n<p>In der Arbeitsgemeinschaft Streuobst e.V. sind seit 1995 engagierte VerbraucherInnen, BesitzerInnen von Streuobstwiesen sowie im Umweltschutz t\u00e4tige Fachleute aus Wissenschaft und Verwaltung zusammengeschlossen.<\/p>\n<p>Unser Apfelsaft ist ein 100% reiner, naturtr\u00fcber Presssaft ohne Zus\u00e4tze, direkt nach dem Mosten in Pfand-Flaschen gef\u00fcllt.Verarbeitet werden die aromatischen Apfelsorten aus Streuobstwiesen unserer Region (Braunschweig, Helmstedt und Umgebung), die als vollreife Fr\u00fcchte wesentlich zum hervorragendenGeschmack des Saftes beitragen.<\/p>\n<p>Was wir noch anbieten:<\/p>\n<p>Obstbaumschnittkurse in Zusammenarbeit mit den Volkshochschulen\nVerleih unserer Saftpresse &#8211; selbst Apfelsaft machen \u2026\nGeschenkgutscheine f\u00fcr Apfelb\u00e4ume\nSammelbestellung f\u00fcr Obstb\u00e4ume\nGef\u00fchrte Wanderungen und Exkursionen zum Thema Streuobst mit Kindern und Erwachsenen\nPflegema\u00dfnahmen auf Streuobstwiesen\nWir pflegen, oder vermitteln kompetente Betriebe.\nFachliche Beratung\nSprechen Sie uns an!<\/p>\n<p>Infos bei\u2026\nBirgit W\u00f6bbeking, Saftverkauf\nKluskamp 14, 38154 K\u00f6nigslutter\nTel. 05353\/7983,\u00a0 Woebbeking@AG-Streuobst.de\nSabine Fortak, Fragen zu Obstsorten\nBoimstorfer Stra\u00dfe 1, 38154 K\u00f6nigslutter-Glentorf\nTel. 05365\/2430, Fortak@AG-Streuobst.de\nEberhard Hieber, Baum- und Wiesenpflege\nGro\u00dfer Hilligenhof 7, 38154 K\u00f6nigslutter\nTel. 05353\/58680, Hieber@AG-Streuobst.de\nManfred Wenst, Verleih Saftpresse\nBoimstorfer Stra\u00dfe 2, 38154 K\u00f6nigslutter-Glentorf\nTel. 05365\/8868, Wenst@AG-Streuobst.de\nSusanne Stabrey, Jubil\u00e4umswiese\nTel. 05353\/912189, susanne.stabrey@koenigslutter.de<\/p>\n<p>&nbsp;<\/p>\n","protected":false},"excerpt":{"rendered":"<p>Apfelsaft von Streuobstwiesen aus der Region Elm-Lappwald<\/p>\n","protected":false},"author":73,"featured_media":11774,"comment_status":"open","ping_status":"open","sticky":false,"template":"","format":"standard","meta":{"_links_to":"","_links_to_target":""},"categories":[13],"tags":[],"yoast_head":"<!-- This site is optimized with the Yoast SEO plugin v19.10 - https:\/\/yoast.com\/wordpress\/plugins\/seo\/ -->\n<title>Streuobstwiesen-Apfelsaft<\/title>\n<meta name=\"description\" content=\"Apfelsaft von Streuobstwiesen aus der Region Elm-Lappwald\" \/>\n<meta name=\"robots\" content=\"index, follow, max-snippet:-1, max-image-preview:large, max-video-preview:-1\" \/>\n<link rel=\"canonical\" href=\"https:\/\/www.naturparkmagazin.de\/vdn\/streuobstwiesen-apfelsaft\/\" \/>\n<meta property=\"og:locale\" content=\"de_DE\" \/>\n<meta property=\"og:type\" content=\"article\" \/>\n<meta property=\"og:title\" content=\"Streuobstwiesen-Apfelsaft\" \/>\n<meta property=\"og:description\" content=\"Apfelsaft von Streuobstwiesen aus der Region Elm-Lappwald\" \/>\n<meta property=\"og:url\" content=\"https:\/\/www.naturparkmagazin.de\/vdn\/streuobstwiesen-apfelsaft\/\" \/>\n<meta property=\"og:site_name\" content=\"Verband Deutscher Naturparke\" \/>\n<meta property=\"article:published_time\" content=\"2019-09-30T14:34:23+00:00\" \/>\n<meta property=\"article:modified_time\" content=\"2019-11-13T13:42:59+00:00\" \/>\n<meta property=\"og:image\" content=\"https:\/\/www.naturparkmagazin.de\/vdn\/wp-content\/uploads\/sites\/3\/074-ps-2-skalbf1.jpg\" \/>\n\t<meta property=\"og:image:width\" content=\"200\" \/>\n\t<meta property=\"og:image:height\" content=\"200\" \/>\n\t<meta property=\"og:image:type\" content=\"image\/jpeg\" \/>\n<meta name=\"author\" content=\"manuelamerz\" \/>\n<meta name=\"twitter:label1\" content=\"Verfasst von\" \/>\n\t<meta name=\"twitter:data1\" content=\"manuelamerz\" \/>\n\t<meta name=\"twitter:label2\" content=\"Gesch\u00e4tzte Lesezeit\" \/>\n\t<meta name=\"twitter:data2\" content=\"1\u00a0Minute\" \/>\n<script type=\"application\/ld+json\" class=\"yoast-schema-graph\">{\"@context\":\"https:\/\/schema.org\",\"@graph\":[{\"@type\":\"WebPage\",\"@id\":\"https:\/\/www.naturparkmagazin.de\/vdn\/streuobstwiesen-apfelsaft\/\",\"url\":\"https:\/\/www.naturparkmagazin.de\/vdn\/streuobstwiesen-apfelsaft\/\",\"name\":\"Streuobstwiesen-Apfelsaft\",\"isPartOf\":{\"@id\":\"https:\/\/www.naturparkmagazin.de\/vdn\/#website\"},\"datePublished\":\"2019-09-30T14:34:23+00:00\",\"dateModified\":\"2019-11-13T13:42:59+00:00\",\"author\":{\"@id\":\"https:\/\/www.naturparkmagazin.de\/vdn\/#\/schema\/person\/3cff9b8773ed55f0189255fa9adfd57c\"},\"description\":\"Apfelsaft von Streuobstwiesen aus der Region Elm-Lappwald\",\"breadcrumb\":{\"@id\":\"https:\/\/www.naturparkmagazin.de\/vdn\/streuobstwiesen-apfelsaft\/#breadcrumb\"},\"inLanguage\":\"de\",\"potentialAction\":[{\"@type\":\"ReadAction\",\"target\":[\"https:\/\/www.naturparkmagazin.de\/vdn\/streuobstwiesen-apfelsaft\/\"]}]},{\"@type\":\"BreadcrumbList\",\"@id\":\"https:\/\/www.naturparkmagazin.de\/vdn\/streuobstwiesen-apfelsaft\/#breadcrumb\",\"itemListElement\":[{\"@type\":\"ListItem\",\"position\":1,\"name\":\"Home\",\"item\":\"https:\/\/www.naturparkmagazin.de\/vdn\/\"},{\"@type\":\"ListItem\",\"position\":2,\"name\":\"Streuobstwiesen-Apfelsaft\"}]},{\"@type\":\"WebSite\",\"@id\":\"https:\/\/www.naturparkmagazin.de\/vdn\/#website\",\"url\":\"https:\/\/www.naturparkmagazin.de\/vdn\/\",\"name\":\"Verband Deutscher Naturparke\",\"description\":\"Eine weitere Naturparkmagazin.de Netzwerk Seite\",\"potentialAction\":[{\"@type\":\"SearchAction\",\"target\":{\"@type\":\"EntryPoint\",\"urlTemplate\":\"https:\/\/www.naturparkmagazin.de\/vdn\/?s={search_term_string}\"},\"query-input\":\"required name=search_term_string\"}],\"inLanguage\":\"de\"},{\"@type\":\"Person\",\"@id\":\"https:\/\/www.naturparkmagazin.de\/vdn\/#\/schema\/person\/3cff9b8773ed55f0189255fa9adfd57c\",\"name\":\"manuelamerz\",\"url\":\"https:\/\/www.naturparkmagazin.de\/vdn\/author\/manuelamerz\/\"}]}<\/script>\n<!-- \/ Yoast SEO plugin. -->","yoast_head_json":{"title":"Streuobstwiesen-Apfelsaft","description":"Apfelsaft von Streuobstwiesen aus der Region Elm-Lappwald","robots":{"index":"index","follow":"follow","max-snippet":"max-snippet:-1","max-image-preview":"max-image-preview:large","max-video-preview":"max-video-preview:-1"},"canonical":"https:\/\/www.naturparkmagazin.de\/vdn\/streuobstwiesen-apfelsaft\/","og_locale":"de_DE","og_type":"article","og_title":"Streuobstwiesen-Apfelsaft","og_description":"Apfelsaft von Streuobstwiesen aus der Region Elm-Lappwald","og_url":"https:\/\/www.naturparkmagazin.de\/vdn\/streuobstwiesen-apfelsaft\/","og_site_name":"Verband Deutscher Naturparke","article_published_time":"2019-09-30T14:34:23+00:00","article_modified_time":"2019-11-13T13:42:59+00:00","og_image":[{"width":200,"height":200,"url":"https:\/\/www.naturparkmagazin.de\/vdn\/wp-content\/uploads\/sites\/3\/074-ps-2-skalbf1.jpg","type":"image\/jpeg"}],"author":"manuelamerz","twitter_misc":{"Verfasst von":"manuelamerz","Gesch\u00e4tzte Lesezeit":"1\u00a0Minute"},"schema":{"@context":"https:\/\/schema.org","@graph":[{"@type":"WebPage","@id":"https:\/\/www.naturparkmagazin.de\/vdn\/streuobstwiesen-apfelsaft\/","url":"https:\/\/www.naturparkmagazin.de\/vdn\/streuobstwiesen-apfelsaft\/","name":"Streuobstwiesen-Apfelsaft","isPartOf":{"@id":"https:\/\/www.naturparkmagazin.de\/vdn\/#website"},"datePublished":"2019-09-30T14:34:23+00:00","dateModified":"2019-11-13T13:42:59+00:00","author":{"@id":"https:\/\/www.naturparkmagazin.de\/vdn\/#\/schema\/person\/3cff9b8773ed55f0189255fa9adfd57c"},"description":"Apfelsaft von Streuobstwiesen aus der Region Elm-Lappwald","breadcrumb":{"@id":"https:\/\/www.naturparkmagazin.de\/vdn\/streuobstwiesen-apfelsaft\/#breadcrumb"},"inLanguage":"de","potentialAction":[{"@type":"ReadAction","target":["https:\/\/www.naturparkmagazin.de\/vdn\/streuobstwiesen-apfelsaft\/"]}]},{"@type":"BreadcrumbList","@id":"https:\/\/www.naturparkmagazin.de\/vdn\/streuobstwiesen-apfelsaft\/#breadcrumb","itemListElement":[{"@type":"ListItem","position":1,"name":"Home","item":"https:\/\/www.naturparkmagazin.de\/vdn\/"},{"@type":"ListItem","position":2,"name":"Streuobstwiesen-Apfelsaft"}]},{"@type":"WebSite","@id":"https:\/\/www.naturparkmagazin.de\/vdn\/#website","url":"https:\/\/www.naturparkmagazin.de\/vdn\/","name":"Verband Deutscher Naturparke","description":"Eine weitere Naturparkmagazin.de Netzwerk Seite","potentialAction":[{"@type":"SearchAction","target":{"@type":"EntryPoint","urlTemplate":"https:\/\/www.naturparkmagazin.de\/vdn\/?s={search_term_string}"},"query-input":"required name=search_term_string"}],"inLanguage":"de"},{"@type":"Person","@id":"https:\/\/www.naturparkmagazin.de\/vdn\/#\/schema\/person\/3cff9b8773ed55f0189255fa9adfd57c","name":"manuelamerz","url":"https:\/\/www.naturparkmagazin.de\/vdn\/author\/manuelamerz\/"}]}},"_links":{"self":[{"href":"https:\/\/www.naturparkmagazin.de\/vdn\/wp-json\/wp\/v2\/posts\/11773"}],"collection":[{"href":"https:\/\/www.naturparkmagazin.de\/vdn\/wp-json\/wp\/v2\/posts"}],"about":[{"href":"https:\/\/www.naturparkmagazin.de\/vdn\/wp-json\/wp\/v2\/types\/post"}],"author":[{"embeddable":true,"href":"https:\/\/www.naturparkmagazin.de\/vdn\/wp-json\/wp\/v2\/users\/73"}],"replies":[{"embeddable":true,"href":"https:\/\/www.naturparkmagazin.de\/vdn\/wp-json\/wp\/v2\/comments?post=11773"}],"version-history":[{"count":1,"href":"https:\/\/www.naturparkmagazin.de\/vdn\/wp-json\/wp\/v2\/posts\/11773\/revisions"}],"predecessor-version":[{"id":11776,"href":"https:\/\/www.naturparkmagazin.de\/vdn\/wp-json\/wp\/v2\/posts\/11773\/revisions\/11776"}],"wp:featuredmedia":[{"embeddable":true,"href":"https:\/\/www.naturparkmagazin.de\/vdn\/wp-json\/wp\/v2\/media\/11774"}],"wp:attachment":[{"href":"https:\/\/www.naturparkmagazin.de\/vdn\/wp-json\/wp\/v2\/media?parent=11773"}],"wp:term":[{"taxonomy":"category","embeddable":true,"href":"https:\/\/www.naturparkmagazin.de\/vdn\/wp-json\/wp\/v2\/categories?post=11773"},{"taxonomy":"post_tag","embeddable":true,"href":"https:\/\/www.naturparkmagazin.de\/vdn\/wp-json\/wp\/v2\/tags?post=11773"}],"curies":[{"name":"wp","href":"https:\/\/api.w.org\/{rel}","templated":true}]}}