{"id":11781,"date":"2019-09-30T16:55:08","date_gmt":"2019-09-30T14:55:08","guid":{"rendered":"https:\/\/www.naturparkmagazin.de\/vdn\/?p=11781"},"modified":"2019-11-13T14:42:30","modified_gmt":"2019-11-13T13:42:30","slug":"die-kaiser-lothar-linde","status":"publish","type":"post","link":"https:\/\/www.naturparkmagazin.de\/vdn\/die-kaiser-lothar-linde\/","title":{"rendered":"Die Kaiser-Lothar-Linde"},"content":{"rendered":"<div id=\"attachment_11782\" style=\"width: 310px\" class=\"wp-caption alignnone\"><a href=\"https:\/\/www.naturparkmagazin.de\/vdn\/wp-content\/uploads\/sites\/3\/Kaiser-Lothar-Linde-VDN-Newsletter-Portrait-Kopieb.jpg\"><img aria-describedby=\"caption-attachment-11782\" decoding=\"async\" loading=\"lazy\" class=\"size-full wp-image-11782\" src=\"https:\/\/www.naturparkmagazin.de\/vdn\/wp-content\/uploads\/sites\/3\/Kaiser-Lothar-Linde-VDN-Newsletter-Portrait-Kopieb.jpg\" alt=\"Kaiser-Lothar-Linde \u00a9 Naturpark Elm-Lappwald\" width=\"300\" height=\"500\" srcset=\"https:\/\/www.naturparkmagazin.de\/vdn\/wp-content\/uploads\/sites\/3\/Kaiser-Lothar-Linde-VDN-Newsletter-Portrait-Kopieb.jpg 300w, https:\/\/www.naturparkmagazin.de\/vdn\/wp-content\/uploads\/sites\/3\/Kaiser-Lothar-Linde-VDN-Newsletter-Portrait-Kopieb-200x333.jpg 200w\" sizes=\"(max-width: 300px) 100vw, 300px\" \/><\/a><p id=\"caption-attachment-11782\" class=\"wp-caption-text\">Kaiser-Lothar-Linde \u00a9 Naturpark Elm-Lappwald<\/p><\/div>\n<p>Die \u201eKaiser-Lothar-Linde\u201c ist ein \u00fcberregional bedeutsamer Baum mit einem gesch\u00e4tzten Alter von 800-1000 Jahren. Nach \u00dcberlieferungen soll der Baum zur Zeit der Grundsteinlegung des Kaiserdoms im Jahr 1135 von Kaiser Lothar selbst gepflanzt worden sein, denn im Mittelalter war das Pflanzen einer Linde bei besonderen Anl\u00e4ssen \u00fcblich.<\/p>\n<p>&nbsp;<\/p>\n<p>M\u00fcndlichen \u00dcberlieferungen zufolge, wurde der Bereich um die Linde in fr\u00fcheren Zeiten als Gerichtsplatz genutzt.<\/p>\n<p>&nbsp;<\/p>\n<p>Die Linde hat einen Stammdurchmesser von etwa 4,50 m und einen Stammumfang von ca. 13 m. Die m\u00e4chtige Krone weist einen Durchmesser von etwa 26 m auf und ist ca. 22 m hoch. Diese Ma\u00dfe werden nur von ganz wenigen Linden in Deutschland \u00fcbertroffen.<\/p>\n<p>&nbsp;<\/p>\n<p>Der ehrw\u00fcrdige Baum ist in Fachkreisen bekannt und wird in vielen Werken erw\u00e4hnt. Weitere Hinweise zur Kaiser-Lothar-Linde sind in dem Buch \u201eDie merkw\u00fcrdigsten B\u00e4ume der Erde\u201c zu finden, in dem 600 B\u00e4ume aus aller Welt beschrieben werden.<\/p>\n<p>&nbsp;<\/p>\n<p>Trotz ihres hohen Alters ist die Linde vital, kr\u00e4ftig im Wuchs und verzeichnet einen j\u00e4hrlichen Kronenzuwachs. Um diesen Zustand zu erhalten, werden an dem besonderen Baum regelm\u00e4\u00dfig sorgf\u00e4ltige Pflegema\u00dfnahmen durchgef\u00fchrt, wie z. B. Kronenschnitt, Entfernung von pilzbefallenem Holz und Erhaltungsd\u00fcngungen.<\/p>\n<p>&nbsp;<\/p>\n<p>Wegen ihrer Bedeutung f\u00fcr Wissenschaft, Natur- und Heimatkunde wurde diese Linde als Naturdenkmal ausgewiesen.<\/p>\n<p>&nbsp;<\/p>\n<p>&nbsp;<\/p>\n<p><strong>\u00a0<\/strong><\/p>\n","protected":false},"excerpt":{"rendered":"<p>Gleich hinter dem imposanten romanischen Kaiserdom in K\u00f6nigslutter &#8211; nat\u00fcrlich ein Muss bei einem Besuch des Naturparks \u2013 streckt ein besonderes Naturdenkmal seine gewaltige Krone in den Himmel: Die Kaiser-Lothar-Linde<\/p>\n","protected":false},"author":73,"featured_media":11783,"comment_status":"open","ping_status":"open","sticky":false,"template":"","format":"standard","meta":{"_links_to":"","_links_to_target":""},"categories":[8],"tags":[],"yoast_head":"<!-- This site is optimized with the Yoast SEO plugin v19.10 - https:\/\/yoast.com\/wordpress\/plugins\/seo\/ -->\n<title>Die Kaiser-Lothar-Linde<\/title>\n<meta name=\"description\" content=\"Gleich hinter dem imposanten romanischen Kaiserdom in K\u00f6nigslutter - nat\u00fcrlich ein Muss bei einem Besuch des Naturparks \u2013 streckt ein besonderes Naturdenkmal seine gewaltige Krone in den Himmel: Die Kaiser-Lothar-Linde\" \/>\n<meta name=\"robots\" content=\"index, follow, max-snippet:-1, max-image-preview:large, max-video-preview:-1\" \/>\n<link rel=\"canonical\" href=\"https:\/\/www.naturparkmagazin.de\/vdn\/die-kaiser-lothar-linde\/\" \/>\n<meta property=\"og:locale\" content=\"de_DE\" \/>\n<meta property=\"og:type\" content=\"article\" \/>\n<meta property=\"og:title\" content=\"Die Kaiser-Lothar-Linde\" \/>\n<meta property=\"og:description\" content=\"Gleich hinter dem imposanten romanischen Kaiserdom in K\u00f6nigslutter - nat\u00fcrlich ein Muss bei einem Besuch des Naturparks \u2013 streckt ein besonderes Naturdenkmal seine gewaltige Krone in den Himmel: Die Kaiser-Lothar-Linde\" \/>\n<meta property=\"og:url\" content=\"https:\/\/www.naturparkmagazin.de\/vdn\/die-kaiser-lothar-linde\/\" \/>\n<meta property=\"og:site_name\" content=\"Verband Deutscher Naturparke\" \/>\n<meta property=\"article:published_time\" content=\"2019-09-30T14:55:08+00:00\" \/>\n<meta property=\"article:modified_time\" content=\"2019-11-13T13:42:30+00:00\" \/>\n<meta property=\"og:image\" content=\"https:\/\/www.naturparkmagazin.de\/vdn\/wp-content\/uploads\/sites\/3\/Kaiser-Lothar-Linde-VDN-Newsletter-Portrait-Kopiebf.jpg\" \/>\n\t<meta property=\"og:image:width\" content=\"200\" \/>\n\t<meta property=\"og:image:height\" content=\"200\" \/>\n\t<meta property=\"og:image:type\" content=\"image\/jpeg\" \/>\n<meta name=\"author\" content=\"manuelamerz\" \/>\n<meta name=\"twitter:label1\" content=\"Verfasst von\" \/>\n\t<meta name=\"twitter:data1\" content=\"manuelamerz\" \/>\n\t<meta name=\"twitter:label2\" content=\"Gesch\u00e4tzte Lesezeit\" \/>\n\t<meta name=\"twitter:data2\" content=\"1\u00a0Minute\" \/>\n<script type=\"application\/ld+json\" class=\"yoast-schema-graph\">{\"@context\":\"https:\/\/schema.org\",\"@graph\":[{\"@type\":\"WebPage\",\"@id\":\"https:\/\/www.naturparkmagazin.de\/vdn\/die-kaiser-lothar-linde\/\",\"url\":\"https:\/\/www.naturparkmagazin.de\/vdn\/die-kaiser-lothar-linde\/\",\"name\":\"Die Kaiser-Lothar-Linde\",\"isPartOf\":{\"@id\":\"https:\/\/www.naturparkmagazin.de\/vdn\/#website\"},\"datePublished\":\"2019-09-30T14:55:08+00:00\",\"dateModified\":\"2019-11-13T13:42:30+00:00\",\"author\":{\"@id\":\"https:\/\/www.naturparkmagazin.de\/vdn\/#\/schema\/person\/3cff9b8773ed55f0189255fa9adfd57c\"},\"description\":\"Gleich hinter dem imposanten romanischen Kaiserdom in K\u00f6nigslutter - nat\u00fcrlich ein Muss bei einem Besuch des Naturparks \u2013 streckt ein besonderes Naturdenkmal seine gewaltige Krone in den Himmel: Die Kaiser-Lothar-Linde\",\"breadcrumb\":{\"@id\":\"https:\/\/www.naturparkmagazin.de\/vdn\/die-kaiser-lothar-linde\/#breadcrumb\"},\"inLanguage\":\"de\",\"potentialAction\":[{\"@type\":\"ReadAction\",\"target\":[\"https:\/\/www.naturparkmagazin.de\/vdn\/die-kaiser-lothar-linde\/\"]}]},{\"@type\":\"BreadcrumbList\",\"@id\":\"https:\/\/www.naturparkmagazin.de\/vdn\/die-kaiser-lothar-linde\/#breadcrumb\",\"itemListElement\":[{\"@type\":\"ListItem\",\"position\":1,\"name\":\"Home\",\"item\":\"https:\/\/www.naturparkmagazin.de\/vdn\/\"},{\"@type\":\"ListItem\",\"position\":2,\"name\":\"Die Kaiser-Lothar-Linde\"}]},{\"@type\":\"WebSite\",\"@id\":\"https:\/\/www.naturparkmagazin.de\/vdn\/#website\",\"url\":\"https:\/\/www.naturparkmagazin.de\/vdn\/\",\"name\":\"Verband Deutscher Naturparke\",\"description\":\"Eine weitere Naturparkmagazin.de Netzwerk Seite\",\"potentialAction\":[{\"@type\":\"SearchAction\",\"target\":{\"@type\":\"EntryPoint\",\"urlTemplate\":\"https:\/\/www.naturparkmagazin.de\/vdn\/?s={search_term_string}\"},\"query-input\":\"required name=search_term_string\"}],\"inLanguage\":\"de\"},{\"@type\":\"Person\",\"@id\":\"https:\/\/www.naturparkmagazin.de\/vdn\/#\/schema\/person\/3cff9b8773ed55f0189255fa9adfd57c\",\"name\":\"manuelamerz\",\"url\":\"https:\/\/www.naturparkmagazin.de\/vdn\/author\/manuelamerz\/\"}]}<\/script>\n<!-- \/ Yoast SEO plugin. -->","yoast_head_json":{"title":"Die Kaiser-Lothar-Linde","description":"Gleich hinter dem imposanten romanischen Kaiserdom in K\u00f6nigslutter - nat\u00fcrlich ein Muss bei einem Besuch des Naturparks \u2013 streckt ein besonderes Naturdenkmal seine gewaltige Krone in den Himmel: Die Kaiser-Lothar-Linde","robots":{"index":"index","follow":"follow","max-snippet":"max-snippet:-1","max-image-preview":"max-image-preview:large","max-video-preview":"max-video-preview:-1"},"canonical":"https:\/\/www.naturparkmagazin.de\/vdn\/die-kaiser-lothar-linde\/","og_locale":"de_DE","og_type":"article","og_title":"Die Kaiser-Lothar-Linde","og_description":"Gleich hinter dem imposanten romanischen Kaiserdom in K\u00f6nigslutter - nat\u00fcrlich ein Muss bei einem Besuch des Naturparks \u2013 streckt ein besonderes Naturdenkmal seine gewaltige Krone in den Himmel: Die Kaiser-Lothar-Linde","og_url":"https:\/\/www.naturparkmagazin.de\/vdn\/die-kaiser-lothar-linde\/","og_site_name":"Verband Deutscher Naturparke","article_published_time":"2019-09-30T14:55:08+00:00","article_modified_time":"2019-11-13T13:42:30+00:00","og_image":[{"width":200,"height":200,"url":"https:\/\/www.naturparkmagazin.de\/vdn\/wp-content\/uploads\/sites\/3\/Kaiser-Lothar-Linde-VDN-Newsletter-Portrait-Kopiebf.jpg","type":"image\/jpeg"}],"author":"manuelamerz","twitter_misc":{"Verfasst von":"manuelamerz","Gesch\u00e4tzte Lesezeit":"1\u00a0Minute"},"schema":{"@context":"https:\/\/schema.org","@graph":[{"@type":"WebPage","@id":"https:\/\/www.naturparkmagazin.de\/vdn\/die-kaiser-lothar-linde\/","url":"https:\/\/www.naturparkmagazin.de\/vdn\/die-kaiser-lothar-linde\/","name":"Die Kaiser-Lothar-Linde","isPartOf":{"@id":"https:\/\/www.naturparkmagazin.de\/vdn\/#website"},"datePublished":"2019-09-30T14:55:08+00:00","dateModified":"2019-11-13T13:42:30+00:00","author":{"@id":"https:\/\/www.naturparkmagazin.de\/vdn\/#\/schema\/person\/3cff9b8773ed55f0189255fa9adfd57c"},"description":"Gleich hinter dem imposanten romanischen Kaiserdom in K\u00f6nigslutter - nat\u00fcrlich ein Muss bei einem Besuch des Naturparks \u2013 streckt ein besonderes Naturdenkmal seine gewaltige Krone in den Himmel: Die Kaiser-Lothar-Linde","breadcrumb":{"@id":"https:\/\/www.naturparkmagazin.de\/vdn\/die-kaiser-lothar-linde\/#breadcrumb"},"inLanguage":"de","potentialAction":[{"@type":"ReadAction","target":["https:\/\/www.naturparkmagazin.de\/vdn\/die-kaiser-lothar-linde\/"]}]},{"@type":"BreadcrumbList","@id":"https:\/\/www.naturparkmagazin.de\/vdn\/die-kaiser-lothar-linde\/#breadcrumb","itemListElement":[{"@type":"ListItem","position":1,"name":"Home","item":"https:\/\/www.naturparkmagazin.de\/vdn\/"},{"@type":"ListItem","position":2,"name":"Die Kaiser-Lothar-Linde"}]},{"@type":"WebSite","@id":"https:\/\/www.naturparkmagazin.de\/vdn\/#website","url":"https:\/\/www.naturparkmagazin.de\/vdn\/","name":"Verband Deutscher Naturparke","description":"Eine weitere Naturparkmagazin.de Netzwerk Seite","potentialAction":[{"@type":"SearchAction","target":{"@type":"EntryPoint","urlTemplate":"https:\/\/www.naturparkmagazin.de\/vdn\/?s={search_term_string}"},"query-input":"required name=search_term_string"}],"inLanguage":"de"},{"@type":"Person","@id":"https:\/\/www.naturparkmagazin.de\/vdn\/#\/schema\/person\/3cff9b8773ed55f0189255fa9adfd57c","name":"manuelamerz","url":"https:\/\/www.naturparkmagazin.de\/vdn\/author\/manuelamerz\/"}]}},"_links":{"self":[{"href":"https:\/\/www.naturparkmagazin.de\/vdn\/wp-json\/wp\/v2\/posts\/11781"}],"collection":[{"href":"https:\/\/www.naturparkmagazin.de\/vdn\/wp-json\/wp\/v2\/posts"}],"about":[{"href":"https:\/\/www.naturparkmagazin.de\/vdn\/wp-json\/wp\/v2\/types\/post"}],"author":[{"embeddable":true,"href":"https:\/\/www.naturparkmagazin.de\/vdn\/wp-json\/wp\/v2\/users\/73"}],"replies":[{"embeddable":true,"href":"https:\/\/www.naturparkmagazin.de\/vdn\/wp-json\/wp\/v2\/comments?post=11781"}],"version-history":[{"count":1,"href":"https:\/\/www.naturparkmagazin.de\/vdn\/wp-json\/wp\/v2\/posts\/11781\/revisions"}],"predecessor-version":[{"id":11784,"href":"https:\/\/www.naturparkmagazin.de\/vdn\/wp-json\/wp\/v2\/posts\/11781\/revisions\/11784"}],"wp:featuredmedia":[{"embeddable":true,"href":"https:\/\/www.naturparkmagazin.de\/vdn\/wp-json\/wp\/v2\/media\/11783"}],"wp:attachment":[{"href":"https:\/\/www.naturparkmagazin.de\/vdn\/wp-json\/wp\/v2\/media?parent=11781"}],"wp:term":[{"taxonomy":"category","embeddable":true,"href":"https:\/\/www.naturparkmagazin.de\/vdn\/wp-json\/wp\/v2\/categories?post=11781"},{"taxonomy":"post_tag","embeddable":true,"href":"https:\/\/www.naturparkmagazin.de\/vdn\/wp-json\/wp\/v2\/tags?post=11781"}],"curies":[{"name":"wp","href":"https:\/\/api.w.org\/{rel}","templated":true}]}}