{"id":11790,"date":"2019-09-12T11:00:13","date_gmt":"2019-09-12T09:00:13","guid":{"rendered":"https:\/\/www.naturparkmagazin.de\/vdn\/?p=11790"},"modified":"2019-10-22T11:40:40","modified_gmt":"2019-10-22T09:40:40","slug":"qualitaet-hat-zukunft","status":"publish","type":"post","link":"https:\/\/www.naturparkmagazin.de\/vdn\/qualitaet-hat-zukunft\/","title":{"rendered":"\u201eQualit\u00e4t hat Zukunft\u201c"},"content":{"rendered":"<div id=\"attachment_11791\" style=\"width: 510px\" class=\"wp-caption alignnone\"><a href=\"https:\/\/www.naturparkmagazin.de\/vdn\/wp-content\/uploads\/sites\/3\/IMG_0139_Beitrag.jpg\"><img aria-describedby=\"caption-attachment-11791\" decoding=\"async\" loading=\"lazy\" class=\"size-full wp-image-11791\" src=\"https:\/\/www.naturparkmagazin.de\/vdn\/wp-content\/uploads\/sites\/3\/IMG_0139_Beitrag.jpg\" alt=\"Auszeichnung Qualit\u00e4tsoffensive \u00a9 VDN \/ J\u00f6rg Liesen\" width=\"500\" height=\"300\" srcset=\"https:\/\/www.naturparkmagazin.de\/vdn\/wp-content\/uploads\/sites\/3\/IMG_0139_Beitrag.jpg 500w, https:\/\/www.naturparkmagazin.de\/vdn\/wp-content\/uploads\/sites\/3\/IMG_0139_Beitrag-300x180.jpg 300w, https:\/\/www.naturparkmagazin.de\/vdn\/wp-content\/uploads\/sites\/3\/IMG_0139_Beitrag-200x120.jpg 200w\" sizes=\"(max-width: 500px) 100vw, 500px\" \/><\/a><p id=\"caption-attachment-11791\" class=\"wp-caption-text\">Auszeichnung Qualit\u00e4tsoffensive \u00a9 VDN \/ J\u00f6rg Liesen<\/p><\/div>\n<div class=\"news-text-wrap\">\n<p><em>Von links nach rechts: Gunnar Heyne, Gesch\u00e4ftsf\u00fchrer Naturpark Dahme-Heideseen; Sandra Barisch, Gesch\u00e4ftsf\u00fchrerin Naturpark Steigerwald; Staatssekret\u00e4rin Friedlinde Gurr-Hirsch; Dr. Andreas Sch\u00fcller und Julia Franzen, Natur- und Geopark Vulkaneifel; Annika Ludolph, Naturpark Habichtswald; Bernhard Drixler, Gesch\u00e4ftsf\u00fchrer Naturpark Schw\u00e4bisch-Fr\u00e4nkischer Wald; Armin Hafner, Naturpark Obere Donau; Petra Meindl, Gesch\u00e4ftsf\u00fchrerin Naturpark Oberer Bayerischer Wald; Friedel Heuwinkel, Pr\u00e4sident Verband Deutscher Naturparke.<\/em><\/p>\n<p>&nbsp;<\/p>\n<\/div>\n<p>Neun Naturparke wurden am 19. September 2019 im Rahmen der \u201eQualit\u00e4tsoffensive Naturparke\u201c am Er\u00f6ffnungsabend des Deutschen Naturpark-Tages 2019 im Naturpark Schw\u00e4bisch-Fr\u00e4nkischer Wald ausgezeichnet. Die Auszeichnung wurde vom Pr\u00e4sidenten des Verbandes Deutscher Naturparke (VDN), Friedel Heuwinkel, vorgenommen.<\/p>\n<p>\u201eDer VDN ist das Netzwerk f\u00fcr die deutschen Naturparke und unterst\u00fctzt seine Mitglieder auf vielf\u00e4ltige Weise bei der Weiterentwicklung ihrer Arbeit. Der pers\u00f6nliche Austausch, wie hier auf dem Deutschen Naturpark-Tag, ist besonders wichtig daf\u00fcr, dass die Naturparke ihre Erfahrungen austauschen und voneinander lernen&#8220;, betonte Heuwinkel in seiner Begr\u00fc\u00dfungsrede.<\/p>\n<p>Als \u201eQualit\u00e4ts-Naturpark\u201c wurden die Naturparke Dahme-Heideseen (Brandenburg), Habichtswald (Hessen), Obere Donau und Schw\u00e4bisch-Fr\u00e4nkischer Wald (Baden-W\u00fcrttemberg), Solling-Vogler (Niedersachsen), Steigerwald und Oberer Bayerische Wald (Bayern) und der Natur- und Geopark Vulkaneifel (Rheinland-Pfalz) ausgezeichnet. Der erst 2010 gegr\u00fcndete Naturpark S\u00fcdharz (Th\u00fcringen) erh\u00e4lt die Auszeichnung \u201ePartner Qualit\u00e4tsoffensive Naturparke\u201c.<\/p>\n<p>Die an der Qualit\u00e4tsoffensive Naturparke teilnehmenden Naturparke beantworten rund 100 Fragen zu ihrer Arbeit, die sich in die f\u00fcnf Handlungsfelder \u201eManagement und Organisation\u201c, \u201eNaturschutz und Landschaftspflege\u201c, \u201eErholung und nachhaltiger Tourismus\u201c, \u201eBildung und Kommunikation\u201c sowie \u201eNachhaltige Regionalentwicklung\u201c untergliedern. Jeder teilnehmende Naturpark wird im Anschluss von einem so genannten \u201eQualit\u00e4ts-Scout\u201c bereist, evaluiert und beraten. Um die Auszeichnung \u201eQualit\u00e4ts-Naturpark\u201c zu erhalten, muss ein Naturpark 250 von 500 m\u00f6glichen Punkten erreichen. Wird diese Punktzahl nicht erreicht, ist der Naturpark ein \u201ePartner der Qualit\u00e4tsoffensive Naturparke\u201c. Die Auszeichnung ist f\u00fcr f\u00fcnf Jahre g\u00fcltig. Danach m\u00fcssen sich die Naturparke erneut in dem Evaluationsverfahren qualifizieren.<\/p>\n<p>Die \u201eQualit\u00e4tsoffensive Naturparke\u201c hat der VDN mit Unterst\u00fctzung des Bundesamtes f\u00fcr Naturschutz mit Mitteln des Bundesumweltministeriums entwickelt und im \u201eJahr der Naturparke\u201c 2006 gestartet. Sie unterst\u00fctzt die Naturparke in ihren Aufgabenbereichen Naturschutz, nachhaltiger Tourismus, Umweltbildung sowie nachhaltige Regionalentwicklung. Eine st\u00e4ndig weiter steigende Qualit\u00e4t der Arbeit und Angebote der Naturparke ist ebenso das Ziel wie eine bessere Unterst\u00fctzung ihrer Arbeit in Gesellschaft, Wirtschaft und Politik. Insgesamt tragen jetzt 77 der 104 Naturparke in Deutschland das Siegel \u201eQualit\u00e4ts-Naturpark\u201c, acht Naturparke sind als \u201ePartner Qualit\u00e4tsoffensive Naturparke\u201c ausgezeichnet.\u201c.<\/p>\n<p>Gastgeber des diesj\u00e4hrigen Deutschen Naturpark-Tages war anl\u00e4sslich seines 40-j\u00e4hrigen Bestehens der Naturpark Schw\u00e4bisch-Fr\u00e4nkischer Wald.<\/p>\n<p>&nbsp;<\/p>\n<p>&gt;&gt; <a href=\"https:\/\/www.naturparke.de\/index.php?id=156&amp;no_cache=1&amp;tx_news_pi1%5Bnews_preview%5D=86&amp;tx_news_pi1%5Bcontroller%5D=News&amp;tx_news_pi1%5Baction%5D=detail\" target=\"_blank\">Hier<\/a> k\u00f6nnen Sie die Pressemitteilung anschauen<\/p>\n<p>&nbsp;<\/p>\n<p>&gt;&gt; <a href=\"https:\/\/www.naturparke.de\/aufgaben-ziele\/management\/qualitaetsoffensive-naturparke.html\" target=\"_blank\">Hier<\/a> erhalten Sie weitere Informationen zur \u201eQualit\u00e4tsoffensive Naturparke\u201c<\/p>\n<p>&nbsp;<\/p>\n<p>&nbsp;<\/p>\n","protected":false},"excerpt":{"rendered":"<p>Neun Naturparke wurden am 19. September auf dem Deutschen Naturpark-Tag 2019 im Rahmen der Qualit\u00e4tsoffensive Naturparke ausgezeichnet.<\/p>\n","protected":false},"author":73,"featured_media":11792,"comment_status":"open","ping_status":"open","sticky":false,"template":"","format":"standard","meta":{"_links_to":"","_links_to_target":""},"categories":[7],"tags":[643,41],"yoast_head":"<!-- This site is optimized with the Yoast SEO plugin v19.10 - https:\/\/yoast.com\/wordpress\/plugins\/seo\/ -->\n<title>\u201eQualit\u00e4t hat Zukunft\u201c<\/title>\n<meta name=\"description\" content=\"Neun Naturparke wurden am 19. September auf dem Deutschen Naturpark-Tag 2019 im Rahmen der Qualit\u00e4tsoffensive Naturparke ausgezeichnet.\" \/>\n<meta name=\"robots\" content=\"index, follow, max-snippet:-1, max-image-preview:large, max-video-preview:-1\" \/>\n<link rel=\"canonical\" href=\"https:\/\/www.naturparkmagazin.de\/vdn\/qualitaet-hat-zukunft\/\" \/>\n<meta property=\"og:locale\" content=\"de_DE\" \/>\n<meta property=\"og:type\" content=\"article\" \/>\n<meta property=\"og:title\" content=\"\u201eQualit\u00e4t hat Zukunft\u201c\" \/>\n<meta property=\"og:description\" content=\"Neun Naturparke wurden am 19. September auf dem Deutschen Naturpark-Tag 2019 im Rahmen der Qualit\u00e4tsoffensive Naturparke ausgezeichnet.\" \/>\n<meta property=\"og:url\" content=\"https:\/\/www.naturparkmagazin.de\/vdn\/qualitaet-hat-zukunft\/\" \/>\n<meta property=\"og:site_name\" content=\"Verband Deutscher Naturparke\" \/>\n<meta property=\"article:published_time\" content=\"2019-09-12T09:00:13+00:00\" \/>\n<meta property=\"article:modified_time\" content=\"2019-10-22T09:40:40+00:00\" \/>\n<meta property=\"og:image\" content=\"https:\/\/www.naturparkmagazin.de\/vdn\/wp-content\/uploads\/sites\/3\/IMG_0139_Beitragsbild.jpg\" \/>\n\t<meta property=\"og:image:width\" content=\"200\" \/>\n\t<meta property=\"og:image:height\" content=\"200\" \/>\n\t<meta property=\"og:image:type\" content=\"image\/jpeg\" \/>\n<meta name=\"author\" content=\"manuelamerz\" \/>\n<meta name=\"twitter:label1\" content=\"Verfasst von\" \/>\n\t<meta name=\"twitter:data1\" content=\"manuelamerz\" \/>\n\t<meta name=\"twitter:label2\" content=\"Gesch\u00e4tzte Lesezeit\" \/>\n\t<meta name=\"twitter:data2\" content=\"2\u00a0Minuten\" \/>\n<script type=\"application\/ld+json\" class=\"yoast-schema-graph\">{\"@context\":\"https:\/\/schema.org\",\"@graph\":[{\"@type\":\"WebPage\",\"@id\":\"https:\/\/www.naturparkmagazin.de\/vdn\/qualitaet-hat-zukunft\/\",\"url\":\"https:\/\/www.naturparkmagazin.de\/vdn\/qualitaet-hat-zukunft\/\",\"name\":\"\u201eQualit\u00e4t hat Zukunft\u201c\",\"isPartOf\":{\"@id\":\"https:\/\/www.naturparkmagazin.de\/vdn\/#website\"},\"datePublished\":\"2019-09-12T09:00:13+00:00\",\"dateModified\":\"2019-10-22T09:40:40+00:00\",\"author\":{\"@id\":\"https:\/\/www.naturparkmagazin.de\/vdn\/#\/schema\/person\/3cff9b8773ed55f0189255fa9adfd57c\"},\"description\":\"Neun Naturparke wurden am 19. September auf dem Deutschen Naturpark-Tag 2019 im Rahmen der Qualit\u00e4tsoffensive Naturparke ausgezeichnet.\",\"breadcrumb\":{\"@id\":\"https:\/\/www.naturparkmagazin.de\/vdn\/qualitaet-hat-zukunft\/#breadcrumb\"},\"inLanguage\":\"de\",\"potentialAction\":[{\"@type\":\"ReadAction\",\"target\":[\"https:\/\/www.naturparkmagazin.de\/vdn\/qualitaet-hat-zukunft\/\"]}]},{\"@type\":\"BreadcrumbList\",\"@id\":\"https:\/\/www.naturparkmagazin.de\/vdn\/qualitaet-hat-zukunft\/#breadcrumb\",\"itemListElement\":[{\"@type\":\"ListItem\",\"position\":1,\"name\":\"Home\",\"item\":\"https:\/\/www.naturparkmagazin.de\/vdn\/\"},{\"@type\":\"ListItem\",\"position\":2,\"name\":\"\u201eQualit\u00e4t hat Zukunft\u201c\"}]},{\"@type\":\"WebSite\",\"@id\":\"https:\/\/www.naturparkmagazin.de\/vdn\/#website\",\"url\":\"https:\/\/www.naturparkmagazin.de\/vdn\/\",\"name\":\"Verband Deutscher Naturparke\",\"description\":\"Eine weitere Naturparkmagazin.de Netzwerk Seite\",\"potentialAction\":[{\"@type\":\"SearchAction\",\"target\":{\"@type\":\"EntryPoint\",\"urlTemplate\":\"https:\/\/www.naturparkmagazin.de\/vdn\/?s={search_term_string}\"},\"query-input\":\"required name=search_term_string\"}],\"inLanguage\":\"de\"},{\"@type\":\"Person\",\"@id\":\"https:\/\/www.naturparkmagazin.de\/vdn\/#\/schema\/person\/3cff9b8773ed55f0189255fa9adfd57c\",\"name\":\"manuelamerz\",\"url\":\"https:\/\/www.naturparkmagazin.de\/vdn\/author\/manuelamerz\/\"}]}<\/script>\n<!-- \/ Yoast SEO plugin. -->","yoast_head_json":{"title":"\u201eQualit\u00e4t hat Zukunft\u201c","description":"Neun Naturparke wurden am 19. September auf dem Deutschen Naturpark-Tag 2019 im Rahmen der Qualit\u00e4tsoffensive Naturparke ausgezeichnet.","robots":{"index":"index","follow":"follow","max-snippet":"max-snippet:-1","max-image-preview":"max-image-preview:large","max-video-preview":"max-video-preview:-1"},"canonical":"https:\/\/www.naturparkmagazin.de\/vdn\/qualitaet-hat-zukunft\/","og_locale":"de_DE","og_type":"article","og_title":"\u201eQualit\u00e4t hat Zukunft\u201c","og_description":"Neun Naturparke wurden am 19. September auf dem Deutschen Naturpark-Tag 2019 im Rahmen der Qualit\u00e4tsoffensive Naturparke ausgezeichnet.","og_url":"https:\/\/www.naturparkmagazin.de\/vdn\/qualitaet-hat-zukunft\/","og_site_name":"Verband Deutscher Naturparke","article_published_time":"2019-09-12T09:00:13+00:00","article_modified_time":"2019-10-22T09:40:40+00:00","og_image":[{"width":200,"height":200,"url":"https:\/\/www.naturparkmagazin.de\/vdn\/wp-content\/uploads\/sites\/3\/IMG_0139_Beitragsbild.jpg","type":"image\/jpeg"}],"author":"manuelamerz","twitter_misc":{"Verfasst von":"manuelamerz","Gesch\u00e4tzte Lesezeit":"2\u00a0Minuten"},"schema":{"@context":"https:\/\/schema.org","@graph":[{"@type":"WebPage","@id":"https:\/\/www.naturparkmagazin.de\/vdn\/qualitaet-hat-zukunft\/","url":"https:\/\/www.naturparkmagazin.de\/vdn\/qualitaet-hat-zukunft\/","name":"\u201eQualit\u00e4t hat Zukunft\u201c","isPartOf":{"@id":"https:\/\/www.naturparkmagazin.de\/vdn\/#website"},"datePublished":"2019-09-12T09:00:13+00:00","dateModified":"2019-10-22T09:40:40+00:00","author":{"@id":"https:\/\/www.naturparkmagazin.de\/vdn\/#\/schema\/person\/3cff9b8773ed55f0189255fa9adfd57c"},"description":"Neun Naturparke wurden am 19. September auf dem Deutschen Naturpark-Tag 2019 im Rahmen der Qualit\u00e4tsoffensive Naturparke ausgezeichnet.","breadcrumb":{"@id":"https:\/\/www.naturparkmagazin.de\/vdn\/qualitaet-hat-zukunft\/#breadcrumb"},"inLanguage":"de","potentialAction":[{"@type":"ReadAction","target":["https:\/\/www.naturparkmagazin.de\/vdn\/qualitaet-hat-zukunft\/"]}]},{"@type":"BreadcrumbList","@id":"https:\/\/www.naturparkmagazin.de\/vdn\/qualitaet-hat-zukunft\/#breadcrumb","itemListElement":[{"@type":"ListItem","position":1,"name":"Home","item":"https:\/\/www.naturparkmagazin.de\/vdn\/"},{"@type":"ListItem","position":2,"name":"\u201eQualit\u00e4t hat Zukunft\u201c"}]},{"@type":"WebSite","@id":"https:\/\/www.naturparkmagazin.de\/vdn\/#website","url":"https:\/\/www.naturparkmagazin.de\/vdn\/","name":"Verband Deutscher Naturparke","description":"Eine weitere Naturparkmagazin.de Netzwerk Seite","potentialAction":[{"@type":"SearchAction","target":{"@type":"EntryPoint","urlTemplate":"https:\/\/www.naturparkmagazin.de\/vdn\/?s={search_term_string}"},"query-input":"required name=search_term_string"}],"inLanguage":"de"},{"@type":"Person","@id":"https:\/\/www.naturparkmagazin.de\/vdn\/#\/schema\/person\/3cff9b8773ed55f0189255fa9adfd57c","name":"manuelamerz","url":"https:\/\/www.naturparkmagazin.de\/vdn\/author\/manuelamerz\/"}]}},"_links":{"self":[{"href":"https:\/\/www.naturparkmagazin.de\/vdn\/wp-json\/wp\/v2\/posts\/11790"}],"collection":[{"href":"https:\/\/www.naturparkmagazin.de\/vdn\/wp-json\/wp\/v2\/posts"}],"about":[{"href":"https:\/\/www.naturparkmagazin.de\/vdn\/wp-json\/wp\/v2\/types\/post"}],"author":[{"embeddable":true,"href":"https:\/\/www.naturparkmagazin.de\/vdn\/wp-json\/wp\/v2\/users\/73"}],"replies":[{"embeddable":true,"href":"https:\/\/www.naturparkmagazin.de\/vdn\/wp-json\/wp\/v2\/comments?post=11790"}],"version-history":[{"count":4,"href":"https:\/\/www.naturparkmagazin.de\/vdn\/wp-json\/wp\/v2\/posts\/11790\/revisions"}],"predecessor-version":[{"id":11815,"href":"https:\/\/www.naturparkmagazin.de\/vdn\/wp-json\/wp\/v2\/posts\/11790\/revisions\/11815"}],"wp:featuredmedia":[{"embeddable":true,"href":"https:\/\/www.naturparkmagazin.de\/vdn\/wp-json\/wp\/v2\/media\/11792"}],"wp:attachment":[{"href":"https:\/\/www.naturparkmagazin.de\/vdn\/wp-json\/wp\/v2\/media?parent=11790"}],"wp:term":[{"taxonomy":"category","embeddable":true,"href":"https:\/\/www.naturparkmagazin.de\/vdn\/wp-json\/wp\/v2\/categories?post=11790"},{"taxonomy":"post_tag","embeddable":true,"href":"https:\/\/www.naturparkmagazin.de\/vdn\/wp-json\/wp\/v2\/tags?post=11790"}],"curies":[{"name":"wp","href":"https:\/\/api.w.org\/{rel}","templated":true}]}}