{"id":11799,"date":"2019-09-12T10:00:48","date_gmt":"2019-09-12T08:00:48","guid":{"rendered":"https:\/\/www.naturparkmagazin.de\/vdn\/?p=11799"},"modified":"2019-10-22T11:43:28","modified_gmt":"2019-10-22T09:43:28","slug":"wir-machen-natur-erlebbar","status":"publish","type":"post","link":"https:\/\/www.naturparkmagazin.de\/vdn\/wir-machen-natur-erlebbar\/","title":{"rendered":"\u201eWir machen Natur erlebbar\u201c"},"content":{"rendered":"<div id=\"attachment_11800\" style=\"width: 510px\" class=\"wp-caption alignnone\"><a href=\"https:\/\/www.naturparkmagazin.de\/vdn\/wp-content\/uploads\/sites\/3\/IMG_0068_Beitrag.jpg\"><img aria-describedby=\"caption-attachment-11800\" decoding=\"async\" loading=\"lazy\" class=\"size-full wp-image-11800\" src=\"https:\/\/www.naturparkmagazin.de\/vdn\/wp-content\/uploads\/sites\/3\/IMG_0068_Beitrag.jpg\" alt=\"von links nach rechts: Michael Heugel, Bundesministerium f\u00fcr Umwelt, Naturschutz und nukleare Sicherheit (BMU); Ralf Forst, Bundesamt f\u00fcr Naturschutz (BfN); Landrat Dr. Richard Sigel, Vorsitzender Naturpark Schw\u00e4bisch-Fr\u00e4nkischer Wald; Staatssekret\u00e4rin Friedlinde Gurr-Hirsch MdL, Ministerium f\u00fcr L\u00e4ndlichen Raum und Verbraucherschutz Baden-W\u00fcrttemberg; Karin Breitling, Kaufland Stiftung &amp; Co. KG; Ulrich K\u00f6ster, Gesch\u00e4ftsf\u00fchrer Verband Deutscher Naturparke e.V.; Dagmar Seeburg, Bundesministerium f\u00fcr Umwelt, Naturschutz und nukleare Sicherheit (BMU); Friedel Heuwinkel, Pr\u00e4sident Verband Deutscher Naturparke e.V.; Armin M\u00f6\u00dfner, B\u00fcrgermeister der Stadt Murrhardt; Bernhard Drixler, Gesch\u00e4ftsf\u00fchrer Naturpark Schw\u00e4bisch-Fr\u00e4nkischer Wald Copyright: VDN \/ J\u00f6rg Liesen \" width=\"500\" height=\"300\" srcset=\"https:\/\/www.naturparkmagazin.de\/vdn\/wp-content\/uploads\/sites\/3\/IMG_0068_Beitrag.jpg 500w, https:\/\/www.naturparkmagazin.de\/vdn\/wp-content\/uploads\/sites\/3\/IMG_0068_Beitrag-300x180.jpg 300w, https:\/\/www.naturparkmagazin.de\/vdn\/wp-content\/uploads\/sites\/3\/IMG_0068_Beitrag-200x120.jpg 200w\" sizes=\"(max-width: 500px) 100vw, 500px\" \/><\/a><p id=\"caption-attachment-11800\" class=\"wp-caption-text\">von links nach rechts: Michael Heugel, Bundesministerium f\u00fcr Umwelt, Naturschutz und nukleare Sicherheit (BMU); Ralf Forst, Bundesamt f\u00fcr Naturschutz (BfN); Landrat Dr. Richard Sigel, Vorsitzender Naturpark Schw\u00e4bisch-Fr\u00e4nkischer Wald; Staatssekret\u00e4rin Friedlinde Gurr-Hirsch MdL, Ministerium f\u00fcr L\u00e4ndlichen Raum und Verbraucherschutz Baden-W\u00fcrttemberg; Karin Breitling, Kaufland Stiftung &amp; Co. KG; Ulrich K\u00f6ster, Gesch\u00e4ftsf\u00fchrer Verband Deutscher Naturparke e.V.; Dagmar Seeburg, Bundesministerium f\u00fcr Umwelt, Naturschutz und nukleare Sicherheit (BMU); Friedel Heuwinkel, Pr\u00e4sident Verband Deutscher Naturparke e.V.; Armin M\u00f6\u00dfner, B\u00fcrgermeister der Stadt Murrhardt; Bernhard Drixler, Gesch\u00e4ftsf\u00fchrer Naturpark Schw\u00e4bisch-Fr\u00e4nkischer WaldCopyright: VDN \/ J\u00f6rg Liesen<\/p><\/div>\n<p>Das gemeinsame Projekt \u201eNaturaktionstage\u201c vom Verband Deutscher Naturparke (VDN) und dem Unternehmen Kaufland wurde auf dem Deutschen Naturpark-Tag 2019 im Naturpark Schw\u00e4bisch-Fr\u00e4nkischer Wald als offizielles Projekt der UN-Dekade Biologische Vielfalt im Rahmen des Sonderwettbewerbs \u201eSoziale Natur \u2013 Natur f\u00fcr alle\u201c ausgezeichnet. Die W\u00fcrdigung nahm Ralf Forst vom Bundesamt f\u00fcr Naturschutz (BfN) vor. Die Auszeichnung wird vorbildlichen Projekten verliehen, die mit ihren Aktivit\u00e4ten auf die Chancen aufmerksam machen, die die Natur mit ihrer biologischen Vielfalt f\u00fcr den sozialen Zusammenhalt unserer Gesellschaft bietet.<\/p>\n<p>\u201eDas Projekt \u201eNaturaktionstage\u201c wird heute im Rahmen des Sonderwettbewerbs \u201eSoziale Natur \u2013 Natur f\u00fcr alle\u201c als UN-Dekadeprojekt ausgezeichnet\u201c, so Forst in seiner Laudatio. \u201eVDN und Kaufland haben hier ein vorbildliches Projekt auf den Weg gebracht, das Kindern aus sozial benachteiligten Stadtgebieten positive Naturerlebnisse erm\u00f6glicht und Wissen \u00fcber biologische Vielfalt vermittelt.\u201c<\/p>\n<p>Durch das Engagement von Kaufland haben zwischen Juni und November 2019 im Rahmen der Naturaktionstage deutschlandweit 40 Klassen an Grund- und weiterf\u00fchrenden Schulen die Chance, eine eint\u00e4gige Exkursion in einen nahegelegenen Naturpark machen zu k\u00f6nnen. Auch 2020 k\u00f6nnen wieder 40 Naturaktionstage durch die Unterst\u00fctzung von Kaufland in Naturparken durchgef\u00fchrt werden.<\/p>\n<p>Die eint\u00e4gige Exkursion widmet sich dem Thema \u201eWir machen Natur erlebbar\u201c. Die biologische Vielfalt der Natur wird beispielsweise anhand des VDN-Programms \u201eNatur und Wald entdecken mit den Naturpark-Entdecker-Westen\u201c erforscht. Ausgestattet mit Becherlupen und Insektenstaubsaugern sammeln die Kinder selbstst\u00e4ndig Insekten und Pflanzen, die im Anschluss bestimmt und besprochen werden. Das individuelle Naturerleben steht dabei im Vordergrund. Auf spielerische Art und Weise werden Natur und Umwelt entdeckt und Handlungskompetenzen gest\u00e4rkt.<\/p>\n<p>&nbsp;<\/p>\n<p>&gt;&gt; <a href=\"https:\/\/www.naturparke.de\/service\/pressemitteilungen\/pressemitteilungen\/nachricht\/auszeichnung-der-naturaktionstage-als-offizielles-projekt-der-un-dekade-biologische-vielfalt.html\" target=\"_blank\">Hier k\u00f6nnen Sie die Pressemitteilung anschauen<\/a><\/p>\n<p>&gt;&gt; <a href=\"https:\/\/unternehmen.kaufland.de\/unsere-verantwortung\/machen-macht-den-unterschied\/gesellschaftliches-engagement\/erlebnis-umwelt-fuer-kinder.html\" target=\"_blank\">Hier erhalten Sie weitere Informationen zu den Naturaktionstagen<\/a><\/p>\n<p>&nbsp;<\/p>\n<p>&nbsp;<\/p>\n","protected":false},"excerpt":{"rendered":"<p>Das gemeinsame Projekt \u201eNaturaktionstage\u201c vom Verband Deutscher Naturparke (VDN) und dem Unternehmen Kaufland wurde auf dem Deutschen Naturpark-Tag 2019 im Naturpark Schw\u00e4bisch-Fr\u00e4nkischer Wald als offizielles Projekt der UN-Dekade Biologische Vielfalt im Rahmen des Sonderwettbewerbs \u201eSoziale Natur \u2013 Natur f\u00fcr alle\u201c ausgezeichnet. Die W\u00fcrdigung nahm Ralf Forst vom Bundesamt f\u00fcr Naturschutz (BfN) vor. Die Auszeichnung wird<\/p>\n","protected":false},"author":73,"featured_media":11801,"comment_status":"open","ping_status":"open","sticky":false,"template":"","format":"standard","meta":{"_links_to":"","_links_to_target":""},"categories":[7],"tags":[895,522,1737,1821,1057,501],"yoast_head":"<!-- This site is optimized with the Yoast SEO plugin v19.10 - https:\/\/yoast.com\/wordpress\/plugins\/seo\/ -->\n<title>\u201eWir machen Natur erlebbar\u201c<\/title>\n<meta name=\"description\" content=\"Das gemeinsame Projekt \u201eNaturaktionstage\u201c vom Verband Deutscher Naturparke (VDN) und dem Unternehmen Kaufland wurde auf dem Deutschen Naturpark-Tag 2019\" \/>\n<meta name=\"robots\" content=\"index, follow, max-snippet:-1, max-image-preview:large, max-video-preview:-1\" \/>\n<link rel=\"canonical\" href=\"https:\/\/www.naturparkmagazin.de\/vdn\/wir-machen-natur-erlebbar\/\" \/>\n<meta property=\"og:locale\" content=\"de_DE\" \/>\n<meta property=\"og:type\" content=\"article\" \/>\n<meta property=\"og:title\" content=\"\u201eWir machen Natur erlebbar\u201c\" \/>\n<meta property=\"og:description\" content=\"Das gemeinsame Projekt \u201eNaturaktionstage\u201c vom Verband Deutscher Naturparke (VDN) und dem Unternehmen Kaufland wurde auf dem Deutschen Naturpark-Tag 2019\" \/>\n<meta property=\"og:url\" content=\"https:\/\/www.naturparkmagazin.de\/vdn\/wir-machen-natur-erlebbar\/\" \/>\n<meta property=\"og:site_name\" content=\"Verband Deutscher Naturparke\" \/>\n<meta property=\"article:published_time\" content=\"2019-09-12T08:00:48+00:00\" \/>\n<meta property=\"article:modified_time\" content=\"2019-10-22T09:43:28+00:00\" \/>\n<meta property=\"og:image\" content=\"https:\/\/www.naturparkmagazin.de\/vdn\/wp-content\/uploads\/sites\/3\/IMG_0068_Beitragsbild.jpg\" \/>\n\t<meta property=\"og:image:width\" content=\"200\" \/>\n\t<meta property=\"og:image:height\" content=\"200\" \/>\n\t<meta property=\"og:image:type\" content=\"image\/jpeg\" \/>\n<meta name=\"author\" content=\"manuelamerz\" \/>\n<meta name=\"twitter:label1\" content=\"Verfasst von\" \/>\n\t<meta name=\"twitter:data1\" content=\"manuelamerz\" \/>\n\t<meta name=\"twitter:label2\" content=\"Gesch\u00e4tzte Lesezeit\" \/>\n\t<meta name=\"twitter:data2\" content=\"2\u00a0Minuten\" \/>\n<script type=\"application\/ld+json\" class=\"yoast-schema-graph\">{\"@context\":\"https:\/\/schema.org\",\"@graph\":[{\"@type\":\"WebPage\",\"@id\":\"https:\/\/www.naturparkmagazin.de\/vdn\/wir-machen-natur-erlebbar\/\",\"url\":\"https:\/\/www.naturparkmagazin.de\/vdn\/wir-machen-natur-erlebbar\/\",\"name\":\"\u201eWir machen Natur erlebbar\u201c\",\"isPartOf\":{\"@id\":\"https:\/\/www.naturparkmagazin.de\/vdn\/#website\"},\"datePublished\":\"2019-09-12T08:00:48+00:00\",\"dateModified\":\"2019-10-22T09:43:28+00:00\",\"author\":{\"@id\":\"https:\/\/www.naturparkmagazin.de\/vdn\/#\/schema\/person\/3cff9b8773ed55f0189255fa9adfd57c\"},\"description\":\"Das gemeinsame Projekt \u201eNaturaktionstage\u201c vom Verband Deutscher Naturparke (VDN) und dem Unternehmen Kaufland wurde auf dem Deutschen Naturpark-Tag 2019\",\"breadcrumb\":{\"@id\":\"https:\/\/www.naturparkmagazin.de\/vdn\/wir-machen-natur-erlebbar\/#breadcrumb\"},\"inLanguage\":\"de\",\"potentialAction\":[{\"@type\":\"ReadAction\",\"target\":[\"https:\/\/www.naturparkmagazin.de\/vdn\/wir-machen-natur-erlebbar\/\"]}]},{\"@type\":\"BreadcrumbList\",\"@id\":\"https:\/\/www.naturparkmagazin.de\/vdn\/wir-machen-natur-erlebbar\/#breadcrumb\",\"itemListElement\":[{\"@type\":\"ListItem\",\"position\":1,\"name\":\"Home\",\"item\":\"https:\/\/www.naturparkmagazin.de\/vdn\/\"},{\"@type\":\"ListItem\",\"position\":2,\"name\":\"\u201eWir machen Natur erlebbar\u201c\"}]},{\"@type\":\"WebSite\",\"@id\":\"https:\/\/www.naturparkmagazin.de\/vdn\/#website\",\"url\":\"https:\/\/www.naturparkmagazin.de\/vdn\/\",\"name\":\"Verband Deutscher Naturparke\",\"description\":\"Eine weitere Naturparkmagazin.de Netzwerk Seite\",\"potentialAction\":[{\"@type\":\"SearchAction\",\"target\":{\"@type\":\"EntryPoint\",\"urlTemplate\":\"https:\/\/www.naturparkmagazin.de\/vdn\/?s={search_term_string}\"},\"query-input\":\"required name=search_term_string\"}],\"inLanguage\":\"de\"},{\"@type\":\"Person\",\"@id\":\"https:\/\/www.naturparkmagazin.de\/vdn\/#\/schema\/person\/3cff9b8773ed55f0189255fa9adfd57c\",\"name\":\"manuelamerz\",\"url\":\"https:\/\/www.naturparkmagazin.de\/vdn\/author\/manuelamerz\/\"}]}<\/script>\n<!-- \/ Yoast SEO plugin. -->","yoast_head_json":{"title":"\u201eWir machen Natur erlebbar\u201c","description":"Das gemeinsame Projekt \u201eNaturaktionstage\u201c vom Verband Deutscher Naturparke (VDN) und dem Unternehmen Kaufland wurde auf dem Deutschen Naturpark-Tag 2019","robots":{"index":"index","follow":"follow","max-snippet":"max-snippet:-1","max-image-preview":"max-image-preview:large","max-video-preview":"max-video-preview:-1"},"canonical":"https:\/\/www.naturparkmagazin.de\/vdn\/wir-machen-natur-erlebbar\/","og_locale":"de_DE","og_type":"article","og_title":"\u201eWir machen Natur erlebbar\u201c","og_description":"Das gemeinsame Projekt \u201eNaturaktionstage\u201c vom Verband Deutscher Naturparke (VDN) und dem Unternehmen Kaufland wurde auf dem Deutschen Naturpark-Tag 2019","og_url":"https:\/\/www.naturparkmagazin.de\/vdn\/wir-machen-natur-erlebbar\/","og_site_name":"Verband Deutscher Naturparke","article_published_time":"2019-09-12T08:00:48+00:00","article_modified_time":"2019-10-22T09:43:28+00:00","og_image":[{"width":200,"height":200,"url":"https:\/\/www.naturparkmagazin.de\/vdn\/wp-content\/uploads\/sites\/3\/IMG_0068_Beitragsbild.jpg","type":"image\/jpeg"}],"author":"manuelamerz","twitter_misc":{"Verfasst von":"manuelamerz","Gesch\u00e4tzte Lesezeit":"2\u00a0Minuten"},"schema":{"@context":"https:\/\/schema.org","@graph":[{"@type":"WebPage","@id":"https:\/\/www.naturparkmagazin.de\/vdn\/wir-machen-natur-erlebbar\/","url":"https:\/\/www.naturparkmagazin.de\/vdn\/wir-machen-natur-erlebbar\/","name":"\u201eWir machen Natur erlebbar\u201c","isPartOf":{"@id":"https:\/\/www.naturparkmagazin.de\/vdn\/#website"},"datePublished":"2019-09-12T08:00:48+00:00","dateModified":"2019-10-22T09:43:28+00:00","author":{"@id":"https:\/\/www.naturparkmagazin.de\/vdn\/#\/schema\/person\/3cff9b8773ed55f0189255fa9adfd57c"},"description":"Das gemeinsame Projekt \u201eNaturaktionstage\u201c vom Verband Deutscher Naturparke (VDN) und dem Unternehmen Kaufland wurde auf dem Deutschen Naturpark-Tag 2019","breadcrumb":{"@id":"https:\/\/www.naturparkmagazin.de\/vdn\/wir-machen-natur-erlebbar\/#breadcrumb"},"inLanguage":"de","potentialAction":[{"@type":"ReadAction","target":["https:\/\/www.naturparkmagazin.de\/vdn\/wir-machen-natur-erlebbar\/"]}]},{"@type":"BreadcrumbList","@id":"https:\/\/www.naturparkmagazin.de\/vdn\/wir-machen-natur-erlebbar\/#breadcrumb","itemListElement":[{"@type":"ListItem","position":1,"name":"Home","item":"https:\/\/www.naturparkmagazin.de\/vdn\/"},{"@type":"ListItem","position":2,"name":"\u201eWir machen Natur erlebbar\u201c"}]},{"@type":"WebSite","@id":"https:\/\/www.naturparkmagazin.de\/vdn\/#website","url":"https:\/\/www.naturparkmagazin.de\/vdn\/","name":"Verband Deutscher Naturparke","description":"Eine weitere Naturparkmagazin.de Netzwerk Seite","potentialAction":[{"@type":"SearchAction","target":{"@type":"EntryPoint","urlTemplate":"https:\/\/www.naturparkmagazin.de\/vdn\/?s={search_term_string}"},"query-input":"required name=search_term_string"}],"inLanguage":"de"},{"@type":"Person","@id":"https:\/\/www.naturparkmagazin.de\/vdn\/#\/schema\/person\/3cff9b8773ed55f0189255fa9adfd57c","name":"manuelamerz","url":"https:\/\/www.naturparkmagazin.de\/vdn\/author\/manuelamerz\/"}]}},"_links":{"self":[{"href":"https:\/\/www.naturparkmagazin.de\/vdn\/wp-json\/wp\/v2\/posts\/11799"}],"collection":[{"href":"https:\/\/www.naturparkmagazin.de\/vdn\/wp-json\/wp\/v2\/posts"}],"about":[{"href":"https:\/\/www.naturparkmagazin.de\/vdn\/wp-json\/wp\/v2\/types\/post"}],"author":[{"embeddable":true,"href":"https:\/\/www.naturparkmagazin.de\/vdn\/wp-json\/wp\/v2\/users\/73"}],"replies":[{"embeddable":true,"href":"https:\/\/www.naturparkmagazin.de\/vdn\/wp-json\/wp\/v2\/comments?post=11799"}],"version-history":[{"count":3,"href":"https:\/\/www.naturparkmagazin.de\/vdn\/wp-json\/wp\/v2\/posts\/11799\/revisions"}],"predecessor-version":[{"id":11812,"href":"https:\/\/www.naturparkmagazin.de\/vdn\/wp-json\/wp\/v2\/posts\/11799\/revisions\/11812"}],"wp:featuredmedia":[{"embeddable":true,"href":"https:\/\/www.naturparkmagazin.de\/vdn\/wp-json\/wp\/v2\/media\/11801"}],"wp:attachment":[{"href":"https:\/\/www.naturparkmagazin.de\/vdn\/wp-json\/wp\/v2\/media?parent=11799"}],"wp:term":[{"taxonomy":"category","embeddable":true,"href":"https:\/\/www.naturparkmagazin.de\/vdn\/wp-json\/wp\/v2\/categories?post=11799"},{"taxonomy":"post_tag","embeddable":true,"href":"https:\/\/www.naturparkmagazin.de\/vdn\/wp-json\/wp\/v2\/tags?post=11799"}],"curies":[{"name":"wp","href":"https:\/\/api.w.org\/{rel}","templated":true}]}}