{"id":11803,"date":"2019-09-12T12:00:19","date_gmt":"2019-09-12T10:00:19","guid":{"rendered":"https:\/\/www.naturparkmagazin.de\/vdn\/?p=11803"},"modified":"2019-10-22T11:40:55","modified_gmt":"2019-10-22T09:40:55","slug":"naturparke-staerken-klimaschutz","status":"publish","type":"post","link":"https:\/\/www.naturparkmagazin.de\/vdn\/naturparke-staerken-klimaschutz\/","title":{"rendered":"\u201eNaturparke st\u00e4rken Klimaschutz\u201c"},"content":{"rendered":"<div id=\"attachment_11805\" style=\"width: 510px\" class=\"wp-caption alignnone\"><a href=\"https:\/\/www.naturparkmagazin.de\/vdn\/wp-content\/uploads\/sites\/3\/IMG_0171_Beitrag.jpg\"><img aria-describedby=\"caption-attachment-11805\" decoding=\"async\" loading=\"lazy\" class=\"size-full wp-image-11805\" src=\"https:\/\/www.naturparkmagazin.de\/vdn\/wp-content\/uploads\/sites\/3\/IMG_0171_Beitrag.jpg\" alt=\"Naturparke f\u00fcr Klimaschutz \u00a9 VDN \/ J\u00f6rg Liesen\" width=\"500\" height=\"300\" srcset=\"https:\/\/www.naturparkmagazin.de\/vdn\/wp-content\/uploads\/sites\/3\/IMG_0171_Beitrag.jpg 500w, https:\/\/www.naturparkmagazin.de\/vdn\/wp-content\/uploads\/sites\/3\/IMG_0171_Beitrag-300x180.jpg 300w, https:\/\/www.naturparkmagazin.de\/vdn\/wp-content\/uploads\/sites\/3\/IMG_0171_Beitrag-200x120.jpg 200w\" sizes=\"(max-width: 500px) 100vw, 500px\" \/><\/a><p id=\"caption-attachment-11805\" class=\"wp-caption-text\">Naturparke f\u00fcr Klimaschutz \u00a9 VDN \/ J\u00f6rg Liesen<\/p><\/div>\n<p>Unsere Gesellschaft steht vor gro\u00dfen Herausforderungen in Bezug auf den Schutz des Klimas und die damit verbundenen, notwendigen Klima-Anpassungsma\u00dfnahmen. Die 90 Vertreter*innen aus rund 50 deutschen Naturparken und Geoparks haben auf der Jahrestagung ihres Dachverbandes Verband Deutscher Naturparke (VDN) im Naturpark Schw\u00e4bisch-Fr\u00e4nkischer Wald ein Positionspapier \u201eNaturparke st\u00e4rken Klimaschutz\u201c verabschiedet, womit sie auch den von Fridays for Future initiierten heutigen weltweiten Klimastreik unterst\u00fctzen.<\/p>\n<p>Die 104 gesetzlich anerkannten Naturparke tragen auf 28% der Fl\u00e4che Deutschlands durch ihre Arbeit in ihren im Bundesnaturschutzgesetz (BNatSchG) gesetzlich verankerten vier Aufgabenbereichen \u201eSchutz\u201c, \u201eErholung\u201c, \u201eBildung\u201c und \u201eEntwicklung\u201c bereits heute durch zahlreiche Projekte und Ma\u00dfnahmen zum Schutz des Klimas bei.<\/p>\n<p>Nach \u00dcberzeugung der Naturparke Deutschlands ist es von allergr\u00f6\u00dfter Bedeutung f\u00fcr die Menschen, die Gesellschaft und die biologische Vielfalt weltweit, dass sich die Bundesregierung und die gesamte Gesellschaft in Deutschland f\u00fcr die Umsetzung des Klimaschutzvertrages von Paris und die Einhaltung des \u201e1,5-Grad-Ziels\u201c engagieren und Vorreiter im Klimaschutz werden. Die Naturparke in Deutschland leisten hierzu bereits heute einen bedeutenden Beitrag, den sie weiter ausbauen wollen.<\/p>\n<p>Dazu wollen die Naturparke Ma\u00dfnahmen und Aktivit\u00e4ten zur St\u00e4rkung ihrer Klimaschutzleistungen durchf\u00fchren, wof\u00fcr sie die Unterst\u00fctzung von Bund, L\u00e4ndern und Kommunen sowie Partnern aus den Regionen gewinnen wollen.<\/p>\n<p>&nbsp;<\/p>\n<p>&gt;&gt; <a href=\"https:\/\/www.naturparke.de\/service\/pressemitteilungen\/pressemitteilungen\/nachricht\/naturparke-staerken-klimaschutz-verband-deutscher-naturparke-beschliesst-positionspapier.html\" target=\"_blank\">Hier k\u00f6nnen Sie die Pressemitteilung anschauen<\/a><\/p>\n<p>&gt;&gt; <a href=\"https:\/\/www.naturparke.de\/service\/infothek.html\" target=\"_blank\">Hier k\u00f6nnen Sie das Positionspapier \u201eNaturparke st\u00e4rken Klimaschutz\u201c herunterladen<\/a><\/p>\n<p>&nbsp;<\/p>\n","protected":false},"excerpt":{"rendered":"<p>Auf seiner diesj\u00e4hrigen Jahrestagung im Naturpark Schw\u00e4bisch-Fr\u00e4nkischer Wald hat der VDN ein Positionspapier \u201eNaturparke st\u00e4rken Klimaschutz\u201c verabschiedet. <\/p>\n","protected":false},"author":73,"featured_media":11806,"comment_status":"open","ping_status":"open","sticky":false,"template":"","format":"standard","meta":{"_links_to":"","_links_to_target":""},"categories":[7],"tags":[1822,1823,735,1825,1824,1784,1054],"yoast_head":"<!-- This site is optimized with the Yoast SEO plugin v19.10 - https:\/\/yoast.com\/wordpress\/plugins\/seo\/ -->\n<title>\u201eNaturparke st\u00e4rken Klimaschutz\u201c<\/title>\n<meta name=\"description\" content=\"Auf seiner diesj\u00e4hrigen Jahrestagung im Naturpark Schw\u00e4bisch-Fr\u00e4nkischer Wald hat der VDN ein Positionspapier \u201eNaturparke st\u00e4rken Klimaschutz\u201c verabschiedet.\" \/>\n<meta name=\"robots\" content=\"index, follow, max-snippet:-1, max-image-preview:large, max-video-preview:-1\" \/>\n<link rel=\"canonical\" href=\"https:\/\/www.naturparkmagazin.de\/vdn\/naturparke-staerken-klimaschutz\/\" \/>\n<meta property=\"og:locale\" content=\"de_DE\" \/>\n<meta property=\"og:type\" content=\"article\" \/>\n<meta property=\"og:title\" content=\"\u201eNaturparke st\u00e4rken Klimaschutz\u201c\" \/>\n<meta property=\"og:description\" content=\"Auf seiner diesj\u00e4hrigen Jahrestagung im Naturpark Schw\u00e4bisch-Fr\u00e4nkischer Wald hat der VDN ein Positionspapier \u201eNaturparke st\u00e4rken Klimaschutz\u201c verabschiedet.\" \/>\n<meta property=\"og:url\" content=\"https:\/\/www.naturparkmagazin.de\/vdn\/naturparke-staerken-klimaschutz\/\" \/>\n<meta property=\"og:site_name\" content=\"Verband Deutscher Naturparke\" \/>\n<meta property=\"article:published_time\" content=\"2019-09-12T10:00:19+00:00\" \/>\n<meta property=\"article:modified_time\" content=\"2019-10-22T09:40:55+00:00\" \/>\n<meta property=\"og:image\" content=\"https:\/\/www.naturparkmagazin.de\/vdn\/wp-content\/uploads\/sites\/3\/IMG_0171_Beitragsbild.jpg\" \/>\n\t<meta property=\"og:image:width\" content=\"200\" \/>\n\t<meta property=\"og:image:height\" content=\"200\" \/>\n\t<meta property=\"og:image:type\" content=\"image\/jpeg\" \/>\n<meta name=\"author\" content=\"manuelamerz\" \/>\n<meta name=\"twitter:label1\" content=\"Verfasst von\" \/>\n\t<meta name=\"twitter:data1\" content=\"manuelamerz\" \/>\n\t<meta name=\"twitter:label2\" content=\"Gesch\u00e4tzte Lesezeit\" \/>\n\t<meta name=\"twitter:data2\" content=\"1\u00a0Minute\" \/>\n<script type=\"application\/ld+json\" class=\"yoast-schema-graph\">{\"@context\":\"https:\/\/schema.org\",\"@graph\":[{\"@type\":\"WebPage\",\"@id\":\"https:\/\/www.naturparkmagazin.de\/vdn\/naturparke-staerken-klimaschutz\/\",\"url\":\"https:\/\/www.naturparkmagazin.de\/vdn\/naturparke-staerken-klimaschutz\/\",\"name\":\"\u201eNaturparke st\u00e4rken Klimaschutz\u201c\",\"isPartOf\":{\"@id\":\"https:\/\/www.naturparkmagazin.de\/vdn\/#website\"},\"datePublished\":\"2019-09-12T10:00:19+00:00\",\"dateModified\":\"2019-10-22T09:40:55+00:00\",\"author\":{\"@id\":\"https:\/\/www.naturparkmagazin.de\/vdn\/#\/schema\/person\/3cff9b8773ed55f0189255fa9adfd57c\"},\"description\":\"Auf seiner diesj\u00e4hrigen Jahrestagung im Naturpark Schw\u00e4bisch-Fr\u00e4nkischer Wald hat der VDN ein Positionspapier \u201eNaturparke st\u00e4rken Klimaschutz\u201c verabschiedet.\",\"breadcrumb\":{\"@id\":\"https:\/\/www.naturparkmagazin.de\/vdn\/naturparke-staerken-klimaschutz\/#breadcrumb\"},\"inLanguage\":\"de\",\"potentialAction\":[{\"@type\":\"ReadAction\",\"target\":[\"https:\/\/www.naturparkmagazin.de\/vdn\/naturparke-staerken-klimaschutz\/\"]}]},{\"@type\":\"BreadcrumbList\",\"@id\":\"https:\/\/www.naturparkmagazin.de\/vdn\/naturparke-staerken-klimaschutz\/#breadcrumb\",\"itemListElement\":[{\"@type\":\"ListItem\",\"position\":1,\"name\":\"Home\",\"item\":\"https:\/\/www.naturparkmagazin.de\/vdn\/\"},{\"@type\":\"ListItem\",\"position\":2,\"name\":\"\u201eNaturparke st\u00e4rken Klimaschutz\u201c\"}]},{\"@type\":\"WebSite\",\"@id\":\"https:\/\/www.naturparkmagazin.de\/vdn\/#website\",\"url\":\"https:\/\/www.naturparkmagazin.de\/vdn\/\",\"name\":\"Verband Deutscher Naturparke\",\"description\":\"Eine weitere Naturparkmagazin.de Netzwerk Seite\",\"potentialAction\":[{\"@type\":\"SearchAction\",\"target\":{\"@type\":\"EntryPoint\",\"urlTemplate\":\"https:\/\/www.naturparkmagazin.de\/vdn\/?s={search_term_string}\"},\"query-input\":\"required name=search_term_string\"}],\"inLanguage\":\"de\"},{\"@type\":\"Person\",\"@id\":\"https:\/\/www.naturparkmagazin.de\/vdn\/#\/schema\/person\/3cff9b8773ed55f0189255fa9adfd57c\",\"name\":\"manuelamerz\",\"url\":\"https:\/\/www.naturparkmagazin.de\/vdn\/author\/manuelamerz\/\"}]}<\/script>\n<!-- \/ Yoast SEO plugin. -->","yoast_head_json":{"title":"\u201eNaturparke st\u00e4rken Klimaschutz\u201c","description":"Auf seiner diesj\u00e4hrigen Jahrestagung im Naturpark Schw\u00e4bisch-Fr\u00e4nkischer Wald hat der VDN ein Positionspapier \u201eNaturparke st\u00e4rken Klimaschutz\u201c verabschiedet.","robots":{"index":"index","follow":"follow","max-snippet":"max-snippet:-1","max-image-preview":"max-image-preview:large","max-video-preview":"max-video-preview:-1"},"canonical":"https:\/\/www.naturparkmagazin.de\/vdn\/naturparke-staerken-klimaschutz\/","og_locale":"de_DE","og_type":"article","og_title":"\u201eNaturparke st\u00e4rken Klimaschutz\u201c","og_description":"Auf seiner diesj\u00e4hrigen Jahrestagung im Naturpark Schw\u00e4bisch-Fr\u00e4nkischer Wald hat der VDN ein Positionspapier \u201eNaturparke st\u00e4rken Klimaschutz\u201c verabschiedet.","og_url":"https:\/\/www.naturparkmagazin.de\/vdn\/naturparke-staerken-klimaschutz\/","og_site_name":"Verband Deutscher Naturparke","article_published_time":"2019-09-12T10:00:19+00:00","article_modified_time":"2019-10-22T09:40:55+00:00","og_image":[{"width":200,"height":200,"url":"https:\/\/www.naturparkmagazin.de\/vdn\/wp-content\/uploads\/sites\/3\/IMG_0171_Beitragsbild.jpg","type":"image\/jpeg"}],"author":"manuelamerz","twitter_misc":{"Verfasst von":"manuelamerz","Gesch\u00e4tzte Lesezeit":"1\u00a0Minute"},"schema":{"@context":"https:\/\/schema.org","@graph":[{"@type":"WebPage","@id":"https:\/\/www.naturparkmagazin.de\/vdn\/naturparke-staerken-klimaschutz\/","url":"https:\/\/www.naturparkmagazin.de\/vdn\/naturparke-staerken-klimaschutz\/","name":"\u201eNaturparke st\u00e4rken Klimaschutz\u201c","isPartOf":{"@id":"https:\/\/www.naturparkmagazin.de\/vdn\/#website"},"datePublished":"2019-09-12T10:00:19+00:00","dateModified":"2019-10-22T09:40:55+00:00","author":{"@id":"https:\/\/www.naturparkmagazin.de\/vdn\/#\/schema\/person\/3cff9b8773ed55f0189255fa9adfd57c"},"description":"Auf seiner diesj\u00e4hrigen Jahrestagung im Naturpark Schw\u00e4bisch-Fr\u00e4nkischer Wald hat der VDN ein Positionspapier \u201eNaturparke st\u00e4rken Klimaschutz\u201c verabschiedet.","breadcrumb":{"@id":"https:\/\/www.naturparkmagazin.de\/vdn\/naturparke-staerken-klimaschutz\/#breadcrumb"},"inLanguage":"de","potentialAction":[{"@type":"ReadAction","target":["https:\/\/www.naturparkmagazin.de\/vdn\/naturparke-staerken-klimaschutz\/"]}]},{"@type":"BreadcrumbList","@id":"https:\/\/www.naturparkmagazin.de\/vdn\/naturparke-staerken-klimaschutz\/#breadcrumb","itemListElement":[{"@type":"ListItem","position":1,"name":"Home","item":"https:\/\/www.naturparkmagazin.de\/vdn\/"},{"@type":"ListItem","position":2,"name":"\u201eNaturparke st\u00e4rken Klimaschutz\u201c"}]},{"@type":"WebSite","@id":"https:\/\/www.naturparkmagazin.de\/vdn\/#website","url":"https:\/\/www.naturparkmagazin.de\/vdn\/","name":"Verband Deutscher Naturparke","description":"Eine weitere Naturparkmagazin.de Netzwerk Seite","potentialAction":[{"@type":"SearchAction","target":{"@type":"EntryPoint","urlTemplate":"https:\/\/www.naturparkmagazin.de\/vdn\/?s={search_term_string}"},"query-input":"required name=search_term_string"}],"inLanguage":"de"},{"@type":"Person","@id":"https:\/\/www.naturparkmagazin.de\/vdn\/#\/schema\/person\/3cff9b8773ed55f0189255fa9adfd57c","name":"manuelamerz","url":"https:\/\/www.naturparkmagazin.de\/vdn\/author\/manuelamerz\/"}]}},"_links":{"self":[{"href":"https:\/\/www.naturparkmagazin.de\/vdn\/wp-json\/wp\/v2\/posts\/11803"}],"collection":[{"href":"https:\/\/www.naturparkmagazin.de\/vdn\/wp-json\/wp\/v2\/posts"}],"about":[{"href":"https:\/\/www.naturparkmagazin.de\/vdn\/wp-json\/wp\/v2\/types\/post"}],"author":[{"embeddable":true,"href":"https:\/\/www.naturparkmagazin.de\/vdn\/wp-json\/wp\/v2\/users\/73"}],"replies":[{"embeddable":true,"href":"https:\/\/www.naturparkmagazin.de\/vdn\/wp-json\/wp\/v2\/comments?post=11803"}],"version-history":[{"count":2,"href":"https:\/\/www.naturparkmagazin.de\/vdn\/wp-json\/wp\/v2\/posts\/11803\/revisions"}],"predecessor-version":[{"id":11813,"href":"https:\/\/www.naturparkmagazin.de\/vdn\/wp-json\/wp\/v2\/posts\/11803\/revisions\/11813"}],"wp:featuredmedia":[{"embeddable":true,"href":"https:\/\/www.naturparkmagazin.de\/vdn\/wp-json\/wp\/v2\/media\/11806"}],"wp:attachment":[{"href":"https:\/\/www.naturparkmagazin.de\/vdn\/wp-json\/wp\/v2\/media?parent=11803"}],"wp:term":[{"taxonomy":"category","embeddable":true,"href":"https:\/\/www.naturparkmagazin.de\/vdn\/wp-json\/wp\/v2\/categories?post=11803"},{"taxonomy":"post_tag","embeddable":true,"href":"https:\/\/www.naturparkmagazin.de\/vdn\/wp-json\/wp\/v2\/tags?post=11803"}],"curies":[{"name":"wp","href":"https:\/\/api.w.org\/{rel}","templated":true}]}}