{"id":11933,"date":"2019-11-30T23:09:03","date_gmt":"2019-11-30T22:09:03","guid":{"rendered":"https:\/\/www.naturparkmagazin.de\/vdn\/?p=11933"},"modified":"2019-12-10T12:50:10","modified_gmt":"2019-12-10T11:50:10","slug":"dr-barbara-hendricks-wird-botschafterin","status":"publish","type":"post","link":"https:\/\/www.naturparkmagazin.de\/vdn\/dr-barbara-hendricks-wird-botschafterin\/","title":{"rendered":"\u201eDr. Barbara Hendricks wird Botschafterin\u201c"},"content":{"rendered":"<p><a href=\"https:\/\/www.naturparkmagazin.de\/vdn\/wp-content\/uploads\/sites\/3\/IMG_3113_neu_Beitrag_VDN.jpg\"><img decoding=\"async\" loading=\"lazy\" class=\"alignnone size-full wp-image-11934\" src=\"https:\/\/www.naturparkmagazin.de\/vdn\/wp-content\/uploads\/sites\/3\/IMG_3113_neu_Beitrag_VDN.jpg\" alt=\"IMG_3113_neu_Beitrag_VDN\" width=\"500\" height=\"500\" srcset=\"https:\/\/www.naturparkmagazin.de\/vdn\/wp-content\/uploads\/sites\/3\/IMG_3113_neu_Beitrag_VDN.jpg 500w, https:\/\/www.naturparkmagazin.de\/vdn\/wp-content\/uploads\/sites\/3\/IMG_3113_neu_Beitrag_VDN-300x300.jpg 300w, https:\/\/www.naturparkmagazin.de\/vdn\/wp-content\/uploads\/sites\/3\/IMG_3113_neu_Beitrag_VDN-200x200.jpg 200w, https:\/\/www.naturparkmagazin.de\/vdn\/wp-content\/uploads\/sites\/3\/IMG_3113_neu_Beitrag_VDN-30x30.jpg 30w\" sizes=\"(max-width: 500px) 100vw, 500px\" \/><\/a><\/p>\n<p>Bundesumweltministerin a.D. Dr. Barbara Hendricks MdB ist am 20. November 2019 vom Verband Deutscher Naturparke e.V. (VDN) zur \u201eBotschafterin Naturparke Deutschland\u201c ernannt worden und zwar f\u00fcr das Naturpark-Handlungsfeld \u201eSchutz\u201c. Die Ernennung wurde im Naturparkzentrum Wachtendonk im Naturpark Schwalm-Nette, der im Wahlkreis von Frau Dr. Hendricks liegt, von VDN-Pr\u00e4sident Friedel Heuwinkel gemeinsam mit Landrat Dr. Andreas Coenen, Verbandsvorsteher des Naturparks Schwalm-Nette, in einer Feierstunde bekannt gegeben.<\/p>\n<p>Der VDN wird f\u00fcr jede der vier gesetzlich verankerten Handlungsfelder der Naturparke \u201eSchutz\u201c, \u201eErholung\u201c, \u201eBildung\u201c und \u201eEntwicklung\u201c jeweils einen Bundestagsabgeordneten bzw. eine Bundestagsabgeordnete als \u201eBotschafter bzw. Botschafterin Naturparke Deutschland\u201c ernennen, in deren Wahlkreis ein Naturpark liegt. Das soll dazu beitragen, dass die strategischen Ziele der Entwicklung der Naturparke mit Perspektive auf das Jahr 2030 in der \u00d6ffentlichkeit bekannt werden, die sich die Naturparke als Mitglieder des VDN mit dem im September 2018 beschlossenen \u201eWartburger Programm der Naturparke in Deutschland\u201c gesetzt haben. Im Handlungsfeld \u201eSchutz\u201c verfolgen sie beispielsweise das Ziel, als Biodiversit\u00e4tsregionen gemeinsam mit weiteren Schutzgebieten das R\u00fcckgrat f\u00fcr den Erhalt der Natur- und Kulturlandschaften sowie der biologischen Vielfalt in Deutschland zu bilden.<\/p>\n<p>In ihrer Ansprache unterst\u00fctzte Hendricks die im Wartburger Programm genannten Ziele f\u00fcr den Erhalt der Natur- und Kulturlandschaften sowie der biologischen Vielfalt. \u201eSehr gerne werde ich als Botschafterin zu einer erfolgreichen Arbeit der Naturparke im Handlungsfeld Naturschutz und damit zur Umsetzung des Wartburger Programms beitragen.\u201c<\/p>\n","protected":false},"excerpt":{"rendered":"<p>Bundesumweltministerin a.D. Dr. Barbara Hendricks MdB ist zur \u201eBotschafterin Naturparke Deutschland\u201c ernannt worden und zwar f\u00fcr das Naturpark-Handlungsfeld \u201eSchutz\u201c. <\/p>\n","protected":false},"author":73,"featured_media":11935,"comment_status":"open","ping_status":"open","sticky":false,"template":"","format":"standard","meta":{"_links_to":"","_links_to_target":""},"categories":[7],"tags":[1881,1883,1878,1877,1884,263,1880,1879,479,1632,1054,1882],"yoast_head":"<!-- This site is optimized with the Yoast SEO plugin v19.10 - https:\/\/yoast.com\/wordpress\/plugins\/seo\/ -->\n<title>\u201eDr. Barbara Hendricks wird Botschafterin\u201c<\/title>\n<meta name=\"description\" content=\"Bundesumweltministerin a.D. Dr. Barbara Hendricks MdB ist zur \u201eBotschafterin Naturparke Deutschland\u201c ernannt worden und zwar f\u00fcr das Naturpark-Handlungsfeld \u201eSchutz\u201c.\" \/>\n<meta name=\"robots\" content=\"index, follow, max-snippet:-1, max-image-preview:large, max-video-preview:-1\" \/>\n<link rel=\"canonical\" href=\"https:\/\/www.naturparkmagazin.de\/vdn\/dr-barbara-hendricks-wird-botschafterin\/\" \/>\n<meta property=\"og:locale\" content=\"de_DE\" \/>\n<meta property=\"og:type\" content=\"article\" \/>\n<meta property=\"og:title\" content=\"\u201eDr. Barbara Hendricks wird Botschafterin\u201c\" \/>\n<meta property=\"og:description\" content=\"Bundesumweltministerin a.D. Dr. Barbara Hendricks MdB ist zur \u201eBotschafterin Naturparke Deutschland\u201c ernannt worden und zwar f\u00fcr das Naturpark-Handlungsfeld \u201eSchutz\u201c.\" \/>\n<meta property=\"og:url\" content=\"https:\/\/www.naturparkmagazin.de\/vdn\/dr-barbara-hendricks-wird-botschafterin\/\" \/>\n<meta property=\"og:site_name\" content=\"Verband Deutscher Naturparke\" \/>\n<meta property=\"article:published_time\" content=\"2019-11-30T22:09:03+00:00\" \/>\n<meta property=\"article:modified_time\" content=\"2019-12-10T11:50:10+00:00\" \/>\n<meta property=\"og:image\" content=\"https:\/\/www.naturparkmagazin.de\/vdn\/wp-content\/uploads\/sites\/3\/IMG_3113_neu_Beitragsbild_VDN.jpg\" \/>\n\t<meta property=\"og:image:width\" content=\"200\" \/>\n\t<meta property=\"og:image:height\" content=\"200\" \/>\n\t<meta property=\"og:image:type\" content=\"image\/jpeg\" \/>\n<meta name=\"author\" content=\"manuelamerz\" \/>\n<meta name=\"twitter:label1\" content=\"Verfasst von\" \/>\n\t<meta name=\"twitter:data1\" content=\"manuelamerz\" \/>\n\t<meta name=\"twitter:label2\" content=\"Gesch\u00e4tzte Lesezeit\" \/>\n\t<meta name=\"twitter:data2\" content=\"1\u00a0Minute\" \/>\n<script type=\"application\/ld+json\" class=\"yoast-schema-graph\">{\"@context\":\"https:\/\/schema.org\",\"@graph\":[{\"@type\":\"WebPage\",\"@id\":\"https:\/\/www.naturparkmagazin.de\/vdn\/dr-barbara-hendricks-wird-botschafterin\/\",\"url\":\"https:\/\/www.naturparkmagazin.de\/vdn\/dr-barbara-hendricks-wird-botschafterin\/\",\"name\":\"\u201eDr. Barbara Hendricks wird Botschafterin\u201c\",\"isPartOf\":{\"@id\":\"https:\/\/www.naturparkmagazin.de\/vdn\/#website\"},\"datePublished\":\"2019-11-30T22:09:03+00:00\",\"dateModified\":\"2019-12-10T11:50:10+00:00\",\"author\":{\"@id\":\"https:\/\/www.naturparkmagazin.de\/vdn\/#\/schema\/person\/3cff9b8773ed55f0189255fa9adfd57c\"},\"description\":\"Bundesumweltministerin a.D. Dr. Barbara Hendricks MdB ist zur \u201eBotschafterin Naturparke Deutschland\u201c ernannt worden und zwar f\u00fcr das Naturpark-Handlungsfeld \u201eSchutz\u201c.\",\"breadcrumb\":{\"@id\":\"https:\/\/www.naturparkmagazin.de\/vdn\/dr-barbara-hendricks-wird-botschafterin\/#breadcrumb\"},\"inLanguage\":\"de\",\"potentialAction\":[{\"@type\":\"ReadAction\",\"target\":[\"https:\/\/www.naturparkmagazin.de\/vdn\/dr-barbara-hendricks-wird-botschafterin\/\"]}]},{\"@type\":\"BreadcrumbList\",\"@id\":\"https:\/\/www.naturparkmagazin.de\/vdn\/dr-barbara-hendricks-wird-botschafterin\/#breadcrumb\",\"itemListElement\":[{\"@type\":\"ListItem\",\"position\":1,\"name\":\"Home\",\"item\":\"https:\/\/www.naturparkmagazin.de\/vdn\/\"},{\"@type\":\"ListItem\",\"position\":2,\"name\":\"\u201eDr. Barbara Hendricks wird Botschafterin\u201c\"}]},{\"@type\":\"WebSite\",\"@id\":\"https:\/\/www.naturparkmagazin.de\/vdn\/#website\",\"url\":\"https:\/\/www.naturparkmagazin.de\/vdn\/\",\"name\":\"Verband Deutscher Naturparke\",\"description\":\"Eine weitere Naturparkmagazin.de Netzwerk Seite\",\"potentialAction\":[{\"@type\":\"SearchAction\",\"target\":{\"@type\":\"EntryPoint\",\"urlTemplate\":\"https:\/\/www.naturparkmagazin.de\/vdn\/?s={search_term_string}\"},\"query-input\":\"required name=search_term_string\"}],\"inLanguage\":\"de\"},{\"@type\":\"Person\",\"@id\":\"https:\/\/www.naturparkmagazin.de\/vdn\/#\/schema\/person\/3cff9b8773ed55f0189255fa9adfd57c\",\"name\":\"manuelamerz\",\"url\":\"https:\/\/www.naturparkmagazin.de\/vdn\/author\/manuelamerz\/\"}]}<\/script>\n<!-- \/ Yoast SEO plugin. -->","yoast_head_json":{"title":"\u201eDr. Barbara Hendricks wird Botschafterin\u201c","description":"Bundesumweltministerin a.D. Dr. Barbara Hendricks MdB ist zur \u201eBotschafterin Naturparke Deutschland\u201c ernannt worden und zwar f\u00fcr das Naturpark-Handlungsfeld \u201eSchutz\u201c.","robots":{"index":"index","follow":"follow","max-snippet":"max-snippet:-1","max-image-preview":"max-image-preview:large","max-video-preview":"max-video-preview:-1"},"canonical":"https:\/\/www.naturparkmagazin.de\/vdn\/dr-barbara-hendricks-wird-botschafterin\/","og_locale":"de_DE","og_type":"article","og_title":"\u201eDr. Barbara Hendricks wird Botschafterin\u201c","og_description":"Bundesumweltministerin a.D. Dr. Barbara Hendricks MdB ist zur \u201eBotschafterin Naturparke Deutschland\u201c ernannt worden und zwar f\u00fcr das Naturpark-Handlungsfeld \u201eSchutz\u201c.","og_url":"https:\/\/www.naturparkmagazin.de\/vdn\/dr-barbara-hendricks-wird-botschafterin\/","og_site_name":"Verband Deutscher Naturparke","article_published_time":"2019-11-30T22:09:03+00:00","article_modified_time":"2019-12-10T11:50:10+00:00","og_image":[{"width":200,"height":200,"url":"https:\/\/www.naturparkmagazin.de\/vdn\/wp-content\/uploads\/sites\/3\/IMG_3113_neu_Beitragsbild_VDN.jpg","type":"image\/jpeg"}],"author":"manuelamerz","twitter_misc":{"Verfasst von":"manuelamerz","Gesch\u00e4tzte Lesezeit":"1\u00a0Minute"},"schema":{"@context":"https:\/\/schema.org","@graph":[{"@type":"WebPage","@id":"https:\/\/www.naturparkmagazin.de\/vdn\/dr-barbara-hendricks-wird-botschafterin\/","url":"https:\/\/www.naturparkmagazin.de\/vdn\/dr-barbara-hendricks-wird-botschafterin\/","name":"\u201eDr. Barbara Hendricks wird Botschafterin\u201c","isPartOf":{"@id":"https:\/\/www.naturparkmagazin.de\/vdn\/#website"},"datePublished":"2019-11-30T22:09:03+00:00","dateModified":"2019-12-10T11:50:10+00:00","author":{"@id":"https:\/\/www.naturparkmagazin.de\/vdn\/#\/schema\/person\/3cff9b8773ed55f0189255fa9adfd57c"},"description":"Bundesumweltministerin a.D. Dr. Barbara Hendricks MdB ist zur \u201eBotschafterin Naturparke Deutschland\u201c ernannt worden und zwar f\u00fcr das Naturpark-Handlungsfeld \u201eSchutz\u201c.","breadcrumb":{"@id":"https:\/\/www.naturparkmagazin.de\/vdn\/dr-barbara-hendricks-wird-botschafterin\/#breadcrumb"},"inLanguage":"de","potentialAction":[{"@type":"ReadAction","target":["https:\/\/www.naturparkmagazin.de\/vdn\/dr-barbara-hendricks-wird-botschafterin\/"]}]},{"@type":"BreadcrumbList","@id":"https:\/\/www.naturparkmagazin.de\/vdn\/dr-barbara-hendricks-wird-botschafterin\/#breadcrumb","itemListElement":[{"@type":"ListItem","position":1,"name":"Home","item":"https:\/\/www.naturparkmagazin.de\/vdn\/"},{"@type":"ListItem","position":2,"name":"\u201eDr. Barbara Hendricks wird Botschafterin\u201c"}]},{"@type":"WebSite","@id":"https:\/\/www.naturparkmagazin.de\/vdn\/#website","url":"https:\/\/www.naturparkmagazin.de\/vdn\/","name":"Verband Deutscher Naturparke","description":"Eine weitere Naturparkmagazin.de Netzwerk Seite","potentialAction":[{"@type":"SearchAction","target":{"@type":"EntryPoint","urlTemplate":"https:\/\/www.naturparkmagazin.de\/vdn\/?s={search_term_string}"},"query-input":"required name=search_term_string"}],"inLanguage":"de"},{"@type":"Person","@id":"https:\/\/www.naturparkmagazin.de\/vdn\/#\/schema\/person\/3cff9b8773ed55f0189255fa9adfd57c","name":"manuelamerz","url":"https:\/\/www.naturparkmagazin.de\/vdn\/author\/manuelamerz\/"}]}},"_links":{"self":[{"href":"https:\/\/www.naturparkmagazin.de\/vdn\/wp-json\/wp\/v2\/posts\/11933"}],"collection":[{"href":"https:\/\/www.naturparkmagazin.de\/vdn\/wp-json\/wp\/v2\/posts"}],"about":[{"href":"https:\/\/www.naturparkmagazin.de\/vdn\/wp-json\/wp\/v2\/types\/post"}],"author":[{"embeddable":true,"href":"https:\/\/www.naturparkmagazin.de\/vdn\/wp-json\/wp\/v2\/users\/73"}],"replies":[{"embeddable":true,"href":"https:\/\/www.naturparkmagazin.de\/vdn\/wp-json\/wp\/v2\/comments?post=11933"}],"version-history":[{"count":1,"href":"https:\/\/www.naturparkmagazin.de\/vdn\/wp-json\/wp\/v2\/posts\/11933\/revisions"}],"predecessor-version":[{"id":11936,"href":"https:\/\/www.naturparkmagazin.de\/vdn\/wp-json\/wp\/v2\/posts\/11933\/revisions\/11936"}],"wp:featuredmedia":[{"embeddable":true,"href":"https:\/\/www.naturparkmagazin.de\/vdn\/wp-json\/wp\/v2\/media\/11935"}],"wp:attachment":[{"href":"https:\/\/www.naturparkmagazin.de\/vdn\/wp-json\/wp\/v2\/media?parent=11933"}],"wp:term":[{"taxonomy":"category","embeddable":true,"href":"https:\/\/www.naturparkmagazin.de\/vdn\/wp-json\/wp\/v2\/categories?post=11933"},{"taxonomy":"post_tag","embeddable":true,"href":"https:\/\/www.naturparkmagazin.de\/vdn\/wp-json\/wp\/v2\/tags?post=11933"}],"curies":[{"name":"wp","href":"https:\/\/api.w.org\/{rel}","templated":true}]}}