{"id":11989,"date":"2019-11-30T11:41:11","date_gmt":"2019-11-30T10:41:11","guid":{"rendered":"https:\/\/www.naturparkmagazin.de\/vdn\/?p=11989"},"modified":"2019-12-10T12:58:44","modified_gmt":"2019-12-10T11:58:44","slug":"jahressieger-2019","status":"publish","type":"post","link":"https:\/\/www.naturparkmagazin.de\/vdn\/jahressieger-2019\/","title":{"rendered":"Jahressieger 2019"},"content":{"rendered":"<div id=\"attachment_11990\" style=\"width: 510px\" class=\"wp-caption alignnone\"><a href=\"https:\/\/www.naturparkmagazin.de\/vdn\/wp-content\/uploads\/sites\/3\/dsc01783-01-01b.jpeg\"><img aria-describedby=\"caption-attachment-11990\" decoding=\"async\" loading=\"lazy\" class=\"size-full wp-image-11990\" src=\"https:\/\/www.naturparkmagazin.de\/vdn\/wp-content\/uploads\/sites\/3\/dsc01783-01-01b.jpeg\" alt=\"Hummelflug 2 \u00a9 VDN \/ Martin Goosmann\" width=\"500\" height=\"300\" srcset=\"https:\/\/www.naturparkmagazin.de\/vdn\/wp-content\/uploads\/sites\/3\/dsc01783-01-01b.jpeg 500w, https:\/\/www.naturparkmagazin.de\/vdn\/wp-content\/uploads\/sites\/3\/dsc01783-01-01b-300x180.jpeg 300w, https:\/\/www.naturparkmagazin.de\/vdn\/wp-content\/uploads\/sites\/3\/dsc01783-01-01b-200x120.jpeg 200w\" sizes=\"(max-width: 500px) 100vw, 500px\" \/><\/a><p id=\"caption-attachment-11990\" class=\"wp-caption-text\">Hummelflug 2 \u00a9 VDN \/ Martin Goosmann<\/p><\/div>\n<p>Der Jurykommentar: \u201eDas Monatsthema \u201eWildbienen\u201c im Juni 2019 forderte die Teilnehmer dazu auf, den Wildbienen, die im Vergleich zu Honigbienen eine Art Schattendasein f\u00fchren, eine B\u00fchne zu bereiten. Die Abbildung eines Vertreters dieser Arten (weltweit gibt es etwa 30.000 Arten, in Deutschland rund 550) oder ihrer Lebenswelt war somit die formale Bedingung zur Teilnahme. Das bislang wissenschaftlich nicht vollst\u00e4ndig erkl\u00e4rte Ph\u00e4nomen des Bienensterbens verleiht dem Thema sowohl \u00f6kologische Relevanz als auch Tragik.\nWieviel Raum der M\u00f6glichkeiten existiert, um eine Situation nicht nur zu dokumentieren, sondern eine stimmige, eigenst\u00e4ndige Interpretation des Vorgefundenen zu entwickeln, zeigt sich beim Betrachten der unserer Meinung nach \u00fcberzeugendsten Aufnahme des Jahres. Der Bildautor versteht es unter Zuhilfenahme weniger, doch wirkungsvoller stilistischer und kompositorischer Mittel, eine poetische Momentaufnahme des \u201eHummelflugs\u201c zu erschaffen, die der unmittelbaren\u00a0Wahrnehmung des Spazierg\u00e4ngers verborgen bliebe. W\u00e4hrend das Gros der Bildelemente au\u00dferhalb der Fokusebene nur noch als Andeutung existiert, konzentriert sich die Studie auf das Insekt und sein anvisiertes Ziel, eine Mohnbl\u00fcte. Neben der gelungenen Zusammenfassung der Geschichte dieses Flugs in nur einem Bild, \u00fcberzeugt die Aufnahme durch Ihre plakative, Farbgebung mit grober K\u00f6rnigkeit, die ma\u00dfgeblich zu ihrem surrealen Charakter beitr\u00e4gt und auf diese Weise, wie wir bereits im Juni konstatierten, die T\u00fcr zu einer Parallelwelt \u00f6ffnet.\u201c<\/p>\n<p>Wir gratulieren Herrn Goosmann sehr herzlich und bedanken uns f\u00fcr seine wundervollen Fotos.<\/p>\n<p>Au\u00dferdem bedanken wir uns recht herzlich bei <a href=\"https:\/\/www.facebook.com\/hashtag\/kaufland?source=feed_text&amp;epa=HASHTAG&amp;__xts__%5B0%5D=68.ARB3Qe2Vrh_xgYzy9i34I8Nx8BFvvtaiWzF8NPlxRKT3DhgSY_l3O8H0WXVkmcMTVlBWJPFz8OJHdBvj2-hZSKytjI1dkL51jTph4gZquLcFr25t46FOqSRRiei4cV6FLTEhPW0xddQwv6bw4JhT0QJOAH2XXSqrP8rZIgJev1ebgY9FvbjLl5_WZXPsk2vmO5bXYrzLwbp6U0hnB4RE2OHKt7sQe6hvoRNgkaRc2XTW942b-LcgZfN9ny2mEh-ZFitoI4pP8O1Lvdp6MGXZ5Nk5svZRfCEhquAD_2sdh7fk3B4Ob06cNtFfWBsTpuobHQ8xy7MQfkCHq6dBb4oZH3WcMg&amp;__tn__=%2ANK-R\">#Kaufland<\/a>, #Kaufland Foto mit <a href=\"https:\/\/www.facebook.com\/hashtag\/cewe?source=feed_text&amp;epa=HASHTAG&amp;__xts__%5B0%5D=68.ARB3Qe2Vrh_xgYzy9i34I8Nx8BFvvtaiWzF8NPlxRKT3DhgSY_l3O8H0WXVkmcMTVlBWJPFz8OJHdBvj2-hZSKytjI1dkL51jTph4gZquLcFr25t46FOqSRRiei4cV6FLTEhPW0xddQwv6bw4JhT0QJOAH2XXSqrP8rZIgJev1ebgY9FvbjLl5_WZXPsk2vmO5bXYrzLwbp6U0hnB4RE2OHKt7sQe6hvoRNgkaRc2XTW942b-LcgZfN9ny2mEh-ZFitoI4pP8O1Lvdp6MGXZ5Nk5svZRfCEhquAD_2sdh7fk3B4Ob06cNtFfWBsTpuobHQ8xy7MQfkCHq6dBb4oZH3WcMg&amp;__tn__=%2ANK-R\">#CEWE<\/a>, der Zeitschrift \u201e<a href=\"https:\/\/www.facebook.com\/hashtag\/naturfoto?source=feed_text&amp;epa=HASHTAG&amp;__xts__%5B0%5D=68.ARB3Qe2Vrh_xgYzy9i34I8Nx8BFvvtaiWzF8NPlxRKT3DhgSY_l3O8H0WXVkmcMTVlBWJPFz8OJHdBvj2-hZSKytjI1dkL51jTph4gZquLcFr25t46FOqSRRiei4cV6FLTEhPW0xddQwv6bw4JhT0QJOAH2XXSqrP8rZIgJev1ebgY9FvbjLl5_WZXPsk2vmO5bXYrzLwbp6U0hnB4RE2OHKt7sQe6hvoRNgkaRc2XTW942b-LcgZfN9ny2mEh-ZFitoI4pP8O1Lvdp6MGXZ5Nk5svZRfCEhquAD_2sdh7fk3B4Ob06cNtFfWBsTpuobHQ8xy7MQfkCHq6dBb4oZH3WcMg&amp;__tn__=%2ANK-R\">#NaturFoto<\/a>\u201c, der Firma <a href=\"https:\/\/www.facebook.com\/hashtag\/novoflex?source=feed_text&amp;epa=HASHTAG&amp;__xts__%5B0%5D=68.ARB3Qe2Vrh_xgYzy9i34I8Nx8BFvvtaiWzF8NPlxRKT3DhgSY_l3O8H0WXVkmcMTVlBWJPFz8OJHdBvj2-hZSKytjI1dkL51jTph4gZquLcFr25t46FOqSRRiei4cV6FLTEhPW0xddQwv6bw4JhT0QJOAH2XXSqrP8rZIgJev1ebgY9FvbjLl5_WZXPsk2vmO5bXYrzLwbp6U0hnB4RE2OHKt7sQe6hvoRNgkaRc2XTW942b-LcgZfN9ny2mEh-ZFitoI4pP8O1Lvdp6MGXZ5Nk5svZRfCEhquAD_2sdh7fk3B4Ob06cNtFfWBsTpuobHQ8xy7MQfkCHq6dBb4oZH3WcMg&amp;__tn__=%2ANK-R\">#Novoflex<\/a> sowie dem <a href=\"https:\/\/www.facebook.com\/hashtag\/rheinwerk?source=feed_text&amp;epa=HASHTAG&amp;__xts__%5B0%5D=68.ARB3Qe2Vrh_xgYzy9i34I8Nx8BFvvtaiWzF8NPlxRKT3DhgSY_l3O8H0WXVkmcMTVlBWJPFz8OJHdBvj2-hZSKytjI1dkL51jTph4gZquLcFr25t46FOqSRRiei4cV6FLTEhPW0xddQwv6bw4JhT0QJOAH2XXSqrP8rZIgJev1ebgY9FvbjLl5_WZXPsk2vmO5bXYrzLwbp6U0hnB4RE2OHKt7sQe6hvoRNgkaRc2XTW942b-LcgZfN9ny2mEh-ZFitoI4pP8O1Lvdp6MGXZ5Nk5svZRfCEhquAD_2sdh7fk3B4Ob06cNtFfWBsTpuobHQ8xy7MQfkCHq6dBb4oZH3WcMg&amp;__tn__=%2ANK-R\">#Rheinwerk<\/a> Verlag, die uns beim Fotowettbewerb &#8222;Augenblick Natur!&#8220; 2019 unterst\u00fctzt haben!<\/p>\n<p>&nbsp;<\/p>\n","protected":false},"excerpt":{"rendered":"<p>Die Jury hat das Foto \u201eHummel 2\u201c von Martin Goosmann zum Jahressieger im Fotowettbewerb \u201eAugenblick Natur\u201c zum Foto des Jahres gew\u00e4hlt. Herzlichen Gl\u00fcckwunsch! <\/p>\n","protected":false},"author":73,"featured_media":11991,"comment_status":"open","ping_status":"open","sticky":false,"template":"","format":"standard","meta":{"_links_to":"","_links_to_target":""},"categories":[10],"tags":[],"yoast_head":"<!-- This site is optimized with the Yoast SEO plugin v19.10 - https:\/\/yoast.com\/wordpress\/plugins\/seo\/ -->\n<title>Jahressieger 2019<\/title>\n<meta name=\"description\" content=\"Die Jury hat das Foto \u201eHummel 2\u201c von Martin Goosmann zum Jahressieger im Fotowettbewerb \u201eAugenblick Natur\u201c zum Foto des Jahres gew\u00e4hlt. Herzlichen Gl\u00fcckwunsch!\" \/>\n<meta name=\"robots\" content=\"index, follow, max-snippet:-1, max-image-preview:large, max-video-preview:-1\" \/>\n<link rel=\"canonical\" href=\"https:\/\/www.naturparkmagazin.de\/vdn\/jahressieger-2019\/\" \/>\n<meta property=\"og:locale\" content=\"de_DE\" \/>\n<meta property=\"og:type\" content=\"article\" \/>\n<meta property=\"og:title\" content=\"Jahressieger 2019\" \/>\n<meta property=\"og:description\" content=\"Die Jury hat das Foto \u201eHummel 2\u201c von Martin Goosmann zum Jahressieger im Fotowettbewerb \u201eAugenblick Natur\u201c zum Foto des Jahres gew\u00e4hlt. Herzlichen Gl\u00fcckwunsch!\" \/>\n<meta property=\"og:url\" content=\"https:\/\/www.naturparkmagazin.de\/vdn\/jahressieger-2019\/\" \/>\n<meta property=\"og:site_name\" content=\"Verband Deutscher Naturparke\" \/>\n<meta property=\"article:published_time\" content=\"2019-11-30T10:41:11+00:00\" \/>\n<meta property=\"article:modified_time\" content=\"2019-12-10T11:58:44+00:00\" \/>\n<meta property=\"og:image\" content=\"https:\/\/www.naturparkmagazin.de\/vdn\/wp-content\/uploads\/sites\/3\/dsc01783-01-01bf.jpeg\" \/>\n\t<meta property=\"og:image:width\" content=\"200\" \/>\n\t<meta property=\"og:image:height\" content=\"200\" \/>\n\t<meta property=\"og:image:type\" content=\"image\/jpeg\" \/>\n<meta name=\"author\" content=\"manuelamerz\" \/>\n<meta name=\"twitter:label1\" content=\"Verfasst von\" \/>\n\t<meta name=\"twitter:data1\" content=\"manuelamerz\" \/>\n\t<meta name=\"twitter:label2\" content=\"Gesch\u00e4tzte Lesezeit\" \/>\n\t<meta name=\"twitter:data2\" content=\"1\u00a0Minute\" \/>\n<script type=\"application\/ld+json\" class=\"yoast-schema-graph\">{\"@context\":\"https:\/\/schema.org\",\"@graph\":[{\"@type\":\"WebPage\",\"@id\":\"https:\/\/www.naturparkmagazin.de\/vdn\/jahressieger-2019\/\",\"url\":\"https:\/\/www.naturparkmagazin.de\/vdn\/jahressieger-2019\/\",\"name\":\"Jahressieger 2019\",\"isPartOf\":{\"@id\":\"https:\/\/www.naturparkmagazin.de\/vdn\/#website\"},\"datePublished\":\"2019-11-30T10:41:11+00:00\",\"dateModified\":\"2019-12-10T11:58:44+00:00\",\"author\":{\"@id\":\"https:\/\/www.naturparkmagazin.de\/vdn\/#\/schema\/person\/3cff9b8773ed55f0189255fa9adfd57c\"},\"description\":\"Die Jury hat das Foto \u201eHummel 2\u201c von Martin Goosmann zum Jahressieger im Fotowettbewerb \u201eAugenblick Natur\u201c zum Foto des Jahres gew\u00e4hlt. Herzlichen Gl\u00fcckwunsch!\",\"breadcrumb\":{\"@id\":\"https:\/\/www.naturparkmagazin.de\/vdn\/jahressieger-2019\/#breadcrumb\"},\"inLanguage\":\"de\",\"potentialAction\":[{\"@type\":\"ReadAction\",\"target\":[\"https:\/\/www.naturparkmagazin.de\/vdn\/jahressieger-2019\/\"]}]},{\"@type\":\"BreadcrumbList\",\"@id\":\"https:\/\/www.naturparkmagazin.de\/vdn\/jahressieger-2019\/#breadcrumb\",\"itemListElement\":[{\"@type\":\"ListItem\",\"position\":1,\"name\":\"Home\",\"item\":\"https:\/\/www.naturparkmagazin.de\/vdn\/\"},{\"@type\":\"ListItem\",\"position\":2,\"name\":\"Jahressieger 2019\"}]},{\"@type\":\"WebSite\",\"@id\":\"https:\/\/www.naturparkmagazin.de\/vdn\/#website\",\"url\":\"https:\/\/www.naturparkmagazin.de\/vdn\/\",\"name\":\"Verband Deutscher Naturparke\",\"description\":\"Eine weitere Naturparkmagazin.de Netzwerk Seite\",\"potentialAction\":[{\"@type\":\"SearchAction\",\"target\":{\"@type\":\"EntryPoint\",\"urlTemplate\":\"https:\/\/www.naturparkmagazin.de\/vdn\/?s={search_term_string}\"},\"query-input\":\"required name=search_term_string\"}],\"inLanguage\":\"de\"},{\"@type\":\"Person\",\"@id\":\"https:\/\/www.naturparkmagazin.de\/vdn\/#\/schema\/person\/3cff9b8773ed55f0189255fa9adfd57c\",\"name\":\"manuelamerz\",\"url\":\"https:\/\/www.naturparkmagazin.de\/vdn\/author\/manuelamerz\/\"}]}<\/script>\n<!-- \/ Yoast SEO plugin. -->","yoast_head_json":{"title":"Jahressieger 2019","description":"Die Jury hat das Foto \u201eHummel 2\u201c von Martin Goosmann zum Jahressieger im Fotowettbewerb \u201eAugenblick Natur\u201c zum Foto des Jahres gew\u00e4hlt. Herzlichen Gl\u00fcckwunsch!","robots":{"index":"index","follow":"follow","max-snippet":"max-snippet:-1","max-image-preview":"max-image-preview:large","max-video-preview":"max-video-preview:-1"},"canonical":"https:\/\/www.naturparkmagazin.de\/vdn\/jahressieger-2019\/","og_locale":"de_DE","og_type":"article","og_title":"Jahressieger 2019","og_description":"Die Jury hat das Foto \u201eHummel 2\u201c von Martin Goosmann zum Jahressieger im Fotowettbewerb \u201eAugenblick Natur\u201c zum Foto des Jahres gew\u00e4hlt. Herzlichen Gl\u00fcckwunsch!","og_url":"https:\/\/www.naturparkmagazin.de\/vdn\/jahressieger-2019\/","og_site_name":"Verband Deutscher Naturparke","article_published_time":"2019-11-30T10:41:11+00:00","article_modified_time":"2019-12-10T11:58:44+00:00","og_image":[{"width":200,"height":200,"url":"https:\/\/www.naturparkmagazin.de\/vdn\/wp-content\/uploads\/sites\/3\/dsc01783-01-01bf.jpeg","type":"image\/jpeg"}],"author":"manuelamerz","twitter_misc":{"Verfasst von":"manuelamerz","Gesch\u00e4tzte Lesezeit":"1\u00a0Minute"},"schema":{"@context":"https:\/\/schema.org","@graph":[{"@type":"WebPage","@id":"https:\/\/www.naturparkmagazin.de\/vdn\/jahressieger-2019\/","url":"https:\/\/www.naturparkmagazin.de\/vdn\/jahressieger-2019\/","name":"Jahressieger 2019","isPartOf":{"@id":"https:\/\/www.naturparkmagazin.de\/vdn\/#website"},"datePublished":"2019-11-30T10:41:11+00:00","dateModified":"2019-12-10T11:58:44+00:00","author":{"@id":"https:\/\/www.naturparkmagazin.de\/vdn\/#\/schema\/person\/3cff9b8773ed55f0189255fa9adfd57c"},"description":"Die Jury hat das Foto \u201eHummel 2\u201c von Martin Goosmann zum Jahressieger im Fotowettbewerb \u201eAugenblick Natur\u201c zum Foto des Jahres gew\u00e4hlt. Herzlichen Gl\u00fcckwunsch!","breadcrumb":{"@id":"https:\/\/www.naturparkmagazin.de\/vdn\/jahressieger-2019\/#breadcrumb"},"inLanguage":"de","potentialAction":[{"@type":"ReadAction","target":["https:\/\/www.naturparkmagazin.de\/vdn\/jahressieger-2019\/"]}]},{"@type":"BreadcrumbList","@id":"https:\/\/www.naturparkmagazin.de\/vdn\/jahressieger-2019\/#breadcrumb","itemListElement":[{"@type":"ListItem","position":1,"name":"Home","item":"https:\/\/www.naturparkmagazin.de\/vdn\/"},{"@type":"ListItem","position":2,"name":"Jahressieger 2019"}]},{"@type":"WebSite","@id":"https:\/\/www.naturparkmagazin.de\/vdn\/#website","url":"https:\/\/www.naturparkmagazin.de\/vdn\/","name":"Verband Deutscher Naturparke","description":"Eine weitere Naturparkmagazin.de Netzwerk Seite","potentialAction":[{"@type":"SearchAction","target":{"@type":"EntryPoint","urlTemplate":"https:\/\/www.naturparkmagazin.de\/vdn\/?s={search_term_string}"},"query-input":"required name=search_term_string"}],"inLanguage":"de"},{"@type":"Person","@id":"https:\/\/www.naturparkmagazin.de\/vdn\/#\/schema\/person\/3cff9b8773ed55f0189255fa9adfd57c","name":"manuelamerz","url":"https:\/\/www.naturparkmagazin.de\/vdn\/author\/manuelamerz\/"}]}},"_links":{"self":[{"href":"https:\/\/www.naturparkmagazin.de\/vdn\/wp-json\/wp\/v2\/posts\/11989"}],"collection":[{"href":"https:\/\/www.naturparkmagazin.de\/vdn\/wp-json\/wp\/v2\/posts"}],"about":[{"href":"https:\/\/www.naturparkmagazin.de\/vdn\/wp-json\/wp\/v2\/types\/post"}],"author":[{"embeddable":true,"href":"https:\/\/www.naturparkmagazin.de\/vdn\/wp-json\/wp\/v2\/users\/73"}],"replies":[{"embeddable":true,"href":"https:\/\/www.naturparkmagazin.de\/vdn\/wp-json\/wp\/v2\/comments?post=11989"}],"version-history":[{"count":1,"href":"https:\/\/www.naturparkmagazin.de\/vdn\/wp-json\/wp\/v2\/posts\/11989\/revisions"}],"predecessor-version":[{"id":11992,"href":"https:\/\/www.naturparkmagazin.de\/vdn\/wp-json\/wp\/v2\/posts\/11989\/revisions\/11992"}],"wp:featuredmedia":[{"embeddable":true,"href":"https:\/\/www.naturparkmagazin.de\/vdn\/wp-json\/wp\/v2\/media\/11991"}],"wp:attachment":[{"href":"https:\/\/www.naturparkmagazin.de\/vdn\/wp-json\/wp\/v2\/media?parent=11989"}],"wp:term":[{"taxonomy":"category","embeddable":true,"href":"https:\/\/www.naturparkmagazin.de\/vdn\/wp-json\/wp\/v2\/categories?post=11989"},{"taxonomy":"post_tag","embeddable":true,"href":"https:\/\/www.naturparkmagazin.de\/vdn\/wp-json\/wp\/v2\/tags?post=11989"}],"curies":[{"name":"wp","href":"https:\/\/api.w.org\/{rel}","templated":true}]}}