{"id":12002,"date":"2019-11-30T22:09:20","date_gmt":"2019-11-30T21:09:20","guid":{"rendered":"https:\/\/www.naturparkmagazin.de\/vdn\/?p=12002"},"modified":"2019-12-10T12:50:26","modified_gmt":"2019-12-10T11:50:26","slug":"weihnachtliche-gruesse","status":"publish","type":"post","link":"https:\/\/www.naturparkmagazin.de\/vdn\/weihnachtliche-gruesse\/","title":{"rendered":"\u201eWeihnachtliche Gr\u00fc\u00dfe\u201c"},"content":{"rendered":"<div id=\"attachment_12006\" style=\"width: 510px\" class=\"wp-caption aligncenter\"><a href=\"https:\/\/www.naturparkmagazin.de\/vdn\/wp-content\/uploads\/sites\/3\/\u00dcbergabe-Naturpark-Weihnachtsbaum_28.11.2019beitrag.jpg\"><img aria-describedby=\"caption-attachment-12006\" decoding=\"async\" loading=\"lazy\" class=\"size-full wp-image-12006\" src=\"https:\/\/www.naturparkmagazin.de\/vdn\/wp-content\/uploads\/sites\/3\/\u00dcbergabe-Naturpark-Weihnachtsbaum_28.11.2019beitrag.jpg\" alt=\"\u00dcbergabe Naturpark-Weihnachtsbaum - Copyright: Naturpark Soonwald-Nahe\/Lena Briem\" width=\"500\" height=\"300\" srcset=\"https:\/\/www.naturparkmagazin.de\/vdn\/wp-content\/uploads\/sites\/3\/\u00dcbergabe-Naturpark-Weihnachtsbaum_28.11.2019beitrag.jpg 500w, https:\/\/www.naturparkmagazin.de\/vdn\/wp-content\/uploads\/sites\/3\/\u00dcbergabe-Naturpark-Weihnachtsbaum_28.11.2019beitrag-300x180.jpg 300w, https:\/\/www.naturparkmagazin.de\/vdn\/wp-content\/uploads\/sites\/3\/\u00dcbergabe-Naturpark-Weihnachtsbaum_28.11.2019beitrag-200x120.jpg 200w\" sizes=\"(max-width: 500px) 100vw, 500px\" \/><\/a><p id=\"caption-attachment-12006\" class=\"wp-caption-text\">\u00dcbergabe Naturpark-Weihnachtsbaum &#8211; Copyright: Naturpark Soonwald-Nahe\/Lena Briem<\/p><\/div>\n<p>Seit dem Jahr 2002 stellt in jedem Jahr ein Naturpark gemeinsam mit dem Verband Deutscher Naturparke einen Weihnachtsbaum f\u00fcr die Mitglieder und Mitarbeitenden des Deutschen Bundestags auf. Der diesj\u00e4hrige Baum kommt aus dem Naturpark Soonwald-Nahe.<\/p>\n<p>\u00dcberreicht wurde der Weihnachtsbaum an den Vizepr\u00e4sidenten des Deutschen Bundestages, Dr. Hans-Peter Friedrich, von der Vorsitzenden des Tr\u00e4gervereins Naturpark Soonwald-Nahe e. V., Landr\u00e4tin Bettina Dickes, und dem Pr\u00e4sidenten des Verbandes Deutscher Naturparke e. V. (VDN), Friedel Heuwinkel.<\/p>\n<p>Gestiftet wurde der diesj\u00e4hrige Baum \u2013 eine 6 Meter hohe Wei\u00dftanne \u2013 vom Forstamt Soonwald, Landesforsten Rheinland-Pfalz.<\/p>\n<div id=\"attachment_12005\" style=\"width: 510px\" class=\"wp-caption aligncenter\"><a href=\"https:\/\/www.naturparkmagazin.de\/vdn\/wp-content\/uploads\/sites\/3\/Soonwaldfee-\u00fcbergibt-Pr\u00e4sent-1_beitrag.jpg\"><img aria-describedby=\"caption-attachment-12005\" decoding=\"async\" loading=\"lazy\" class=\"size-full wp-image-12005\" src=\"https:\/\/www.naturparkmagazin.de\/vdn\/wp-content\/uploads\/sites\/3\/Soonwaldfee-\u00fcbergibt-Pr\u00e4sent-1_beitrag.jpg\" alt=\"Soonwaldfee \u00fcbergibt Pr\u00e4sent  - Copyright: Naturpark Soonwald-Nahe\/Lena Briem\" width=\"500\" height=\"300\" srcset=\"https:\/\/www.naturparkmagazin.de\/vdn\/wp-content\/uploads\/sites\/3\/Soonwaldfee-\u00fcbergibt-Pr\u00e4sent-1_beitrag.jpg 500w, https:\/\/www.naturparkmagazin.de\/vdn\/wp-content\/uploads\/sites\/3\/Soonwaldfee-\u00fcbergibt-Pr\u00e4sent-1_beitrag-300x180.jpg 300w, https:\/\/www.naturparkmagazin.de\/vdn\/wp-content\/uploads\/sites\/3\/Soonwaldfee-\u00fcbergibt-Pr\u00e4sent-1_beitrag-200x120.jpg 200w\" sizes=\"(max-width: 500px) 100vw, 500px\" \/><\/a><p id=\"caption-attachment-12005\" class=\"wp-caption-text\">Soonwaldfee \u00fcbergibt Pr\u00e4sent &#8211; Copyright: Naturpark Soonwald-Nahe\/Lena Briem<\/p><\/div>\n<p>Sch\u00fclerinnen und Sch\u00fcler der L\u00fctzelsoonschule Hennweiler hatten als zuk\u00fcnftige \u201eNaturpark-Schule\u201c dem diesj\u00e4hrigen Weihnachtsbaum mit selbst gebasteltem Baumschmuck ein buntes Kleid verpasst. Zur \u00dcbergabe hatten die Kinder zwei Weihnachtslieder einstudiert. Einen Gru\u00df aus dem Naturpark Soonwald-Nahe \u00fcberbrachte auch die Soonwaldfee mit einem Pr\u00e4sent aus regionalen Produkten.<\/p>\n<p><a href=\"https:\/\/www.naturparke.de\/service\/presse\/pressemitteilungen\/nachricht\/weihnachtsbaum-aus-dem-naturpark-soonwald-nahe-schmueckt-den-deutschen-bundestag.html\" target=\"_blank\"><strong>&gt;&gt; Hier<\/strong><\/a> k\u00f6nnen Sie die Pressemitteilung downloaden<\/p>\n","protected":false},"excerpt":{"rendered":"<p>Ein Weihnachtsbaum aus dem Naturpark Soonwald-Nahe schm\u00fcckt zur Adventszeit den Deutschen Bundestag.<\/p>\n","protected":false},"author":51,"featured_media":12008,"comment_status":"open","ping_status":"open","sticky":false,"template":"","format":"standard","meta":{"_links_to":"","_links_to_target":""},"categories":[7],"tags":[],"yoast_head":"<!-- This site is optimized with the Yoast SEO plugin v19.10 - https:\/\/yoast.com\/wordpress\/plugins\/seo\/ -->\n<title>\u201eWeihnachtliche Gr\u00fc\u00dfe\u201c<\/title>\n<meta name=\"description\" content=\"Ein Weihnachtsbaum aus dem Naturpark Soonwald-Nahe schm\u00fcckt zur Adventszeit den Deutschen Bundestag.\" \/>\n<meta name=\"robots\" content=\"index, follow, max-snippet:-1, max-image-preview:large, max-video-preview:-1\" \/>\n<link rel=\"canonical\" href=\"https:\/\/www.naturparkmagazin.de\/vdn\/weihnachtliche-gruesse\/\" \/>\n<meta property=\"og:locale\" content=\"de_DE\" \/>\n<meta property=\"og:type\" content=\"article\" \/>\n<meta property=\"og:title\" content=\"\u201eWeihnachtliche Gr\u00fc\u00dfe\u201c\" \/>\n<meta property=\"og:description\" content=\"Ein Weihnachtsbaum aus dem Naturpark Soonwald-Nahe schm\u00fcckt zur Adventszeit den Deutschen Bundestag.\" \/>\n<meta property=\"og:url\" content=\"https:\/\/www.naturparkmagazin.de\/vdn\/weihnachtliche-gruesse\/\" \/>\n<meta property=\"og:site_name\" content=\"Verband Deutscher Naturparke\" \/>\n<meta property=\"article:published_time\" content=\"2019-11-30T21:09:20+00:00\" \/>\n<meta property=\"article:modified_time\" content=\"2019-12-10T11:50:26+00:00\" \/>\n<meta property=\"og:image\" content=\"https:\/\/www.naturparkmagazin.de\/vdn\/wp-content\/uploads\/sites\/3\/\u00dcbergabe-Naturpark-Weihnachtsbaum_28.11.2019_2_beitragsbild.jpg\" \/>\n\t<meta property=\"og:image:width\" content=\"200\" \/>\n\t<meta property=\"og:image:height\" content=\"200\" \/>\n\t<meta property=\"og:image:type\" content=\"image\/jpeg\" \/>\n<meta name=\"author\" content=\"beatrixlosem\" \/>\n<meta name=\"twitter:label1\" content=\"Verfasst von\" \/>\n\t<meta name=\"twitter:data1\" content=\"beatrixlosem\" \/>\n\t<meta name=\"twitter:label2\" content=\"Gesch\u00e4tzte Lesezeit\" \/>\n\t<meta name=\"twitter:data2\" content=\"1\u00a0Minute\" \/>\n<script type=\"application\/ld+json\" class=\"yoast-schema-graph\">{\"@context\":\"https:\/\/schema.org\",\"@graph\":[{\"@type\":\"WebPage\",\"@id\":\"https:\/\/www.naturparkmagazin.de\/vdn\/weihnachtliche-gruesse\/\",\"url\":\"https:\/\/www.naturparkmagazin.de\/vdn\/weihnachtliche-gruesse\/\",\"name\":\"\u201eWeihnachtliche Gr\u00fc\u00dfe\u201c\",\"isPartOf\":{\"@id\":\"https:\/\/www.naturparkmagazin.de\/vdn\/#website\"},\"datePublished\":\"2019-11-30T21:09:20+00:00\",\"dateModified\":\"2019-12-10T11:50:26+00:00\",\"author\":{\"@id\":\"https:\/\/www.naturparkmagazin.de\/vdn\/#\/schema\/person\/d71357578c318b6db03be60b1f60396b\"},\"description\":\"Ein Weihnachtsbaum aus dem Naturpark Soonwald-Nahe schm\u00fcckt zur Adventszeit den Deutschen Bundestag.\",\"breadcrumb\":{\"@id\":\"https:\/\/www.naturparkmagazin.de\/vdn\/weihnachtliche-gruesse\/#breadcrumb\"},\"inLanguage\":\"de\",\"potentialAction\":[{\"@type\":\"ReadAction\",\"target\":[\"https:\/\/www.naturparkmagazin.de\/vdn\/weihnachtliche-gruesse\/\"]}]},{\"@type\":\"BreadcrumbList\",\"@id\":\"https:\/\/www.naturparkmagazin.de\/vdn\/weihnachtliche-gruesse\/#breadcrumb\",\"itemListElement\":[{\"@type\":\"ListItem\",\"position\":1,\"name\":\"Home\",\"item\":\"https:\/\/www.naturparkmagazin.de\/vdn\/\"},{\"@type\":\"ListItem\",\"position\":2,\"name\":\"\u201eWeihnachtliche Gr\u00fc\u00dfe\u201c\"}]},{\"@type\":\"WebSite\",\"@id\":\"https:\/\/www.naturparkmagazin.de\/vdn\/#website\",\"url\":\"https:\/\/www.naturparkmagazin.de\/vdn\/\",\"name\":\"Verband Deutscher Naturparke\",\"description\":\"Eine weitere Naturparkmagazin.de Netzwerk Seite\",\"potentialAction\":[{\"@type\":\"SearchAction\",\"target\":{\"@type\":\"EntryPoint\",\"urlTemplate\":\"https:\/\/www.naturparkmagazin.de\/vdn\/?s={search_term_string}\"},\"query-input\":\"required name=search_term_string\"}],\"inLanguage\":\"de\"},{\"@type\":\"Person\",\"@id\":\"https:\/\/www.naturparkmagazin.de\/vdn\/#\/schema\/person\/d71357578c318b6db03be60b1f60396b\",\"name\":\"beatrixlosem\",\"url\":\"https:\/\/www.naturparkmagazin.de\/vdn\/author\/beatrixlosem\/\"}]}<\/script>\n<!-- \/ Yoast SEO plugin. -->","yoast_head_json":{"title":"\u201eWeihnachtliche Gr\u00fc\u00dfe\u201c","description":"Ein Weihnachtsbaum aus dem Naturpark Soonwald-Nahe schm\u00fcckt zur Adventszeit den Deutschen Bundestag.","robots":{"index":"index","follow":"follow","max-snippet":"max-snippet:-1","max-image-preview":"max-image-preview:large","max-video-preview":"max-video-preview:-1"},"canonical":"https:\/\/www.naturparkmagazin.de\/vdn\/weihnachtliche-gruesse\/","og_locale":"de_DE","og_type":"article","og_title":"\u201eWeihnachtliche Gr\u00fc\u00dfe\u201c","og_description":"Ein Weihnachtsbaum aus dem Naturpark Soonwald-Nahe schm\u00fcckt zur Adventszeit den Deutschen Bundestag.","og_url":"https:\/\/www.naturparkmagazin.de\/vdn\/weihnachtliche-gruesse\/","og_site_name":"Verband Deutscher Naturparke","article_published_time":"2019-11-30T21:09:20+00:00","article_modified_time":"2019-12-10T11:50:26+00:00","og_image":[{"width":200,"height":200,"url":"https:\/\/www.naturparkmagazin.de\/vdn\/wp-content\/uploads\/sites\/3\/\u00dcbergabe-Naturpark-Weihnachtsbaum_28.11.2019_2_beitragsbild.jpg","type":"image\/jpeg"}],"author":"beatrixlosem","twitter_misc":{"Verfasst von":"beatrixlosem","Gesch\u00e4tzte Lesezeit":"1\u00a0Minute"},"schema":{"@context":"https:\/\/schema.org","@graph":[{"@type":"WebPage","@id":"https:\/\/www.naturparkmagazin.de\/vdn\/weihnachtliche-gruesse\/","url":"https:\/\/www.naturparkmagazin.de\/vdn\/weihnachtliche-gruesse\/","name":"\u201eWeihnachtliche Gr\u00fc\u00dfe\u201c","isPartOf":{"@id":"https:\/\/www.naturparkmagazin.de\/vdn\/#website"},"datePublished":"2019-11-30T21:09:20+00:00","dateModified":"2019-12-10T11:50:26+00:00","author":{"@id":"https:\/\/www.naturparkmagazin.de\/vdn\/#\/schema\/person\/d71357578c318b6db03be60b1f60396b"},"description":"Ein Weihnachtsbaum aus dem Naturpark Soonwald-Nahe schm\u00fcckt zur Adventszeit den Deutschen Bundestag.","breadcrumb":{"@id":"https:\/\/www.naturparkmagazin.de\/vdn\/weihnachtliche-gruesse\/#breadcrumb"},"inLanguage":"de","potentialAction":[{"@type":"ReadAction","target":["https:\/\/www.naturparkmagazin.de\/vdn\/weihnachtliche-gruesse\/"]}]},{"@type":"BreadcrumbList","@id":"https:\/\/www.naturparkmagazin.de\/vdn\/weihnachtliche-gruesse\/#breadcrumb","itemListElement":[{"@type":"ListItem","position":1,"name":"Home","item":"https:\/\/www.naturparkmagazin.de\/vdn\/"},{"@type":"ListItem","position":2,"name":"\u201eWeihnachtliche Gr\u00fc\u00dfe\u201c"}]},{"@type":"WebSite","@id":"https:\/\/www.naturparkmagazin.de\/vdn\/#website","url":"https:\/\/www.naturparkmagazin.de\/vdn\/","name":"Verband Deutscher Naturparke","description":"Eine weitere Naturparkmagazin.de Netzwerk Seite","potentialAction":[{"@type":"SearchAction","target":{"@type":"EntryPoint","urlTemplate":"https:\/\/www.naturparkmagazin.de\/vdn\/?s={search_term_string}"},"query-input":"required name=search_term_string"}],"inLanguage":"de"},{"@type":"Person","@id":"https:\/\/www.naturparkmagazin.de\/vdn\/#\/schema\/person\/d71357578c318b6db03be60b1f60396b","name":"beatrixlosem","url":"https:\/\/www.naturparkmagazin.de\/vdn\/author\/beatrixlosem\/"}]}},"_links":{"self":[{"href":"https:\/\/www.naturparkmagazin.de\/vdn\/wp-json\/wp\/v2\/posts\/12002"}],"collection":[{"href":"https:\/\/www.naturparkmagazin.de\/vdn\/wp-json\/wp\/v2\/posts"}],"about":[{"href":"https:\/\/www.naturparkmagazin.de\/vdn\/wp-json\/wp\/v2\/types\/post"}],"author":[{"embeddable":true,"href":"https:\/\/www.naturparkmagazin.de\/vdn\/wp-json\/wp\/v2\/users\/51"}],"replies":[{"embeddable":true,"href":"https:\/\/www.naturparkmagazin.de\/vdn\/wp-json\/wp\/v2\/comments?post=12002"}],"version-history":[{"count":6,"href":"https:\/\/www.naturparkmagazin.de\/vdn\/wp-json\/wp\/v2\/posts\/12002\/revisions"}],"predecessor-version":[{"id":12011,"href":"https:\/\/www.naturparkmagazin.de\/vdn\/wp-json\/wp\/v2\/posts\/12002\/revisions\/12011"}],"wp:featuredmedia":[{"embeddable":true,"href":"https:\/\/www.naturparkmagazin.de\/vdn\/wp-json\/wp\/v2\/media\/12008"}],"wp:attachment":[{"href":"https:\/\/www.naturparkmagazin.de\/vdn\/wp-json\/wp\/v2\/media?parent=12002"}],"wp:term":[{"taxonomy":"category","embeddable":true,"href":"https:\/\/www.naturparkmagazin.de\/vdn\/wp-json\/wp\/v2\/categories?post=12002"},{"taxonomy":"post_tag","embeddable":true,"href":"https:\/\/www.naturparkmagazin.de\/vdn\/wp-json\/wp\/v2\/tags?post=12002"}],"curies":[{"name":"wp","href":"https:\/\/api.w.org\/{rel}","templated":true}]}}