{"id":12061,"date":"2019-12-30T14:31:21","date_gmt":"2019-12-30T13:31:21","guid":{"rendered":"https:\/\/www.naturparkmagazin.de\/vdn\/?p=12061"},"modified":"2020-01-16T12:05:42","modified_gmt":"2020-01-16T11:05:42","slug":"naturpark-weserbergland","status":"publish","type":"post","link":"https:\/\/www.naturparkmagazin.de\/vdn\/naturpark-weserbergland\/","title":{"rendered":"Naturpark Weserbergland"},"content":{"rendered":"<p>Der Naturpark zeichnet sich vor allem durch den Wechsel zwischen der Fluss- und Offenlandschaft der Weser und den bewaldeten H\u00f6henz\u00fcgen aus. Typisch f\u00fcr das Naturparkgebiet ist der vielf\u00e4ltige Wechsel von l\u00f6ssbedeckten, ackerbaulich genutzten Becken und oft steil aufragenden, meist als Kalk- oder Sandstein aufgebauten Bergz\u00fcgen wie S\u00fcntel, Ith, Deister, B\u00fcckeberge, Lipper Bergland und Wesergebirge. Besonderheiten sind unter anderem die Felsformationen z. B. des Ith und S\u00fcntel, die S\u00fcntel-Buche oder seltene Tier- und Pflanzenarten wie Uhu, Wildkatze, Gelbbauchunke oder Pyramidenorchis. Auch findet sich hier weltweit einmalig das Brillensch\u00f6tchen.<\/p>\n<div id=\"attachment_12074\" style=\"width: 510px\" class=\"wp-caption alignnone\"><a href=\"https:\/\/www.naturparkmagazin.de\/vdn\/wp-content\/uploads\/sites\/3\/Auenlandschaft_TWWb.jpg\"><img aria-describedby=\"caption-attachment-12074\" decoding=\"async\" loading=\"lazy\" class=\"size-full wp-image-12074\" src=\"https:\/\/www.naturparkmagazin.de\/vdn\/wp-content\/uploads\/sites\/3\/Auenlandschaft_TWWb.jpg\" alt=\"Auenlandschaft \u00a9 TWW\" width=\"500\" height=\"300\" srcset=\"https:\/\/www.naturparkmagazin.de\/vdn\/wp-content\/uploads\/sites\/3\/Auenlandschaft_TWWb.jpg 500w, https:\/\/www.naturparkmagazin.de\/vdn\/wp-content\/uploads\/sites\/3\/Auenlandschaft_TWWb-300x180.jpg 300w, https:\/\/www.naturparkmagazin.de\/vdn\/wp-content\/uploads\/sites\/3\/Auenlandschaft_TWWb-200x120.jpg 200w\" sizes=\"(max-width: 500px) 100vw, 500px\" \/><\/a><p id=\"caption-attachment-12074\" class=\"wp-caption-text\">Auenlandschaft \u00a9 TWW<\/p><\/div>\n<p>Baulich zeichnet sich die Region durch Fachwerkorte, historische Altst\u00e4dte und alte D\u00f6rfer sowie zahlreiche Burgen und Schl\u00f6sser im Stil der Weserrenaissance aus. Dazu finden sich zahlreiche Zeugnisse der Romanik wie z.B. das Stift Fischbeck und das Kloster M\u00f6llenbeck.<\/p>\n<p>Von hoher Bedeutung f\u00fcr das Landschaftsbild sind die zusammenh\u00e4ngenden Laub- und Misch-waldgebiete. Bei den meisten Waldbest\u00e4nden handelt es sich um buchendominierte naturnahe Best\u00e4nde und um \u201ehistorisch alte W\u00e4lder\u201c, also Standorte, die seit mehreren Jahrhunderten kontinuierlich mit Wald bestanden sind. Von den Waldr\u00e4ndern aus bieten sich reizvolle, oft sehr weitreichende Ausblicke in die Kulturlandschaft. Die ausgedehnten Buchenw\u00e4lder bieten seltenen Flechten, Moose und Bl\u00fctenpflanzen Lebensraum.<\/p>\n<p>&nbsp;<\/p>\n<div id=\"attachment_12076\" style=\"width: 510px\" class=\"wp-caption alignnone\"><a href=\"https:\/\/www.naturparkmagazin.de\/vdn\/wp-content\/uploads\/sites\/3\/s-1b.jpg\"><img aria-describedby=\"caption-attachment-12076\" decoding=\"async\" loading=\"lazy\" class=\"size-full wp-image-12076\" src=\"https:\/\/www.naturparkmagazin.de\/vdn\/wp-content\/uploads\/sites\/3\/s-1b.jpg\" alt=\"S\u00fcntelbuche zum Herbstanfang \u00a9 VDN\/Wolfgang Stemme\" width=\"500\" height=\"300\" srcset=\"https:\/\/www.naturparkmagazin.de\/vdn\/wp-content\/uploads\/sites\/3\/s-1b.jpg 500w, https:\/\/www.naturparkmagazin.de\/vdn\/wp-content\/uploads\/sites\/3\/s-1b-300x180.jpg 300w, https:\/\/www.naturparkmagazin.de\/vdn\/wp-content\/uploads\/sites\/3\/s-1b-200x120.jpg 200w\" sizes=\"(max-width: 500px) 100vw, 500px\" \/><\/a><p id=\"caption-attachment-12076\" class=\"wp-caption-text\">S\u00fcntelbuche zum Herbstanfang \u00a9 VDN\/Wolfgang Stemme<\/p><\/div>\n<p>Seit 2017 ist der Naturpark Weserbergland beim Thema Nat\u00fcrliche Waldentwicklung Vorreiter. Ein wichtiger Bereich liegt im S\u00fcntel: Das Gebiet \u201eHohenstein\u201c ist mit einer Gr\u00f6\u00dfe von ca. 1.350 ha nach dem Nationalpark Harz das zweitgr\u00f6\u00dfte Waldgebiet in Niedersachsen mit nat\u00fcrlicher Waldentwicklung. Hier entwickelt sich der Urwald von morgen.<\/p>\n<p>Der Hohenstein ist das gr\u00f6\u00dfte der 14 Naturschutzgebiete im Naturpark. Sie beherbergen neben dem Uhu Charakterarten wie Schwarzstorch, Rotmilan, Grauspecht und Flederm\u00e4use, die die zahlreichen Felsformationen als Winterquartiere nutzen. Bei den Pflanzen sind Orchideen, Blaugras und verschiedene Flechten zu nennen. Ein besonders auff\u00e4lliger Aspekt ist im Fr\u00fchjahr die Lerchensporn- und Anemonenbl\u00fcte im Nord-Ith.<\/p>\n<div id=\"attachment_12077\" style=\"width: 510px\" class=\"wp-caption alignnone\"><a href=\"https:\/\/www.naturparkmagazin.de\/vdn\/wp-content\/uploads\/sites\/3\/Uhu_2b.jpg\"><img aria-describedby=\"caption-attachment-12077\" decoding=\"async\" loading=\"lazy\" class=\"size-full wp-image-12077\" src=\"https:\/\/www.naturparkmagazin.de\/vdn\/wp-content\/uploads\/sites\/3\/Uhu_2b.jpg\" alt=\"Uhu \u00a9 VDN \/ Greif\" width=\"500\" height=\"300\" srcset=\"https:\/\/www.naturparkmagazin.de\/vdn\/wp-content\/uploads\/sites\/3\/Uhu_2b.jpg 500w, https:\/\/www.naturparkmagazin.de\/vdn\/wp-content\/uploads\/sites\/3\/Uhu_2b-300x180.jpg 300w, https:\/\/www.naturparkmagazin.de\/vdn\/wp-content\/uploads\/sites\/3\/Uhu_2b-200x120.jpg 200w\" sizes=\"(max-width: 500px) 100vw, 500px\" \/><\/a><p id=\"caption-attachment-12077\" class=\"wp-caption-text\">Uhu \u00a9 VDN \/ Greif<\/p><\/div>\n<p>Eine botanische Besonderheit im Naturpark ist die S\u00fcntel-Buche, eine seltene Variet\u00e4t der Rotbuche, mit drehw\u00fcchsigem Stamm und \u00c4sten. Schutz, Erhalt und Inwertsetzung dieser seltenen Baumart ist ein wichtiges Ziel des Naturparks, was zu vielf\u00e4ltigen Projekten und Aktivit\u00e4ten gef\u00fchrt hat, wie z.B. dem S\u00fcntel-Buchen-Projekt mit Dokumentation der Standorte, Neuanpflanzungen und Wissensvermittlung. Der Naturpark bem\u00fcht sich sehr darum, die S\u00fcntel-Buche als Charakterbaum der Region zu entwickeln.<\/p>\n<p>&nbsp;<\/p>\n","protected":false},"excerpt":{"rendered":"<p>Der Naturpark Weserbergland liegt im s\u00fcdlichen Niedersachsen, rund 50 km von der Landeshauptstadt Hannover und 65 km vom nordrhein-westf\u00e4lischen Bielefeld entfernt. Der Naturpark umfasst Deister und B\u00fcckeberg und grenzt im Nordwesten an den Naturpark TERRA.Vita, im Westen an den nordrhein-westf\u00e4lischen Naturpark Teutoburger Wald\/Eggegebirge und s\u00fcdlich an den Naturpark Solling-Vogler.<\/p>\n","protected":false},"author":73,"featured_media":12075,"comment_status":"open","ping_status":"open","sticky":false,"template":"","format":"standard","meta":{"_links_to":"","_links_to_target":""},"categories":[15],"tags":[],"yoast_head":"<!-- This site is optimized with the Yoast SEO plugin v19.10 - https:\/\/yoast.com\/wordpress\/plugins\/seo\/ -->\n<title>Naturpark Weserbergland<\/title>\n<meta name=\"description\" content=\"Der Naturpark Weserbergland liegt im s\u00fcdlichen Niedersachsen, rund 50 km von der Landeshauptstadt Hannover und 65 km vom nordrhein-westf\u00e4lischen Bielefeld entfernt. Der Naturpark umfasst Deister und B\u00fcckeberg und grenzt im Nordwesten an den Naturpark TERRA.Vita, im Westen an den nordrhein-westf\u00e4lischen Naturpark Teutoburger Wald\/Eggegebirge und s\u00fcdlich an den Naturpark Solling-Vogler.\" \/>\n<meta name=\"robots\" content=\"index, follow, max-snippet:-1, max-image-preview:large, max-video-preview:-1\" \/>\n<link rel=\"canonical\" href=\"https:\/\/www.naturparkmagazin.de\/vdn\/naturpark-weserbergland\/\" \/>\n<meta property=\"og:locale\" content=\"de_DE\" \/>\n<meta property=\"og:type\" content=\"article\" \/>\n<meta property=\"og:title\" content=\"Naturpark Weserbergland\" \/>\n<meta property=\"og:description\" content=\"Der Naturpark Weserbergland liegt im s\u00fcdlichen Niedersachsen, rund 50 km von der Landeshauptstadt Hannover und 65 km vom nordrhein-westf\u00e4lischen Bielefeld entfernt. Der Naturpark umfasst Deister und B\u00fcckeberg und grenzt im Nordwesten an den Naturpark TERRA.Vita, im Westen an den nordrhein-westf\u00e4lischen Naturpark Teutoburger Wald\/Eggegebirge und s\u00fcdlich an den Naturpark Solling-Vogler.\" \/>\n<meta property=\"og:url\" content=\"https:\/\/www.naturparkmagazin.de\/vdn\/naturpark-weserbergland\/\" \/>\n<meta property=\"og:site_name\" content=\"Verband Deutscher Naturparke\" \/>\n<meta property=\"article:published_time\" content=\"2019-12-30T13:31:21+00:00\" \/>\n<meta property=\"article:modified_time\" content=\"2020-01-16T11:05:42+00:00\" \/>\n<meta property=\"og:image\" content=\"https:\/\/www.naturparkmagazin.de\/vdn\/wp-content\/uploads\/sites\/3\/Auenlandschaft_TWWbf.jpg\" \/>\n\t<meta property=\"og:image:width\" content=\"200\" \/>\n\t<meta property=\"og:image:height\" content=\"200\" \/>\n\t<meta property=\"og:image:type\" content=\"image\/jpeg\" \/>\n<meta name=\"author\" content=\"manuelamerz\" \/>\n<meta name=\"twitter:label1\" content=\"Verfasst von\" \/>\n\t<meta name=\"twitter:data1\" content=\"manuelamerz\" \/>\n\t<meta name=\"twitter:label2\" content=\"Gesch\u00e4tzte Lesezeit\" \/>\n\t<meta name=\"twitter:data2\" content=\"2\u00a0Minuten\" \/>\n<script type=\"application\/ld+json\" class=\"yoast-schema-graph\">{\"@context\":\"https:\/\/schema.org\",\"@graph\":[{\"@type\":\"WebPage\",\"@id\":\"https:\/\/www.naturparkmagazin.de\/vdn\/naturpark-weserbergland\/\",\"url\":\"https:\/\/www.naturparkmagazin.de\/vdn\/naturpark-weserbergland\/\",\"name\":\"Naturpark Weserbergland\",\"isPartOf\":{\"@id\":\"https:\/\/www.naturparkmagazin.de\/vdn\/#website\"},\"datePublished\":\"2019-12-30T13:31:21+00:00\",\"dateModified\":\"2020-01-16T11:05:42+00:00\",\"author\":{\"@id\":\"https:\/\/www.naturparkmagazin.de\/vdn\/#\/schema\/person\/3cff9b8773ed55f0189255fa9adfd57c\"},\"description\":\"Der Naturpark Weserbergland liegt im s\u00fcdlichen Niedersachsen, rund 50 km von der Landeshauptstadt Hannover und 65 km vom nordrhein-westf\u00e4lischen Bielefeld entfernt. Der Naturpark umfasst Deister und B\u00fcckeberg und grenzt im Nordwesten an den Naturpark TERRA.Vita, im Westen an den nordrhein-westf\u00e4lischen Naturpark Teutoburger Wald\/Eggegebirge und s\u00fcdlich an den Naturpark Solling-Vogler.\",\"breadcrumb\":{\"@id\":\"https:\/\/www.naturparkmagazin.de\/vdn\/naturpark-weserbergland\/#breadcrumb\"},\"inLanguage\":\"de\",\"potentialAction\":[{\"@type\":\"ReadAction\",\"target\":[\"https:\/\/www.naturparkmagazin.de\/vdn\/naturpark-weserbergland\/\"]}]},{\"@type\":\"BreadcrumbList\",\"@id\":\"https:\/\/www.naturparkmagazin.de\/vdn\/naturpark-weserbergland\/#breadcrumb\",\"itemListElement\":[{\"@type\":\"ListItem\",\"position\":1,\"name\":\"Home\",\"item\":\"https:\/\/www.naturparkmagazin.de\/vdn\/\"},{\"@type\":\"ListItem\",\"position\":2,\"name\":\"Naturpark Weserbergland\"}]},{\"@type\":\"WebSite\",\"@id\":\"https:\/\/www.naturparkmagazin.de\/vdn\/#website\",\"url\":\"https:\/\/www.naturparkmagazin.de\/vdn\/\",\"name\":\"Verband Deutscher Naturparke\",\"description\":\"Eine weitere Naturparkmagazin.de Netzwerk Seite\",\"potentialAction\":[{\"@type\":\"SearchAction\",\"target\":{\"@type\":\"EntryPoint\",\"urlTemplate\":\"https:\/\/www.naturparkmagazin.de\/vdn\/?s={search_term_string}\"},\"query-input\":\"required name=search_term_string\"}],\"inLanguage\":\"de\"},{\"@type\":\"Person\",\"@id\":\"https:\/\/www.naturparkmagazin.de\/vdn\/#\/schema\/person\/3cff9b8773ed55f0189255fa9adfd57c\",\"name\":\"manuelamerz\",\"url\":\"https:\/\/www.naturparkmagazin.de\/vdn\/author\/manuelamerz\/\"}]}<\/script>\n<!-- \/ Yoast SEO plugin. -->","yoast_head_json":{"title":"Naturpark Weserbergland","description":"Der Naturpark Weserbergland liegt im s\u00fcdlichen Niedersachsen, rund 50 km von der Landeshauptstadt Hannover und 65 km vom nordrhein-westf\u00e4lischen Bielefeld entfernt. Der Naturpark umfasst Deister und B\u00fcckeberg und grenzt im Nordwesten an den Naturpark TERRA.Vita, im Westen an den nordrhein-westf\u00e4lischen Naturpark Teutoburger Wald\/Eggegebirge und s\u00fcdlich an den Naturpark Solling-Vogler.","robots":{"index":"index","follow":"follow","max-snippet":"max-snippet:-1","max-image-preview":"max-image-preview:large","max-video-preview":"max-video-preview:-1"},"canonical":"https:\/\/www.naturparkmagazin.de\/vdn\/naturpark-weserbergland\/","og_locale":"de_DE","og_type":"article","og_title":"Naturpark Weserbergland","og_description":"Der Naturpark Weserbergland liegt im s\u00fcdlichen Niedersachsen, rund 50 km von der Landeshauptstadt Hannover und 65 km vom nordrhein-westf\u00e4lischen Bielefeld entfernt. Der Naturpark umfasst Deister und B\u00fcckeberg und grenzt im Nordwesten an den Naturpark TERRA.Vita, im Westen an den nordrhein-westf\u00e4lischen Naturpark Teutoburger Wald\/Eggegebirge und s\u00fcdlich an den Naturpark Solling-Vogler.","og_url":"https:\/\/www.naturparkmagazin.de\/vdn\/naturpark-weserbergland\/","og_site_name":"Verband Deutscher Naturparke","article_published_time":"2019-12-30T13:31:21+00:00","article_modified_time":"2020-01-16T11:05:42+00:00","og_image":[{"width":200,"height":200,"url":"https:\/\/www.naturparkmagazin.de\/vdn\/wp-content\/uploads\/sites\/3\/Auenlandschaft_TWWbf.jpg","type":"image\/jpeg"}],"author":"manuelamerz","twitter_misc":{"Verfasst von":"manuelamerz","Gesch\u00e4tzte Lesezeit":"2\u00a0Minuten"},"schema":{"@context":"https:\/\/schema.org","@graph":[{"@type":"WebPage","@id":"https:\/\/www.naturparkmagazin.de\/vdn\/naturpark-weserbergland\/","url":"https:\/\/www.naturparkmagazin.de\/vdn\/naturpark-weserbergland\/","name":"Naturpark Weserbergland","isPartOf":{"@id":"https:\/\/www.naturparkmagazin.de\/vdn\/#website"},"datePublished":"2019-12-30T13:31:21+00:00","dateModified":"2020-01-16T11:05:42+00:00","author":{"@id":"https:\/\/www.naturparkmagazin.de\/vdn\/#\/schema\/person\/3cff9b8773ed55f0189255fa9adfd57c"},"description":"Der Naturpark Weserbergland liegt im s\u00fcdlichen Niedersachsen, rund 50 km von der Landeshauptstadt Hannover und 65 km vom nordrhein-westf\u00e4lischen Bielefeld entfernt. Der Naturpark umfasst Deister und B\u00fcckeberg und grenzt im Nordwesten an den Naturpark TERRA.Vita, im Westen an den nordrhein-westf\u00e4lischen Naturpark Teutoburger Wald\/Eggegebirge und s\u00fcdlich an den Naturpark Solling-Vogler.","breadcrumb":{"@id":"https:\/\/www.naturparkmagazin.de\/vdn\/naturpark-weserbergland\/#breadcrumb"},"inLanguage":"de","potentialAction":[{"@type":"ReadAction","target":["https:\/\/www.naturparkmagazin.de\/vdn\/naturpark-weserbergland\/"]}]},{"@type":"BreadcrumbList","@id":"https:\/\/www.naturparkmagazin.de\/vdn\/naturpark-weserbergland\/#breadcrumb","itemListElement":[{"@type":"ListItem","position":1,"name":"Home","item":"https:\/\/www.naturparkmagazin.de\/vdn\/"},{"@type":"ListItem","position":2,"name":"Naturpark Weserbergland"}]},{"@type":"WebSite","@id":"https:\/\/www.naturparkmagazin.de\/vdn\/#website","url":"https:\/\/www.naturparkmagazin.de\/vdn\/","name":"Verband Deutscher Naturparke","description":"Eine weitere Naturparkmagazin.de Netzwerk Seite","potentialAction":[{"@type":"SearchAction","target":{"@type":"EntryPoint","urlTemplate":"https:\/\/www.naturparkmagazin.de\/vdn\/?s={search_term_string}"},"query-input":"required name=search_term_string"}],"inLanguage":"de"},{"@type":"Person","@id":"https:\/\/www.naturparkmagazin.de\/vdn\/#\/schema\/person\/3cff9b8773ed55f0189255fa9adfd57c","name":"manuelamerz","url":"https:\/\/www.naturparkmagazin.de\/vdn\/author\/manuelamerz\/"}]}},"_links":{"self":[{"href":"https:\/\/www.naturparkmagazin.de\/vdn\/wp-json\/wp\/v2\/posts\/12061"}],"collection":[{"href":"https:\/\/www.naturparkmagazin.de\/vdn\/wp-json\/wp\/v2\/posts"}],"about":[{"href":"https:\/\/www.naturparkmagazin.de\/vdn\/wp-json\/wp\/v2\/types\/post"}],"author":[{"embeddable":true,"href":"https:\/\/www.naturparkmagazin.de\/vdn\/wp-json\/wp\/v2\/users\/73"}],"replies":[{"embeddable":true,"href":"https:\/\/www.naturparkmagazin.de\/vdn\/wp-json\/wp\/v2\/comments?post=12061"}],"version-history":[{"count":1,"href":"https:\/\/www.naturparkmagazin.de\/vdn\/wp-json\/wp\/v2\/posts\/12061\/revisions"}],"predecessor-version":[{"id":12078,"href":"https:\/\/www.naturparkmagazin.de\/vdn\/wp-json\/wp\/v2\/posts\/12061\/revisions\/12078"}],"wp:featuredmedia":[{"embeddable":true,"href":"https:\/\/www.naturparkmagazin.de\/vdn\/wp-json\/wp\/v2\/media\/12075"}],"wp:attachment":[{"href":"https:\/\/www.naturparkmagazin.de\/vdn\/wp-json\/wp\/v2\/media?parent=12061"}],"wp:term":[{"taxonomy":"category","embeddable":true,"href":"https:\/\/www.naturparkmagazin.de\/vdn\/wp-json\/wp\/v2\/categories?post=12061"},{"taxonomy":"post_tag","embeddable":true,"href":"https:\/\/www.naturparkmagazin.de\/vdn\/wp-json\/wp\/v2\/tags?post=12061"}],"curies":[{"name":"wp","href":"https:\/\/api.w.org\/{rel}","templated":true}]}}