{"id":12148,"date":"2020-01-31T14:30:51","date_gmt":"2020-01-31T13:30:51","guid":{"rendered":"https:\/\/www.naturparkmagazin.de\/vdn\/?p=12148"},"modified":"2020-02-11T12:14:20","modified_gmt":"2020-02-11T11:14:20","slug":"aussichtsturm-auf-dem-hohen-mechtin","status":"publish","type":"post","link":"https:\/\/www.naturparkmagazin.de\/vdn\/aussichtsturm-auf-dem-hohen-mechtin\/","title":{"rendered":"Aussichtsturm auf dem Hohen Mechtin"},"content":{"rendered":"<div id=\"attachment_12150\" style=\"width: 510px\" class=\"wp-caption alignnone\"><a href=\"https:\/\/www.naturparkmagazin.de\/vdn\/wp-content\/uploads\/sites\/3\/Aussichtsturm_Hoher_Mechtin_Bild_Timo_Sievers-1b.jpg\"><img aria-describedby=\"caption-attachment-12150\" decoding=\"async\" loading=\"lazy\" class=\"wp-image-12150 size-full\" src=\"https:\/\/www.naturparkmagazin.de\/vdn\/wp-content\/uploads\/sites\/3\/Aussichtsturm_Hoher_Mechtin_Bild_Timo_Sievers-1b.jpg\" alt=\"Aussichtsturm auf dem Hohen Mechtin \u00a9 Timo Sievers\" width=\"500\" height=\"300\" srcset=\"https:\/\/www.naturparkmagazin.de\/vdn\/wp-content\/uploads\/sites\/3\/Aussichtsturm_Hoher_Mechtin_Bild_Timo_Sievers-1b.jpg 500w, https:\/\/www.naturparkmagazin.de\/vdn\/wp-content\/uploads\/sites\/3\/Aussichtsturm_Hoher_Mechtin_Bild_Timo_Sievers-1b-300x180.jpg 300w, https:\/\/www.naturparkmagazin.de\/vdn\/wp-content\/uploads\/sites\/3\/Aussichtsturm_Hoher_Mechtin_Bild_Timo_Sievers-1b-200x120.jpg 200w\" sizes=\"(max-width: 500px) 100vw, 500px\" \/><\/a><p id=\"caption-attachment-12150\" class=\"wp-caption-text\">Aussichtsturm auf dem Hohen Mechtin \u00a9 Timo Sievers<\/p><\/div>\n<p>Vom 30 Meter hohen Aussichtsturm genie\u00dfen Besucherinnen und Besucher oberhalb der Baumwipfel einen beeindruckenden Blick in die Ferne. Ortskundige Besucher k\u00f6nnen bei guten Sichtverh\u00e4ltnissen auch Ziele im benachbarten Biosph\u00e4renreservat Nieders\u00e4chsische Elbtalaue entdecken.<\/p>\n<p>Der Aussichtsturm kann ausschlie\u00dflich zu Fu\u00df erreicht werden. Empfohlen wird hierf\u00fcr der im Ort ausgeschilderte Wandererparkplatz in der Ortschaft Spranz, die zur Gemeinde Zernien geh\u00f6rt. Von dort f\u00fchrt ein 2 km langer Wanderweg direkt zum Aussichtsturm. Der Wanderweg ist mit wei\u00dfen Dreiecken markiert, direkt am Parkplatz befindet sich ein Wegweiser.<\/p>\n<p>&nbsp;<\/p>\n","protected":false},"excerpt":{"rendered":"<p>Im Westen des Naturparks Elbh\u00f6hen-Wendland liegt der Hohe Mechtin, die mit 142 Metern h\u00f6chste nat\u00fcrliche Erhebung der Region. Der Hohe Mechtin stellt in etwa den Mittelpunkt des Drawehn-H\u00f6henzuges dar, der zur Osthannoverschen Endmor\u00e4ne geh\u00f6rt.<\/p>\n","protected":false},"author":73,"featured_media":12149,"comment_status":"open","ping_status":"open","sticky":false,"template":"","format":"standard","meta":{"_links_to":"","_links_to_target":""},"categories":[8],"tags":[1919,1920,1918,1893,1922,1921,1923],"yoast_head":"<!-- This site is optimized with the Yoast SEO plugin v19.10 - https:\/\/yoast.com\/wordpress\/plugins\/seo\/ -->\n<title>Aussichtsturm auf dem Hohen Mechtin<\/title>\n<meta name=\"description\" content=\"Im Westen des Naturparks Elbh\u00f6hen-Wendland liegt der Hohe Mechtin, die mit 142 Metern h\u00f6chste nat\u00fcrliche Erhebung der Region. Der Hohe Mechtin stellt in etwa den Mittelpunkt des Drawehn-H\u00f6henzuges dar, der zur Osthannoverschen Endmor\u00e4ne geh\u00f6rt.\" \/>\n<meta name=\"robots\" content=\"index, follow, max-snippet:-1, max-image-preview:large, max-video-preview:-1\" \/>\n<link rel=\"canonical\" href=\"https:\/\/www.naturparkmagazin.de\/vdn\/aussichtsturm-auf-dem-hohen-mechtin\/\" \/>\n<meta property=\"og:locale\" content=\"de_DE\" \/>\n<meta property=\"og:type\" content=\"article\" \/>\n<meta property=\"og:title\" content=\"Aussichtsturm auf dem Hohen Mechtin\" \/>\n<meta property=\"og:description\" content=\"Im Westen des Naturparks Elbh\u00f6hen-Wendland liegt der Hohe Mechtin, die mit 142 Metern h\u00f6chste nat\u00fcrliche Erhebung der Region. Der Hohe Mechtin stellt in etwa den Mittelpunkt des Drawehn-H\u00f6henzuges dar, der zur Osthannoverschen Endmor\u00e4ne geh\u00f6rt.\" \/>\n<meta property=\"og:url\" content=\"https:\/\/www.naturparkmagazin.de\/vdn\/aussichtsturm-auf-dem-hohen-mechtin\/\" \/>\n<meta property=\"og:site_name\" content=\"Verband Deutscher Naturparke\" \/>\n<meta property=\"article:published_time\" content=\"2020-01-31T13:30:51+00:00\" \/>\n<meta property=\"article:modified_time\" content=\"2020-02-11T11:14:20+00:00\" \/>\n<meta property=\"og:image\" content=\"https:\/\/www.naturparkmagazin.de\/vdn\/wp-content\/uploads\/sites\/3\/Aussichtsturm_Hoher_Mechtin_Bild_Timo_Sievers-1bf.jpg\" \/>\n\t<meta property=\"og:image:width\" content=\"200\" \/>\n\t<meta property=\"og:image:height\" content=\"200\" \/>\n\t<meta property=\"og:image:type\" content=\"image\/jpeg\" \/>\n<meta name=\"author\" content=\"manuelamerz\" \/>\n<meta name=\"twitter:label1\" content=\"Verfasst von\" \/>\n\t<meta name=\"twitter:data1\" content=\"manuelamerz\" \/>\n\t<meta name=\"twitter:label2\" content=\"Gesch\u00e4tzte Lesezeit\" \/>\n\t<meta name=\"twitter:data2\" content=\"1\u00a0Minute\" \/>\n<script type=\"application\/ld+json\" class=\"yoast-schema-graph\">{\"@context\":\"https:\/\/schema.org\",\"@graph\":[{\"@type\":\"WebPage\",\"@id\":\"https:\/\/www.naturparkmagazin.de\/vdn\/aussichtsturm-auf-dem-hohen-mechtin\/\",\"url\":\"https:\/\/www.naturparkmagazin.de\/vdn\/aussichtsturm-auf-dem-hohen-mechtin\/\",\"name\":\"Aussichtsturm auf dem Hohen Mechtin\",\"isPartOf\":{\"@id\":\"https:\/\/www.naturparkmagazin.de\/vdn\/#website\"},\"datePublished\":\"2020-01-31T13:30:51+00:00\",\"dateModified\":\"2020-02-11T11:14:20+00:00\",\"author\":{\"@id\":\"https:\/\/www.naturparkmagazin.de\/vdn\/#\/schema\/person\/3cff9b8773ed55f0189255fa9adfd57c\"},\"description\":\"Im Westen des Naturparks Elbh\u00f6hen-Wendland liegt der Hohe Mechtin, die mit 142 Metern h\u00f6chste nat\u00fcrliche Erhebung der Region. Der Hohe Mechtin stellt in etwa den Mittelpunkt des Drawehn-H\u00f6henzuges dar, der zur Osthannoverschen Endmor\u00e4ne geh\u00f6rt.\",\"breadcrumb\":{\"@id\":\"https:\/\/www.naturparkmagazin.de\/vdn\/aussichtsturm-auf-dem-hohen-mechtin\/#breadcrumb\"},\"inLanguage\":\"de\",\"potentialAction\":[{\"@type\":\"ReadAction\",\"target\":[\"https:\/\/www.naturparkmagazin.de\/vdn\/aussichtsturm-auf-dem-hohen-mechtin\/\"]}]},{\"@type\":\"BreadcrumbList\",\"@id\":\"https:\/\/www.naturparkmagazin.de\/vdn\/aussichtsturm-auf-dem-hohen-mechtin\/#breadcrumb\",\"itemListElement\":[{\"@type\":\"ListItem\",\"position\":1,\"name\":\"Home\",\"item\":\"https:\/\/www.naturparkmagazin.de\/vdn\/\"},{\"@type\":\"ListItem\",\"position\":2,\"name\":\"Aussichtsturm auf dem Hohen Mechtin\"}]},{\"@type\":\"WebSite\",\"@id\":\"https:\/\/www.naturparkmagazin.de\/vdn\/#website\",\"url\":\"https:\/\/www.naturparkmagazin.de\/vdn\/\",\"name\":\"Verband Deutscher Naturparke\",\"description\":\"Eine weitere Naturparkmagazin.de Netzwerk Seite\",\"potentialAction\":[{\"@type\":\"SearchAction\",\"target\":{\"@type\":\"EntryPoint\",\"urlTemplate\":\"https:\/\/www.naturparkmagazin.de\/vdn\/?s={search_term_string}\"},\"query-input\":\"required name=search_term_string\"}],\"inLanguage\":\"de\"},{\"@type\":\"Person\",\"@id\":\"https:\/\/www.naturparkmagazin.de\/vdn\/#\/schema\/person\/3cff9b8773ed55f0189255fa9adfd57c\",\"name\":\"manuelamerz\",\"url\":\"https:\/\/www.naturparkmagazin.de\/vdn\/author\/manuelamerz\/\"}]}<\/script>\n<!-- \/ Yoast SEO plugin. -->","yoast_head_json":{"title":"Aussichtsturm auf dem Hohen Mechtin","description":"Im Westen des Naturparks Elbh\u00f6hen-Wendland liegt der Hohe Mechtin, die mit 142 Metern h\u00f6chste nat\u00fcrliche Erhebung der Region. Der Hohe Mechtin stellt in etwa den Mittelpunkt des Drawehn-H\u00f6henzuges dar, der zur Osthannoverschen Endmor\u00e4ne geh\u00f6rt.","robots":{"index":"index","follow":"follow","max-snippet":"max-snippet:-1","max-image-preview":"max-image-preview:large","max-video-preview":"max-video-preview:-1"},"canonical":"https:\/\/www.naturparkmagazin.de\/vdn\/aussichtsturm-auf-dem-hohen-mechtin\/","og_locale":"de_DE","og_type":"article","og_title":"Aussichtsturm auf dem Hohen Mechtin","og_description":"Im Westen des Naturparks Elbh\u00f6hen-Wendland liegt der Hohe Mechtin, die mit 142 Metern h\u00f6chste nat\u00fcrliche Erhebung der Region. Der Hohe Mechtin stellt in etwa den Mittelpunkt des Drawehn-H\u00f6henzuges dar, der zur Osthannoverschen Endmor\u00e4ne geh\u00f6rt.","og_url":"https:\/\/www.naturparkmagazin.de\/vdn\/aussichtsturm-auf-dem-hohen-mechtin\/","og_site_name":"Verband Deutscher Naturparke","article_published_time":"2020-01-31T13:30:51+00:00","article_modified_time":"2020-02-11T11:14:20+00:00","og_image":[{"width":200,"height":200,"url":"https:\/\/www.naturparkmagazin.de\/vdn\/wp-content\/uploads\/sites\/3\/Aussichtsturm_Hoher_Mechtin_Bild_Timo_Sievers-1bf.jpg","type":"image\/jpeg"}],"author":"manuelamerz","twitter_misc":{"Verfasst von":"manuelamerz","Gesch\u00e4tzte Lesezeit":"1\u00a0Minute"},"schema":{"@context":"https:\/\/schema.org","@graph":[{"@type":"WebPage","@id":"https:\/\/www.naturparkmagazin.de\/vdn\/aussichtsturm-auf-dem-hohen-mechtin\/","url":"https:\/\/www.naturparkmagazin.de\/vdn\/aussichtsturm-auf-dem-hohen-mechtin\/","name":"Aussichtsturm auf dem Hohen Mechtin","isPartOf":{"@id":"https:\/\/www.naturparkmagazin.de\/vdn\/#website"},"datePublished":"2020-01-31T13:30:51+00:00","dateModified":"2020-02-11T11:14:20+00:00","author":{"@id":"https:\/\/www.naturparkmagazin.de\/vdn\/#\/schema\/person\/3cff9b8773ed55f0189255fa9adfd57c"},"description":"Im Westen des Naturparks Elbh\u00f6hen-Wendland liegt der Hohe Mechtin, die mit 142 Metern h\u00f6chste nat\u00fcrliche Erhebung der Region. Der Hohe Mechtin stellt in etwa den Mittelpunkt des Drawehn-H\u00f6henzuges dar, der zur Osthannoverschen Endmor\u00e4ne geh\u00f6rt.","breadcrumb":{"@id":"https:\/\/www.naturparkmagazin.de\/vdn\/aussichtsturm-auf-dem-hohen-mechtin\/#breadcrumb"},"inLanguage":"de","potentialAction":[{"@type":"ReadAction","target":["https:\/\/www.naturparkmagazin.de\/vdn\/aussichtsturm-auf-dem-hohen-mechtin\/"]}]},{"@type":"BreadcrumbList","@id":"https:\/\/www.naturparkmagazin.de\/vdn\/aussichtsturm-auf-dem-hohen-mechtin\/#breadcrumb","itemListElement":[{"@type":"ListItem","position":1,"name":"Home","item":"https:\/\/www.naturparkmagazin.de\/vdn\/"},{"@type":"ListItem","position":2,"name":"Aussichtsturm auf dem Hohen Mechtin"}]},{"@type":"WebSite","@id":"https:\/\/www.naturparkmagazin.de\/vdn\/#website","url":"https:\/\/www.naturparkmagazin.de\/vdn\/","name":"Verband Deutscher Naturparke","description":"Eine weitere Naturparkmagazin.de Netzwerk Seite","potentialAction":[{"@type":"SearchAction","target":{"@type":"EntryPoint","urlTemplate":"https:\/\/www.naturparkmagazin.de\/vdn\/?s={search_term_string}"},"query-input":"required name=search_term_string"}],"inLanguage":"de"},{"@type":"Person","@id":"https:\/\/www.naturparkmagazin.de\/vdn\/#\/schema\/person\/3cff9b8773ed55f0189255fa9adfd57c","name":"manuelamerz","url":"https:\/\/www.naturparkmagazin.de\/vdn\/author\/manuelamerz\/"}]}},"_links":{"self":[{"href":"https:\/\/www.naturparkmagazin.de\/vdn\/wp-json\/wp\/v2\/posts\/12148"}],"collection":[{"href":"https:\/\/www.naturparkmagazin.de\/vdn\/wp-json\/wp\/v2\/posts"}],"about":[{"href":"https:\/\/www.naturparkmagazin.de\/vdn\/wp-json\/wp\/v2\/types\/post"}],"author":[{"embeddable":true,"href":"https:\/\/www.naturparkmagazin.de\/vdn\/wp-json\/wp\/v2\/users\/73"}],"replies":[{"embeddable":true,"href":"https:\/\/www.naturparkmagazin.de\/vdn\/wp-json\/wp\/v2\/comments?post=12148"}],"version-history":[{"count":4,"href":"https:\/\/www.naturparkmagazin.de\/vdn\/wp-json\/wp\/v2\/posts\/12148\/revisions"}],"predecessor-version":[{"id":12170,"href":"https:\/\/www.naturparkmagazin.de\/vdn\/wp-json\/wp\/v2\/posts\/12148\/revisions\/12170"}],"wp:featuredmedia":[{"embeddable":true,"href":"https:\/\/www.naturparkmagazin.de\/vdn\/wp-json\/wp\/v2\/media\/12149"}],"wp:attachment":[{"href":"https:\/\/www.naturparkmagazin.de\/vdn\/wp-json\/wp\/v2\/media?parent=12148"}],"wp:term":[{"taxonomy":"category","embeddable":true,"href":"https:\/\/www.naturparkmagazin.de\/vdn\/wp-json\/wp\/v2\/categories?post=12148"},{"taxonomy":"post_tag","embeddable":true,"href":"https:\/\/www.naturparkmagazin.de\/vdn\/wp-json\/wp\/v2\/tags?post=12148"}],"curies":[{"name":"wp","href":"https:\/\/api.w.org\/{rel}","templated":true}]}}