{"id":12191,"date":"2020-02-29T14:15:53","date_gmt":"2020-02-29T13:15:53","guid":{"rendered":"https:\/\/www.naturparkmagazin.de\/vdn\/?p=12191"},"modified":"2020-03-16T10:24:23","modified_gmt":"2020-03-16T09:24:23","slug":"fotowettbewerb-augenblick-natur-2020","status":"publish","type":"post","link":"https:\/\/www.naturparkmagazin.de\/vdn\/fotowettbewerb-augenblick-natur-2020\/","title":{"rendered":"Fotowettbewerb \u201eAugenblick Natur!\u201c 2020"},"content":{"rendered":"<div id=\"attachment_12192\" style=\"width: 510px\" class=\"wp-caption alignnone\"><a href=\"https:\/\/www.naturparkmagazin.de\/vdn\/wp-content\/uploads\/sites\/3\/schnecke-im-regen_Beitrag.jpg\"><img aria-describedby=\"caption-attachment-12192\" decoding=\"async\" loading=\"lazy\" class=\"size-full wp-image-12192\" src=\"https:\/\/www.naturparkmagazin.de\/vdn\/wp-content\/uploads\/sites\/3\/schnecke-im-regen_Beitrag.jpg\" alt=\"Schneckenwetter \u00a9 VDN \/ Thomas Kaiser\" width=\"500\" height=\"300\" srcset=\"https:\/\/www.naturparkmagazin.de\/vdn\/wp-content\/uploads\/sites\/3\/schnecke-im-regen_Beitrag.jpg 500w, https:\/\/www.naturparkmagazin.de\/vdn\/wp-content\/uploads\/sites\/3\/schnecke-im-regen_Beitrag-300x180.jpg 300w, https:\/\/www.naturparkmagazin.de\/vdn\/wp-content\/uploads\/sites\/3\/schnecke-im-regen_Beitrag-200x120.jpg 200w\" sizes=\"(max-width: 500px) 100vw, 500px\" \/><\/a><p id=\"caption-attachment-12192\" class=\"wp-caption-text\">Schneckenwetter \u00a9 VDN \/ Thomas Kaiser<\/p><\/div>\n<p>Den Augenblick , der einen besonderen Moment in der Natur in einem Foto festh\u00e4lt, abzuwarten oder zu erkennen, braucht Geduld. F\u00fcr die Entdeckung dieser Langsamkeit steht in diesem Jahr das Motiv \u201eSchneckenwetter\u201c von Naturfotograf Thomas Kaiser als Sympathietr\u00e4ger f\u00fcr den Fotowettbewerb \u201eAugenblick Natur!\u201c.<\/p>\n<p>Seit 2007 l\u00e4dt der Verband Deutscher Naturparke e. V. (VDN) Fotografinnen und Fotografen zur Teilnahme an diesem Fotowettbewerb ein. Gesucht werden ausdrucksstarke Motive aus allen Naturparken und Geoparks in Deutschlands \u2013 aufgenommen aus der ganz pers\u00f6nlichen Perspektive der Besucher. Der diesj\u00e4hrige Wettbewerb startet am 01. M\u00e4rz und l\u00e4uft bis zum 31. Oktober 2020. Die sch\u00f6nsten Motive werden von den Besuchern des Portals bewertet und die Monats- sowie Jahressieger mit attraktiven Gewinnen pr\u00e4miert. Alle Infos zum aktuellen Wettbewerb finden Sie unter<a href=\"http:\/\/www.naturparkfotos.de\" target=\"_blank\"> www.naturparkfotos.de<\/a>.<\/p>\n<p>&gt;&gt; <a href=\"https:\/\/www.naturparke.de\/fileadmin\/files\/public\/Service\/Bilder\/PM_Fotowettbewerb_2020_final.pdf\" target=\"_blank\"><strong>Hier<\/strong><\/a> k\u00f6nnen Sie die Pressemitteilung downloaden<\/p>\n<p>&nbsp;<\/p>\n","protected":false},"excerpt":{"rendered":"<p>Am 1. M\u00e4rz 2020 startet die neue Runde des VDN-Fotowettbewerbs &#8222;Augenblick Natur!&#8220;. Gesucht werden auch in diesem Jahr wieder ausdrucksstarke Motive aus Naturparken und Geoparks in Deutschlands.<\/p>\n","protected":false},"author":73,"featured_media":12193,"comment_status":"open","ping_status":"open","sticky":false,"template":"","format":"standard","meta":{"_links_to":"","_links_to_target":""},"categories":[7],"tags":[957,1938,806,94],"yoast_head":"<!-- This site is optimized with the Yoast SEO plugin v19.10 - https:\/\/yoast.com\/wordpress\/plugins\/seo\/ -->\n<title>Fotowettbewerb \u201eAugenblick Natur!\u201c 2020<\/title>\n<meta name=\"description\" content=\"Am 1. M\u00e4rz 2020 startet die neue Runde des VDN-Fotowettbewerbs &quot;Augenblick Natur!&quot;. Gesucht werden auch in diesem Jahr wieder ausdrucksstarke Motive aus Naturparken und Geoparks in Deutschlands.\" \/>\n<meta name=\"robots\" content=\"index, follow, max-snippet:-1, max-image-preview:large, max-video-preview:-1\" \/>\n<link rel=\"canonical\" href=\"https:\/\/www.naturparkmagazin.de\/vdn\/fotowettbewerb-augenblick-natur-2020\/\" \/>\n<meta property=\"og:locale\" content=\"de_DE\" \/>\n<meta property=\"og:type\" content=\"article\" \/>\n<meta property=\"og:title\" content=\"Fotowettbewerb \u201eAugenblick Natur!\u201c 2020\" \/>\n<meta property=\"og:description\" content=\"Am 1. M\u00e4rz 2020 startet die neue Runde des VDN-Fotowettbewerbs &quot;Augenblick Natur!&quot;. Gesucht werden auch in diesem Jahr wieder ausdrucksstarke Motive aus Naturparken und Geoparks in Deutschlands.\" \/>\n<meta property=\"og:url\" content=\"https:\/\/www.naturparkmagazin.de\/vdn\/fotowettbewerb-augenblick-natur-2020\/\" \/>\n<meta property=\"og:site_name\" content=\"Verband Deutscher Naturparke\" \/>\n<meta property=\"article:published_time\" content=\"2020-02-29T13:15:53+00:00\" \/>\n<meta property=\"article:modified_time\" content=\"2020-03-16T09:24:23+00:00\" \/>\n<meta property=\"og:image\" content=\"https:\/\/www.naturparkmagazin.de\/vdn\/wp-content\/uploads\/sites\/3\/schnecke-im-regen_Beitragsbild.jpg\" \/>\n\t<meta property=\"og:image:width\" content=\"200\" \/>\n\t<meta property=\"og:image:height\" content=\"200\" \/>\n\t<meta property=\"og:image:type\" content=\"image\/jpeg\" \/>\n<meta name=\"author\" content=\"manuelamerz\" \/>\n<meta name=\"twitter:label1\" content=\"Verfasst von\" \/>\n\t<meta name=\"twitter:data1\" content=\"manuelamerz\" \/>\n\t<meta name=\"twitter:label2\" content=\"Gesch\u00e4tzte Lesezeit\" \/>\n\t<meta name=\"twitter:data2\" content=\"1\u00a0Minute\" \/>\n<script type=\"application\/ld+json\" class=\"yoast-schema-graph\">{\"@context\":\"https:\/\/schema.org\",\"@graph\":[{\"@type\":\"WebPage\",\"@id\":\"https:\/\/www.naturparkmagazin.de\/vdn\/fotowettbewerb-augenblick-natur-2020\/\",\"url\":\"https:\/\/www.naturparkmagazin.de\/vdn\/fotowettbewerb-augenblick-natur-2020\/\",\"name\":\"Fotowettbewerb \u201eAugenblick Natur!\u201c 2020\",\"isPartOf\":{\"@id\":\"https:\/\/www.naturparkmagazin.de\/vdn\/#website\"},\"datePublished\":\"2020-02-29T13:15:53+00:00\",\"dateModified\":\"2020-03-16T09:24:23+00:00\",\"author\":{\"@id\":\"https:\/\/www.naturparkmagazin.de\/vdn\/#\/schema\/person\/3cff9b8773ed55f0189255fa9adfd57c\"},\"description\":\"Am 1. M\u00e4rz 2020 startet die neue Runde des VDN-Fotowettbewerbs \\\"Augenblick Natur!\\\". Gesucht werden auch in diesem Jahr wieder ausdrucksstarke Motive aus Naturparken und Geoparks in Deutschlands.\",\"breadcrumb\":{\"@id\":\"https:\/\/www.naturparkmagazin.de\/vdn\/fotowettbewerb-augenblick-natur-2020\/#breadcrumb\"},\"inLanguage\":\"de\",\"potentialAction\":[{\"@type\":\"ReadAction\",\"target\":[\"https:\/\/www.naturparkmagazin.de\/vdn\/fotowettbewerb-augenblick-natur-2020\/\"]}]},{\"@type\":\"BreadcrumbList\",\"@id\":\"https:\/\/www.naturparkmagazin.de\/vdn\/fotowettbewerb-augenblick-natur-2020\/#breadcrumb\",\"itemListElement\":[{\"@type\":\"ListItem\",\"position\":1,\"name\":\"Home\",\"item\":\"https:\/\/www.naturparkmagazin.de\/vdn\/\"},{\"@type\":\"ListItem\",\"position\":2,\"name\":\"Fotowettbewerb \u201eAugenblick Natur!\u201c 2020\"}]},{\"@type\":\"WebSite\",\"@id\":\"https:\/\/www.naturparkmagazin.de\/vdn\/#website\",\"url\":\"https:\/\/www.naturparkmagazin.de\/vdn\/\",\"name\":\"Verband Deutscher Naturparke\",\"description\":\"Eine weitere Naturparkmagazin.de Netzwerk Seite\",\"potentialAction\":[{\"@type\":\"SearchAction\",\"target\":{\"@type\":\"EntryPoint\",\"urlTemplate\":\"https:\/\/www.naturparkmagazin.de\/vdn\/?s={search_term_string}\"},\"query-input\":\"required name=search_term_string\"}],\"inLanguage\":\"de\"},{\"@type\":\"Person\",\"@id\":\"https:\/\/www.naturparkmagazin.de\/vdn\/#\/schema\/person\/3cff9b8773ed55f0189255fa9adfd57c\",\"name\":\"manuelamerz\",\"url\":\"https:\/\/www.naturparkmagazin.de\/vdn\/author\/manuelamerz\/\"}]}<\/script>\n<!-- \/ Yoast SEO plugin. -->","yoast_head_json":{"title":"Fotowettbewerb \u201eAugenblick Natur!\u201c 2020","description":"Am 1. M\u00e4rz 2020 startet die neue Runde des VDN-Fotowettbewerbs \"Augenblick Natur!\". Gesucht werden auch in diesem Jahr wieder ausdrucksstarke Motive aus Naturparken und Geoparks in Deutschlands.","robots":{"index":"index","follow":"follow","max-snippet":"max-snippet:-1","max-image-preview":"max-image-preview:large","max-video-preview":"max-video-preview:-1"},"canonical":"https:\/\/www.naturparkmagazin.de\/vdn\/fotowettbewerb-augenblick-natur-2020\/","og_locale":"de_DE","og_type":"article","og_title":"Fotowettbewerb \u201eAugenblick Natur!\u201c 2020","og_description":"Am 1. M\u00e4rz 2020 startet die neue Runde des VDN-Fotowettbewerbs \"Augenblick Natur!\". Gesucht werden auch in diesem Jahr wieder ausdrucksstarke Motive aus Naturparken und Geoparks in Deutschlands.","og_url":"https:\/\/www.naturparkmagazin.de\/vdn\/fotowettbewerb-augenblick-natur-2020\/","og_site_name":"Verband Deutscher Naturparke","article_published_time":"2020-02-29T13:15:53+00:00","article_modified_time":"2020-03-16T09:24:23+00:00","og_image":[{"width":200,"height":200,"url":"https:\/\/www.naturparkmagazin.de\/vdn\/wp-content\/uploads\/sites\/3\/schnecke-im-regen_Beitragsbild.jpg","type":"image\/jpeg"}],"author":"manuelamerz","twitter_misc":{"Verfasst von":"manuelamerz","Gesch\u00e4tzte Lesezeit":"1\u00a0Minute"},"schema":{"@context":"https:\/\/schema.org","@graph":[{"@type":"WebPage","@id":"https:\/\/www.naturparkmagazin.de\/vdn\/fotowettbewerb-augenblick-natur-2020\/","url":"https:\/\/www.naturparkmagazin.de\/vdn\/fotowettbewerb-augenblick-natur-2020\/","name":"Fotowettbewerb \u201eAugenblick Natur!\u201c 2020","isPartOf":{"@id":"https:\/\/www.naturparkmagazin.de\/vdn\/#website"},"datePublished":"2020-02-29T13:15:53+00:00","dateModified":"2020-03-16T09:24:23+00:00","author":{"@id":"https:\/\/www.naturparkmagazin.de\/vdn\/#\/schema\/person\/3cff9b8773ed55f0189255fa9adfd57c"},"description":"Am 1. M\u00e4rz 2020 startet die neue Runde des VDN-Fotowettbewerbs \"Augenblick Natur!\". Gesucht werden auch in diesem Jahr wieder ausdrucksstarke Motive aus Naturparken und Geoparks in Deutschlands.","breadcrumb":{"@id":"https:\/\/www.naturparkmagazin.de\/vdn\/fotowettbewerb-augenblick-natur-2020\/#breadcrumb"},"inLanguage":"de","potentialAction":[{"@type":"ReadAction","target":["https:\/\/www.naturparkmagazin.de\/vdn\/fotowettbewerb-augenblick-natur-2020\/"]}]},{"@type":"BreadcrumbList","@id":"https:\/\/www.naturparkmagazin.de\/vdn\/fotowettbewerb-augenblick-natur-2020\/#breadcrumb","itemListElement":[{"@type":"ListItem","position":1,"name":"Home","item":"https:\/\/www.naturparkmagazin.de\/vdn\/"},{"@type":"ListItem","position":2,"name":"Fotowettbewerb \u201eAugenblick Natur!\u201c 2020"}]},{"@type":"WebSite","@id":"https:\/\/www.naturparkmagazin.de\/vdn\/#website","url":"https:\/\/www.naturparkmagazin.de\/vdn\/","name":"Verband Deutscher Naturparke","description":"Eine weitere Naturparkmagazin.de Netzwerk Seite","potentialAction":[{"@type":"SearchAction","target":{"@type":"EntryPoint","urlTemplate":"https:\/\/www.naturparkmagazin.de\/vdn\/?s={search_term_string}"},"query-input":"required name=search_term_string"}],"inLanguage":"de"},{"@type":"Person","@id":"https:\/\/www.naturparkmagazin.de\/vdn\/#\/schema\/person\/3cff9b8773ed55f0189255fa9adfd57c","name":"manuelamerz","url":"https:\/\/www.naturparkmagazin.de\/vdn\/author\/manuelamerz\/"}]}},"_links":{"self":[{"href":"https:\/\/www.naturparkmagazin.de\/vdn\/wp-json\/wp\/v2\/posts\/12191"}],"collection":[{"href":"https:\/\/www.naturparkmagazin.de\/vdn\/wp-json\/wp\/v2\/posts"}],"about":[{"href":"https:\/\/www.naturparkmagazin.de\/vdn\/wp-json\/wp\/v2\/types\/post"}],"author":[{"embeddable":true,"href":"https:\/\/www.naturparkmagazin.de\/vdn\/wp-json\/wp\/v2\/users\/73"}],"replies":[{"embeddable":true,"href":"https:\/\/www.naturparkmagazin.de\/vdn\/wp-json\/wp\/v2\/comments?post=12191"}],"version-history":[{"count":6,"href":"https:\/\/www.naturparkmagazin.de\/vdn\/wp-json\/wp\/v2\/posts\/12191\/revisions"}],"predecessor-version":[{"id":12277,"href":"https:\/\/www.naturparkmagazin.de\/vdn\/wp-json\/wp\/v2\/posts\/12191\/revisions\/12277"}],"wp:featuredmedia":[{"embeddable":true,"href":"https:\/\/www.naturparkmagazin.de\/vdn\/wp-json\/wp\/v2\/media\/12193"}],"wp:attachment":[{"href":"https:\/\/www.naturparkmagazin.de\/vdn\/wp-json\/wp\/v2\/media?parent=12191"}],"wp:term":[{"taxonomy":"category","embeddable":true,"href":"https:\/\/www.naturparkmagazin.de\/vdn\/wp-json\/wp\/v2\/categories?post=12191"},{"taxonomy":"post_tag","embeddable":true,"href":"https:\/\/www.naturparkmagazin.de\/vdn\/wp-json\/wp\/v2\/tags?post=12191"}],"curies":[{"name":"wp","href":"https:\/\/api.w.org\/{rel}","templated":true}]}}