{"id":12195,"date":"2020-03-16T17:51:17","date_gmt":"2020-03-16T16:51:17","guid":{"rendered":"https:\/\/www.naturparkmagazin.de\/vdn\/?p=12195"},"modified":"2020-03-24T12:08:43","modified_gmt":"2020-03-24T11:08:43","slug":"naturtalent-naturpark-entdecker-weste","status":"publish","type":"post","link":"https:\/\/www.naturparkmagazin.de\/vdn\/naturtalent-naturpark-entdecker-weste\/","title":{"rendered":"Naturtalent \u201eNaturpark-Entdecker-Weste\u201c"},"content":{"rendered":"<div id=\"attachment_12196\" style=\"width: 510px\" class=\"wp-caption alignnone\"><a href=\"https:\/\/www.naturparkmagazin.de\/vdn\/wp-content\/uploads\/sites\/3\/carolinlauerfotografie-37_Beitrag.jpg\"><img aria-describedby=\"caption-attachment-12196\" decoding=\"async\" loading=\"lazy\" class=\"size-full wp-image-12196\" src=\"https:\/\/www.naturparkmagazin.de\/vdn\/wp-content\/uploads\/sites\/3\/carolinlauerfotografie-37_Beitrag.jpg\" alt=\"\u00a9 Kaufland \/ Carolin Lauer Fotografie\" width=\"500\" height=\"300\" srcset=\"https:\/\/www.naturparkmagazin.de\/vdn\/wp-content\/uploads\/sites\/3\/carolinlauerfotografie-37_Beitrag.jpg 500w, https:\/\/www.naturparkmagazin.de\/vdn\/wp-content\/uploads\/sites\/3\/carolinlauerfotografie-37_Beitrag-300x180.jpg 300w, https:\/\/www.naturparkmagazin.de\/vdn\/wp-content\/uploads\/sites\/3\/carolinlauerfotografie-37_Beitrag-200x120.jpg 200w\" sizes=\"(max-width: 500px) 100vw, 500px\" \/><\/a><p id=\"caption-attachment-12196\" class=\"wp-caption-text\">\u00a9 Kaufland \/ Carolin Lauer Fotografie<\/p><\/div>\n<p>Ausgestattet mit allen wichtigen Exkursionsmaterialien die Natur vor der Klassent\u00fcr entdecken und sich dabei f\u00fchlen wie ein echter Abenteurer &#8211; das ist die Idee der &#8222;Naturpark-Entdecker-Westen&#8220;. In der Umweltp\u00e4dagogik bietet die \u201eNaturpark-Entdecker-Weste&#8220; einen innovativen Ansatz. Bestens ausgestattet k\u00f6nnen die jungen Forscher*innen angeleitet oder auf eigene Faust im individuellen Tempo auf Entdeckungsreise gehen. Die Natur wird spielerisch entdeckt und ein verantwortungsvoller Umgang mit der Umwelt angeregt.<\/p>\n<p>&nbsp;<\/p>\n<div id=\"attachment_12198\" style=\"width: 510px\" class=\"wp-caption alignnone\"><a href=\"https:\/\/www.naturparkmagazin.de\/vdn\/wp-content\/uploads\/sites\/3\/Jungen-im-Gras_Stefan-R\u00fcb_Beitrag.jpg\"><img aria-describedby=\"caption-attachment-12198\" decoding=\"async\" loading=\"lazy\" class=\"size-full wp-image-12198\" src=\"https:\/\/www.naturparkmagazin.de\/vdn\/wp-content\/uploads\/sites\/3\/Jungen-im-Gras_Stefan-R\u00fcb_Beitrag.jpg\" alt=\"Jungen im Gras \u00a9 Stefan R\u00fcb\" width=\"500\" height=\"300\" srcset=\"https:\/\/www.naturparkmagazin.de\/vdn\/wp-content\/uploads\/sites\/3\/Jungen-im-Gras_Stefan-R\u00fcb_Beitrag.jpg 500w, https:\/\/www.naturparkmagazin.de\/vdn\/wp-content\/uploads\/sites\/3\/Jungen-im-Gras_Stefan-R\u00fcb_Beitrag-300x180.jpg 300w, https:\/\/www.naturparkmagazin.de\/vdn\/wp-content\/uploads\/sites\/3\/Jungen-im-Gras_Stefan-R\u00fcb_Beitrag-200x120.jpg 200w\" sizes=\"(max-width: 500px) 100vw, 500px\" \/><\/a><p id=\"caption-attachment-12198\" class=\"wp-caption-text\">Jungen im Gras \u00a9 Stefan R\u00fcb<\/p><\/div>\n<p>Die \u201eNaturpark-Entdecker-Weste\u201c wurde im Jahr 2010 vom Verband Deutscher Naturparke entwickelt und vom Fachbereich Biologiedidaktik der Universit\u00e4t Gie\u00dfen wissenschaftlich gepr\u00fcft. Heute sind mehr als 8.600 \u201eNaturpark-Entdecker-Westen\u201c in zahlreichen Schulen, Kinderg\u00e4rten oder Informationszentren in rund 70 Naturparken in Deutschland erfolgreich im Einsatz.<\/p>\n<div id=\"attachment_12349\" style=\"width: 310px\" class=\"wp-caption alignnone\"><a href=\"https:\/\/www.naturparkmagazin.de\/vdn\/wp-content\/uploads\/sites\/3\/Einsatz-der-Westen-im-Naturpark-Unteres-Saaletal_b.jpg\"><img aria-describedby=\"caption-attachment-12349\" decoding=\"async\" loading=\"lazy\" class=\"size-full wp-image-12349\" src=\"https:\/\/www.naturparkmagazin.de\/vdn\/wp-content\/uploads\/sites\/3\/Einsatz-der-Westen-im-Naturpark-Unteres-Saaletal_b.jpg\" alt=\"Einsatz der Westen im Naturpark Unteres Saaletal \u00a9 Naturpark Unteres Saaletal\" width=\"300\" height=\"500\" srcset=\"https:\/\/www.naturparkmagazin.de\/vdn\/wp-content\/uploads\/sites\/3\/Einsatz-der-Westen-im-Naturpark-Unteres-Saaletal_b.jpg 300w, https:\/\/www.naturparkmagazin.de\/vdn\/wp-content\/uploads\/sites\/3\/Einsatz-der-Westen-im-Naturpark-Unteres-Saaletal_b-200x333.jpg 200w\" sizes=\"(max-width: 300px) 100vw, 300px\" \/><\/a><p id=\"caption-attachment-12349\" class=\"wp-caption-text\">Einsatz der Naturpark-Entdecker-Westen im Naturpark Unteres Saaletal \u00a9 Naturpark Unteres Saaletal<\/p><\/div>\n<p>In den vielen Taschen der \u201eNaturpark-Entdecker-Weste\u201c kann alles untergebracht, werden, was junge Forscher in Wald und Feld brauchen. Mit der Weste wird eine Grundausstattung an erprobten Materialien geliefert, die bei Forschertouren eingesetzt werden k\u00f6nnen.<\/p>\n<div id=\"attachment_12199\" style=\"width: 460px\" class=\"wp-caption alignnone\"><a href=\"https:\/\/www.naturparkmagazin.de\/vdn\/wp-content\/uploads\/sites\/3\/Inhalt-der-Weste.jpg\"><img aria-describedby=\"caption-attachment-12199\" decoding=\"async\" loading=\"lazy\" class=\"size-full wp-image-12199\" src=\"https:\/\/www.naturparkmagazin.de\/vdn\/wp-content\/uploads\/sites\/3\/Inhalt-der-Weste.jpg\" alt=\"Inhalt der Weste \u00a9 VDN\" width=\"450\" height=\"350\" srcset=\"https:\/\/www.naturparkmagazin.de\/vdn\/wp-content\/uploads\/sites\/3\/Inhalt-der-Weste.jpg 450w, https:\/\/www.naturparkmagazin.de\/vdn\/wp-content\/uploads\/sites\/3\/Inhalt-der-Weste-300x233.jpg 300w, https:\/\/www.naturparkmagazin.de\/vdn\/wp-content\/uploads\/sites\/3\/Inhalt-der-Weste-200x156.jpg 200w\" sizes=\"(max-width: 450px) 100vw, 450px\" \/><\/a><p id=\"caption-attachment-12199\" class=\"wp-caption-text\">Inhalt der Weste \u00a9 VDN<\/p><\/div>\n<p>Die \u201eNaturpark-Entdecker-Weste\u201c gibt es in drei verschiedenen Kindergr\u00f6\u00dfen sowie in einer Erwachsenengr\u00f6\u00dfe. Daneben wird auch ein Sondermodell f\u00fcr Rollstuhlfahrer angeboten. Informationen zur Bestellung erhalten Sie bei\u00a0 <a href=\"mailto:manuela.merz@naturparke.de\">manuela.merz@naturparke.de<\/a><\/p>\n<p>&nbsp;<\/p>\n<p>&gt;&gt; <a href=\"https:\/\/www.naturparke.de\/aufgaben-ziele\/bildung\/entdecker-westen.html\" target=\"_blank\">Hier<\/a> k\u00f6nnen Sie sich \u00fcber Naturpark-Entdecker-Westen und ihren Einsatz in Naturparken weiter informieren<\/p>\n<p>&nbsp;<\/p>\n","protected":false},"excerpt":{"rendered":"<p>Seit 2010 gibt es die \u201eNaturpark-Entdecker-Weste\u201c. Rund 8.600 Westen sind heute in rund 70 Naturparken in Deutschland erfolgreich im Einsatz. <\/p>\n","protected":false},"author":73,"featured_media":12197,"comment_status":"open","ping_status":"open","sticky":false,"template":"","format":"standard","meta":{"_links_to":"","_links_to_target":""},"categories":[7],"tags":[1940,640,1941,81,1939,3154,1942,1943,41,1054],"yoast_head":"<!-- This site is optimized with the Yoast SEO plugin v19.10 - https:\/\/yoast.com\/wordpress\/plugins\/seo\/ -->\n<title>Naturtalent \u201eNaturpark-Entdecker-Weste\u201c<\/title>\n<meta name=\"description\" content=\"Seit 2010 gibt es die \u201eNaturpark-Entdecker-Weste\u201c. Rund 8.600 Westen sind heute in rund 70 Naturparken in Deutschland erfolgreich im Einsatz.\" \/>\n<meta name=\"robots\" content=\"index, follow, max-snippet:-1, max-image-preview:large, max-video-preview:-1\" \/>\n<link rel=\"canonical\" href=\"https:\/\/www.naturparkmagazin.de\/vdn\/naturtalent-naturpark-entdecker-weste\/\" \/>\n<meta property=\"og:locale\" content=\"de_DE\" \/>\n<meta property=\"og:type\" content=\"article\" \/>\n<meta property=\"og:title\" content=\"Naturtalent \u201eNaturpark-Entdecker-Weste\u201c\" \/>\n<meta property=\"og:description\" content=\"Seit 2010 gibt es die \u201eNaturpark-Entdecker-Weste\u201c. Rund 8.600 Westen sind heute in rund 70 Naturparken in Deutschland erfolgreich im Einsatz.\" \/>\n<meta property=\"og:url\" content=\"https:\/\/www.naturparkmagazin.de\/vdn\/naturtalent-naturpark-entdecker-weste\/\" \/>\n<meta property=\"og:site_name\" content=\"Verband Deutscher Naturparke\" \/>\n<meta property=\"article:published_time\" content=\"2020-03-16T16:51:17+00:00\" \/>\n<meta property=\"article:modified_time\" content=\"2020-03-24T11:08:43+00:00\" \/>\n<meta property=\"og:image\" content=\"https:\/\/www.naturparkmagazin.de\/vdn\/wp-content\/uploads\/sites\/3\/carolinlauerfotografie-37_Beitragsbild.jpg\" \/>\n\t<meta property=\"og:image:width\" content=\"200\" \/>\n\t<meta property=\"og:image:height\" content=\"200\" \/>\n\t<meta property=\"og:image:type\" content=\"image\/jpeg\" \/>\n<meta name=\"author\" content=\"manuelamerz\" \/>\n<meta name=\"twitter:label1\" content=\"Verfasst von\" \/>\n\t<meta name=\"twitter:data1\" content=\"manuelamerz\" \/>\n\t<meta name=\"twitter:label2\" content=\"Gesch\u00e4tzte Lesezeit\" \/>\n\t<meta name=\"twitter:data2\" content=\"1\u00a0Minute\" \/>\n<script type=\"application\/ld+json\" class=\"yoast-schema-graph\">{\"@context\":\"https:\/\/schema.org\",\"@graph\":[{\"@type\":\"WebPage\",\"@id\":\"https:\/\/www.naturparkmagazin.de\/vdn\/naturtalent-naturpark-entdecker-weste\/\",\"url\":\"https:\/\/www.naturparkmagazin.de\/vdn\/naturtalent-naturpark-entdecker-weste\/\",\"name\":\"Naturtalent \u201eNaturpark-Entdecker-Weste\u201c\",\"isPartOf\":{\"@id\":\"https:\/\/www.naturparkmagazin.de\/vdn\/#website\"},\"datePublished\":\"2020-03-16T16:51:17+00:00\",\"dateModified\":\"2020-03-24T11:08:43+00:00\",\"author\":{\"@id\":\"https:\/\/www.naturparkmagazin.de\/vdn\/#\/schema\/person\/3cff9b8773ed55f0189255fa9adfd57c\"},\"description\":\"Seit 2010 gibt es die \u201eNaturpark-Entdecker-Weste\u201c. Rund 8.600 Westen sind heute in rund 70 Naturparken in Deutschland erfolgreich im Einsatz.\",\"breadcrumb\":{\"@id\":\"https:\/\/www.naturparkmagazin.de\/vdn\/naturtalent-naturpark-entdecker-weste\/#breadcrumb\"},\"inLanguage\":\"de\",\"potentialAction\":[{\"@type\":\"ReadAction\",\"target\":[\"https:\/\/www.naturparkmagazin.de\/vdn\/naturtalent-naturpark-entdecker-weste\/\"]}]},{\"@type\":\"BreadcrumbList\",\"@id\":\"https:\/\/www.naturparkmagazin.de\/vdn\/naturtalent-naturpark-entdecker-weste\/#breadcrumb\",\"itemListElement\":[{\"@type\":\"ListItem\",\"position\":1,\"name\":\"Home\",\"item\":\"https:\/\/www.naturparkmagazin.de\/vdn\/\"},{\"@type\":\"ListItem\",\"position\":2,\"name\":\"Naturtalent \u201eNaturpark-Entdecker-Weste\u201c\"}]},{\"@type\":\"WebSite\",\"@id\":\"https:\/\/www.naturparkmagazin.de\/vdn\/#website\",\"url\":\"https:\/\/www.naturparkmagazin.de\/vdn\/\",\"name\":\"Verband Deutscher Naturparke\",\"description\":\"Eine weitere Naturparkmagazin.de Netzwerk Seite\",\"potentialAction\":[{\"@type\":\"SearchAction\",\"target\":{\"@type\":\"EntryPoint\",\"urlTemplate\":\"https:\/\/www.naturparkmagazin.de\/vdn\/?s={search_term_string}\"},\"query-input\":\"required name=search_term_string\"}],\"inLanguage\":\"de\"},{\"@type\":\"Person\",\"@id\":\"https:\/\/www.naturparkmagazin.de\/vdn\/#\/schema\/person\/3cff9b8773ed55f0189255fa9adfd57c\",\"name\":\"manuelamerz\",\"url\":\"https:\/\/www.naturparkmagazin.de\/vdn\/author\/manuelamerz\/\"}]}<\/script>\n<!-- \/ Yoast SEO plugin. -->","yoast_head_json":{"title":"Naturtalent \u201eNaturpark-Entdecker-Weste\u201c","description":"Seit 2010 gibt es die \u201eNaturpark-Entdecker-Weste\u201c. Rund 8.600 Westen sind heute in rund 70 Naturparken in Deutschland erfolgreich im Einsatz.","robots":{"index":"index","follow":"follow","max-snippet":"max-snippet:-1","max-image-preview":"max-image-preview:large","max-video-preview":"max-video-preview:-1"},"canonical":"https:\/\/www.naturparkmagazin.de\/vdn\/naturtalent-naturpark-entdecker-weste\/","og_locale":"de_DE","og_type":"article","og_title":"Naturtalent \u201eNaturpark-Entdecker-Weste\u201c","og_description":"Seit 2010 gibt es die \u201eNaturpark-Entdecker-Weste\u201c. Rund 8.600 Westen sind heute in rund 70 Naturparken in Deutschland erfolgreich im Einsatz.","og_url":"https:\/\/www.naturparkmagazin.de\/vdn\/naturtalent-naturpark-entdecker-weste\/","og_site_name":"Verband Deutscher Naturparke","article_published_time":"2020-03-16T16:51:17+00:00","article_modified_time":"2020-03-24T11:08:43+00:00","og_image":[{"width":200,"height":200,"url":"https:\/\/www.naturparkmagazin.de\/vdn\/wp-content\/uploads\/sites\/3\/carolinlauerfotografie-37_Beitragsbild.jpg","type":"image\/jpeg"}],"author":"manuelamerz","twitter_misc":{"Verfasst von":"manuelamerz","Gesch\u00e4tzte Lesezeit":"1\u00a0Minute"},"schema":{"@context":"https:\/\/schema.org","@graph":[{"@type":"WebPage","@id":"https:\/\/www.naturparkmagazin.de\/vdn\/naturtalent-naturpark-entdecker-weste\/","url":"https:\/\/www.naturparkmagazin.de\/vdn\/naturtalent-naturpark-entdecker-weste\/","name":"Naturtalent \u201eNaturpark-Entdecker-Weste\u201c","isPartOf":{"@id":"https:\/\/www.naturparkmagazin.de\/vdn\/#website"},"datePublished":"2020-03-16T16:51:17+00:00","dateModified":"2020-03-24T11:08:43+00:00","author":{"@id":"https:\/\/www.naturparkmagazin.de\/vdn\/#\/schema\/person\/3cff9b8773ed55f0189255fa9adfd57c"},"description":"Seit 2010 gibt es die \u201eNaturpark-Entdecker-Weste\u201c. Rund 8.600 Westen sind heute in rund 70 Naturparken in Deutschland erfolgreich im Einsatz.","breadcrumb":{"@id":"https:\/\/www.naturparkmagazin.de\/vdn\/naturtalent-naturpark-entdecker-weste\/#breadcrumb"},"inLanguage":"de","potentialAction":[{"@type":"ReadAction","target":["https:\/\/www.naturparkmagazin.de\/vdn\/naturtalent-naturpark-entdecker-weste\/"]}]},{"@type":"BreadcrumbList","@id":"https:\/\/www.naturparkmagazin.de\/vdn\/naturtalent-naturpark-entdecker-weste\/#breadcrumb","itemListElement":[{"@type":"ListItem","position":1,"name":"Home","item":"https:\/\/www.naturparkmagazin.de\/vdn\/"},{"@type":"ListItem","position":2,"name":"Naturtalent \u201eNaturpark-Entdecker-Weste\u201c"}]},{"@type":"WebSite","@id":"https:\/\/www.naturparkmagazin.de\/vdn\/#website","url":"https:\/\/www.naturparkmagazin.de\/vdn\/","name":"Verband Deutscher Naturparke","description":"Eine weitere Naturparkmagazin.de Netzwerk Seite","potentialAction":[{"@type":"SearchAction","target":{"@type":"EntryPoint","urlTemplate":"https:\/\/www.naturparkmagazin.de\/vdn\/?s={search_term_string}"},"query-input":"required name=search_term_string"}],"inLanguage":"de"},{"@type":"Person","@id":"https:\/\/www.naturparkmagazin.de\/vdn\/#\/schema\/person\/3cff9b8773ed55f0189255fa9adfd57c","name":"manuelamerz","url":"https:\/\/www.naturparkmagazin.de\/vdn\/author\/manuelamerz\/"}]}},"_links":{"self":[{"href":"https:\/\/www.naturparkmagazin.de\/vdn\/wp-json\/wp\/v2\/posts\/12195"}],"collection":[{"href":"https:\/\/www.naturparkmagazin.de\/vdn\/wp-json\/wp\/v2\/posts"}],"about":[{"href":"https:\/\/www.naturparkmagazin.de\/vdn\/wp-json\/wp\/v2\/types\/post"}],"author":[{"embeddable":true,"href":"https:\/\/www.naturparkmagazin.de\/vdn\/wp-json\/wp\/v2\/users\/73"}],"replies":[{"embeddable":true,"href":"https:\/\/www.naturparkmagazin.de\/vdn\/wp-json\/wp\/v2\/comments?post=12195"}],"version-history":[{"count":5,"href":"https:\/\/www.naturparkmagazin.de\/vdn\/wp-json\/wp\/v2\/posts\/12195\/revisions"}],"predecessor-version":[{"id":12351,"href":"https:\/\/www.naturparkmagazin.de\/vdn\/wp-json\/wp\/v2\/posts\/12195\/revisions\/12351"}],"wp:featuredmedia":[{"embeddable":true,"href":"https:\/\/www.naturparkmagazin.de\/vdn\/wp-json\/wp\/v2\/media\/12197"}],"wp:attachment":[{"href":"https:\/\/www.naturparkmagazin.de\/vdn\/wp-json\/wp\/v2\/media?parent=12195"}],"wp:term":[{"taxonomy":"category","embeddable":true,"href":"https:\/\/www.naturparkmagazin.de\/vdn\/wp-json\/wp\/v2\/categories?post=12195"},{"taxonomy":"post_tag","embeddable":true,"href":"https:\/\/www.naturparkmagazin.de\/vdn\/wp-json\/wp\/v2\/tags?post=12195"}],"curies":[{"name":"wp","href":"https:\/\/api.w.org\/{rel}","templated":true}]}}