{"id":12231,"date":"2020-02-29T14:18:49","date_gmt":"2020-02-29T13:18:49","guid":{"rendered":"https:\/\/www.naturparkmagazin.de\/vdn\/?p=12231"},"modified":"2020-03-16T10:24:14","modified_gmt":"2020-03-16T09:24:14","slug":"claudia-wilhelm","status":"publish","type":"post","link":"https:\/\/www.naturparkmagazin.de\/vdn\/claudia-wilhelm\/","title":{"rendered":"Claudia Wilhelm"},"content":{"rendered":"<div id=\"attachment_12232\" style=\"width: 510px\" class=\"wp-caption alignnone\"><a href=\"https:\/\/www.naturparkmagazin.de\/vdn\/wp-content\/uploads\/sites\/3\/Claudia-Wilhelm_Manja-Rosenbusch_B.jpg\"><img aria-describedby=\"caption-attachment-12232\" decoding=\"async\" loading=\"lazy\" class=\"size-full wp-image-12232\" src=\"https:\/\/www.naturparkmagazin.de\/vdn\/wp-content\/uploads\/sites\/3\/Claudia-Wilhelm_Manja-Rosenbusch_B.jpg\" alt=\"\u00a9 Manja Rosenbusch\" width=\"500\" height=\"300\" srcset=\"https:\/\/www.naturparkmagazin.de\/vdn\/wp-content\/uploads\/sites\/3\/Claudia-Wilhelm_Manja-Rosenbusch_B.jpg 500w, https:\/\/www.naturparkmagazin.de\/vdn\/wp-content\/uploads\/sites\/3\/Claudia-Wilhelm_Manja-Rosenbusch_B-300x180.jpg 300w, https:\/\/www.naturparkmagazin.de\/vdn\/wp-content\/uploads\/sites\/3\/Claudia-Wilhelm_Manja-Rosenbusch_B-200x120.jpg 200w\" sizes=\"(max-width: 500px) 100vw, 500px\" \/><\/a><p id=\"caption-attachment-12232\" class=\"wp-caption-text\">\u00a9 Manja Rosenbusch<\/p><\/div>\n<p>Th\u00fcringens Umweltstaatssekret\u00e4r Olaf M\u00f6ller begr\u00fc\u00dfte Claudia Wilhelm als neue Leiterin des Naturparks Eichsfeld-Hainich-Werratal und stellte sie offiziell den Mitarbeiterinnen und Mitarbeitern des Naturparks vor.<\/p>\n<p>\u201eMit Frau Wilhelm konnten wir eine erfahrene Natursch\u00fctzerin gewinnen, die in der Region fest verwurzelt ist. Ich freue mich sehr, dass sie ihre Ideen und Energie jetzt f\u00fcr den Naturpark Eichsfeld-Hainich-Werratal einsetzt und f\u00fcr die Menschen vor Ort ein offenes Ohr haben wird\u201c, sagte M\u00f6ller heute in F\u00fcrstenhagen.<\/p>\n<p>Die bisherige Gesch\u00e4ftsf\u00fchrerin der Wildtierland Hainich GmbH zu der das 2012 gegr\u00fcndete Wildkatzendorf H\u00fctscheroda und die Natura 2000-Station \u201eUnstrut-Hainich\/Eichsfeld\u201c geh\u00f6ren, hat ihre Stelle offiziell am 1. November angetreten und folgt damit dem langj\u00e4hrigen Naturparkleiter Dr. Johannes Hager, der in diesem Jahr in den Ruhestand verabschiedet wurde.<\/p>\n<p>\u201eIch freue mich \u00fcber einen neuen Lebensabschnitt! Es ist f\u00fcr mich ein wahres Geschenk, was ich in den H\u00e4nden halte. Zu Beginn w\u00fcnsche ich mir in F\u00fcrstenhagen anzukommen und als Naturparkfamilie zusammenzuwachsen. Ich w\u00fcrde mir untreu werden, wenn ich fertige Zielsetzungen \u00e4u\u00dfern w\u00fcrde, denn der Naturpark lebt von seinen Menschen. Sie, die von ihnen gepr\u00e4gte Kulturlandschaft und die facettenreiche Naturkulisse machen den Naturpark f\u00fcr mich besonders lebenswert. Ich m\u00f6chte mich stark machen, dass meine liebenswerte Heimat auch die meiner Kinder sein kann!\u201c so Claudia Wilhelm.<\/p>\n<p>Claudia Wilhelm wurde in M\u00fchlhausen geboren und lebt seit dem 14. Lebensjahr im Werratal \u2013 in Falken. Sie ist Diplom-Forstingenieurin und absolvierte erfolgreich das Masterstudium \u201eUmwelt und Bildung\u201c. Als selbst\u00e4ndige Umweltp\u00e4dagogin war sie u.a. an der Jugendherberge \u201eUrwald-Life-Camp\u201c auf dem Harsberg\/Lauterbach t\u00e4tig und ist seit vielen Jahren aktives Mitglied im (F\u00f6rder-)Verein der Freunde des Naturparks Eichsfeld-Hainich-Werratals und des Nationalparks Hainich e.V.<\/p>\n<p>&nbsp;<\/p>\n<p>&nbsp;<\/p>\n","protected":false},"excerpt":{"rendered":"<p>Seit 1.11.2019 ist sie die neue Leiterin des Naturparks Eichsfeld-Hainich-Werratal. Die Diplom-Forstingenieurin mit erfolgreich absolviertem Masterstudium \u201eUmwelt und Bildung\u201c freut sich auf Ihren neuen Lebensabschnitt.<\/p>\n","protected":false},"author":73,"featured_media":12233,"comment_status":"open","ping_status":"open","sticky":false,"template":"","format":"standard","meta":{"_links_to":"","_links_to_target":""},"categories":[8],"tags":[1974,1954,1977,1976,1975],"yoast_head":"<!-- This site is optimized with the Yoast SEO plugin v19.10 - https:\/\/yoast.com\/wordpress\/plugins\/seo\/ -->\n<title>Claudia Wilhelm<\/title>\n<meta name=\"description\" content=\"Seit 1.11.2019 ist sie die neue Leiterin des Naturparks Eichsfeld-Hainich-Werratal. Die Diplom-Forstingenieurin mit erfolgreich absolviertem Masterstudium \u201eUmwelt und Bildung\u201c freut sich auf Ihren neuen Lebensabschnitt.\" \/>\n<meta name=\"robots\" content=\"index, follow, max-snippet:-1, max-image-preview:large, max-video-preview:-1\" \/>\n<link rel=\"canonical\" href=\"https:\/\/www.naturparkmagazin.de\/vdn\/claudia-wilhelm\/\" \/>\n<meta property=\"og:locale\" content=\"de_DE\" \/>\n<meta property=\"og:type\" content=\"article\" \/>\n<meta property=\"og:title\" content=\"Claudia Wilhelm\" \/>\n<meta property=\"og:description\" content=\"Seit 1.11.2019 ist sie die neue Leiterin des Naturparks Eichsfeld-Hainich-Werratal. Die Diplom-Forstingenieurin mit erfolgreich absolviertem Masterstudium \u201eUmwelt und Bildung\u201c freut sich auf Ihren neuen Lebensabschnitt.\" \/>\n<meta property=\"og:url\" content=\"https:\/\/www.naturparkmagazin.de\/vdn\/claudia-wilhelm\/\" \/>\n<meta property=\"og:site_name\" content=\"Verband Deutscher Naturparke\" \/>\n<meta property=\"article:published_time\" content=\"2020-02-29T13:18:49+00:00\" \/>\n<meta property=\"article:modified_time\" content=\"2020-03-16T09:24:14+00:00\" \/>\n<meta property=\"og:image\" content=\"https:\/\/www.naturparkmagazin.de\/vdn\/wp-content\/uploads\/sites\/3\/Claudia-Wilhelm_Manja-Rosenbusch_BF.jpg\" \/>\n\t<meta property=\"og:image:width\" content=\"200\" \/>\n\t<meta property=\"og:image:height\" content=\"200\" \/>\n\t<meta property=\"og:image:type\" content=\"image\/jpeg\" \/>\n<meta name=\"author\" content=\"manuelamerz\" \/>\n<meta name=\"twitter:label1\" content=\"Verfasst von\" \/>\n\t<meta name=\"twitter:data1\" content=\"manuelamerz\" \/>\n\t<meta name=\"twitter:label2\" content=\"Gesch\u00e4tzte Lesezeit\" \/>\n\t<meta name=\"twitter:data2\" content=\"2\u00a0Minuten\" \/>\n<script type=\"application\/ld+json\" class=\"yoast-schema-graph\">{\"@context\":\"https:\/\/schema.org\",\"@graph\":[{\"@type\":\"WebPage\",\"@id\":\"https:\/\/www.naturparkmagazin.de\/vdn\/claudia-wilhelm\/\",\"url\":\"https:\/\/www.naturparkmagazin.de\/vdn\/claudia-wilhelm\/\",\"name\":\"Claudia Wilhelm\",\"isPartOf\":{\"@id\":\"https:\/\/www.naturparkmagazin.de\/vdn\/#website\"},\"datePublished\":\"2020-02-29T13:18:49+00:00\",\"dateModified\":\"2020-03-16T09:24:14+00:00\",\"author\":{\"@id\":\"https:\/\/www.naturparkmagazin.de\/vdn\/#\/schema\/person\/3cff9b8773ed55f0189255fa9adfd57c\"},\"description\":\"Seit 1.11.2019 ist sie die neue Leiterin des Naturparks Eichsfeld-Hainich-Werratal. Die Diplom-Forstingenieurin mit erfolgreich absolviertem Masterstudium \u201eUmwelt und Bildung\u201c freut sich auf Ihren neuen Lebensabschnitt.\",\"breadcrumb\":{\"@id\":\"https:\/\/www.naturparkmagazin.de\/vdn\/claudia-wilhelm\/#breadcrumb\"},\"inLanguage\":\"de\",\"potentialAction\":[{\"@type\":\"ReadAction\",\"target\":[\"https:\/\/www.naturparkmagazin.de\/vdn\/claudia-wilhelm\/\"]}]},{\"@type\":\"BreadcrumbList\",\"@id\":\"https:\/\/www.naturparkmagazin.de\/vdn\/claudia-wilhelm\/#breadcrumb\",\"itemListElement\":[{\"@type\":\"ListItem\",\"position\":1,\"name\":\"Home\",\"item\":\"https:\/\/www.naturparkmagazin.de\/vdn\/\"},{\"@type\":\"ListItem\",\"position\":2,\"name\":\"Claudia Wilhelm\"}]},{\"@type\":\"WebSite\",\"@id\":\"https:\/\/www.naturparkmagazin.de\/vdn\/#website\",\"url\":\"https:\/\/www.naturparkmagazin.de\/vdn\/\",\"name\":\"Verband Deutscher Naturparke\",\"description\":\"Eine weitere Naturparkmagazin.de Netzwerk Seite\",\"potentialAction\":[{\"@type\":\"SearchAction\",\"target\":{\"@type\":\"EntryPoint\",\"urlTemplate\":\"https:\/\/www.naturparkmagazin.de\/vdn\/?s={search_term_string}\"},\"query-input\":\"required name=search_term_string\"}],\"inLanguage\":\"de\"},{\"@type\":\"Person\",\"@id\":\"https:\/\/www.naturparkmagazin.de\/vdn\/#\/schema\/person\/3cff9b8773ed55f0189255fa9adfd57c\",\"name\":\"manuelamerz\",\"url\":\"https:\/\/www.naturparkmagazin.de\/vdn\/author\/manuelamerz\/\"}]}<\/script>\n<!-- \/ Yoast SEO plugin. -->","yoast_head_json":{"title":"Claudia Wilhelm","description":"Seit 1.11.2019 ist sie die neue Leiterin des Naturparks Eichsfeld-Hainich-Werratal. Die Diplom-Forstingenieurin mit erfolgreich absolviertem Masterstudium \u201eUmwelt und Bildung\u201c freut sich auf Ihren neuen Lebensabschnitt.","robots":{"index":"index","follow":"follow","max-snippet":"max-snippet:-1","max-image-preview":"max-image-preview:large","max-video-preview":"max-video-preview:-1"},"canonical":"https:\/\/www.naturparkmagazin.de\/vdn\/claudia-wilhelm\/","og_locale":"de_DE","og_type":"article","og_title":"Claudia Wilhelm","og_description":"Seit 1.11.2019 ist sie die neue Leiterin des Naturparks Eichsfeld-Hainich-Werratal. Die Diplom-Forstingenieurin mit erfolgreich absolviertem Masterstudium \u201eUmwelt und Bildung\u201c freut sich auf Ihren neuen Lebensabschnitt.","og_url":"https:\/\/www.naturparkmagazin.de\/vdn\/claudia-wilhelm\/","og_site_name":"Verband Deutscher Naturparke","article_published_time":"2020-02-29T13:18:49+00:00","article_modified_time":"2020-03-16T09:24:14+00:00","og_image":[{"width":200,"height":200,"url":"https:\/\/www.naturparkmagazin.de\/vdn\/wp-content\/uploads\/sites\/3\/Claudia-Wilhelm_Manja-Rosenbusch_BF.jpg","type":"image\/jpeg"}],"author":"manuelamerz","twitter_misc":{"Verfasst von":"manuelamerz","Gesch\u00e4tzte Lesezeit":"2\u00a0Minuten"},"schema":{"@context":"https:\/\/schema.org","@graph":[{"@type":"WebPage","@id":"https:\/\/www.naturparkmagazin.de\/vdn\/claudia-wilhelm\/","url":"https:\/\/www.naturparkmagazin.de\/vdn\/claudia-wilhelm\/","name":"Claudia Wilhelm","isPartOf":{"@id":"https:\/\/www.naturparkmagazin.de\/vdn\/#website"},"datePublished":"2020-02-29T13:18:49+00:00","dateModified":"2020-03-16T09:24:14+00:00","author":{"@id":"https:\/\/www.naturparkmagazin.de\/vdn\/#\/schema\/person\/3cff9b8773ed55f0189255fa9adfd57c"},"description":"Seit 1.11.2019 ist sie die neue Leiterin des Naturparks Eichsfeld-Hainich-Werratal. Die Diplom-Forstingenieurin mit erfolgreich absolviertem Masterstudium \u201eUmwelt und Bildung\u201c freut sich auf Ihren neuen Lebensabschnitt.","breadcrumb":{"@id":"https:\/\/www.naturparkmagazin.de\/vdn\/claudia-wilhelm\/#breadcrumb"},"inLanguage":"de","potentialAction":[{"@type":"ReadAction","target":["https:\/\/www.naturparkmagazin.de\/vdn\/claudia-wilhelm\/"]}]},{"@type":"BreadcrumbList","@id":"https:\/\/www.naturparkmagazin.de\/vdn\/claudia-wilhelm\/#breadcrumb","itemListElement":[{"@type":"ListItem","position":1,"name":"Home","item":"https:\/\/www.naturparkmagazin.de\/vdn\/"},{"@type":"ListItem","position":2,"name":"Claudia Wilhelm"}]},{"@type":"WebSite","@id":"https:\/\/www.naturparkmagazin.de\/vdn\/#website","url":"https:\/\/www.naturparkmagazin.de\/vdn\/","name":"Verband Deutscher Naturparke","description":"Eine weitere Naturparkmagazin.de Netzwerk Seite","potentialAction":[{"@type":"SearchAction","target":{"@type":"EntryPoint","urlTemplate":"https:\/\/www.naturparkmagazin.de\/vdn\/?s={search_term_string}"},"query-input":"required name=search_term_string"}],"inLanguage":"de"},{"@type":"Person","@id":"https:\/\/www.naturparkmagazin.de\/vdn\/#\/schema\/person\/3cff9b8773ed55f0189255fa9adfd57c","name":"manuelamerz","url":"https:\/\/www.naturparkmagazin.de\/vdn\/author\/manuelamerz\/"}]}},"_links":{"self":[{"href":"https:\/\/www.naturparkmagazin.de\/vdn\/wp-json\/wp\/v2\/posts\/12231"}],"collection":[{"href":"https:\/\/www.naturparkmagazin.de\/vdn\/wp-json\/wp\/v2\/posts"}],"about":[{"href":"https:\/\/www.naturparkmagazin.de\/vdn\/wp-json\/wp\/v2\/types\/post"}],"author":[{"embeddable":true,"href":"https:\/\/www.naturparkmagazin.de\/vdn\/wp-json\/wp\/v2\/users\/73"}],"replies":[{"embeddable":true,"href":"https:\/\/www.naturparkmagazin.de\/vdn\/wp-json\/wp\/v2\/comments?post=12231"}],"version-history":[{"count":2,"href":"https:\/\/www.naturparkmagazin.de\/vdn\/wp-json\/wp\/v2\/posts\/12231\/revisions"}],"predecessor-version":[{"id":12271,"href":"https:\/\/www.naturparkmagazin.de\/vdn\/wp-json\/wp\/v2\/posts\/12231\/revisions\/12271"}],"wp:featuredmedia":[{"embeddable":true,"href":"https:\/\/www.naturparkmagazin.de\/vdn\/wp-json\/wp\/v2\/media\/12233"}],"wp:attachment":[{"href":"https:\/\/www.naturparkmagazin.de\/vdn\/wp-json\/wp\/v2\/media?parent=12231"}],"wp:term":[{"taxonomy":"category","embeddable":true,"href":"https:\/\/www.naturparkmagazin.de\/vdn\/wp-json\/wp\/v2\/categories?post=12231"},{"taxonomy":"post_tag","embeddable":true,"href":"https:\/\/www.naturparkmagazin.de\/vdn\/wp-json\/wp\/v2\/tags?post=12231"}],"curies":[{"name":"wp","href":"https:\/\/api.w.org\/{rel}","templated":true}]}}