{"id":12260,"date":"2020-02-29T12:12:42","date_gmt":"2020-02-29T11:12:42","guid":{"rendered":"https:\/\/www.naturparkmagazin.de\/vdn\/?p=12260"},"modified":"2020-03-16T10:25:06","modified_gmt":"2020-03-16T09:25:06","slug":"umweltaktionstage-2020","status":"publish","type":"post","link":"https:\/\/www.naturparkmagazin.de\/vdn\/umweltaktionstage-2020\/","title":{"rendered":"Umweltaktionstage 2020"},"content":{"rendered":"<div id=\"attachment_12264\" style=\"width: 510px\" class=\"wp-caption alignnone\"><a href=\"https:\/\/www.naturparkmagazin.de\/vdn\/wp-content\/uploads\/sites\/3\/010-ps-1-skal_Beitrag.jpg\"><img aria-describedby=\"caption-attachment-12264\" decoding=\"async\" loading=\"lazy\" class=\"size-full wp-image-12264\" src=\"https:\/\/www.naturparkmagazin.de\/vdn\/wp-content\/uploads\/sites\/3\/010-ps-1-skal_Beitrag.jpg\" alt=\"Wasser \u00a9 VDN \/ Luxfox\" width=\"500\" height=\"300\" srcset=\"https:\/\/www.naturparkmagazin.de\/vdn\/wp-content\/uploads\/sites\/3\/010-ps-1-skal_Beitrag.jpg 500w, https:\/\/www.naturparkmagazin.de\/vdn\/wp-content\/uploads\/sites\/3\/010-ps-1-skal_Beitrag-300x180.jpg 300w, https:\/\/www.naturparkmagazin.de\/vdn\/wp-content\/uploads\/sites\/3\/010-ps-1-skal_Beitrag-200x120.jpg 200w\" sizes=\"(max-width: 500px) 100vw, 500px\" \/><\/a><p id=\"caption-attachment-12264\" class=\"wp-caption-text\">Wasser \u00a9 VDN \/ Luxfox<\/p><\/div>\n<p>Seit 2004 engagiert sich Kaufland mit einem Umweltp\u00e4dagogikprogramm, das Kindern auf spielerische Weise Natur und Umwelt n\u00e4herbringt. Unter dem Namen \u201eUmweltaktionstage\u201c stehen wechselnde Themen \u2013 aktuell Wasser, Plastik und Bienen &#8211; im Zentrum des Programms. Es ist fester Bestandteil des gesellschaftlichen Engagements des Unternehmens und wird in enger Zusammenarbeit mit den Naturparken Deutschland durchgef\u00fchrt.<\/p>\n<p>Seit Beginn wurden mit dem Programm schon 300.000 Kinder erreicht und auch dieses Jahr finden deutschlandweit wieder \u00fcber 150 interessante Veranstaltungen in Schulen und Kitas statt. In zielgruppengerechten Vortr\u00e4gen mit vielen Bildern, Beispielen und Aktionsmodulen lernen die Sch\u00fcler alles Wissenswerte zu den gew\u00e4hlten Themen.<\/p>\n<p>Wasser ist f\u00fcr Mensch und Natur von existenzieller Bedeutung. Ein nachhaltiger Umgang mit Wasser ist deshalb eine der zentralen Aufgaben unserer Zeit. Bienen sind ein Meisterwerk der Natur und haben eine wesentliche Bedeutung f\u00fcr unser \u00d6kosystem. Und auch Plastik hat sich zu einem der wichtigsten Themen im Natur- und Umweltbereich entwickelt.<\/p>\n<p>Umweltexperte Albrecht Trenz besucht Schulen und Kitas in Deutschland, bringt Kindern und Jugendlichen diese wichtigen Themen nahe und erarbeitet mit ihnen auf spielerische Weise Wege und L\u00f6sungen, sich f\u00fcr eine nachhaltige Nutzung von Wasser, f\u00fcr die Vermeidung von Plastikm\u00fcll und den Schutz der Bienen einzusetzen.<\/p>\n<p>&gt;&gt; <a href=\"https:\/\/www.naturparke.de\/aufgaben-ziele\/bildung\/umweltaktionstage.html\" target=\"_blank\">Hier k\u00f6nnen Sie sich \u00fcber die Umweltaktionstage informieren.<\/a><\/p>\n<p>&gt;&gt; <a href=\"http:\/\/kaufland.de\/aktionstage\" target=\"_blank\">Hier k\u00f6nnen Sie sich \u00fcber die Aktionstage von Kaufland \u201eMachen macht Schule\u201c informieren<\/a>.<\/p>\n<p>&nbsp;<\/p>\n","protected":false},"excerpt":{"rendered":"<p>2020 stehen die Themen \u201eWasser\u201c, \u201ePlastik\u201c und \u201eBienen\u201c im Zentrum der \u201eUmweltaktionstage\u201c. Das Programm ist Bestandteil des Bildungsprogramms \u201eMachen macht Schule\u201c von Kaufland.<\/p>\n","protected":false},"author":73,"featured_media":12265,"comment_status":"open","ping_status":"open","sticky":false,"template":"","format":"standard","meta":{"_links_to":"","_links_to_target":""},"categories":[7],"tags":[522,1991,1625,41],"yoast_head":"<!-- This site is optimized with the Yoast SEO plugin v19.10 - https:\/\/yoast.com\/wordpress\/plugins\/seo\/ -->\n<title>Umweltaktionstage 2020<\/title>\n<meta name=\"description\" content=\"2020 stehen die Themen \u201eWasser\u201c, \u201ePlastik\u201c und \u201eBienen\u201c im Zentrum der \u201eUmweltaktionstage\u201c. Das Programm ist Bestandteil des Bildungsprogramms \u201eMachen macht Schule\u201c von Kaufland.\" \/>\n<meta name=\"robots\" content=\"index, follow, max-snippet:-1, max-image-preview:large, max-video-preview:-1\" \/>\n<link rel=\"canonical\" href=\"https:\/\/www.naturparkmagazin.de\/vdn\/umweltaktionstage-2020\/\" \/>\n<meta property=\"og:locale\" content=\"de_DE\" \/>\n<meta property=\"og:type\" content=\"article\" \/>\n<meta property=\"og:title\" content=\"Umweltaktionstage 2020\" \/>\n<meta property=\"og:description\" content=\"2020 stehen die Themen \u201eWasser\u201c, \u201ePlastik\u201c und \u201eBienen\u201c im Zentrum der \u201eUmweltaktionstage\u201c. Das Programm ist Bestandteil des Bildungsprogramms \u201eMachen macht Schule\u201c von Kaufland.\" \/>\n<meta property=\"og:url\" content=\"https:\/\/www.naturparkmagazin.de\/vdn\/umweltaktionstage-2020\/\" \/>\n<meta property=\"og:site_name\" content=\"Verband Deutscher Naturparke\" \/>\n<meta property=\"article:published_time\" content=\"2020-02-29T11:12:42+00:00\" \/>\n<meta property=\"article:modified_time\" content=\"2020-03-16T09:25:06+00:00\" \/>\n<meta property=\"og:image\" content=\"https:\/\/www.naturparkmagazin.de\/vdn\/wp-content\/uploads\/sites\/3\/010-ps-1-skal_Beitragsbild.jpg\" \/>\n\t<meta property=\"og:image:width\" content=\"200\" \/>\n\t<meta property=\"og:image:height\" content=\"200\" \/>\n\t<meta property=\"og:image:type\" content=\"image\/jpeg\" \/>\n<meta name=\"author\" content=\"manuelamerz\" \/>\n<meta name=\"twitter:label1\" content=\"Verfasst von\" \/>\n\t<meta name=\"twitter:data1\" content=\"manuelamerz\" \/>\n\t<meta name=\"twitter:label2\" content=\"Gesch\u00e4tzte Lesezeit\" \/>\n\t<meta name=\"twitter:data2\" content=\"1\u00a0Minute\" \/>\n<script type=\"application\/ld+json\" class=\"yoast-schema-graph\">{\"@context\":\"https:\/\/schema.org\",\"@graph\":[{\"@type\":\"WebPage\",\"@id\":\"https:\/\/www.naturparkmagazin.de\/vdn\/umweltaktionstage-2020\/\",\"url\":\"https:\/\/www.naturparkmagazin.de\/vdn\/umweltaktionstage-2020\/\",\"name\":\"Umweltaktionstage 2020\",\"isPartOf\":{\"@id\":\"https:\/\/www.naturparkmagazin.de\/vdn\/#website\"},\"datePublished\":\"2020-02-29T11:12:42+00:00\",\"dateModified\":\"2020-03-16T09:25:06+00:00\",\"author\":{\"@id\":\"https:\/\/www.naturparkmagazin.de\/vdn\/#\/schema\/person\/3cff9b8773ed55f0189255fa9adfd57c\"},\"description\":\"2020 stehen die Themen \u201eWasser\u201c, \u201ePlastik\u201c und \u201eBienen\u201c im Zentrum der \u201eUmweltaktionstage\u201c. Das Programm ist Bestandteil des Bildungsprogramms \u201eMachen macht Schule\u201c von Kaufland.\",\"breadcrumb\":{\"@id\":\"https:\/\/www.naturparkmagazin.de\/vdn\/umweltaktionstage-2020\/#breadcrumb\"},\"inLanguage\":\"de\",\"potentialAction\":[{\"@type\":\"ReadAction\",\"target\":[\"https:\/\/www.naturparkmagazin.de\/vdn\/umweltaktionstage-2020\/\"]}]},{\"@type\":\"BreadcrumbList\",\"@id\":\"https:\/\/www.naturparkmagazin.de\/vdn\/umweltaktionstage-2020\/#breadcrumb\",\"itemListElement\":[{\"@type\":\"ListItem\",\"position\":1,\"name\":\"Home\",\"item\":\"https:\/\/www.naturparkmagazin.de\/vdn\/\"},{\"@type\":\"ListItem\",\"position\":2,\"name\":\"Umweltaktionstage 2020\"}]},{\"@type\":\"WebSite\",\"@id\":\"https:\/\/www.naturparkmagazin.de\/vdn\/#website\",\"url\":\"https:\/\/www.naturparkmagazin.de\/vdn\/\",\"name\":\"Verband Deutscher Naturparke\",\"description\":\"Eine weitere Naturparkmagazin.de Netzwerk Seite\",\"potentialAction\":[{\"@type\":\"SearchAction\",\"target\":{\"@type\":\"EntryPoint\",\"urlTemplate\":\"https:\/\/www.naturparkmagazin.de\/vdn\/?s={search_term_string}\"},\"query-input\":\"required name=search_term_string\"}],\"inLanguage\":\"de\"},{\"@type\":\"Person\",\"@id\":\"https:\/\/www.naturparkmagazin.de\/vdn\/#\/schema\/person\/3cff9b8773ed55f0189255fa9adfd57c\",\"name\":\"manuelamerz\",\"url\":\"https:\/\/www.naturparkmagazin.de\/vdn\/author\/manuelamerz\/\"}]}<\/script>\n<!-- \/ Yoast SEO plugin. -->","yoast_head_json":{"title":"Umweltaktionstage 2020","description":"2020 stehen die Themen \u201eWasser\u201c, \u201ePlastik\u201c und \u201eBienen\u201c im Zentrum der \u201eUmweltaktionstage\u201c. Das Programm ist Bestandteil des Bildungsprogramms \u201eMachen macht Schule\u201c von Kaufland.","robots":{"index":"index","follow":"follow","max-snippet":"max-snippet:-1","max-image-preview":"max-image-preview:large","max-video-preview":"max-video-preview:-1"},"canonical":"https:\/\/www.naturparkmagazin.de\/vdn\/umweltaktionstage-2020\/","og_locale":"de_DE","og_type":"article","og_title":"Umweltaktionstage 2020","og_description":"2020 stehen die Themen \u201eWasser\u201c, \u201ePlastik\u201c und \u201eBienen\u201c im Zentrum der \u201eUmweltaktionstage\u201c. Das Programm ist Bestandteil des Bildungsprogramms \u201eMachen macht Schule\u201c von Kaufland.","og_url":"https:\/\/www.naturparkmagazin.de\/vdn\/umweltaktionstage-2020\/","og_site_name":"Verband Deutscher Naturparke","article_published_time":"2020-02-29T11:12:42+00:00","article_modified_time":"2020-03-16T09:25:06+00:00","og_image":[{"width":200,"height":200,"url":"https:\/\/www.naturparkmagazin.de\/vdn\/wp-content\/uploads\/sites\/3\/010-ps-1-skal_Beitragsbild.jpg","type":"image\/jpeg"}],"author":"manuelamerz","twitter_misc":{"Verfasst von":"manuelamerz","Gesch\u00e4tzte Lesezeit":"1\u00a0Minute"},"schema":{"@context":"https:\/\/schema.org","@graph":[{"@type":"WebPage","@id":"https:\/\/www.naturparkmagazin.de\/vdn\/umweltaktionstage-2020\/","url":"https:\/\/www.naturparkmagazin.de\/vdn\/umweltaktionstage-2020\/","name":"Umweltaktionstage 2020","isPartOf":{"@id":"https:\/\/www.naturparkmagazin.de\/vdn\/#website"},"datePublished":"2020-02-29T11:12:42+00:00","dateModified":"2020-03-16T09:25:06+00:00","author":{"@id":"https:\/\/www.naturparkmagazin.de\/vdn\/#\/schema\/person\/3cff9b8773ed55f0189255fa9adfd57c"},"description":"2020 stehen die Themen \u201eWasser\u201c, \u201ePlastik\u201c und \u201eBienen\u201c im Zentrum der \u201eUmweltaktionstage\u201c. Das Programm ist Bestandteil des Bildungsprogramms \u201eMachen macht Schule\u201c von Kaufland.","breadcrumb":{"@id":"https:\/\/www.naturparkmagazin.de\/vdn\/umweltaktionstage-2020\/#breadcrumb"},"inLanguage":"de","potentialAction":[{"@type":"ReadAction","target":["https:\/\/www.naturparkmagazin.de\/vdn\/umweltaktionstage-2020\/"]}]},{"@type":"BreadcrumbList","@id":"https:\/\/www.naturparkmagazin.de\/vdn\/umweltaktionstage-2020\/#breadcrumb","itemListElement":[{"@type":"ListItem","position":1,"name":"Home","item":"https:\/\/www.naturparkmagazin.de\/vdn\/"},{"@type":"ListItem","position":2,"name":"Umweltaktionstage 2020"}]},{"@type":"WebSite","@id":"https:\/\/www.naturparkmagazin.de\/vdn\/#website","url":"https:\/\/www.naturparkmagazin.de\/vdn\/","name":"Verband Deutscher Naturparke","description":"Eine weitere Naturparkmagazin.de Netzwerk Seite","potentialAction":[{"@type":"SearchAction","target":{"@type":"EntryPoint","urlTemplate":"https:\/\/www.naturparkmagazin.de\/vdn\/?s={search_term_string}"},"query-input":"required name=search_term_string"}],"inLanguage":"de"},{"@type":"Person","@id":"https:\/\/www.naturparkmagazin.de\/vdn\/#\/schema\/person\/3cff9b8773ed55f0189255fa9adfd57c","name":"manuelamerz","url":"https:\/\/www.naturparkmagazin.de\/vdn\/author\/manuelamerz\/"}]}},"_links":{"self":[{"href":"https:\/\/www.naturparkmagazin.de\/vdn\/wp-json\/wp\/v2\/posts\/12260"}],"collection":[{"href":"https:\/\/www.naturparkmagazin.de\/vdn\/wp-json\/wp\/v2\/posts"}],"about":[{"href":"https:\/\/www.naturparkmagazin.de\/vdn\/wp-json\/wp\/v2\/types\/post"}],"author":[{"embeddable":true,"href":"https:\/\/www.naturparkmagazin.de\/vdn\/wp-json\/wp\/v2\/users\/73"}],"replies":[{"embeddable":true,"href":"https:\/\/www.naturparkmagazin.de\/vdn\/wp-json\/wp\/v2\/comments?post=12260"}],"version-history":[{"count":2,"href":"https:\/\/www.naturparkmagazin.de\/vdn\/wp-json\/wp\/v2\/posts\/12260\/revisions"}],"predecessor-version":[{"id":12267,"href":"https:\/\/www.naturparkmagazin.de\/vdn\/wp-json\/wp\/v2\/posts\/12260\/revisions\/12267"}],"wp:featuredmedia":[{"embeddable":true,"href":"https:\/\/www.naturparkmagazin.de\/vdn\/wp-json\/wp\/v2\/media\/12265"}],"wp:attachment":[{"href":"https:\/\/www.naturparkmagazin.de\/vdn\/wp-json\/wp\/v2\/media?parent=12260"}],"wp:term":[{"taxonomy":"category","embeddable":true,"href":"https:\/\/www.naturparkmagazin.de\/vdn\/wp-json\/wp\/v2\/categories?post=12260"},{"taxonomy":"post_tag","embeddable":true,"href":"https:\/\/www.naturparkmagazin.de\/vdn\/wp-json\/wp\/v2\/tags?post=12260"}],"curies":[{"name":"wp","href":"https:\/\/api.w.org\/{rel}","templated":true}]}}