{"id":12302,"date":"2020-03-15T17:30:44","date_gmt":"2020-03-15T16:30:44","guid":{"rendered":"https:\/\/www.naturparkmagazin.de\/vdn\/?p=12302"},"modified":"2020-04-20T17:56:09","modified_gmt":"2020-04-20T15:56:09","slug":"naturlehrpfad-porphyrlandschaft-wettin-gimritz","status":"publish","type":"post","link":"https:\/\/www.naturparkmagazin.de\/vdn\/naturlehrpfad-porphyrlandschaft-wettin-gimritz\/","title":{"rendered":"Naturlehrpfad Porphyrlandschaft Wettin\/ Gimritz"},"content":{"rendered":"<div id=\"attachment_12303\" style=\"width: 510px\" class=\"wp-caption alignnone\"><a href=\"https:\/\/www.naturparkmagazin.de\/vdn\/wp-content\/uploads\/sites\/3\/Erlebnistipp_Naturschutzgebiet-Porphyrlandschaft-bei-Gimritz_B.jpg\"><img aria-describedby=\"caption-attachment-12303\" decoding=\"async\" loading=\"lazy\" class=\"size-full wp-image-12303\" src=\"https:\/\/www.naturparkmagazin.de\/vdn\/wp-content\/uploads\/sites\/3\/Erlebnistipp_Naturschutzgebiet-Porphyrlandschaft-bei-Gimritz_B.jpg\" alt=\"Naturschutzgebiet Porphyrlandschaft bei Gimritz \u00a9 Naturpark Unteres Saaletal\" width=\"500\" height=\"300\" srcset=\"https:\/\/www.naturparkmagazin.de\/vdn\/wp-content\/uploads\/sites\/3\/Erlebnistipp_Naturschutzgebiet-Porphyrlandschaft-bei-Gimritz_B.jpg 500w, https:\/\/www.naturparkmagazin.de\/vdn\/wp-content\/uploads\/sites\/3\/Erlebnistipp_Naturschutzgebiet-Porphyrlandschaft-bei-Gimritz_B-300x180.jpg 300w, https:\/\/www.naturparkmagazin.de\/vdn\/wp-content\/uploads\/sites\/3\/Erlebnistipp_Naturschutzgebiet-Porphyrlandschaft-bei-Gimritz_B-200x120.jpg 200w\" sizes=\"(max-width: 500px) 100vw, 500px\" \/><\/a><p id=\"caption-attachment-12303\" class=\"wp-caption-text\">Naturschutzgebiet Porphyrlandschaft bei Gimritz \u00a9 Naturpark Unteres Saaletal<\/p><\/div>\n<p>Der Naturlehrpfad f\u00fchrt durch die historisch gewachsene Kulturlandschaft des Wettiner Porphyrgebietes und die angrenzende Saaleaue bei M\u00fccheln. Auf dem ca. 2,5 km langen Rundweg k\u00f6nnen Sie die einzigartige Porphyrlandschaft erkunden und sich an Schautafeln \u00fcber die Besonderheiten des Naturraums informieren. Die Wegef\u00fchrung verl\u00e4uft durch das Naturschutzgebiet \u201ePorphyrkuppenlandschaft bei Gimritz&#8220;. Es beherbergt als Teil des europ\u00e4ischen Schutzgebietes \u201ePorphyrkuppenlandschaft nordwestlich Halle&#8220; ein wertvolles Vegetationsmosaik unter anderem aus Halbtrocken- sowie Trockenrasen, Zwergstrauchheiden und Streuobstwiesen. Seltene Tier- und Pflanzenarten finden hier noch geeignete Lebensr\u00e4ume.<\/p>\n<div id=\"attachment_12330\" style=\"width: 510px\" class=\"wp-caption alignnone\"><a href=\"https:\/\/www.naturparkmagazin.de\/vdn\/wp-content\/uploads\/sites\/3\/Erlebnistipp_Wandergruppe-unterwegs-auf-dem-Naturlehrpfadb.jpg\"><img aria-describedby=\"caption-attachment-12330\" decoding=\"async\" loading=\"lazy\" class=\"size-full wp-image-12330\" src=\"https:\/\/www.naturparkmagazin.de\/vdn\/wp-content\/uploads\/sites\/3\/Erlebnistipp_Wandergruppe-unterwegs-auf-dem-Naturlehrpfadb.jpg\" alt=\"Wandergruppe unterwegs auf dem Naturlehrpfad \u00a9 Naturpark Unteres Saaletal\" width=\"500\" height=\"300\" srcset=\"https:\/\/www.naturparkmagazin.de\/vdn\/wp-content\/uploads\/sites\/3\/Erlebnistipp_Wandergruppe-unterwegs-auf-dem-Naturlehrpfadb.jpg 500w, https:\/\/www.naturparkmagazin.de\/vdn\/wp-content\/uploads\/sites\/3\/Erlebnistipp_Wandergruppe-unterwegs-auf-dem-Naturlehrpfadb-300x180.jpg 300w, https:\/\/www.naturparkmagazin.de\/vdn\/wp-content\/uploads\/sites\/3\/Erlebnistipp_Wandergruppe-unterwegs-auf-dem-Naturlehrpfadb-200x120.jpg 200w\" sizes=\"(max-width: 500px) 100vw, 500px\" \/><\/a><p id=\"caption-attachment-12330\" class=\"wp-caption-text\">Wandergruppe unterwegs auf dem Naturlehrpfad \u00a9 Naturpark Unteres Saaletal<\/p><\/div>\n<p>Landschaftspr\u00e4gend sind das dunkelrotbraune Porphyrgestein und die markanten Bruchstufen, Trockent\u00e4ler und Felsklippen. Das Landschaftsbild der angrenzenden Saaleaue wird durch den breiten, sanft gebogenen Saalelauf mit den begleitenden Ufergeh\u00f6lzen, R\u00f6hrichten und Hochstauden bestimmt. Der Naturlehrpfad beginnt am Parkplatz vor der Gutsanlage der Templerkirche in Wettin, OT M\u00fccheln. Hier zeigt eine \u00dcbersichtstafel den Erlebnisraum des Naturlehrpfades, die Wegef\u00fchrung und die Standorte der Schautafeln 1- 9. Diese widmen sich einem breiten Themenfeld zu Geologie und Landschaftsgeschichte, Tier- und Pflanzenwelt, Boden und Vegetation sowie den Zeugen der historisch gewachsenen Kulturlandschaft. Der Rundweg endet wieder am Ausgangspunkt Parkplatz Templerkirche.<\/p>\n<p>Mehr zum Thema erfahren Sie im Flyer: \u201eNaturlehrpfad Porphyrlandschaft Wettin\/Gimritz\u201c, den Sie bei der Gesch\u00e4ftsstelle des Naturparks in Bernburg erhalten k\u00f6nnen oder der <a href=\"https:\/\/www.unteres-saaletal.de\/infothek\/downloads\/#\">hier<\/a> f\u00fcr Sie als Download zur Verf\u00fcgung steht.<\/p>\n<div id=\"attachment_12332\" style=\"width: 630px\" class=\"wp-caption alignnone\"><a href=\"https:\/\/www.naturparkmagazin.de\/vdn\/wp-content\/uploads\/sites\/3\/Erlebnistipp_Flyer-zum-Naturlehrpfadb.jpg\"><img aria-describedby=\"caption-attachment-12332\" decoding=\"async\" loading=\"lazy\" class=\"size-medium wp-image-12332\" src=\"https:\/\/www.naturparkmagazin.de\/vdn\/wp-content\/uploads\/sites\/3\/Erlebnistipp_Flyer-zum-Naturlehrpfadb-620x1034.jpg\" alt=\"\u00a9 Naturpark Unteres Saaletal\" width=\"620\" height=\"1034\" srcset=\"https:\/\/www.naturparkmagazin.de\/vdn\/wp-content\/uploads\/sites\/3\/Erlebnistipp_Flyer-zum-Naturlehrpfadb-620x1034.jpg 620w, https:\/\/www.naturparkmagazin.de\/vdn\/wp-content\/uploads\/sites\/3\/Erlebnistipp_Flyer-zum-Naturlehrpfadb-300x500.jpg 300w, https:\/\/www.naturparkmagazin.de\/vdn\/wp-content\/uploads\/sites\/3\/Erlebnistipp_Flyer-zum-Naturlehrpfadb-670x1117.jpg 670w, https:\/\/www.naturparkmagazin.de\/vdn\/wp-content\/uploads\/sites\/3\/Erlebnistipp_Flyer-zum-Naturlehrpfadb-200x333.jpg 200w, https:\/\/www.naturparkmagazin.de\/vdn\/wp-content\/uploads\/sites\/3\/Erlebnistipp_Flyer-zum-Naturlehrpfadb.jpg 836w\" sizes=\"(max-width: 620px) 100vw, 620px\" \/><\/a><p id=\"caption-attachment-12332\" class=\"wp-caption-text\">\u00a9 Naturpark Unteres Saaletal<\/p><\/div>\n<p>&nbsp;<\/p>\n<p>&nbsp;<\/p>\n","protected":false},"excerpt":{"rendered":"<p>Der 2017 eingeweihte Naturlehrpfad erschlie\u00dft dem Besucher einen besonders charakteristischen Landschaftsraum des Naturparks Unteres Saaletal. Auf dem 2,5 km langen Rundweg kann die einzigartige Porphyrlandschaft im Raum Wettin\/Gimritz erkundet werden.<\/p>\n","protected":false},"author":73,"featured_media":12304,"comment_status":"open","ping_status":"open","sticky":false,"template":"","format":"standard","meta":{"_links_to":"","_links_to_target":""},"categories":[617],"tags":[2007,2012,3154,2009,2008,2011,41,2010],"yoast_head":"<!-- This site is optimized with the Yoast SEO plugin v19.10 - https:\/\/yoast.com\/wordpress\/plugins\/seo\/ -->\n<title>Naturlehrpfad Porphyrlandschaft Wettin\/ Gimritz<\/title>\n<meta name=\"description\" content=\"Der 2017 eingeweihte Naturlehrpfad erschlie\u00dft dem Besucher einen besonders charakteristischen Landschaftsraum des Naturparks Unteres Saaletal. Auf dem 2,5 km langen Rundweg kann die einzigartige Porphyrlandschaft im Raum Wettin\/Gimritz erkundet werden.\" \/>\n<meta name=\"robots\" content=\"index, follow, max-snippet:-1, max-image-preview:large, max-video-preview:-1\" \/>\n<link rel=\"canonical\" href=\"https:\/\/www.naturparkmagazin.de\/vdn\/naturlehrpfad-porphyrlandschaft-wettin-gimritz\/\" \/>\n<meta property=\"og:locale\" content=\"de_DE\" \/>\n<meta property=\"og:type\" content=\"article\" \/>\n<meta property=\"og:title\" content=\"Naturlehrpfad Porphyrlandschaft Wettin\/ Gimritz\" \/>\n<meta property=\"og:description\" content=\"Der 2017 eingeweihte Naturlehrpfad erschlie\u00dft dem Besucher einen besonders charakteristischen Landschaftsraum des Naturparks Unteres Saaletal. Auf dem 2,5 km langen Rundweg kann die einzigartige Porphyrlandschaft im Raum Wettin\/Gimritz erkundet werden.\" \/>\n<meta property=\"og:url\" content=\"https:\/\/www.naturparkmagazin.de\/vdn\/naturlehrpfad-porphyrlandschaft-wettin-gimritz\/\" \/>\n<meta property=\"og:site_name\" content=\"Verband Deutscher Naturparke\" \/>\n<meta property=\"article:published_time\" content=\"2020-03-15T16:30:44+00:00\" \/>\n<meta property=\"article:modified_time\" content=\"2020-04-20T15:56:09+00:00\" \/>\n<meta property=\"og:image\" content=\"https:\/\/www.naturparkmagazin.de\/vdn\/wp-content\/uploads\/sites\/3\/Erlebnistipp_Naturschutzgebiet-Porphyrlandschaft-bei-Gimritz_Bf.jpg\" \/>\n\t<meta property=\"og:image:width\" content=\"200\" \/>\n\t<meta property=\"og:image:height\" content=\"200\" \/>\n\t<meta property=\"og:image:type\" content=\"image\/jpeg\" \/>\n<meta name=\"author\" content=\"manuelamerz\" \/>\n<meta name=\"twitter:label1\" content=\"Verfasst von\" \/>\n\t<meta name=\"twitter:data1\" content=\"manuelamerz\" \/>\n\t<meta name=\"twitter:label2\" content=\"Gesch\u00e4tzte Lesezeit\" \/>\n\t<meta name=\"twitter:data2\" content=\"1\u00a0Minute\" \/>\n<script type=\"application\/ld+json\" class=\"yoast-schema-graph\">{\"@context\":\"https:\/\/schema.org\",\"@graph\":[{\"@type\":\"WebPage\",\"@id\":\"https:\/\/www.naturparkmagazin.de\/vdn\/naturlehrpfad-porphyrlandschaft-wettin-gimritz\/\",\"url\":\"https:\/\/www.naturparkmagazin.de\/vdn\/naturlehrpfad-porphyrlandschaft-wettin-gimritz\/\",\"name\":\"Naturlehrpfad Porphyrlandschaft Wettin\/ Gimritz\",\"isPartOf\":{\"@id\":\"https:\/\/www.naturparkmagazin.de\/vdn\/#website\"},\"datePublished\":\"2020-03-15T16:30:44+00:00\",\"dateModified\":\"2020-04-20T15:56:09+00:00\",\"author\":{\"@id\":\"https:\/\/www.naturparkmagazin.de\/vdn\/#\/schema\/person\/3cff9b8773ed55f0189255fa9adfd57c\"},\"description\":\"Der 2017 eingeweihte Naturlehrpfad erschlie\u00dft dem Besucher einen besonders charakteristischen Landschaftsraum des Naturparks Unteres Saaletal. Auf dem 2,5 km langen Rundweg kann die einzigartige Porphyrlandschaft im Raum Wettin\/Gimritz erkundet werden.\",\"breadcrumb\":{\"@id\":\"https:\/\/www.naturparkmagazin.de\/vdn\/naturlehrpfad-porphyrlandschaft-wettin-gimritz\/#breadcrumb\"},\"inLanguage\":\"de\",\"potentialAction\":[{\"@type\":\"ReadAction\",\"target\":[\"https:\/\/www.naturparkmagazin.de\/vdn\/naturlehrpfad-porphyrlandschaft-wettin-gimritz\/\"]}]},{\"@type\":\"BreadcrumbList\",\"@id\":\"https:\/\/www.naturparkmagazin.de\/vdn\/naturlehrpfad-porphyrlandschaft-wettin-gimritz\/#breadcrumb\",\"itemListElement\":[{\"@type\":\"ListItem\",\"position\":1,\"name\":\"Home\",\"item\":\"https:\/\/www.naturparkmagazin.de\/vdn\/\"},{\"@type\":\"ListItem\",\"position\":2,\"name\":\"Naturlehrpfad Porphyrlandschaft Wettin\/ Gimritz\"}]},{\"@type\":\"WebSite\",\"@id\":\"https:\/\/www.naturparkmagazin.de\/vdn\/#website\",\"url\":\"https:\/\/www.naturparkmagazin.de\/vdn\/\",\"name\":\"Verband Deutscher Naturparke\",\"description\":\"Eine weitere Naturparkmagazin.de Netzwerk Seite\",\"potentialAction\":[{\"@type\":\"SearchAction\",\"target\":{\"@type\":\"EntryPoint\",\"urlTemplate\":\"https:\/\/www.naturparkmagazin.de\/vdn\/?s={search_term_string}\"},\"query-input\":\"required name=search_term_string\"}],\"inLanguage\":\"de\"},{\"@type\":\"Person\",\"@id\":\"https:\/\/www.naturparkmagazin.de\/vdn\/#\/schema\/person\/3cff9b8773ed55f0189255fa9adfd57c\",\"name\":\"manuelamerz\",\"url\":\"https:\/\/www.naturparkmagazin.de\/vdn\/author\/manuelamerz\/\"}]}<\/script>\n<!-- \/ Yoast SEO plugin. -->","yoast_head_json":{"title":"Naturlehrpfad Porphyrlandschaft Wettin\/ Gimritz","description":"Der 2017 eingeweihte Naturlehrpfad erschlie\u00dft dem Besucher einen besonders charakteristischen Landschaftsraum des Naturparks Unteres Saaletal. Auf dem 2,5 km langen Rundweg kann die einzigartige Porphyrlandschaft im Raum Wettin\/Gimritz erkundet werden.","robots":{"index":"index","follow":"follow","max-snippet":"max-snippet:-1","max-image-preview":"max-image-preview:large","max-video-preview":"max-video-preview:-1"},"canonical":"https:\/\/www.naturparkmagazin.de\/vdn\/naturlehrpfad-porphyrlandschaft-wettin-gimritz\/","og_locale":"de_DE","og_type":"article","og_title":"Naturlehrpfad Porphyrlandschaft Wettin\/ Gimritz","og_description":"Der 2017 eingeweihte Naturlehrpfad erschlie\u00dft dem Besucher einen besonders charakteristischen Landschaftsraum des Naturparks Unteres Saaletal. Auf dem 2,5 km langen Rundweg kann die einzigartige Porphyrlandschaft im Raum Wettin\/Gimritz erkundet werden.","og_url":"https:\/\/www.naturparkmagazin.de\/vdn\/naturlehrpfad-porphyrlandschaft-wettin-gimritz\/","og_site_name":"Verband Deutscher Naturparke","article_published_time":"2020-03-15T16:30:44+00:00","article_modified_time":"2020-04-20T15:56:09+00:00","og_image":[{"width":200,"height":200,"url":"https:\/\/www.naturparkmagazin.de\/vdn\/wp-content\/uploads\/sites\/3\/Erlebnistipp_Naturschutzgebiet-Porphyrlandschaft-bei-Gimritz_Bf.jpg","type":"image\/jpeg"}],"author":"manuelamerz","twitter_misc":{"Verfasst von":"manuelamerz","Gesch\u00e4tzte Lesezeit":"1\u00a0Minute"},"schema":{"@context":"https:\/\/schema.org","@graph":[{"@type":"WebPage","@id":"https:\/\/www.naturparkmagazin.de\/vdn\/naturlehrpfad-porphyrlandschaft-wettin-gimritz\/","url":"https:\/\/www.naturparkmagazin.de\/vdn\/naturlehrpfad-porphyrlandschaft-wettin-gimritz\/","name":"Naturlehrpfad Porphyrlandschaft Wettin\/ Gimritz","isPartOf":{"@id":"https:\/\/www.naturparkmagazin.de\/vdn\/#website"},"datePublished":"2020-03-15T16:30:44+00:00","dateModified":"2020-04-20T15:56:09+00:00","author":{"@id":"https:\/\/www.naturparkmagazin.de\/vdn\/#\/schema\/person\/3cff9b8773ed55f0189255fa9adfd57c"},"description":"Der 2017 eingeweihte Naturlehrpfad erschlie\u00dft dem Besucher einen besonders charakteristischen Landschaftsraum des Naturparks Unteres Saaletal. Auf dem 2,5 km langen Rundweg kann die einzigartige Porphyrlandschaft im Raum Wettin\/Gimritz erkundet werden.","breadcrumb":{"@id":"https:\/\/www.naturparkmagazin.de\/vdn\/naturlehrpfad-porphyrlandschaft-wettin-gimritz\/#breadcrumb"},"inLanguage":"de","potentialAction":[{"@type":"ReadAction","target":["https:\/\/www.naturparkmagazin.de\/vdn\/naturlehrpfad-porphyrlandschaft-wettin-gimritz\/"]}]},{"@type":"BreadcrumbList","@id":"https:\/\/www.naturparkmagazin.de\/vdn\/naturlehrpfad-porphyrlandschaft-wettin-gimritz\/#breadcrumb","itemListElement":[{"@type":"ListItem","position":1,"name":"Home","item":"https:\/\/www.naturparkmagazin.de\/vdn\/"},{"@type":"ListItem","position":2,"name":"Naturlehrpfad Porphyrlandschaft Wettin\/ Gimritz"}]},{"@type":"WebSite","@id":"https:\/\/www.naturparkmagazin.de\/vdn\/#website","url":"https:\/\/www.naturparkmagazin.de\/vdn\/","name":"Verband Deutscher Naturparke","description":"Eine weitere Naturparkmagazin.de Netzwerk Seite","potentialAction":[{"@type":"SearchAction","target":{"@type":"EntryPoint","urlTemplate":"https:\/\/www.naturparkmagazin.de\/vdn\/?s={search_term_string}"},"query-input":"required name=search_term_string"}],"inLanguage":"de"},{"@type":"Person","@id":"https:\/\/www.naturparkmagazin.de\/vdn\/#\/schema\/person\/3cff9b8773ed55f0189255fa9adfd57c","name":"manuelamerz","url":"https:\/\/www.naturparkmagazin.de\/vdn\/author\/manuelamerz\/"}]}},"_links":{"self":[{"href":"https:\/\/www.naturparkmagazin.de\/vdn\/wp-json\/wp\/v2\/posts\/12302"}],"collection":[{"href":"https:\/\/www.naturparkmagazin.de\/vdn\/wp-json\/wp\/v2\/posts"}],"about":[{"href":"https:\/\/www.naturparkmagazin.de\/vdn\/wp-json\/wp\/v2\/types\/post"}],"author":[{"embeddable":true,"href":"https:\/\/www.naturparkmagazin.de\/vdn\/wp-json\/wp\/v2\/users\/73"}],"replies":[{"embeddable":true,"href":"https:\/\/www.naturparkmagazin.de\/vdn\/wp-json\/wp\/v2\/comments?post=12302"}],"version-history":[{"count":5,"href":"https:\/\/www.naturparkmagazin.de\/vdn\/wp-json\/wp\/v2\/posts\/12302\/revisions"}],"predecessor-version":[{"id":12343,"href":"https:\/\/www.naturparkmagazin.de\/vdn\/wp-json\/wp\/v2\/posts\/12302\/revisions\/12343"}],"wp:featuredmedia":[{"embeddable":true,"href":"https:\/\/www.naturparkmagazin.de\/vdn\/wp-json\/wp\/v2\/media\/12304"}],"wp:attachment":[{"href":"https:\/\/www.naturparkmagazin.de\/vdn\/wp-json\/wp\/v2\/media?parent=12302"}],"wp:term":[{"taxonomy":"category","embeddable":true,"href":"https:\/\/www.naturparkmagazin.de\/vdn\/wp-json\/wp\/v2\/categories?post=12302"},{"taxonomy":"post_tag","embeddable":true,"href":"https:\/\/www.naturparkmagazin.de\/vdn\/wp-json\/wp\/v2\/tags?post=12302"}],"curies":[{"name":"wp","href":"https:\/\/api.w.org\/{rel}","templated":true}]}}