{"id":12311,"date":"2020-03-15T17:30:47","date_gmt":"2020-03-15T16:30:47","guid":{"rendered":"https:\/\/www.naturparkmagazin.de\/vdn\/?p=12311"},"modified":"2020-04-20T17:55:58","modified_gmt":"2020-04-20T15:55:58","slug":"ploetzkau-historischer-residenzort-am-rande-des-auwaldes","status":"publish","type":"post","link":"https:\/\/www.naturparkmagazin.de\/vdn\/ploetzkau-historischer-residenzort-am-rande-des-auwaldes\/","title":{"rendered":"Pl\u00f6tzkau \u2013 historischer Residenzort am Rande des Auwaldes"},"content":{"rendered":"<div id=\"attachment_12313\" style=\"width: 510px\" class=\"wp-caption alignnone\"><a href=\"https:\/\/www.naturparkmagazin.de\/vdn\/wp-content\/uploads\/sites\/3\/Prominent_Schloss-Pl\u00f6tzkaub.jpg\"><img aria-describedby=\"caption-attachment-12313\" decoding=\"async\" loading=\"lazy\" class=\"size-full wp-image-12313\" src=\"https:\/\/www.naturparkmagazin.de\/vdn\/wp-content\/uploads\/sites\/3\/Prominent_Schloss-Pl\u00f6tzkaub.jpg\" alt=\"Schloss Pl\u00f6tzkaub \u00a9 Naturpark Unteres Saaletal\" width=\"500\" height=\"300\" srcset=\"https:\/\/www.naturparkmagazin.de\/vdn\/wp-content\/uploads\/sites\/3\/Prominent_Schloss-Pl\u00f6tzkaub.jpg 500w, https:\/\/www.naturparkmagazin.de\/vdn\/wp-content\/uploads\/sites\/3\/Prominent_Schloss-Pl\u00f6tzkaub-300x180.jpg 300w, https:\/\/www.naturparkmagazin.de\/vdn\/wp-content\/uploads\/sites\/3\/Prominent_Schloss-Pl\u00f6tzkaub-200x120.jpg 200w\" sizes=\"(max-width: 500px) 100vw, 500px\" \/><\/a><p id=\"caption-attachment-12313\" class=\"wp-caption-text\">Schloss Pl\u00f6tzkau \u00a9 Naturpark Unteres Saaletal<\/p><\/div>\n<p>Pl\u00f6tzkau\u00a0wurde erstmals im Jahre 1049 in Verbindung mit einer H\u00f6henburg erw\u00e4hnt, die bis ins 12. Jh. Grafensitz war. Sp\u00e4ter kam der Rittersitz in den Besitz der F\u00fcrsten von Anhalt. Die Mitte des 16. Jh. zum Renaissanceschloss umgebaute Burg diente August von Anhalt und seinen Nachkommen bis Ende des 17. Jh. als Stammsitz. Von der Burg mit ihrem 37 m hohen Bergfried kann man einen wunderbaren Ausblick \u00fcber das weite Saaletal und den nahen Auwald, in dem sich ein Naturlehrpfad befindet, genie\u00dfen. Ein beliebtes und viel besuchtes Volksfest ist der Pl\u00f6tzkauer \u201cPflaumenkuchenmarkt\u201c, der allj\u00e4hrlich am zweiten Wochenende im September begangen wird.<\/p>\n<div id=\"attachment_12314\" style=\"width: 310px\" class=\"wp-caption alignnone\"><a href=\"https:\/\/www.naturparkmagazin.de\/vdn\/wp-content\/uploads\/sites\/3\/Prominent_Flyer-zum-Pl\u00f6tzkauer-Auwaldb.jpg\"><img aria-describedby=\"caption-attachment-12314\" decoding=\"async\" loading=\"lazy\" class=\"size-full wp-image-12314\" src=\"https:\/\/www.naturparkmagazin.de\/vdn\/wp-content\/uploads\/sites\/3\/Prominent_Flyer-zum-Pl\u00f6tzkauer-Auwaldb.jpg\" alt=\"Flyer zum Pl\u00f6tzkauer Auwald \u00a9 Naturpark Unteres Saaletal\" width=\"300\" height=\"500\" srcset=\"https:\/\/www.naturparkmagazin.de\/vdn\/wp-content\/uploads\/sites\/3\/Prominent_Flyer-zum-Pl\u00f6tzkauer-Auwaldb.jpg 300w, https:\/\/www.naturparkmagazin.de\/vdn\/wp-content\/uploads\/sites\/3\/Prominent_Flyer-zum-Pl\u00f6tzkauer-Auwaldb-200x333.jpg 200w\" sizes=\"(max-width: 300px) 100vw, 300px\" \/><\/a><p id=\"caption-attachment-12314\" class=\"wp-caption-text\">Flyer zum Pl\u00f6tzkauer Auwald \u00a9 Naturpark Unteres Saaletal<\/p><\/div>\n<p>Unterhalb des Schlosses befindet sich in der Saaleaue ein bis vor die Tore Bernburgs reichendes Auwaldgebiet. Das betreffende Gebiet ist ausgewiesen als FFH-Gebiet \u201eAuenw\u00e4lder bei Pl\u00f6tzkau\u201c, Europ\u00e4isches Vogelschutzgebiet \u201eAuenwald Pl\u00f6tzkau\u201c und Naturschutzgebiet \u201cAuwald bei Pl\u00f6tzkau\u201d, was seine gro\u00dfe naturschutzfachliche Bedeutung betont. Zum Auwaldgebiet bei Pl\u00f6tzkau geh\u00f6ren sowohl Auenw\u00e4lder, Weidenheger, kleine Auenwiesen, in Verlandung begriffene ehemalige Flussschlingen als auch Gr\u00e4ben, kleine Ausstiche und in geringem Umfang Ackerfl\u00e4chen. Der \u00fcberwiegende Teil des Schutzgebietes befindet sich im \u00dcberflutungsbereich der Saale.<\/p>\n<p>Auch hierzu gibt es einen Flyer, der \u00fcber die Gesch\u00e4ftsstelle des Naturparks in Bernburg erh\u00e4ltlich ist und<a href=\"https:\/\/www.unteres-saaletal.de\/infothek\/downloads\/#\"> hier<\/a> zum Download bereit steht.<\/p>\n<p>&nbsp;<\/p>\n","protected":false},"excerpt":{"rendered":"<p>Die Mitte des 16. Jh. zum Renaissanceschloss umgebaute Burg diente August von Anhalt und seinen Nachkommen bis Ende des 17. Jh. als Stammsitz. <\/p>\n","protected":false},"author":73,"featured_media":12315,"comment_status":"open","ping_status":"open","sticky":false,"template":"","format":"standard","meta":{"_links_to":"","_links_to_target":""},"categories":[8],"tags":[2021,2022,81,2012,2018,2019,2020,41],"yoast_head":"<!-- This site is optimized with the Yoast SEO plugin v19.10 - https:\/\/yoast.com\/wordpress\/plugins\/seo\/ -->\n<title>Pl\u00f6tzkau \u2013 historischer Residenzort am Rande des Auwaldes<\/title>\n<meta name=\"description\" content=\"Die Mitte des 16. Jh. zum Renaissanceschloss umgebaute Burg diente August von Anhalt und seinen Nachkommen bis Ende des 17. Jh. als Stammsitz.\" \/>\n<meta name=\"robots\" content=\"index, follow, max-snippet:-1, max-image-preview:large, max-video-preview:-1\" \/>\n<link rel=\"canonical\" href=\"https:\/\/www.naturparkmagazin.de\/vdn\/ploetzkau-historischer-residenzort-am-rande-des-auwaldes\/\" \/>\n<meta property=\"og:locale\" content=\"de_DE\" \/>\n<meta property=\"og:type\" content=\"article\" \/>\n<meta property=\"og:title\" content=\"Pl\u00f6tzkau \u2013 historischer Residenzort am Rande des Auwaldes\" \/>\n<meta property=\"og:description\" content=\"Die Mitte des 16. Jh. zum Renaissanceschloss umgebaute Burg diente August von Anhalt und seinen Nachkommen bis Ende des 17. Jh. als Stammsitz.\" \/>\n<meta property=\"og:url\" content=\"https:\/\/www.naturparkmagazin.de\/vdn\/ploetzkau-historischer-residenzort-am-rande-des-auwaldes\/\" \/>\n<meta property=\"og:site_name\" content=\"Verband Deutscher Naturparke\" \/>\n<meta property=\"article:published_time\" content=\"2020-03-15T16:30:47+00:00\" \/>\n<meta property=\"article:modified_time\" content=\"2020-04-20T15:55:58+00:00\" \/>\n<meta property=\"og:image\" content=\"https:\/\/www.naturparkmagazin.de\/vdn\/wp-content\/uploads\/sites\/3\/Prominent_Schloss-Pl\u00f6tzkaubf.jpg\" \/>\n\t<meta property=\"og:image:width\" content=\"200\" \/>\n\t<meta property=\"og:image:height\" content=\"200\" \/>\n\t<meta property=\"og:image:type\" content=\"image\/jpeg\" \/>\n<meta name=\"author\" content=\"manuelamerz\" \/>\n<meta name=\"twitter:label1\" content=\"Verfasst von\" \/>\n\t<meta name=\"twitter:data1\" content=\"manuelamerz\" \/>\n\t<meta name=\"twitter:label2\" content=\"Gesch\u00e4tzte Lesezeit\" \/>\n\t<meta name=\"twitter:data2\" content=\"1\u00a0Minute\" \/>\n<script type=\"application\/ld+json\" class=\"yoast-schema-graph\">{\"@context\":\"https:\/\/schema.org\",\"@graph\":[{\"@type\":\"WebPage\",\"@id\":\"https:\/\/www.naturparkmagazin.de\/vdn\/ploetzkau-historischer-residenzort-am-rande-des-auwaldes\/\",\"url\":\"https:\/\/www.naturparkmagazin.de\/vdn\/ploetzkau-historischer-residenzort-am-rande-des-auwaldes\/\",\"name\":\"Pl\u00f6tzkau \u2013 historischer Residenzort am Rande des Auwaldes\",\"isPartOf\":{\"@id\":\"https:\/\/www.naturparkmagazin.de\/vdn\/#website\"},\"datePublished\":\"2020-03-15T16:30:47+00:00\",\"dateModified\":\"2020-04-20T15:55:58+00:00\",\"author\":{\"@id\":\"https:\/\/www.naturparkmagazin.de\/vdn\/#\/schema\/person\/3cff9b8773ed55f0189255fa9adfd57c\"},\"description\":\"Die Mitte des 16. Jh. zum Renaissanceschloss umgebaute Burg diente August von Anhalt und seinen Nachkommen bis Ende des 17. Jh. als Stammsitz.\",\"breadcrumb\":{\"@id\":\"https:\/\/www.naturparkmagazin.de\/vdn\/ploetzkau-historischer-residenzort-am-rande-des-auwaldes\/#breadcrumb\"},\"inLanguage\":\"de\",\"potentialAction\":[{\"@type\":\"ReadAction\",\"target\":[\"https:\/\/www.naturparkmagazin.de\/vdn\/ploetzkau-historischer-residenzort-am-rande-des-auwaldes\/\"]}]},{\"@type\":\"BreadcrumbList\",\"@id\":\"https:\/\/www.naturparkmagazin.de\/vdn\/ploetzkau-historischer-residenzort-am-rande-des-auwaldes\/#breadcrumb\",\"itemListElement\":[{\"@type\":\"ListItem\",\"position\":1,\"name\":\"Home\",\"item\":\"https:\/\/www.naturparkmagazin.de\/vdn\/\"},{\"@type\":\"ListItem\",\"position\":2,\"name\":\"Pl\u00f6tzkau \u2013 historischer Residenzort am Rande des Auwaldes\"}]},{\"@type\":\"WebSite\",\"@id\":\"https:\/\/www.naturparkmagazin.de\/vdn\/#website\",\"url\":\"https:\/\/www.naturparkmagazin.de\/vdn\/\",\"name\":\"Verband Deutscher Naturparke\",\"description\":\"Eine weitere Naturparkmagazin.de Netzwerk Seite\",\"potentialAction\":[{\"@type\":\"SearchAction\",\"target\":{\"@type\":\"EntryPoint\",\"urlTemplate\":\"https:\/\/www.naturparkmagazin.de\/vdn\/?s={search_term_string}\"},\"query-input\":\"required name=search_term_string\"}],\"inLanguage\":\"de\"},{\"@type\":\"Person\",\"@id\":\"https:\/\/www.naturparkmagazin.de\/vdn\/#\/schema\/person\/3cff9b8773ed55f0189255fa9adfd57c\",\"name\":\"manuelamerz\",\"url\":\"https:\/\/www.naturparkmagazin.de\/vdn\/author\/manuelamerz\/\"}]}<\/script>\n<!-- \/ Yoast SEO plugin. -->","yoast_head_json":{"title":"Pl\u00f6tzkau \u2013 historischer Residenzort am Rande des Auwaldes","description":"Die Mitte des 16. Jh. zum Renaissanceschloss umgebaute Burg diente August von Anhalt und seinen Nachkommen bis Ende des 17. Jh. als Stammsitz.","robots":{"index":"index","follow":"follow","max-snippet":"max-snippet:-1","max-image-preview":"max-image-preview:large","max-video-preview":"max-video-preview:-1"},"canonical":"https:\/\/www.naturparkmagazin.de\/vdn\/ploetzkau-historischer-residenzort-am-rande-des-auwaldes\/","og_locale":"de_DE","og_type":"article","og_title":"Pl\u00f6tzkau \u2013 historischer Residenzort am Rande des Auwaldes","og_description":"Die Mitte des 16. Jh. zum Renaissanceschloss umgebaute Burg diente August von Anhalt und seinen Nachkommen bis Ende des 17. Jh. als Stammsitz.","og_url":"https:\/\/www.naturparkmagazin.de\/vdn\/ploetzkau-historischer-residenzort-am-rande-des-auwaldes\/","og_site_name":"Verband Deutscher Naturparke","article_published_time":"2020-03-15T16:30:47+00:00","article_modified_time":"2020-04-20T15:55:58+00:00","og_image":[{"width":200,"height":200,"url":"https:\/\/www.naturparkmagazin.de\/vdn\/wp-content\/uploads\/sites\/3\/Prominent_Schloss-Pl\u00f6tzkaubf.jpg","type":"image\/jpeg"}],"author":"manuelamerz","twitter_misc":{"Verfasst von":"manuelamerz","Gesch\u00e4tzte Lesezeit":"1\u00a0Minute"},"schema":{"@context":"https:\/\/schema.org","@graph":[{"@type":"WebPage","@id":"https:\/\/www.naturparkmagazin.de\/vdn\/ploetzkau-historischer-residenzort-am-rande-des-auwaldes\/","url":"https:\/\/www.naturparkmagazin.de\/vdn\/ploetzkau-historischer-residenzort-am-rande-des-auwaldes\/","name":"Pl\u00f6tzkau \u2013 historischer Residenzort am Rande des Auwaldes","isPartOf":{"@id":"https:\/\/www.naturparkmagazin.de\/vdn\/#website"},"datePublished":"2020-03-15T16:30:47+00:00","dateModified":"2020-04-20T15:55:58+00:00","author":{"@id":"https:\/\/www.naturparkmagazin.de\/vdn\/#\/schema\/person\/3cff9b8773ed55f0189255fa9adfd57c"},"description":"Die Mitte des 16. Jh. zum Renaissanceschloss umgebaute Burg diente August von Anhalt und seinen Nachkommen bis Ende des 17. Jh. als Stammsitz.","breadcrumb":{"@id":"https:\/\/www.naturparkmagazin.de\/vdn\/ploetzkau-historischer-residenzort-am-rande-des-auwaldes\/#breadcrumb"},"inLanguage":"de","potentialAction":[{"@type":"ReadAction","target":["https:\/\/www.naturparkmagazin.de\/vdn\/ploetzkau-historischer-residenzort-am-rande-des-auwaldes\/"]}]},{"@type":"BreadcrumbList","@id":"https:\/\/www.naturparkmagazin.de\/vdn\/ploetzkau-historischer-residenzort-am-rande-des-auwaldes\/#breadcrumb","itemListElement":[{"@type":"ListItem","position":1,"name":"Home","item":"https:\/\/www.naturparkmagazin.de\/vdn\/"},{"@type":"ListItem","position":2,"name":"Pl\u00f6tzkau \u2013 historischer Residenzort am Rande des Auwaldes"}]},{"@type":"WebSite","@id":"https:\/\/www.naturparkmagazin.de\/vdn\/#website","url":"https:\/\/www.naturparkmagazin.de\/vdn\/","name":"Verband Deutscher Naturparke","description":"Eine weitere Naturparkmagazin.de Netzwerk Seite","potentialAction":[{"@type":"SearchAction","target":{"@type":"EntryPoint","urlTemplate":"https:\/\/www.naturparkmagazin.de\/vdn\/?s={search_term_string}"},"query-input":"required name=search_term_string"}],"inLanguage":"de"},{"@type":"Person","@id":"https:\/\/www.naturparkmagazin.de\/vdn\/#\/schema\/person\/3cff9b8773ed55f0189255fa9adfd57c","name":"manuelamerz","url":"https:\/\/www.naturparkmagazin.de\/vdn\/author\/manuelamerz\/"}]}},"_links":{"self":[{"href":"https:\/\/www.naturparkmagazin.de\/vdn\/wp-json\/wp\/v2\/posts\/12311"}],"collection":[{"href":"https:\/\/www.naturparkmagazin.de\/vdn\/wp-json\/wp\/v2\/posts"}],"about":[{"href":"https:\/\/www.naturparkmagazin.de\/vdn\/wp-json\/wp\/v2\/types\/post"}],"author":[{"embeddable":true,"href":"https:\/\/www.naturparkmagazin.de\/vdn\/wp-json\/wp\/v2\/users\/73"}],"replies":[{"embeddable":true,"href":"https:\/\/www.naturparkmagazin.de\/vdn\/wp-json\/wp\/v2\/comments?post=12311"}],"version-history":[{"count":4,"href":"https:\/\/www.naturparkmagazin.de\/vdn\/wp-json\/wp\/v2\/posts\/12311\/revisions"}],"predecessor-version":[{"id":12346,"href":"https:\/\/www.naturparkmagazin.de\/vdn\/wp-json\/wp\/v2\/posts\/12311\/revisions\/12346"}],"wp:featuredmedia":[{"embeddable":true,"href":"https:\/\/www.naturparkmagazin.de\/vdn\/wp-json\/wp\/v2\/media\/12315"}],"wp:attachment":[{"href":"https:\/\/www.naturparkmagazin.de\/vdn\/wp-json\/wp\/v2\/media?parent=12311"}],"wp:term":[{"taxonomy":"category","embeddable":true,"href":"https:\/\/www.naturparkmagazin.de\/vdn\/wp-json\/wp\/v2\/categories?post=12311"},{"taxonomy":"post_tag","embeddable":true,"href":"https:\/\/www.naturparkmagazin.de\/vdn\/wp-json\/wp\/v2\/tags?post=12311"}],"curies":[{"name":"wp","href":"https:\/\/api.w.org\/{rel}","templated":true}]}}