{"id":12368,"date":"2020-04-30T17:54:46","date_gmt":"2020-04-30T15:54:46","guid":{"rendered":"https:\/\/www.naturparkmagazin.de\/vdn\/?p=12368"},"modified":"2020-05-14T13:27:21","modified_gmt":"2020-05-14T11:27:21","slug":"ausgeheckt-lebensraum-hecke","status":"publish","type":"post","link":"https:\/\/www.naturparkmagazin.de\/vdn\/ausgeheckt-lebensraum-hecke\/","title":{"rendered":"Ausgeheckt \u2013 Lebensraum Hecke"},"content":{"rendered":"<div id=\"attachment_12370\" style=\"width: 510px\" class=\"wp-caption alignnone\"><a href=\"https:\/\/www.naturparkmagazin.de\/vdn\/wp-content\/uploads\/sites\/3\/pilze-373natur_B.jpg\"><img aria-describedby=\"caption-attachment-12370\" decoding=\"async\" loading=\"lazy\" class=\"size-full wp-image-12370\" src=\"https:\/\/www.naturparkmagazin.de\/vdn\/wp-content\/uploads\/sites\/3\/pilze-373natur_B.jpg\" alt=\"\u00ae VDN \/ Ilona Kompanik\" width=\"500\" height=\"300\" srcset=\"https:\/\/www.naturparkmagazin.de\/vdn\/wp-content\/uploads\/sites\/3\/pilze-373natur_B.jpg 500w, https:\/\/www.naturparkmagazin.de\/vdn\/wp-content\/uploads\/sites\/3\/pilze-373natur_B-300x180.jpg 300w, https:\/\/www.naturparkmagazin.de\/vdn\/wp-content\/uploads\/sites\/3\/pilze-373natur_B-200x120.jpg 200w\" sizes=\"(max-width: 500px) 100vw, 500px\" \/><\/a><p id=\"caption-attachment-12370\" class=\"wp-caption-text\">Sch\u00fctzenswerter Lebensraum \u00ae VDN \/ Ilona Kompanik<\/p><\/div>\n<p>Hecken sind f\u00fcr die meisten Menschen heute nur die Begrenzungen unserer G\u00e4rten mit immergr\u00fcnen Gew\u00e4chsen aus dem Baumarkt. Urspr\u00fcnglich sind Hecken aber in Folge der jahrhundertelangen Bewirtschaftung unserer Kulturlandschaft entstanden, die heute noch z.T. ganze Landschaften pr\u00e4gen.<\/p>\n<p>Hecken dienten seit dem Mittelalter u. a. der Feldabgrenzung, dem Schutz vor Vieh, Windschutz und der Holzgewinnung. In Deutschland sind Heckenlandschaften durch die intensivierte Landwirtschaft seltener geworden. Es gibt typische &#8222;Knicks&#8220; in Schleswig-Holstein, u.a. im Naturpark Holsteinische Schweiz, oder Baumhecken in den Naturparken der Eifel.<\/p>\n<p>&nbsp;<\/p>\n<div id=\"attachment_12371\" style=\"width: 510px\" class=\"wp-caption alignnone\"><a href=\"https:\/\/www.naturparkmagazin.de\/vdn\/wp-content\/uploads\/sites\/3\/durchgeblickt_B.jpg\"><img aria-describedby=\"caption-attachment-12371\" decoding=\"async\" loading=\"lazy\" class=\"size-full wp-image-12371\" src=\"https:\/\/www.naturparkmagazin.de\/vdn\/wp-content\/uploads\/sites\/3\/durchgeblickt_B.jpg\" alt=\"\u00aeVDN \/ Dirk Neidhardt\" width=\"500\" height=\"300\" srcset=\"https:\/\/www.naturparkmagazin.de\/vdn\/wp-content\/uploads\/sites\/3\/durchgeblickt_B.jpg 500w, https:\/\/www.naturparkmagazin.de\/vdn\/wp-content\/uploads\/sites\/3\/durchgeblickt_B-300x180.jpg 300w, https:\/\/www.naturparkmagazin.de\/vdn\/wp-content\/uploads\/sites\/3\/durchgeblickt_B-200x120.jpg 200w\" sizes=\"(max-width: 500px) 100vw, 500px\" \/><\/a><p id=\"caption-attachment-12371\" class=\"wp-caption-text\">Durchgeblickt \u00aeVDN \/ Dirk Neidhardt<\/p><\/div>\n<p>In unserer ausger\u00e4umten und intensiv genutzten Landschaft bilden Hecken wichtige Refugien, in denen viele Tiere und Pflanzen \u00fcberleben k\u00f6nnen. Von den Hecken aus beginnen sie ihre &#8211; unterschiedlich weiten \u2013 Streifz\u00fcge zur Nahrungssuche in die angrenzenden \u00c4cker, Wiesen und Weiden. Wichtig dabei ist, dass angrenzende S\u00e4ume nicht mit Pestiziden belastet sind. Im Schutz der Hecken k\u00f6nnen sie auch weite Wanderungen unternehmen und so f\u00fcr den n\u00f6tigen Austausch zwischen einzelnen Lebensr\u00e4umen sorgen, wie es z.B. bei der Wildkatze der Fall ist.<\/p>\n<p>&nbsp;<\/p>\n<div id=\"attachment_12373\" style=\"width: 510px\" class=\"wp-caption alignnone\"><a href=\"https:\/\/www.naturparkmagazin.de\/vdn\/wp-content\/uploads\/sites\/3\/dsc05972_B.jpg\"><img aria-describedby=\"caption-attachment-12373\" decoding=\"async\" loading=\"lazy\" class=\"size-full wp-image-12373\" src=\"https:\/\/www.naturparkmagazin.de\/vdn\/wp-content\/uploads\/sites\/3\/dsc05972_B.jpg\" alt=\"\u00ae VDN \/ Maik Elbers\" width=\"500\" height=\"300\" srcset=\"https:\/\/www.naturparkmagazin.de\/vdn\/wp-content\/uploads\/sites\/3\/dsc05972_B.jpg 500w, https:\/\/www.naturparkmagazin.de\/vdn\/wp-content\/uploads\/sites\/3\/dsc05972_B-300x180.jpg 300w, https:\/\/www.naturparkmagazin.de\/vdn\/wp-content\/uploads\/sites\/3\/dsc05972_B-200x120.jpg 200w\" sizes=\"(max-width: 500px) 100vw, 500px\" \/><\/a><p id=\"caption-attachment-12373\" class=\"wp-caption-text\">Wildkatze \u00ae VDN \/ Maik Elbers<\/p><\/div>\n<p>In Hecken leben viele Pflanzen- und Tierarten wie Schlehe und Wei\u00dfdorn und zahlreiche Insekten, V\u00f6gel, aber auch Flederm\u00e4use, Hasen, Rehe und Amphibien. Zu den Vogelarten, die Heckenstrukturen in ihrem Lebensraum brauchen, geh\u00f6rt der Neunt\u00f6ter. In den Hecken baut er sein Nest, nutzt \u00c4ste der Str\u00e4ucher als Sing- und Ansitzwarten um in den angrenzenden Wiesen, Weiden und Feldern u.a. Insekten und M\u00e4use zu suchen, die er dann auf Dornen in den Hecken aufspie\u00dft.<\/p>\n<p>&nbsp;<\/p>\n<div id=\"attachment_12372\" style=\"width: 510px\" class=\"wp-caption alignnone\"><a href=\"https:\/\/www.naturparkmagazin.de\/vdn\/wp-content\/uploads\/sites\/3\/k-mayhack-img-6439a_B.jpg\"><img aria-describedby=\"caption-attachment-12372\" decoding=\"async\" loading=\"lazy\" class=\"size-full wp-image-12372\" src=\"https:\/\/www.naturparkmagazin.de\/vdn\/wp-content\/uploads\/sites\/3\/k-mayhack-img-6439a_B.jpg\" alt=\"\u00ae VDN \/ Klaus Mayhack\" width=\"500\" height=\"300\" srcset=\"https:\/\/www.naturparkmagazin.de\/vdn\/wp-content\/uploads\/sites\/3\/k-mayhack-img-6439a_B.jpg 500w, https:\/\/www.naturparkmagazin.de\/vdn\/wp-content\/uploads\/sites\/3\/k-mayhack-img-6439a_B-300x180.jpg 300w, https:\/\/www.naturparkmagazin.de\/vdn\/wp-content\/uploads\/sites\/3\/k-mayhack-img-6439a_B-200x120.jpg 200w\" sizes=\"(max-width: 500px) 100vw, 500px\" \/><\/a><p id=\"caption-attachment-12372\" class=\"wp-caption-text\">Der Heckenfreund \u00ae VDN \/ Klaus Mayhack<\/p><\/div>\n<p>Zahlreiche Naturparke haben es sich zum Ziel gesetzt, Heckenlandschaften als wichtigen Lebensraum zu erhalten oder neu anzulegen. So haben Arten wie der Neunt\u00f6ter auch weiterhin eine Chance in der heutigen Agrarlandschaft zu \u00fcberleben.<\/p>\n<p>&nbsp;<\/p>\n<p>&nbsp;<\/p>\n","protected":false},"excerpt":{"rendered":"<p>Jahrhundertelang haben Hecken das Bild unserer Kulturlandschaft gepr\u00e4gt. Das ganze Jahr \u00fcber bieten Naturhecken einen reich gedeckten Tisch, Lebensraum und Unterschlupf f\u00fcr viele Tier- und Pflanzenarten. <\/p>\n","protected":false},"author":73,"featured_media":12369,"comment_status":"open","ping_status":"open","sticky":false,"template":"","format":"standard","meta":{"_links_to":"","_links_to_target":""},"categories":[51],"tags":[2029,1755,2032,1270,2028,2030,81,1273,2031,41,1072],"yoast_head":"<!-- This site is optimized with the Yoast SEO plugin v19.10 - https:\/\/yoast.com\/wordpress\/plugins\/seo\/ -->\n<title>Ausgeheckt \u2013 Lebensraum Hecke<\/title>\n<meta name=\"description\" content=\"Jahrhundertelang haben Hecken das Bild unserer Kulturlandschaft gepr\u00e4gt. Das ganze Jahr \u00fcber bieten Naturhecken einen reich gedeckten Tisch, Lebensraum und Unterschlupf f\u00fcr viele Tier- und Pflanzenarten.\" \/>\n<meta name=\"robots\" content=\"index, follow, max-snippet:-1, max-image-preview:large, max-video-preview:-1\" \/>\n<link rel=\"canonical\" href=\"https:\/\/www.naturparkmagazin.de\/vdn\/ausgeheckt-lebensraum-hecke\/\" \/>\n<meta property=\"og:locale\" content=\"de_DE\" \/>\n<meta property=\"og:type\" content=\"article\" \/>\n<meta property=\"og:title\" content=\"Ausgeheckt \u2013 Lebensraum Hecke\" \/>\n<meta property=\"og:description\" content=\"Jahrhundertelang haben Hecken das Bild unserer Kulturlandschaft gepr\u00e4gt. Das ganze Jahr \u00fcber bieten Naturhecken einen reich gedeckten Tisch, Lebensraum und Unterschlupf f\u00fcr viele Tier- und Pflanzenarten.\" \/>\n<meta property=\"og:url\" content=\"https:\/\/www.naturparkmagazin.de\/vdn\/ausgeheckt-lebensraum-hecke\/\" \/>\n<meta property=\"og:site_name\" content=\"Verband Deutscher Naturparke\" \/>\n<meta property=\"article:published_time\" content=\"2020-04-30T15:54:46+00:00\" \/>\n<meta property=\"article:modified_time\" content=\"2020-05-14T11:27:21+00:00\" \/>\n<meta property=\"og:image\" content=\"https:\/\/www.naturparkmagazin.de\/vdn\/wp-content\/uploads\/sites\/3\/pilze-373natur_Bf.jpg\" \/>\n\t<meta property=\"og:image:width\" content=\"200\" \/>\n\t<meta property=\"og:image:height\" content=\"200\" \/>\n\t<meta property=\"og:image:type\" content=\"image\/jpeg\" \/>\n<meta name=\"author\" content=\"manuelamerz\" \/>\n<meta name=\"twitter:label1\" content=\"Verfasst von\" \/>\n\t<meta name=\"twitter:data1\" content=\"manuelamerz\" \/>\n\t<meta name=\"twitter:label2\" content=\"Gesch\u00e4tzte Lesezeit\" \/>\n\t<meta name=\"twitter:data2\" content=\"2\u00a0Minuten\" \/>\n<script type=\"application\/ld+json\" class=\"yoast-schema-graph\">{\"@context\":\"https:\/\/schema.org\",\"@graph\":[{\"@type\":\"WebPage\",\"@id\":\"https:\/\/www.naturparkmagazin.de\/vdn\/ausgeheckt-lebensraum-hecke\/\",\"url\":\"https:\/\/www.naturparkmagazin.de\/vdn\/ausgeheckt-lebensraum-hecke\/\",\"name\":\"Ausgeheckt \u2013 Lebensraum Hecke\",\"isPartOf\":{\"@id\":\"https:\/\/www.naturparkmagazin.de\/vdn\/#website\"},\"datePublished\":\"2020-04-30T15:54:46+00:00\",\"dateModified\":\"2020-05-14T11:27:21+00:00\",\"author\":{\"@id\":\"https:\/\/www.naturparkmagazin.de\/vdn\/#\/schema\/person\/3cff9b8773ed55f0189255fa9adfd57c\"},\"description\":\"Jahrhundertelang haben Hecken das Bild unserer Kulturlandschaft gepr\u00e4gt. Das ganze Jahr \u00fcber bieten Naturhecken einen reich gedeckten Tisch, Lebensraum und Unterschlupf f\u00fcr viele Tier- und Pflanzenarten.\",\"breadcrumb\":{\"@id\":\"https:\/\/www.naturparkmagazin.de\/vdn\/ausgeheckt-lebensraum-hecke\/#breadcrumb\"},\"inLanguage\":\"de\",\"potentialAction\":[{\"@type\":\"ReadAction\",\"target\":[\"https:\/\/www.naturparkmagazin.de\/vdn\/ausgeheckt-lebensraum-hecke\/\"]}]},{\"@type\":\"BreadcrumbList\",\"@id\":\"https:\/\/www.naturparkmagazin.de\/vdn\/ausgeheckt-lebensraum-hecke\/#breadcrumb\",\"itemListElement\":[{\"@type\":\"ListItem\",\"position\":1,\"name\":\"Home\",\"item\":\"https:\/\/www.naturparkmagazin.de\/vdn\/\"},{\"@type\":\"ListItem\",\"position\":2,\"name\":\"Ausgeheckt \u2013 Lebensraum Hecke\"}]},{\"@type\":\"WebSite\",\"@id\":\"https:\/\/www.naturparkmagazin.de\/vdn\/#website\",\"url\":\"https:\/\/www.naturparkmagazin.de\/vdn\/\",\"name\":\"Verband Deutscher Naturparke\",\"description\":\"Eine weitere Naturparkmagazin.de Netzwerk Seite\",\"potentialAction\":[{\"@type\":\"SearchAction\",\"target\":{\"@type\":\"EntryPoint\",\"urlTemplate\":\"https:\/\/www.naturparkmagazin.de\/vdn\/?s={search_term_string}\"},\"query-input\":\"required name=search_term_string\"}],\"inLanguage\":\"de\"},{\"@type\":\"Person\",\"@id\":\"https:\/\/www.naturparkmagazin.de\/vdn\/#\/schema\/person\/3cff9b8773ed55f0189255fa9adfd57c\",\"name\":\"manuelamerz\",\"url\":\"https:\/\/www.naturparkmagazin.de\/vdn\/author\/manuelamerz\/\"}]}<\/script>\n<!-- \/ Yoast SEO plugin. -->","yoast_head_json":{"title":"Ausgeheckt \u2013 Lebensraum Hecke","description":"Jahrhundertelang haben Hecken das Bild unserer Kulturlandschaft gepr\u00e4gt. Das ganze Jahr \u00fcber bieten Naturhecken einen reich gedeckten Tisch, Lebensraum und Unterschlupf f\u00fcr viele Tier- und Pflanzenarten.","robots":{"index":"index","follow":"follow","max-snippet":"max-snippet:-1","max-image-preview":"max-image-preview:large","max-video-preview":"max-video-preview:-1"},"canonical":"https:\/\/www.naturparkmagazin.de\/vdn\/ausgeheckt-lebensraum-hecke\/","og_locale":"de_DE","og_type":"article","og_title":"Ausgeheckt \u2013 Lebensraum Hecke","og_description":"Jahrhundertelang haben Hecken das Bild unserer Kulturlandschaft gepr\u00e4gt. Das ganze Jahr \u00fcber bieten Naturhecken einen reich gedeckten Tisch, Lebensraum und Unterschlupf f\u00fcr viele Tier- und Pflanzenarten.","og_url":"https:\/\/www.naturparkmagazin.de\/vdn\/ausgeheckt-lebensraum-hecke\/","og_site_name":"Verband Deutscher Naturparke","article_published_time":"2020-04-30T15:54:46+00:00","article_modified_time":"2020-05-14T11:27:21+00:00","og_image":[{"width":200,"height":200,"url":"https:\/\/www.naturparkmagazin.de\/vdn\/wp-content\/uploads\/sites\/3\/pilze-373natur_Bf.jpg","type":"image\/jpeg"}],"author":"manuelamerz","twitter_misc":{"Verfasst von":"manuelamerz","Gesch\u00e4tzte Lesezeit":"2\u00a0Minuten"},"schema":{"@context":"https:\/\/schema.org","@graph":[{"@type":"WebPage","@id":"https:\/\/www.naturparkmagazin.de\/vdn\/ausgeheckt-lebensraum-hecke\/","url":"https:\/\/www.naturparkmagazin.de\/vdn\/ausgeheckt-lebensraum-hecke\/","name":"Ausgeheckt \u2013 Lebensraum Hecke","isPartOf":{"@id":"https:\/\/www.naturparkmagazin.de\/vdn\/#website"},"datePublished":"2020-04-30T15:54:46+00:00","dateModified":"2020-05-14T11:27:21+00:00","author":{"@id":"https:\/\/www.naturparkmagazin.de\/vdn\/#\/schema\/person\/3cff9b8773ed55f0189255fa9adfd57c"},"description":"Jahrhundertelang haben Hecken das Bild unserer Kulturlandschaft gepr\u00e4gt. Das ganze Jahr \u00fcber bieten Naturhecken einen reich gedeckten Tisch, Lebensraum und Unterschlupf f\u00fcr viele Tier- und Pflanzenarten.","breadcrumb":{"@id":"https:\/\/www.naturparkmagazin.de\/vdn\/ausgeheckt-lebensraum-hecke\/#breadcrumb"},"inLanguage":"de","potentialAction":[{"@type":"ReadAction","target":["https:\/\/www.naturparkmagazin.de\/vdn\/ausgeheckt-lebensraum-hecke\/"]}]},{"@type":"BreadcrumbList","@id":"https:\/\/www.naturparkmagazin.de\/vdn\/ausgeheckt-lebensraum-hecke\/#breadcrumb","itemListElement":[{"@type":"ListItem","position":1,"name":"Home","item":"https:\/\/www.naturparkmagazin.de\/vdn\/"},{"@type":"ListItem","position":2,"name":"Ausgeheckt \u2013 Lebensraum Hecke"}]},{"@type":"WebSite","@id":"https:\/\/www.naturparkmagazin.de\/vdn\/#website","url":"https:\/\/www.naturparkmagazin.de\/vdn\/","name":"Verband Deutscher Naturparke","description":"Eine weitere Naturparkmagazin.de Netzwerk Seite","potentialAction":[{"@type":"SearchAction","target":{"@type":"EntryPoint","urlTemplate":"https:\/\/www.naturparkmagazin.de\/vdn\/?s={search_term_string}"},"query-input":"required name=search_term_string"}],"inLanguage":"de"},{"@type":"Person","@id":"https:\/\/www.naturparkmagazin.de\/vdn\/#\/schema\/person\/3cff9b8773ed55f0189255fa9adfd57c","name":"manuelamerz","url":"https:\/\/www.naturparkmagazin.de\/vdn\/author\/manuelamerz\/"}]}},"_links":{"self":[{"href":"https:\/\/www.naturparkmagazin.de\/vdn\/wp-json\/wp\/v2\/posts\/12368"}],"collection":[{"href":"https:\/\/www.naturparkmagazin.de\/vdn\/wp-json\/wp\/v2\/posts"}],"about":[{"href":"https:\/\/www.naturparkmagazin.de\/vdn\/wp-json\/wp\/v2\/types\/post"}],"author":[{"embeddable":true,"href":"https:\/\/www.naturparkmagazin.de\/vdn\/wp-json\/wp\/v2\/users\/73"}],"replies":[{"embeddable":true,"href":"https:\/\/www.naturparkmagazin.de\/vdn\/wp-json\/wp\/v2\/comments?post=12368"}],"version-history":[{"count":7,"href":"https:\/\/www.naturparkmagazin.de\/vdn\/wp-json\/wp\/v2\/posts\/12368\/revisions"}],"predecessor-version":[{"id":12449,"href":"https:\/\/www.naturparkmagazin.de\/vdn\/wp-json\/wp\/v2\/posts\/12368\/revisions\/12449"}],"wp:featuredmedia":[{"embeddable":true,"href":"https:\/\/www.naturparkmagazin.de\/vdn\/wp-json\/wp\/v2\/media\/12369"}],"wp:attachment":[{"href":"https:\/\/www.naturparkmagazin.de\/vdn\/wp-json\/wp\/v2\/media?parent=12368"}],"wp:term":[{"taxonomy":"category","embeddable":true,"href":"https:\/\/www.naturparkmagazin.de\/vdn\/wp-json\/wp\/v2\/categories?post=12368"},{"taxonomy":"post_tag","embeddable":true,"href":"https:\/\/www.naturparkmagazin.de\/vdn\/wp-json\/wp\/v2\/tags?post=12368"}],"curies":[{"name":"wp","href":"https:\/\/api.w.org\/{rel}","templated":true}]}}