{"id":12396,"date":"2020-04-15T16:47:52","date_gmt":"2020-04-15T14:47:52","guid":{"rendered":"https:\/\/www.naturparkmagazin.de\/vdn\/?p=12396"},"modified":"2020-04-29T12:34:58","modified_gmt":"2020-04-29T10:34:58","slug":"naturpark-huemmling","status":"publish","type":"post","link":"https:\/\/www.naturparkmagazin.de\/vdn\/naturpark-huemmling\/","title":{"rendered":"Naturpark H\u00fcmmling"},"content":{"rendered":"<p>&nbsp;<\/p>\n<div id=\"attachment_12413\" style=\"width: 510px\" class=\"wp-caption aligncenter\"><a href=\"https:\/\/www.naturparkmagazin.de\/vdn\/wp-content\/uploads\/sites\/3\/Mansenberge-\u00a9-Emsland-Touristik-Birgit-Janknecht-3_Beitrag.jpg\"><img aria-describedby=\"caption-attachment-12413\" decoding=\"async\" loading=\"lazy\" class=\"size-full wp-image-12413\" src=\"https:\/\/www.naturparkmagazin.de\/vdn\/wp-content\/uploads\/sites\/3\/Mansenberge-\u00a9-Emsland-Touristik-Birgit-Janknecht-3_Beitrag.jpg\" alt=\"Mansenberge \u00a9 Emsland Touristik Birgit Janknecht \" width=\"500\" height=\"300\" srcset=\"https:\/\/www.naturparkmagazin.de\/vdn\/wp-content\/uploads\/sites\/3\/Mansenberge-\u00a9-Emsland-Touristik-Birgit-Janknecht-3_Beitrag.jpg 500w, https:\/\/www.naturparkmagazin.de\/vdn\/wp-content\/uploads\/sites\/3\/Mansenberge-\u00a9-Emsland-Touristik-Birgit-Janknecht-3_Beitrag-300x180.jpg 300w, https:\/\/www.naturparkmagazin.de\/vdn\/wp-content\/uploads\/sites\/3\/Mansenberge-\u00a9-Emsland-Touristik-Birgit-Janknecht-3_Beitrag-200x120.jpg 200w\" sizes=\"(max-width: 500px) 100vw, 500px\" \/><\/a><p id=\"caption-attachment-12413\" class=\"wp-caption-text\">Mansenberge \u00a9 Emsland Touristik Birgit Janknecht<\/p><\/div>\n<p>Der Naturpark H\u00fcmmling &#8211; im Westen von Niedersachsen nahe der niederl\u00e4ndischen Grenze gelegen &#8211; ist der j\u00fcngste der nieders\u00e4chsischen Naturparke. Der Geestr\u00fccken H\u00fcmmling ist gepr\u00e4gt von einem Mosaik aus ausgedehnten W\u00e4ldern, Hoch- und Niedermooren, Heidefl\u00e4chen und Flie\u00dfgew\u00e4ssern mit ihren Auen, der landwirtschaftlich gepr\u00e4gten Kulturlandschaft sowie zahlreichen kulturellen Sch\u00e4tze aus unterschiedlichen Epochen. Von den gro\u00dffl\u00e4chigen Sandd\u00fcnen und der weitl\u00e4ufigen Heidelandschaft, die noch bis in das 20. Jahrhundert hinein das Landschaftsbild pr\u00e4gten, sind heute noch Restfl\u00e4chen erhalten. Hier wachsen typische Pflanzenarten wie Besenheide oder Wacholder, zudem sind sie wertvoller Lebensraum f\u00fcr zahlreiche Insekten.<\/p>\n<div id=\"attachment_12417\" style=\"width: 510px\" class=\"wp-caption aligncenter\"><a href=\"https:\/\/www.naturparkmagazin.de\/vdn\/wp-content\/uploads\/sites\/3\/Tinner-Loh-\u00a9Naturpark-H\u00fcmmling-5_Beitrag.jpg\"><img aria-describedby=\"caption-attachment-12417\" decoding=\"async\" loading=\"lazy\" class=\"size-full wp-image-12417\" src=\"https:\/\/www.naturparkmagazin.de\/vdn\/wp-content\/uploads\/sites\/3\/Tinner-Loh-\u00a9Naturpark-H\u00fcmmling-5_Beitrag.jpg\" alt=\"Tinner Loh \u00a9Naturpark H\u00fcmmling\" width=\"500\" height=\"300\" srcset=\"https:\/\/www.naturparkmagazin.de\/vdn\/wp-content\/uploads\/sites\/3\/Tinner-Loh-\u00a9Naturpark-H\u00fcmmling-5_Beitrag.jpg 500w, https:\/\/www.naturparkmagazin.de\/vdn\/wp-content\/uploads\/sites\/3\/Tinner-Loh-\u00a9Naturpark-H\u00fcmmling-5_Beitrag-300x180.jpg 300w, https:\/\/www.naturparkmagazin.de\/vdn\/wp-content\/uploads\/sites\/3\/Tinner-Loh-\u00a9Naturpark-H\u00fcmmling-5_Beitrag-200x120.jpg 200w\" sizes=\"(max-width: 500px) 100vw, 500px\" \/><\/a><p id=\"caption-attachment-12417\" class=\"wp-caption-text\">Tinner Loh \u00a9Naturpark H\u00fcmmling<\/p><\/div>\n<p>Durch umfangreiche Aufforstungen seit Ende des 18. Jahrhunderts ist der H\u00fcmmling heute das waldreichste Gebiet des Emslands. Neben den relativ jungen W\u00e4ldern lassen sich auch alte Hudew\u00e4lder wie das Tinner Loh finden, die mit ihren alten und knorrigen Eichen und Buchen eindrucksvolle Zeugnisse der fr\u00fcheren Waldnutzung sind.<\/p>\n<p>&nbsp;<\/p>\n<div id=\"attachment_12412\" style=\"width: 510px\" class=\"wp-caption aligncenter\"><a href=\"https:\/\/www.naturparkmagazin.de\/vdn\/wp-content\/uploads\/sites\/3\/Leegmoor-\u00a9Naturpark-H\u00fcmmling-10_Beitrag.jpg\"><img aria-describedby=\"caption-attachment-12412\" decoding=\"async\" loading=\"lazy\" class=\"size-full wp-image-12412\" src=\"https:\/\/www.naturparkmagazin.de\/vdn\/wp-content\/uploads\/sites\/3\/Leegmoor-\u00a9Naturpark-H\u00fcmmling-10_Beitrag.jpg\" alt=\"Leegmoor \u00a9Naturpark H\u00fcmmling \" width=\"500\" height=\"300\" srcset=\"https:\/\/www.naturparkmagazin.de\/vdn\/wp-content\/uploads\/sites\/3\/Leegmoor-\u00a9Naturpark-H\u00fcmmling-10_Beitrag.jpg 500w, https:\/\/www.naturparkmagazin.de\/vdn\/wp-content\/uploads\/sites\/3\/Leegmoor-\u00a9Naturpark-H\u00fcmmling-10_Beitrag-300x180.jpg 300w, https:\/\/www.naturparkmagazin.de\/vdn\/wp-content\/uploads\/sites\/3\/Leegmoor-\u00a9Naturpark-H\u00fcmmling-10_Beitrag-200x120.jpg 200w\" sizes=\"(max-width: 500px) 100vw, 500px\" \/><\/a><p id=\"caption-attachment-12412\" class=\"wp-caption-text\">Leegmoor \u00a9Naturpark H\u00fcmmling<\/p><\/div>\n<p>Moore, die sich seit der Eiszeit in den Senken des Geestr\u00fcckens bildeten, sind teilweise renaturiert. In Schutzgebieten wie dem Theikenmeer, dem Leegmoor und der Bockholter Dose lassen sich diese Landschaften erleben. Auf Wegen durch die Natur k\u00f6nnen Besucher mit dem Fahrrad oder zu Fu\u00df zudem Baukunst aus f\u00fcnf Jahrtausenden entdecken: Mythische Gro\u00dfsteingr\u00e4ber, \u00fcber 5500 Jahre alt und zwischen alten B\u00e4umen versteckt, wecken Bilder von urgeschichtlichen Kulturen.<\/p>\n<p>&nbsp;<\/p>\n<div id=\"attachment_12454\" style=\"width: 510px\" class=\"wp-caption aligncenter\"><a href=\"https:\/\/www.naturparkmagazin.de\/vdn\/wp-content\/uploads\/sites\/3\/H\u00fcvener-M\u00fchle-\u00a9Emsland-Tourismus-GmbH-Birgit-Janknecht_b.jpg\"><img aria-describedby=\"caption-attachment-12454\" decoding=\"async\" loading=\"lazy\" class=\"size-full wp-image-12454\" src=\"https:\/\/www.naturparkmagazin.de\/vdn\/wp-content\/uploads\/sites\/3\/H\u00fcvener-M\u00fchle-\u00a9Emsland-Tourismus-GmbH-Birgit-Janknecht_b.jpg\" alt=\"H\u00fcvener M\u00fchle \u00a9Emsland Tourismus GmbH, Birgit Janknecht\" width=\"500\" height=\"300\" srcset=\"https:\/\/www.naturparkmagazin.de\/vdn\/wp-content\/uploads\/sites\/3\/H\u00fcvener-M\u00fchle-\u00a9Emsland-Tourismus-GmbH-Birgit-Janknecht_b.jpg 500w, https:\/\/www.naturparkmagazin.de\/vdn\/wp-content\/uploads\/sites\/3\/H\u00fcvener-M\u00fchle-\u00a9Emsland-Tourismus-GmbH-Birgit-Janknecht_b-300x180.jpg 300w, https:\/\/www.naturparkmagazin.de\/vdn\/wp-content\/uploads\/sites\/3\/H\u00fcvener-M\u00fchle-\u00a9Emsland-Tourismus-GmbH-Birgit-Janknecht_b-200x120.jpg 200w\" sizes=\"(max-width: 500px) 100vw, 500px\" \/><\/a><p id=\"caption-attachment-12454\" class=\"wp-caption-text\">H\u00fcvener M\u00fchle \u00a9Emsland Tourismus GmbH, Birgit Janknecht<\/p><\/div>\n<p>Ein nahezu magischer Ort sind zudem die Mansenberge \u2013 ein bronzezeitliches Grabh\u00fcgelfeld mit heute noch mehr als 80 gut erkennbaren, unterschiedlich gro\u00dfen, Heide bewachsenen Grabh\u00fcgeln. Weitere Glanzlichter setzen historische M\u00fchlen, von denen heute noch einige besonders sch\u00f6ne Bauwerke erhalten sind. Mit dem barocken Jagschloss Clemenswerth in S\u00f6gel und der Gedenkst\u00e4tte Esterwegen verf\u00fcgt der Naturpark H\u00fcmmling dar\u00fcber hinaus weitere Anziehungspunkte von gro\u00dfer historischer und weit \u00fcberregionaler Bedeutung.<\/p>\n<p><strong>Weitere Informationen: <a href=\"https:\/\/www.huemmling.de\">www.huemmling.de<\/a><\/strong><\/p>\n<p>&nbsp;<\/p>\n","protected":false},"excerpt":{"rendered":"<p>Eingebettet in die norddeutsche Tiefebene, durchzogen von kleinen Wasserl\u00e4ufen und gespickt mit Megalithbauten aus der Jungsteinzeit und bronzezeitlichen Grabh\u00fcgelfeldern zeigt sich der Naturpark H\u00fcmmling in einer Vielfalt auf kleinstem Raum. Durchtr\u00e4nkt von Kultur, Glaube und Geschichte erschlie\u00dft sich im Nordwesten Niedersachsens dem Besucher ein Landschaftsraum, in dem Natur und Kultur in besonderer Weise verschmelzen.<\/p>\n","protected":false},"author":51,"featured_media":12427,"comment_status":"open","ping_status":"open","sticky":false,"template":"","format":"standard","meta":{"_links_to":"","_links_to_target":""},"categories":[15],"tags":[],"yoast_head":"<!-- This site is optimized with the Yoast SEO plugin v19.10 - https:\/\/yoast.com\/wordpress\/plugins\/seo\/ -->\n<title>Naturpark H\u00fcmmling<\/title>\n<meta name=\"description\" content=\"Eingebettet in die norddeutsche Tiefebene, durchzogen von kleinen Wasserl\u00e4ufen und gespickt mit Megalithbauten aus der Jungsteinzeit und bronzezeitlichen Grabh\u00fcgelfeldern zeigt sich der Naturpark H\u00fcmmling in einer Vielfalt auf kleinstem Raum. Durchtr\u00e4nkt von Kultur, Glaube und Geschichte erschlie\u00dft sich im Nordwesten Niedersachsens dem Besucher ein Landschaftsraum, in dem Natur und Kultur in besonderer Weise verschmelzen.\" \/>\n<meta name=\"robots\" content=\"index, follow, max-snippet:-1, max-image-preview:large, max-video-preview:-1\" \/>\n<link rel=\"canonical\" href=\"https:\/\/www.naturparkmagazin.de\/vdn\/naturpark-huemmling\/\" \/>\n<meta property=\"og:locale\" content=\"de_DE\" \/>\n<meta property=\"og:type\" content=\"article\" \/>\n<meta property=\"og:title\" content=\"Naturpark H\u00fcmmling\" \/>\n<meta property=\"og:description\" content=\"Eingebettet in die norddeutsche Tiefebene, durchzogen von kleinen Wasserl\u00e4ufen und gespickt mit Megalithbauten aus der Jungsteinzeit und bronzezeitlichen Grabh\u00fcgelfeldern zeigt sich der Naturpark H\u00fcmmling in einer Vielfalt auf kleinstem Raum. Durchtr\u00e4nkt von Kultur, Glaube und Geschichte erschlie\u00dft sich im Nordwesten Niedersachsens dem Besucher ein Landschaftsraum, in dem Natur und Kultur in besonderer Weise verschmelzen.\" \/>\n<meta property=\"og:url\" content=\"https:\/\/www.naturparkmagazin.de\/vdn\/naturpark-huemmling\/\" \/>\n<meta property=\"og:site_name\" content=\"Verband Deutscher Naturparke\" \/>\n<meta property=\"article:published_time\" content=\"2020-04-15T14:47:52+00:00\" \/>\n<meta property=\"article:modified_time\" content=\"2020-04-29T10:34:58+00:00\" \/>\n<meta property=\"og:image\" content=\"https:\/\/www.naturparkmagazin.de\/vdn\/wp-content\/uploads\/sites\/3\/Mansenberge-\u00a9-Emsland-Touristik-Birgit-Janknecht-3_Beitragsbild.jpg\" \/>\n\t<meta property=\"og:image:width\" content=\"200\" \/>\n\t<meta property=\"og:image:height\" content=\"200\" \/>\n\t<meta property=\"og:image:type\" content=\"image\/jpeg\" \/>\n<meta name=\"author\" content=\"beatrixlosem\" \/>\n<meta name=\"twitter:label1\" content=\"Verfasst von\" \/>\n\t<meta name=\"twitter:data1\" content=\"beatrixlosem\" \/>\n\t<meta name=\"twitter:label2\" content=\"Gesch\u00e4tzte Lesezeit\" \/>\n\t<meta name=\"twitter:data2\" content=\"2\u00a0Minuten\" \/>\n<script type=\"application\/ld+json\" class=\"yoast-schema-graph\">{\"@context\":\"https:\/\/schema.org\",\"@graph\":[{\"@type\":\"WebPage\",\"@id\":\"https:\/\/www.naturparkmagazin.de\/vdn\/naturpark-huemmling\/\",\"url\":\"https:\/\/www.naturparkmagazin.de\/vdn\/naturpark-huemmling\/\",\"name\":\"Naturpark H\u00fcmmling\",\"isPartOf\":{\"@id\":\"https:\/\/www.naturparkmagazin.de\/vdn\/#website\"},\"datePublished\":\"2020-04-15T14:47:52+00:00\",\"dateModified\":\"2020-04-29T10:34:58+00:00\",\"author\":{\"@id\":\"https:\/\/www.naturparkmagazin.de\/vdn\/#\/schema\/person\/d71357578c318b6db03be60b1f60396b\"},\"description\":\"Eingebettet in die norddeutsche Tiefebene, durchzogen von kleinen Wasserl\u00e4ufen und gespickt mit Megalithbauten aus der Jungsteinzeit und bronzezeitlichen Grabh\u00fcgelfeldern zeigt sich der Naturpark H\u00fcmmling in einer Vielfalt auf kleinstem Raum. Durchtr\u00e4nkt von Kultur, Glaube und Geschichte erschlie\u00dft sich im Nordwesten Niedersachsens dem Besucher ein Landschaftsraum, in dem Natur und Kultur in besonderer Weise verschmelzen.\",\"breadcrumb\":{\"@id\":\"https:\/\/www.naturparkmagazin.de\/vdn\/naturpark-huemmling\/#breadcrumb\"},\"inLanguage\":\"de\",\"potentialAction\":[{\"@type\":\"ReadAction\",\"target\":[\"https:\/\/www.naturparkmagazin.de\/vdn\/naturpark-huemmling\/\"]}]},{\"@type\":\"BreadcrumbList\",\"@id\":\"https:\/\/www.naturparkmagazin.de\/vdn\/naturpark-huemmling\/#breadcrumb\",\"itemListElement\":[{\"@type\":\"ListItem\",\"position\":1,\"name\":\"Home\",\"item\":\"https:\/\/www.naturparkmagazin.de\/vdn\/\"},{\"@type\":\"ListItem\",\"position\":2,\"name\":\"Naturpark H\u00fcmmling\"}]},{\"@type\":\"WebSite\",\"@id\":\"https:\/\/www.naturparkmagazin.de\/vdn\/#website\",\"url\":\"https:\/\/www.naturparkmagazin.de\/vdn\/\",\"name\":\"Verband Deutscher Naturparke\",\"description\":\"Eine weitere Naturparkmagazin.de Netzwerk Seite\",\"potentialAction\":[{\"@type\":\"SearchAction\",\"target\":{\"@type\":\"EntryPoint\",\"urlTemplate\":\"https:\/\/www.naturparkmagazin.de\/vdn\/?s={search_term_string}\"},\"query-input\":\"required name=search_term_string\"}],\"inLanguage\":\"de\"},{\"@type\":\"Person\",\"@id\":\"https:\/\/www.naturparkmagazin.de\/vdn\/#\/schema\/person\/d71357578c318b6db03be60b1f60396b\",\"name\":\"beatrixlosem\",\"url\":\"https:\/\/www.naturparkmagazin.de\/vdn\/author\/beatrixlosem\/\"}]}<\/script>\n<!-- \/ Yoast SEO plugin. -->","yoast_head_json":{"title":"Naturpark H\u00fcmmling","description":"Eingebettet in die norddeutsche Tiefebene, durchzogen von kleinen Wasserl\u00e4ufen und gespickt mit Megalithbauten aus der Jungsteinzeit und bronzezeitlichen Grabh\u00fcgelfeldern zeigt sich der Naturpark H\u00fcmmling in einer Vielfalt auf kleinstem Raum. Durchtr\u00e4nkt von Kultur, Glaube und Geschichte erschlie\u00dft sich im Nordwesten Niedersachsens dem Besucher ein Landschaftsraum, in dem Natur und Kultur in besonderer Weise verschmelzen.","robots":{"index":"index","follow":"follow","max-snippet":"max-snippet:-1","max-image-preview":"max-image-preview:large","max-video-preview":"max-video-preview:-1"},"canonical":"https:\/\/www.naturparkmagazin.de\/vdn\/naturpark-huemmling\/","og_locale":"de_DE","og_type":"article","og_title":"Naturpark H\u00fcmmling","og_description":"Eingebettet in die norddeutsche Tiefebene, durchzogen von kleinen Wasserl\u00e4ufen und gespickt mit Megalithbauten aus der Jungsteinzeit und bronzezeitlichen Grabh\u00fcgelfeldern zeigt sich der Naturpark H\u00fcmmling in einer Vielfalt auf kleinstem Raum. Durchtr\u00e4nkt von Kultur, Glaube und Geschichte erschlie\u00dft sich im Nordwesten Niedersachsens dem Besucher ein Landschaftsraum, in dem Natur und Kultur in besonderer Weise verschmelzen.","og_url":"https:\/\/www.naturparkmagazin.de\/vdn\/naturpark-huemmling\/","og_site_name":"Verband Deutscher Naturparke","article_published_time":"2020-04-15T14:47:52+00:00","article_modified_time":"2020-04-29T10:34:58+00:00","og_image":[{"width":200,"height":200,"url":"https:\/\/www.naturparkmagazin.de\/vdn\/wp-content\/uploads\/sites\/3\/Mansenberge-\u00a9-Emsland-Touristik-Birgit-Janknecht-3_Beitragsbild.jpg","type":"image\/jpeg"}],"author":"beatrixlosem","twitter_misc":{"Verfasst von":"beatrixlosem","Gesch\u00e4tzte Lesezeit":"2\u00a0Minuten"},"schema":{"@context":"https:\/\/schema.org","@graph":[{"@type":"WebPage","@id":"https:\/\/www.naturparkmagazin.de\/vdn\/naturpark-huemmling\/","url":"https:\/\/www.naturparkmagazin.de\/vdn\/naturpark-huemmling\/","name":"Naturpark H\u00fcmmling","isPartOf":{"@id":"https:\/\/www.naturparkmagazin.de\/vdn\/#website"},"datePublished":"2020-04-15T14:47:52+00:00","dateModified":"2020-04-29T10:34:58+00:00","author":{"@id":"https:\/\/www.naturparkmagazin.de\/vdn\/#\/schema\/person\/d71357578c318b6db03be60b1f60396b"},"description":"Eingebettet in die norddeutsche Tiefebene, durchzogen von kleinen Wasserl\u00e4ufen und gespickt mit Megalithbauten aus der Jungsteinzeit und bronzezeitlichen Grabh\u00fcgelfeldern zeigt sich der Naturpark H\u00fcmmling in einer Vielfalt auf kleinstem Raum. Durchtr\u00e4nkt von Kultur, Glaube und Geschichte erschlie\u00dft sich im Nordwesten Niedersachsens dem Besucher ein Landschaftsraum, in dem Natur und Kultur in besonderer Weise verschmelzen.","breadcrumb":{"@id":"https:\/\/www.naturparkmagazin.de\/vdn\/naturpark-huemmling\/#breadcrumb"},"inLanguage":"de","potentialAction":[{"@type":"ReadAction","target":["https:\/\/www.naturparkmagazin.de\/vdn\/naturpark-huemmling\/"]}]},{"@type":"BreadcrumbList","@id":"https:\/\/www.naturparkmagazin.de\/vdn\/naturpark-huemmling\/#breadcrumb","itemListElement":[{"@type":"ListItem","position":1,"name":"Home","item":"https:\/\/www.naturparkmagazin.de\/vdn\/"},{"@type":"ListItem","position":2,"name":"Naturpark H\u00fcmmling"}]},{"@type":"WebSite","@id":"https:\/\/www.naturparkmagazin.de\/vdn\/#website","url":"https:\/\/www.naturparkmagazin.de\/vdn\/","name":"Verband Deutscher Naturparke","description":"Eine weitere Naturparkmagazin.de Netzwerk Seite","potentialAction":[{"@type":"SearchAction","target":{"@type":"EntryPoint","urlTemplate":"https:\/\/www.naturparkmagazin.de\/vdn\/?s={search_term_string}"},"query-input":"required name=search_term_string"}],"inLanguage":"de"},{"@type":"Person","@id":"https:\/\/www.naturparkmagazin.de\/vdn\/#\/schema\/person\/d71357578c318b6db03be60b1f60396b","name":"beatrixlosem","url":"https:\/\/www.naturparkmagazin.de\/vdn\/author\/beatrixlosem\/"}]}},"_links":{"self":[{"href":"https:\/\/www.naturparkmagazin.de\/vdn\/wp-json\/wp\/v2\/posts\/12396"}],"collection":[{"href":"https:\/\/www.naturparkmagazin.de\/vdn\/wp-json\/wp\/v2\/posts"}],"about":[{"href":"https:\/\/www.naturparkmagazin.de\/vdn\/wp-json\/wp\/v2\/types\/post"}],"author":[{"embeddable":true,"href":"https:\/\/www.naturparkmagazin.de\/vdn\/wp-json\/wp\/v2\/users\/51"}],"replies":[{"embeddable":true,"href":"https:\/\/www.naturparkmagazin.de\/vdn\/wp-json\/wp\/v2\/comments?post=12396"}],"version-history":[{"count":8,"href":"https:\/\/www.naturparkmagazin.de\/vdn\/wp-json\/wp\/v2\/posts\/12396\/revisions"}],"predecessor-version":[{"id":12466,"href":"https:\/\/www.naturparkmagazin.de\/vdn\/wp-json\/wp\/v2\/posts\/12396\/revisions\/12466"}],"wp:featuredmedia":[{"embeddable":true,"href":"https:\/\/www.naturparkmagazin.de\/vdn\/wp-json\/wp\/v2\/media\/12427"}],"wp:attachment":[{"href":"https:\/\/www.naturparkmagazin.de\/vdn\/wp-json\/wp\/v2\/media?parent=12396"}],"wp:term":[{"taxonomy":"category","embeddable":true,"href":"https:\/\/www.naturparkmagazin.de\/vdn\/wp-json\/wp\/v2\/categories?post=12396"},{"taxonomy":"post_tag","embeddable":true,"href":"https:\/\/www.naturparkmagazin.de\/vdn\/wp-json\/wp\/v2\/tags?post=12396"}],"curies":[{"name":"wp","href":"https:\/\/api.w.org\/{rel}","templated":true}]}}