{"id":12398,"date":"2020-04-15T16:54:48","date_gmt":"2020-04-15T14:54:48","guid":{"rendered":"https:\/\/www.naturparkmagazin.de\/vdn\/?p=12398"},"modified":"2020-04-29T12:32:17","modified_gmt":"2020-04-29T10:32:17","slug":"der-weg-ist-das-ziel-pilgern-und-wandern-im-naturpark-huemmling","status":"publish","type":"post","link":"https:\/\/www.naturparkmagazin.de\/vdn\/der-weg-ist-das-ziel-pilgern-und-wandern-im-naturpark-huemmling\/","title":{"rendered":"Der Weg ist das Ziel: Pilgern und Wandern im Naturpark H\u00fcmmling"},"content":{"rendered":"<div id=\"attachment_12414\" style=\"width: 510px\" class=\"wp-caption aligncenter\"><a href=\"https:\/\/www.naturparkmagazin.de\/vdn\/wp-content\/uploads\/sites\/3\/Mansenberge-S\u00f6gel-\u00a9Naturpark-H\u00fcmmling-207_Beitrag.jpg\"><img aria-describedby=\"caption-attachment-12414\" decoding=\"async\" loading=\"lazy\" class=\"wp-image-12414 size-full\" src=\"https:\/\/www.naturparkmagazin.de\/vdn\/wp-content\/uploads\/sites\/3\/Mansenberge-S\u00f6gel-\u00a9Naturpark-H\u00fcmmling-207_Beitrag.jpg\" alt=\"Zu Fu\u00df unterwegs im Naturpark H\u00fcmmling \u00a9Naturpark H\u00fcmmling\" width=\"500\" height=\"300\" srcset=\"https:\/\/www.naturparkmagazin.de\/vdn\/wp-content\/uploads\/sites\/3\/Mansenberge-S\u00f6gel-\u00a9Naturpark-H\u00fcmmling-207_Beitrag.jpg 500w, https:\/\/www.naturparkmagazin.de\/vdn\/wp-content\/uploads\/sites\/3\/Mansenberge-S\u00f6gel-\u00a9Naturpark-H\u00fcmmling-207_Beitrag-300x180.jpg 300w, https:\/\/www.naturparkmagazin.de\/vdn\/wp-content\/uploads\/sites\/3\/Mansenberge-S\u00f6gel-\u00a9Naturpark-H\u00fcmmling-207_Beitrag-200x120.jpg 200w\" sizes=\"(max-width: 500px) 100vw, 500px\" \/><\/a><p id=\"caption-attachment-12414\" class=\"wp-caption-text\">Zu Fu\u00df unterwegs im Naturpark H\u00fcmmling \u00a9Naturpark H\u00fcmmling<\/p><\/div>\n<p><strong>Pilgern im Emsland auf dem \u201eH\u00fcmmlinger Pilgerweg\u201c<\/strong><\/p>\n<p>Fr\u00fcher pilgerten nur gl\u00e4ubige Menschen, um ihrem Gott oder ihrem Glauben nahe zu kommen. Heutzutage sind die Gr\u00fcnde f\u00fcr eine Pilgerwanderung sehr verschieden. Die Vielfalt der Natur auf kleinstem Raum erleben, eine Zeitreise in die Vergangenheit unternehmen und\/ oder aber dem biblischen Glauben nahe zu sein \u2013 eine Wanderung auf dem \u201eH\u00fcmmlinger Pilgerweg\u201c ist in jedem Fall ein \u201eentschleunigendes\u201c Erlebnis. Ruhe und Stille in einer faszinierenden Naturlandschaft mit religi\u00f6sen Zeitzeugen und kulturellen Sch\u00e4tzen ist f\u00fcr viele Wanderer auch inspirierend f\u00fcr die Sinnfindung in einer schnelllebigen Zeit. Der insgesamt 92 Kilometer lange Rundwanderweg l\u00e4sst sich in 5 Etappen erleben. Wanderer k\u00f6nnen sich nicht verlaufen, denn der Weg ist gut markiert: \u2026 von Stein zu Stein f\u00fchrt die Route entlang der insgesamt 250 ausgelegten Findlinge, die den Pilgern die Richtung weisen. Religi\u00f6se Sinnspr\u00fcche auf Tafeln, die ebenfalls an Steinen angebracht sind, dienen den Reisenden zus\u00e4tzlich als Impulsgeber.<\/p>\n<div id=\"attachment_12416\" style=\"width: 510px\" class=\"wp-caption aligncenter\"><a href=\"https:\/\/www.naturparkmagazin.de\/vdn\/wp-content\/uploads\/sites\/3\/NPH_Theikenmeer-c-Holger-Leue_web-7_Beitrag.jpg\"><img aria-describedby=\"caption-attachment-12416\" decoding=\"async\" loading=\"lazy\" class=\"wp-image-12416 size-full\" src=\"https:\/\/www.naturparkmagazin.de\/vdn\/wp-content\/uploads\/sites\/3\/NPH_Theikenmeer-c-Holger-Leue_web-7_Beitrag.jpg\" alt=\"Das Theikenmeer (c) Holger Leue\" width=\"500\" height=\"300\" srcset=\"https:\/\/www.naturparkmagazin.de\/vdn\/wp-content\/uploads\/sites\/3\/NPH_Theikenmeer-c-Holger-Leue_web-7_Beitrag.jpg 500w, https:\/\/www.naturparkmagazin.de\/vdn\/wp-content\/uploads\/sites\/3\/NPH_Theikenmeer-c-Holger-Leue_web-7_Beitrag-300x180.jpg 300w, https:\/\/www.naturparkmagazin.de\/vdn\/wp-content\/uploads\/sites\/3\/NPH_Theikenmeer-c-Holger-Leue_web-7_Beitrag-200x120.jpg 200w\" sizes=\"(max-width: 500px) 100vw, 500px\" \/><\/a><p id=\"caption-attachment-12416\" class=\"wp-caption-text\">Das Theikenmeer (c) Holger Leue<\/p><\/div>\n<p><strong>Erlebnis-Tipp: Pilgeretappe von S\u00f6gel bis nach Werlte <\/strong><\/p>\n<p>Unsere Kollegin berichtet von ihrer Pilgerwanderung von S\u00f6gel nach Werlte mit Begeisterung: Schon fr\u00fch morgens starten wir unsere Tagesetappe von S\u00f6gel nach Werlte, mein Mann und ich. Es ist noch frisch so fr\u00fch am Morgen, aber das Fr\u00fchlingserwachen macht Lust auf einen Tag Abschalten und Bewegung in der Natur. Sonntags ist es ruhig auf dem beschaulichen Marktplatz in S\u00f6gel und unser Weg f\u00fchrt \u00fcber die wundersch\u00f6ne Parkallee zum Schloss Clemenswerth. Die Jagdstern-Konzeption ist ein kulturelles Denkmal des Sp\u00e4tbarocks aus dem 18. Jahrhundert, eingebettet in die Natur und weitl\u00e4ufig f\u00fcr einen Spaziergang um die Schlossteichanlage und vorbei am Klostergarten. Wir entdecken die zugeh\u00f6rige Kapelle &#8211; ein einmaliges Architekturbeispiel aus der Rokoko-Epoche &#8211; und nehmen uns vor, das Schloss schon bald von innen zu besichtigen. Ganz in der N\u00e4he \u2013 am Wegesrand &#8211; erinnern zwei Steinbl\u00f6cke an die zehn Gebote.<\/p>\n<div id=\"attachment_12459\" style=\"width: 510px\" class=\"wp-caption aligncenter\"><a href=\"https:\/\/www.naturparkmagazin.de\/vdn\/wp-content\/uploads\/sites\/3\/M\u00e4nnige-Berge-c-Holger-Leue_b.jpg\"><img aria-describedby=\"caption-attachment-12459\" decoding=\"async\" loading=\"lazy\" class=\"size-full wp-image-12459\" src=\"https:\/\/www.naturparkmagazin.de\/vdn\/wp-content\/uploads\/sites\/3\/M\u00e4nnige-Berge-c-Holger-Leue_b.jpg\" alt=\"M\u00e4nnige Berge (c) Holger Leue\" width=\"500\" height=\"300\" srcset=\"https:\/\/www.naturparkmagazin.de\/vdn\/wp-content\/uploads\/sites\/3\/M\u00e4nnige-Berge-c-Holger-Leue_b.jpg 500w, https:\/\/www.naturparkmagazin.de\/vdn\/wp-content\/uploads\/sites\/3\/M\u00e4nnige-Berge-c-Holger-Leue_b-300x180.jpg 300w, https:\/\/www.naturparkmagazin.de\/vdn\/wp-content\/uploads\/sites\/3\/M\u00e4nnige-Berge-c-Holger-Leue_b-200x120.jpg 200w\" sizes=\"(max-width: 500px) 100vw, 500px\" \/><\/a><p id=\"caption-attachment-12459\" class=\"wp-caption-text\">M\u00e4nnige Berge (c) Holger Leue<\/p><\/div>\n<p>Wir spazieren weiter \u00fcber die unbefestigten Feldwege und halten an der ersten Steintafel an, neugierig, welcher Spruch diesem Ort zugewiesen wurde. Er regt uns zum Nachdenken an. Angekommen am Grabh\u00fcgel M\u00e4nnige Berge strahlt die Sonne \u00fcber das Feld. Unser Blick schweift \u00fcber den Bestattungsort aus dem Jahre 1300 v. Chr. und Christi Geburt &#8211; eines der gr\u00f6\u00dften erhaltenen Grabh\u00fcgelfelder im Emsland. Auch gedanklich blicken wir zur\u00fcck \u2013 ich selbst stelle mir den Ort in der Vergangenheit vor. Der erste kleine Marsch und die frische Luft machen hungrig \u2013 Tisch und Bank laden zu einer Pause ein. Die St\u00e4rkung tut gut \u2013 auch f\u00fcr unseren weiteren Weg.<\/p>\n<p>&nbsp;<\/p>\n<div id=\"attachment_12458\" style=\"width: 510px\" class=\"wp-caption aligncenter\"><a href=\"https:\/\/www.naturparkmagazin.de\/vdn\/wp-content\/uploads\/sites\/3\/Bibelgarten-Werlte-\u00a9Naturpark-H\u00fcmmling_b.jpg\"><img aria-describedby=\"caption-attachment-12458\" decoding=\"async\" loading=\"lazy\" class=\"size-full wp-image-12458\" src=\"https:\/\/www.naturparkmagazin.de\/vdn\/wp-content\/uploads\/sites\/3\/Bibelgarten-Werlte-\u00a9Naturpark-H\u00fcmmling_b.jpg\" alt=\"Bibelgarten Werlte \u00a9Naturpark H\u00fcmmling\" width=\"500\" height=\"300\" srcset=\"https:\/\/www.naturparkmagazin.de\/vdn\/wp-content\/uploads\/sites\/3\/Bibelgarten-Werlte-\u00a9Naturpark-H\u00fcmmling_b.jpg 500w, https:\/\/www.naturparkmagazin.de\/vdn\/wp-content\/uploads\/sites\/3\/Bibelgarten-Werlte-\u00a9Naturpark-H\u00fcmmling_b-300x180.jpg 300w, https:\/\/www.naturparkmagazin.de\/vdn\/wp-content\/uploads\/sites\/3\/Bibelgarten-Werlte-\u00a9Naturpark-H\u00fcmmling_b-200x120.jpg 200w\" sizes=\"(max-width: 500px) 100vw, 500px\" \/><\/a><p id=\"caption-attachment-12458\" class=\"wp-caption-text\">Bibelgarten Werlte \u00a9Naturpark H\u00fcmmling<\/p><\/div>\n<p>In Spahnharrenst\u00e4tte erinnern religi\u00f6se Zeitzeugen an Ereignisse der Vergangenheit: eine Nachbildung des Pestkreuzes aus dem 16. Jahrhundert und die Kirche St. Johannes der T\u00e4ufer aus dem 18. Jahrhundert. Danach erreichen wir das Theikenmeer \u2013 \u00fcberw\u00e4ltigt von den landschaftlichen Eindr\u00fccken des 300 Hektar gro\u00dfen Naturschutzgebietes, tauchen unsere Blicke immer wieder ab in die Faszination Natur. Auch das Wetter ist traumhaft und so g\u00f6nnen wir uns eine weitere Rast, denn ein bisschen Wegstrecke liegt noch vor uns bis zum Ziel unserer Tagesetappe. Angekommen nach insgesamt circa acht Stunden Fu\u00dfmarsch und knapp 27 Kilometer Wanderweg und vielen Eindr\u00fccken sind wir zwar etwas m\u00fcde, freuen uns aber trotzdem auf den Bibelgarten in Werlte. Liebevoll angelegt sind die vier verschiedenen Themenlandschaften: Sch\u00f6pfung, W\u00fcste, Ackerbau und Garten der Verhei\u00dfung. Man muss nicht streng religi\u00f6s sein, um beeindruckt zu sein von diesem Garten, der den Einklang von Gott und Natur versinnbildlicht. Wir sind uns ganz sicher, dass wir unsere Wanderung bald fortsetzen und freuen uns schon jetzt auf die n\u00e4chste Etappe.<\/p>\n<div id=\"attachment_12415\" style=\"width: 510px\" class=\"wp-caption aligncenter\"><a href=\"https:\/\/www.naturparkmagazin.de\/vdn\/wp-content\/uploads\/sites\/3\/NPH_Theikenmeer-c-Holger-Leue_web-2_Beitrag.jpg\"><img aria-describedby=\"caption-attachment-12415\" decoding=\"async\" loading=\"lazy\" class=\"wp-image-12415 size-full\" src=\"https:\/\/www.naturparkmagazin.de\/vdn\/wp-content\/uploads\/sites\/3\/NPH_Theikenmeer-c-Holger-Leue_web-2_Beitrag.jpg\" alt=\"Pilgerweg am  Theikenmeer (c) Holger Leue\" width=\"500\" height=\"300\" srcset=\"https:\/\/www.naturparkmagazin.de\/vdn\/wp-content\/uploads\/sites\/3\/NPH_Theikenmeer-c-Holger-Leue_web-2_Beitrag.jpg 500w, https:\/\/www.naturparkmagazin.de\/vdn\/wp-content\/uploads\/sites\/3\/NPH_Theikenmeer-c-Holger-Leue_web-2_Beitrag-300x180.jpg 300w, https:\/\/www.naturparkmagazin.de\/vdn\/wp-content\/uploads\/sites\/3\/NPH_Theikenmeer-c-Holger-Leue_web-2_Beitrag-200x120.jpg 200w\" sizes=\"(max-width: 500px) 100vw, 500px\" \/><\/a><p id=\"caption-attachment-12415\" class=\"wp-caption-text\">Pilgerweg am Theikenmeer (c) Holger Leue<\/p><\/div>\n<p><strong>Ausblick: Neue Wanderwege im Naturpark H\u00fcmmling <\/strong><\/p>\n<p>Und obwohl der H\u00fcmmlinger Pilgerweg einen sehr guten Eindruck der landschaftlichen Vielfalt des Naturparks H\u00fcmmling verschafft, erschlie\u00dft er dennoch nicht alle Facetten des nat\u00fcrlichen und kulturellen Reichtums. Mit Er\u00f6ffnung der \u201eH\u00fcmmling-Pfade\u201c entsteht daher im Herbst 2020 ein weiteres attraktives Wanderangebot, das themenbezogen auch die Gro\u00dfsteingr\u00e4ber und weitere kulturelle Glanzlichter der Region verbindet. 15 Qualit\u00e4tswanderwege, die die Kriterien des Deutschen Wanderverbandes erf\u00fcllen, machen die Landschaftsvielfalt dann zu Fu\u00df erlebbar: Die 5 bis 25 Kilometer langen Rundwege f\u00fchren durch Moore, W\u00e4lder und Heide, vorbei an Fl\u00fcssen, B\u00e4chen und Stillgew\u00e4ssern, und den vielen Zeitzeugen aus der Vergangenheit.<\/p>\n<p>&nbsp;<\/p>\n","protected":false},"excerpt":{"rendered":"<p>Fr\u00fcher pilgerten nur gl\u00e4ubige Menschen, um ihrem Gott oder ihrem Glauben nahe zu kommen. Heutzutage sind die Gr\u00fcnde f\u00fcr eine Pilgerwanderung &#8211; beispielsweise im Naturpark H\u00fcmmling &#8211; sehr verschieden. <\/p>\n","protected":false},"author":51,"featured_media":12424,"comment_status":"open","ping_status":"open","sticky":false,"template":"","format":"standard","meta":{"_links_to":"","_links_to_target":""},"categories":[617],"tags":[],"yoast_head":"<!-- This site is optimized with the Yoast SEO plugin v19.10 - https:\/\/yoast.com\/wordpress\/plugins\/seo\/ -->\n<title>Der Weg ist das Ziel: Pilgern und Wandern im Naturpark H\u00fcmmling<\/title>\n<meta name=\"description\" content=\"Fr\u00fcher pilgerten nur gl\u00e4ubige Menschen, um ihrem Gott oder ihrem Glauben nahe zu kommen. Heutzutage sind die Gr\u00fcnde f\u00fcr eine Pilgerwanderung - beispielsweise im Naturpark H\u00fcmmling - sehr verschieden.\" \/>\n<meta name=\"robots\" content=\"index, follow, max-snippet:-1, max-image-preview:large, max-video-preview:-1\" \/>\n<link rel=\"canonical\" href=\"https:\/\/www.naturparkmagazin.de\/vdn\/der-weg-ist-das-ziel-pilgern-und-wandern-im-naturpark-huemmling\/\" \/>\n<meta property=\"og:locale\" content=\"de_DE\" \/>\n<meta property=\"og:type\" content=\"article\" \/>\n<meta property=\"og:title\" content=\"Der Weg ist das Ziel: Pilgern und Wandern im Naturpark H\u00fcmmling\" \/>\n<meta property=\"og:description\" content=\"Fr\u00fcher pilgerten nur gl\u00e4ubige Menschen, um ihrem Gott oder ihrem Glauben nahe zu kommen. Heutzutage sind die Gr\u00fcnde f\u00fcr eine Pilgerwanderung - beispielsweise im Naturpark H\u00fcmmling - sehr verschieden.\" \/>\n<meta property=\"og:url\" content=\"https:\/\/www.naturparkmagazin.de\/vdn\/der-weg-ist-das-ziel-pilgern-und-wandern-im-naturpark-huemmling\/\" \/>\n<meta property=\"og:site_name\" content=\"Verband Deutscher Naturparke\" \/>\n<meta property=\"article:published_time\" content=\"2020-04-15T14:54:48+00:00\" \/>\n<meta property=\"article:modified_time\" content=\"2020-04-29T10:32:17+00:00\" \/>\n<meta property=\"og:image\" content=\"https:\/\/www.naturparkmagazin.de\/vdn\/wp-content\/uploads\/sites\/3\/Mansenberge-S\u00f6gel-\u00a9Naturpark-H\u00fcmmling-207_Beitragsbild.jpg\" \/>\n\t<meta property=\"og:image:width\" content=\"200\" \/>\n\t<meta property=\"og:image:height\" content=\"200\" \/>\n\t<meta property=\"og:image:type\" content=\"image\/jpeg\" \/>\n<meta name=\"author\" content=\"beatrixlosem\" \/>\n<meta name=\"twitter:label1\" content=\"Verfasst von\" \/>\n\t<meta name=\"twitter:data1\" content=\"beatrixlosem\" \/>\n\t<meta name=\"twitter:label2\" content=\"Gesch\u00e4tzte Lesezeit\" \/>\n\t<meta name=\"twitter:data2\" content=\"4\u00a0Minuten\" \/>\n<script type=\"application\/ld+json\" class=\"yoast-schema-graph\">{\"@context\":\"https:\/\/schema.org\",\"@graph\":[{\"@type\":\"WebPage\",\"@id\":\"https:\/\/www.naturparkmagazin.de\/vdn\/der-weg-ist-das-ziel-pilgern-und-wandern-im-naturpark-huemmling\/\",\"url\":\"https:\/\/www.naturparkmagazin.de\/vdn\/der-weg-ist-das-ziel-pilgern-und-wandern-im-naturpark-huemmling\/\",\"name\":\"Der Weg ist das Ziel: Pilgern und Wandern im Naturpark H\u00fcmmling\",\"isPartOf\":{\"@id\":\"https:\/\/www.naturparkmagazin.de\/vdn\/#website\"},\"datePublished\":\"2020-04-15T14:54:48+00:00\",\"dateModified\":\"2020-04-29T10:32:17+00:00\",\"author\":{\"@id\":\"https:\/\/www.naturparkmagazin.de\/vdn\/#\/schema\/person\/d71357578c318b6db03be60b1f60396b\"},\"description\":\"Fr\u00fcher pilgerten nur gl\u00e4ubige Menschen, um ihrem Gott oder ihrem Glauben nahe zu kommen. Heutzutage sind die Gr\u00fcnde f\u00fcr eine Pilgerwanderung - beispielsweise im Naturpark H\u00fcmmling - sehr verschieden.\",\"breadcrumb\":{\"@id\":\"https:\/\/www.naturparkmagazin.de\/vdn\/der-weg-ist-das-ziel-pilgern-und-wandern-im-naturpark-huemmling\/#breadcrumb\"},\"inLanguage\":\"de\",\"potentialAction\":[{\"@type\":\"ReadAction\",\"target\":[\"https:\/\/www.naturparkmagazin.de\/vdn\/der-weg-ist-das-ziel-pilgern-und-wandern-im-naturpark-huemmling\/\"]}]},{\"@type\":\"BreadcrumbList\",\"@id\":\"https:\/\/www.naturparkmagazin.de\/vdn\/der-weg-ist-das-ziel-pilgern-und-wandern-im-naturpark-huemmling\/#breadcrumb\",\"itemListElement\":[{\"@type\":\"ListItem\",\"position\":1,\"name\":\"Home\",\"item\":\"https:\/\/www.naturparkmagazin.de\/vdn\/\"},{\"@type\":\"ListItem\",\"position\":2,\"name\":\"Der Weg ist das Ziel: Pilgern und Wandern im Naturpark H\u00fcmmling\"}]},{\"@type\":\"WebSite\",\"@id\":\"https:\/\/www.naturparkmagazin.de\/vdn\/#website\",\"url\":\"https:\/\/www.naturparkmagazin.de\/vdn\/\",\"name\":\"Verband Deutscher Naturparke\",\"description\":\"Eine weitere Naturparkmagazin.de Netzwerk Seite\",\"potentialAction\":[{\"@type\":\"SearchAction\",\"target\":{\"@type\":\"EntryPoint\",\"urlTemplate\":\"https:\/\/www.naturparkmagazin.de\/vdn\/?s={search_term_string}\"},\"query-input\":\"required name=search_term_string\"}],\"inLanguage\":\"de\"},{\"@type\":\"Person\",\"@id\":\"https:\/\/www.naturparkmagazin.de\/vdn\/#\/schema\/person\/d71357578c318b6db03be60b1f60396b\",\"name\":\"beatrixlosem\",\"url\":\"https:\/\/www.naturparkmagazin.de\/vdn\/author\/beatrixlosem\/\"}]}<\/script>\n<!-- \/ Yoast SEO plugin. -->","yoast_head_json":{"title":"Der Weg ist das Ziel: Pilgern und Wandern im Naturpark H\u00fcmmling","description":"Fr\u00fcher pilgerten nur gl\u00e4ubige Menschen, um ihrem Gott oder ihrem Glauben nahe zu kommen. Heutzutage sind die Gr\u00fcnde f\u00fcr eine Pilgerwanderung - beispielsweise im Naturpark H\u00fcmmling - sehr verschieden.","robots":{"index":"index","follow":"follow","max-snippet":"max-snippet:-1","max-image-preview":"max-image-preview:large","max-video-preview":"max-video-preview:-1"},"canonical":"https:\/\/www.naturparkmagazin.de\/vdn\/der-weg-ist-das-ziel-pilgern-und-wandern-im-naturpark-huemmling\/","og_locale":"de_DE","og_type":"article","og_title":"Der Weg ist das Ziel: Pilgern und Wandern im Naturpark H\u00fcmmling","og_description":"Fr\u00fcher pilgerten nur gl\u00e4ubige Menschen, um ihrem Gott oder ihrem Glauben nahe zu kommen. Heutzutage sind die Gr\u00fcnde f\u00fcr eine Pilgerwanderung - beispielsweise im Naturpark H\u00fcmmling - sehr verschieden.","og_url":"https:\/\/www.naturparkmagazin.de\/vdn\/der-weg-ist-das-ziel-pilgern-und-wandern-im-naturpark-huemmling\/","og_site_name":"Verband Deutscher Naturparke","article_published_time":"2020-04-15T14:54:48+00:00","article_modified_time":"2020-04-29T10:32:17+00:00","og_image":[{"width":200,"height":200,"url":"https:\/\/www.naturparkmagazin.de\/vdn\/wp-content\/uploads\/sites\/3\/Mansenberge-S\u00f6gel-\u00a9Naturpark-H\u00fcmmling-207_Beitragsbild.jpg","type":"image\/jpeg"}],"author":"beatrixlosem","twitter_misc":{"Verfasst von":"beatrixlosem","Gesch\u00e4tzte Lesezeit":"4\u00a0Minuten"},"schema":{"@context":"https:\/\/schema.org","@graph":[{"@type":"WebPage","@id":"https:\/\/www.naturparkmagazin.de\/vdn\/der-weg-ist-das-ziel-pilgern-und-wandern-im-naturpark-huemmling\/","url":"https:\/\/www.naturparkmagazin.de\/vdn\/der-weg-ist-das-ziel-pilgern-und-wandern-im-naturpark-huemmling\/","name":"Der Weg ist das Ziel: Pilgern und Wandern im Naturpark H\u00fcmmling","isPartOf":{"@id":"https:\/\/www.naturparkmagazin.de\/vdn\/#website"},"datePublished":"2020-04-15T14:54:48+00:00","dateModified":"2020-04-29T10:32:17+00:00","author":{"@id":"https:\/\/www.naturparkmagazin.de\/vdn\/#\/schema\/person\/d71357578c318b6db03be60b1f60396b"},"description":"Fr\u00fcher pilgerten nur gl\u00e4ubige Menschen, um ihrem Gott oder ihrem Glauben nahe zu kommen. Heutzutage sind die Gr\u00fcnde f\u00fcr eine Pilgerwanderung - beispielsweise im Naturpark H\u00fcmmling - sehr verschieden.","breadcrumb":{"@id":"https:\/\/www.naturparkmagazin.de\/vdn\/der-weg-ist-das-ziel-pilgern-und-wandern-im-naturpark-huemmling\/#breadcrumb"},"inLanguage":"de","potentialAction":[{"@type":"ReadAction","target":["https:\/\/www.naturparkmagazin.de\/vdn\/der-weg-ist-das-ziel-pilgern-und-wandern-im-naturpark-huemmling\/"]}]},{"@type":"BreadcrumbList","@id":"https:\/\/www.naturparkmagazin.de\/vdn\/der-weg-ist-das-ziel-pilgern-und-wandern-im-naturpark-huemmling\/#breadcrumb","itemListElement":[{"@type":"ListItem","position":1,"name":"Home","item":"https:\/\/www.naturparkmagazin.de\/vdn\/"},{"@type":"ListItem","position":2,"name":"Der Weg ist das Ziel: Pilgern und Wandern im Naturpark H\u00fcmmling"}]},{"@type":"WebSite","@id":"https:\/\/www.naturparkmagazin.de\/vdn\/#website","url":"https:\/\/www.naturparkmagazin.de\/vdn\/","name":"Verband Deutscher Naturparke","description":"Eine weitere Naturparkmagazin.de Netzwerk Seite","potentialAction":[{"@type":"SearchAction","target":{"@type":"EntryPoint","urlTemplate":"https:\/\/www.naturparkmagazin.de\/vdn\/?s={search_term_string}"},"query-input":"required name=search_term_string"}],"inLanguage":"de"},{"@type":"Person","@id":"https:\/\/www.naturparkmagazin.de\/vdn\/#\/schema\/person\/d71357578c318b6db03be60b1f60396b","name":"beatrixlosem","url":"https:\/\/www.naturparkmagazin.de\/vdn\/author\/beatrixlosem\/"}]}},"_links":{"self":[{"href":"https:\/\/www.naturparkmagazin.de\/vdn\/wp-json\/wp\/v2\/posts\/12398"}],"collection":[{"href":"https:\/\/www.naturparkmagazin.de\/vdn\/wp-json\/wp\/v2\/posts"}],"about":[{"href":"https:\/\/www.naturparkmagazin.de\/vdn\/wp-json\/wp\/v2\/types\/post"}],"author":[{"embeddable":true,"href":"https:\/\/www.naturparkmagazin.de\/vdn\/wp-json\/wp\/v2\/users\/51"}],"replies":[{"embeddable":true,"href":"https:\/\/www.naturparkmagazin.de\/vdn\/wp-json\/wp\/v2\/comments?post=12398"}],"version-history":[{"count":11,"href":"https:\/\/www.naturparkmagazin.de\/vdn\/wp-json\/wp\/v2\/posts\/12398\/revisions"}],"predecessor-version":[{"id":12467,"href":"https:\/\/www.naturparkmagazin.de\/vdn\/wp-json\/wp\/v2\/posts\/12398\/revisions\/12467"}],"wp:featuredmedia":[{"embeddable":true,"href":"https:\/\/www.naturparkmagazin.de\/vdn\/wp-json\/wp\/v2\/media\/12424"}],"wp:attachment":[{"href":"https:\/\/www.naturparkmagazin.de\/vdn\/wp-json\/wp\/v2\/media?parent=12398"}],"wp:term":[{"taxonomy":"category","embeddable":true,"href":"https:\/\/www.naturparkmagazin.de\/vdn\/wp-json\/wp\/v2\/categories?post=12398"},{"taxonomy":"post_tag","embeddable":true,"href":"https:\/\/www.naturparkmagazin.de\/vdn\/wp-json\/wp\/v2\/tags?post=12398"}],"curies":[{"name":"wp","href":"https:\/\/api.w.org\/{rel}","templated":true}]}}