{"id":12429,"date":"2020-04-30T10:42:29","date_gmt":"2020-04-30T08:42:29","guid":{"rendered":"https:\/\/www.naturparkmagazin.de\/vdn\/?p=12429"},"modified":"2020-05-14T13:27:58","modified_gmt":"2020-05-14T11:27:58","slug":"roemerbruecke","status":"publish","type":"post","link":"https:\/\/www.naturparkmagazin.de\/vdn\/roemerbruecke\/","title":{"rendered":"\u201eR\u00f6merbr\u00fccke\u201c"},"content":{"rendered":"<div id=\"attachment_12431\" style=\"width: 510px\" class=\"wp-caption alignnone\"><a href=\"https:\/\/www.naturparkmagazin.de\/vdn\/wp-content\/uploads\/sites\/3\/img-20200312-102034_B.jpg\"><img aria-describedby=\"caption-attachment-12431\" decoding=\"async\" loading=\"lazy\" class=\"size-full wp-image-12431\" src=\"https:\/\/www.naturparkmagazin.de\/vdn\/wp-content\/uploads\/sites\/3\/img-20200312-102034_B.jpg\" alt=\"\u00ae VDN \/ Uwe Liebe\" width=\"500\" height=\"300\" srcset=\"https:\/\/www.naturparkmagazin.de\/vdn\/wp-content\/uploads\/sites\/3\/img-20200312-102034_B.jpg 500w, https:\/\/www.naturparkmagazin.de\/vdn\/wp-content\/uploads\/sites\/3\/img-20200312-102034_B-300x180.jpg 300w, https:\/\/www.naturparkmagazin.de\/vdn\/wp-content\/uploads\/sites\/3\/img-20200312-102034_B-200x120.jpg 200w\" sizes=\"(max-width: 500px) 100vw, 500px\" \/><\/a><p id=\"caption-attachment-12431\" class=\"wp-caption-text\">\u00ae VDN \/ Uwe Liebe<\/p><\/div>\n<p>Fotograf Uwe Liebe \u00fcberzeugte die Jury mit seinem Gewinnerfoto aus dem Naturpark und Geopark Bergstrasse-Odenwald:<\/p>\n<p>\u201eObgleich die alte R\u00f6merbr\u00fccke bei Weinheim sicherlich nicht zu den spektakul\u00e4rsten und gewagtesten Bauwerken des Imperium Romanum gerechnet wird, z\u00e4hlt sie und die in unmittelbarer N\u00e4he wachsende, 300-j\u00e4hrige Eiche umso mehr zu den ikonographischen Motiven des Naturparks Bergstra\u00dfe-Odenwald. Im leichten Nebel eines Januarmorgens, der aus dem Raureif der Landschaft aufsteigt, gelingt es dem Fotografen diesem Motiv eine fotografische Ansicht hinzuzuf\u00fcgen, die durch den Standort der Kamera, die Komposition und die Lichtstimmung \u00fcberzeugt. Die im Hintergrund wirkende Kontrasteliminierung des Nebels legt eine zweite Ebene der Fokussierung und Freistellung auf die bildwichtigen Gegenst\u00e4nde einer Fotografie, die ohne technische \u00dcberarbeitung oder Effekte auskommt. Ihr Entstehungszeitpunkt ist der Moment des Fotografierens, nicht die Zeit der postproduction.\u201c<\/p>\n<p>Mehr tolle Fotos aus dem Naturpark und Geopark Bergstrasse-Odenwald und weiteren Natur- und Geoparken finden Sie im Fotoportal unter <a href=\"http:\/\/www.naturparkfotos.de\">www.naturparkfotos.de<\/a>.<\/p>\n<p>&nbsp;<\/p>\n<p>&nbsp;<\/p>\n","protected":false},"excerpt":{"rendered":"<p>Br\u00fccken verbinden nicht nur Menschen miteinander, oftmals liegen sie als wichtige Elemente in Wander-, Rad- und Reitwegen landschaftlich wundersch\u00f6n eingebettet oder sind \u00e4sthetisch ansprechende architektonische Meisterwerke. Wir suchten die besten Bilder von Br\u00fccken in den deutschen Naturparken und Geoparks.<\/p>\n","protected":false},"author":73,"featured_media":12430,"comment_status":"open","ping_status":"open","sticky":false,"template":"","format":"standard","meta":{"_links_to":"","_links_to_target":""},"categories":[10],"tags":[2034,2035,2033,41],"yoast_head":"<!-- This site is optimized with the Yoast SEO plugin v19.10 - https:\/\/yoast.com\/wordpress\/plugins\/seo\/ -->\n<title>\u201eR\u00f6merbr\u00fccke\u201c<\/title>\n<meta name=\"description\" content=\"Br\u00fccken verbinden nicht nur Menschen miteinander, oftmals liegen sie als wichtige Elemente in Wander-, Rad- und Reitwegen landschaftlich wundersch\u00f6n eingebettet oder sind \u00e4sthetisch ansprechende architektonische Meisterwerke. Wir suchten die besten Bilder von Br\u00fccken in den deutschen Naturparken und Geoparks.\" \/>\n<meta name=\"robots\" content=\"index, follow, max-snippet:-1, max-image-preview:large, max-video-preview:-1\" \/>\n<link rel=\"canonical\" href=\"https:\/\/www.naturparkmagazin.de\/vdn\/roemerbruecke\/\" \/>\n<meta property=\"og:locale\" content=\"de_DE\" \/>\n<meta property=\"og:type\" content=\"article\" \/>\n<meta property=\"og:title\" content=\"\u201eR\u00f6merbr\u00fccke\u201c\" \/>\n<meta property=\"og:description\" content=\"Br\u00fccken verbinden nicht nur Menschen miteinander, oftmals liegen sie als wichtige Elemente in Wander-, Rad- und Reitwegen landschaftlich wundersch\u00f6n eingebettet oder sind \u00e4sthetisch ansprechende architektonische Meisterwerke. Wir suchten die besten Bilder von Br\u00fccken in den deutschen Naturparken und Geoparks.\" \/>\n<meta property=\"og:url\" content=\"https:\/\/www.naturparkmagazin.de\/vdn\/roemerbruecke\/\" \/>\n<meta property=\"og:site_name\" content=\"Verband Deutscher Naturparke\" \/>\n<meta property=\"article:published_time\" content=\"2020-04-30T08:42:29+00:00\" \/>\n<meta property=\"article:modified_time\" content=\"2020-05-14T11:27:58+00:00\" \/>\n<meta property=\"og:image\" content=\"https:\/\/www.naturparkmagazin.de\/vdn\/wp-content\/uploads\/sites\/3\/img-20200312-102034_Bf.jpg\" \/>\n\t<meta property=\"og:image:width\" content=\"200\" \/>\n\t<meta property=\"og:image:height\" content=\"200\" \/>\n\t<meta property=\"og:image:type\" content=\"image\/jpeg\" \/>\n<meta name=\"author\" content=\"manuelamerz\" \/>\n<meta name=\"twitter:label1\" content=\"Verfasst von\" \/>\n\t<meta name=\"twitter:data1\" content=\"manuelamerz\" \/>\n\t<meta name=\"twitter:label2\" content=\"Gesch\u00e4tzte Lesezeit\" \/>\n\t<meta name=\"twitter:data2\" content=\"1\u00a0Minute\" \/>\n<script type=\"application\/ld+json\" class=\"yoast-schema-graph\">{\"@context\":\"https:\/\/schema.org\",\"@graph\":[{\"@type\":\"WebPage\",\"@id\":\"https:\/\/www.naturparkmagazin.de\/vdn\/roemerbruecke\/\",\"url\":\"https:\/\/www.naturparkmagazin.de\/vdn\/roemerbruecke\/\",\"name\":\"\u201eR\u00f6merbr\u00fccke\u201c\",\"isPartOf\":{\"@id\":\"https:\/\/www.naturparkmagazin.de\/vdn\/#website\"},\"datePublished\":\"2020-04-30T08:42:29+00:00\",\"dateModified\":\"2020-05-14T11:27:58+00:00\",\"author\":{\"@id\":\"https:\/\/www.naturparkmagazin.de\/vdn\/#\/schema\/person\/3cff9b8773ed55f0189255fa9adfd57c\"},\"description\":\"Br\u00fccken verbinden nicht nur Menschen miteinander, oftmals liegen sie als wichtige Elemente in Wander-, Rad- und Reitwegen landschaftlich wundersch\u00f6n eingebettet oder sind \u00e4sthetisch ansprechende architektonische Meisterwerke. Wir suchten die besten Bilder von Br\u00fccken in den deutschen Naturparken und Geoparks.\",\"breadcrumb\":{\"@id\":\"https:\/\/www.naturparkmagazin.de\/vdn\/roemerbruecke\/#breadcrumb\"},\"inLanguage\":\"de\",\"potentialAction\":[{\"@type\":\"ReadAction\",\"target\":[\"https:\/\/www.naturparkmagazin.de\/vdn\/roemerbruecke\/\"]}]},{\"@type\":\"BreadcrumbList\",\"@id\":\"https:\/\/www.naturparkmagazin.de\/vdn\/roemerbruecke\/#breadcrumb\",\"itemListElement\":[{\"@type\":\"ListItem\",\"position\":1,\"name\":\"Home\",\"item\":\"https:\/\/www.naturparkmagazin.de\/vdn\/\"},{\"@type\":\"ListItem\",\"position\":2,\"name\":\"\u201eR\u00f6merbr\u00fccke\u201c\"}]},{\"@type\":\"WebSite\",\"@id\":\"https:\/\/www.naturparkmagazin.de\/vdn\/#website\",\"url\":\"https:\/\/www.naturparkmagazin.de\/vdn\/\",\"name\":\"Verband Deutscher Naturparke\",\"description\":\"Eine weitere Naturparkmagazin.de Netzwerk Seite\",\"potentialAction\":[{\"@type\":\"SearchAction\",\"target\":{\"@type\":\"EntryPoint\",\"urlTemplate\":\"https:\/\/www.naturparkmagazin.de\/vdn\/?s={search_term_string}\"},\"query-input\":\"required name=search_term_string\"}],\"inLanguage\":\"de\"},{\"@type\":\"Person\",\"@id\":\"https:\/\/www.naturparkmagazin.de\/vdn\/#\/schema\/person\/3cff9b8773ed55f0189255fa9adfd57c\",\"name\":\"manuelamerz\",\"url\":\"https:\/\/www.naturparkmagazin.de\/vdn\/author\/manuelamerz\/\"}]}<\/script>\n<!-- \/ Yoast SEO plugin. -->","yoast_head_json":{"title":"\u201eR\u00f6merbr\u00fccke\u201c","description":"Br\u00fccken verbinden nicht nur Menschen miteinander, oftmals liegen sie als wichtige Elemente in Wander-, Rad- und Reitwegen landschaftlich wundersch\u00f6n eingebettet oder sind \u00e4sthetisch ansprechende architektonische Meisterwerke. Wir suchten die besten Bilder von Br\u00fccken in den deutschen Naturparken und Geoparks.","robots":{"index":"index","follow":"follow","max-snippet":"max-snippet:-1","max-image-preview":"max-image-preview:large","max-video-preview":"max-video-preview:-1"},"canonical":"https:\/\/www.naturparkmagazin.de\/vdn\/roemerbruecke\/","og_locale":"de_DE","og_type":"article","og_title":"\u201eR\u00f6merbr\u00fccke\u201c","og_description":"Br\u00fccken verbinden nicht nur Menschen miteinander, oftmals liegen sie als wichtige Elemente in Wander-, Rad- und Reitwegen landschaftlich wundersch\u00f6n eingebettet oder sind \u00e4sthetisch ansprechende architektonische Meisterwerke. Wir suchten die besten Bilder von Br\u00fccken in den deutschen Naturparken und Geoparks.","og_url":"https:\/\/www.naturparkmagazin.de\/vdn\/roemerbruecke\/","og_site_name":"Verband Deutscher Naturparke","article_published_time":"2020-04-30T08:42:29+00:00","article_modified_time":"2020-05-14T11:27:58+00:00","og_image":[{"width":200,"height":200,"url":"https:\/\/www.naturparkmagazin.de\/vdn\/wp-content\/uploads\/sites\/3\/img-20200312-102034_Bf.jpg","type":"image\/jpeg"}],"author":"manuelamerz","twitter_misc":{"Verfasst von":"manuelamerz","Gesch\u00e4tzte Lesezeit":"1\u00a0Minute"},"schema":{"@context":"https:\/\/schema.org","@graph":[{"@type":"WebPage","@id":"https:\/\/www.naturparkmagazin.de\/vdn\/roemerbruecke\/","url":"https:\/\/www.naturparkmagazin.de\/vdn\/roemerbruecke\/","name":"\u201eR\u00f6merbr\u00fccke\u201c","isPartOf":{"@id":"https:\/\/www.naturparkmagazin.de\/vdn\/#website"},"datePublished":"2020-04-30T08:42:29+00:00","dateModified":"2020-05-14T11:27:58+00:00","author":{"@id":"https:\/\/www.naturparkmagazin.de\/vdn\/#\/schema\/person\/3cff9b8773ed55f0189255fa9adfd57c"},"description":"Br\u00fccken verbinden nicht nur Menschen miteinander, oftmals liegen sie als wichtige Elemente in Wander-, Rad- und Reitwegen landschaftlich wundersch\u00f6n eingebettet oder sind \u00e4sthetisch ansprechende architektonische Meisterwerke. Wir suchten die besten Bilder von Br\u00fccken in den deutschen Naturparken und Geoparks.","breadcrumb":{"@id":"https:\/\/www.naturparkmagazin.de\/vdn\/roemerbruecke\/#breadcrumb"},"inLanguage":"de","potentialAction":[{"@type":"ReadAction","target":["https:\/\/www.naturparkmagazin.de\/vdn\/roemerbruecke\/"]}]},{"@type":"BreadcrumbList","@id":"https:\/\/www.naturparkmagazin.de\/vdn\/roemerbruecke\/#breadcrumb","itemListElement":[{"@type":"ListItem","position":1,"name":"Home","item":"https:\/\/www.naturparkmagazin.de\/vdn\/"},{"@type":"ListItem","position":2,"name":"\u201eR\u00f6merbr\u00fccke\u201c"}]},{"@type":"WebSite","@id":"https:\/\/www.naturparkmagazin.de\/vdn\/#website","url":"https:\/\/www.naturparkmagazin.de\/vdn\/","name":"Verband Deutscher Naturparke","description":"Eine weitere Naturparkmagazin.de Netzwerk Seite","potentialAction":[{"@type":"SearchAction","target":{"@type":"EntryPoint","urlTemplate":"https:\/\/www.naturparkmagazin.de\/vdn\/?s={search_term_string}"},"query-input":"required name=search_term_string"}],"inLanguage":"de"},{"@type":"Person","@id":"https:\/\/www.naturparkmagazin.de\/vdn\/#\/schema\/person\/3cff9b8773ed55f0189255fa9adfd57c","name":"manuelamerz","url":"https:\/\/www.naturparkmagazin.de\/vdn\/author\/manuelamerz\/"}]}},"_links":{"self":[{"href":"https:\/\/www.naturparkmagazin.de\/vdn\/wp-json\/wp\/v2\/posts\/12429"}],"collection":[{"href":"https:\/\/www.naturparkmagazin.de\/vdn\/wp-json\/wp\/v2\/posts"}],"about":[{"href":"https:\/\/www.naturparkmagazin.de\/vdn\/wp-json\/wp\/v2\/types\/post"}],"author":[{"embeddable":true,"href":"https:\/\/www.naturparkmagazin.de\/vdn\/wp-json\/wp\/v2\/users\/73"}],"replies":[{"embeddable":true,"href":"https:\/\/www.naturparkmagazin.de\/vdn\/wp-json\/wp\/v2\/comments?post=12429"}],"version-history":[{"count":1,"href":"https:\/\/www.naturparkmagazin.de\/vdn\/wp-json\/wp\/v2\/posts\/12429\/revisions"}],"predecessor-version":[{"id":12432,"href":"https:\/\/www.naturparkmagazin.de\/vdn\/wp-json\/wp\/v2\/posts\/12429\/revisions\/12432"}],"wp:featuredmedia":[{"embeddable":true,"href":"https:\/\/www.naturparkmagazin.de\/vdn\/wp-json\/wp\/v2\/media\/12430"}],"wp:attachment":[{"href":"https:\/\/www.naturparkmagazin.de\/vdn\/wp-json\/wp\/v2\/media?parent=12429"}],"wp:term":[{"taxonomy":"category","embeddable":true,"href":"https:\/\/www.naturparkmagazin.de\/vdn\/wp-json\/wp\/v2\/categories?post=12429"},{"taxonomy":"post_tag","embeddable":true,"href":"https:\/\/www.naturparkmagazin.de\/vdn\/wp-json\/wp\/v2\/tags?post=12429"}],"curies":[{"name":"wp","href":"https:\/\/api.w.org\/{rel}","templated":true}]}}