{"id":12474,"date":"2020-06-03T17:58:41","date_gmt":"2020-06-03T15:58:41","guid":{"rendered":"https:\/\/www.naturparkmagazin.de\/vdn\/?p=12474"},"modified":"2020-06-23T10:56:22","modified_gmt":"2020-06-23T08:56:22","slug":"naturpark-westensee","status":"publish","type":"post","link":"https:\/\/www.naturparkmagazin.de\/vdn\/naturpark-westensee\/","title":{"rendered":"Naturpark Westensee"},"content":{"rendered":"<div id=\"attachment_12540\" style=\"width: 510px\" class=\"wp-caption alignnone\"><a href=\"https:\/\/www.naturparkmagazin.de\/vdn\/wp-content\/uploads\/sites\/3\/HDH8634-epb.jpg\"><img aria-describedby=\"caption-attachment-12540\" decoding=\"async\" loading=\"lazy\" class=\"wp-image-12540 size-full\" src=\"https:\/\/www.naturparkmagazin.de\/vdn\/wp-content\/uploads\/sites\/3\/HDH8634-epb.jpg\" alt=\"\u00a9 Naturpark Westensee\" width=\"500\" height=\"300\" srcset=\"https:\/\/www.naturparkmagazin.de\/vdn\/wp-content\/uploads\/sites\/3\/HDH8634-epb.jpg 500w, https:\/\/www.naturparkmagazin.de\/vdn\/wp-content\/uploads\/sites\/3\/HDH8634-epb-300x180.jpg 300w, https:\/\/www.naturparkmagazin.de\/vdn\/wp-content\/uploads\/sites\/3\/HDH8634-epb-200x120.jpg 200w\" sizes=\"(max-width: 500px) 100vw, 500px\" \/><\/a><p id=\"caption-attachment-12540\" class=\"wp-caption-text\">Naturpark Westensee \u00a9 H. Dietrich Habbe<\/p><\/div>\n<p>&nbsp;<\/p>\n<p>Benannt wurde der Naturpark nach seinem Kernst\u00fcck, dem 7 qkm gro\u00dfen Westensee.<\/p>\n<p>Das gesamte Gebiet umfasst eine Fl\u00e4che von 250 qkm. Das Gebiet um den Westensee wurde 1970 zum Naturpark erkl\u00e4rt, weil es als kleinteilige und abwechslungsreiche Kulturlandschaft mit viel Naturn\u00e4he zum einen alle Voraussetzungen f\u00fcr ein Erholungsgebiet erf\u00fcllt und zum anderen einen wichtigen Beitrag f\u00fcr den Erhalt der biologischen Vielfalt darstellt.<\/p>\n<div id=\"attachment_12553\" style=\"width: 510px\" class=\"wp-caption alignnone\"><a href=\"https:\/\/www.naturparkmagazin.de\/vdn\/wp-content\/uploads\/sites\/3\/StegWestenseeLow_Marco-Bergnerb.jpeg\"><img aria-describedby=\"caption-attachment-12553\" decoding=\"async\" loading=\"lazy\" class=\"size-full wp-image-12553\" src=\"https:\/\/www.naturparkmagazin.de\/vdn\/wp-content\/uploads\/sites\/3\/StegWestenseeLow_Marco-Bergnerb.jpeg\" alt=\"Steg am Westensee \u00a9 Marco Bergner\" width=\"500\" height=\"300\" srcset=\"https:\/\/www.naturparkmagazin.de\/vdn\/wp-content\/uploads\/sites\/3\/StegWestenseeLow_Marco-Bergnerb.jpeg 500w, https:\/\/www.naturparkmagazin.de\/vdn\/wp-content\/uploads\/sites\/3\/StegWestenseeLow_Marco-Bergnerb-300x180.jpeg 300w, https:\/\/www.naturparkmagazin.de\/vdn\/wp-content\/uploads\/sites\/3\/StegWestenseeLow_Marco-Bergnerb-200x120.jpeg 200w\" sizes=\"(max-width: 500px) 100vw, 500px\" \/><\/a><p id=\"caption-attachment-12553\" class=\"wp-caption-text\">Steg am Westensee \u00a9 Marco Bergner<\/p><\/div>\n<p>Sanfte H\u00fcgel und T\u00e4ler, Wiesen, W\u00e4lder, Seen und Moore wechseln hier in bunter Folge miteinander ab. Das gilt f\u00fcr alle Teile, sowohl f\u00fcr das Westenseegebiet als auch f\u00fcr das Gebiet im S\u00fcden des Naturparks mit dem Warder-, Brahm-, Pohl- und dem Borgdorfer See, aber auch f\u00fcr die gro\u00dfen Moorlandschaften in Ha\u00dfmoor, Katenstedt und Sch\u00fclp bei Nortorf. Jeder dieser Landschaftsteile hat f\u00fcr sich einen eigenen Charakter, wodurch verschiedene Besucher angesprochen werden.<\/p>\n<p>Andere Teile des Naturparks, insbesondere die vielen kleinen Naturschutz- und gr\u00f6\u00dferen Landschaftsschutzgebiete bilden Zonen der Ruhe und Entspannung. Hier sind besonders sch\u00f6ne Wanderwege mit Infotafeln aufgestellt, die Ihnen helfen, die Natur und Kultur der Umgebung kennen zu lernen.<\/p>\n<p>Von der zweith\u00f6chsten Erhebung des gesamten Gebietes, dem T\u00fcteberg (88.3 m) genie\u00dfen Sie einen traumhaften Ausblick \u00fcber den Westensee bis hin nach Kiel.<\/p>\n<p>&nbsp;<\/p>\n<div id=\"attachment_12493\" style=\"width: 510px\" class=\"wp-caption alignnone\"><a href=\"https:\/\/www.naturparkmagazin.de\/vdn\/wp-content\/uploads\/sites\/3\/Blick-vom-T\u00fcteberg-Copyright_-Kittmannb.jpg\"><img aria-describedby=\"caption-attachment-12493\" decoding=\"async\" loading=\"lazy\" class=\"size-full wp-image-12493\" src=\"https:\/\/www.naturparkmagazin.de\/vdn\/wp-content\/uploads\/sites\/3\/Blick-vom-T\u00fcteberg-Copyright_-Kittmannb.jpg\" alt=\"Blick vom T\u00fcteberg \u00a9 Kittmann\" width=\"500\" height=\"300\" srcset=\"https:\/\/www.naturparkmagazin.de\/vdn\/wp-content\/uploads\/sites\/3\/Blick-vom-T\u00fcteberg-Copyright_-Kittmannb.jpg 500w, https:\/\/www.naturparkmagazin.de\/vdn\/wp-content\/uploads\/sites\/3\/Blick-vom-T\u00fcteberg-Copyright_-Kittmannb-300x180.jpg 300w, https:\/\/www.naturparkmagazin.de\/vdn\/wp-content\/uploads\/sites\/3\/Blick-vom-T\u00fcteberg-Copyright_-Kittmannb-200x120.jpg 200w\" sizes=\"(max-width: 500px) 100vw, 500px\" \/><\/a><p id=\"caption-attachment-12493\" class=\"wp-caption-text\">Blick vom T\u00fcteberg \u00a9 Kittmann<\/p><\/div>\n<p>&nbsp;<\/p>\n<p>H\u00f6chste Erhebung ist der Kieler Berg (94,0 m). Dieses direkt am Westensee gelegene Gebiet ist wohl mit einer der sch\u00f6nsten Abschnitte des ganzen Naturparks.<\/p>\n<p>Zu den hervorragenden Baudenkm\u00e4lern des Naturparks Westensee geh\u00f6ren die Herrenh\u00e4user Schierensee, Deutsch-Nienhof, Bossee und Emkendorf. Dazu kommen die mittelalterliche St.- Catharinen Kirche in Westensee und die St. Georg- und Mauritiuskirche in Flemhude. Auf Gut Emkendorf findet neben vielen anderen Konzerten zweimal j\u00e4hrlich das &#8222;Schleswig-Holstein-Musikfestival&#8220; in der Konzertscheune statt.<\/p>\n<p>&nbsp;<\/p>\n<div id=\"attachment_12494\" style=\"width: 510px\" class=\"wp-caption alignnone\"><a href=\"https:\/\/www.naturparkmagazin.de\/vdn\/wp-content\/uploads\/sites\/3\/Gut-Emkendorf-Copyright_Gut-Emkendorfb.jpg\"><img aria-describedby=\"caption-attachment-12494\" decoding=\"async\" loading=\"lazy\" class=\"size-full wp-image-12494\" src=\"https:\/\/www.naturparkmagazin.de\/vdn\/wp-content\/uploads\/sites\/3\/Gut-Emkendorf-Copyright_Gut-Emkendorfb.jpg\" alt=\"\u00a9 Gut Emkendorf \" width=\"500\" height=\"300\" srcset=\"https:\/\/www.naturparkmagazin.de\/vdn\/wp-content\/uploads\/sites\/3\/Gut-Emkendorf-Copyright_Gut-Emkendorfb.jpg 500w, https:\/\/www.naturparkmagazin.de\/vdn\/wp-content\/uploads\/sites\/3\/Gut-Emkendorf-Copyright_Gut-Emkendorfb-300x180.jpg 300w, https:\/\/www.naturparkmagazin.de\/vdn\/wp-content\/uploads\/sites\/3\/Gut-Emkendorf-Copyright_Gut-Emkendorfb-200x120.jpg 200w\" sizes=\"(max-width: 500px) 100vw, 500px\" \/><\/a><p id=\"caption-attachment-12494\" class=\"wp-caption-text\">\u00a9 Gut Emkendorf<\/p><\/div>\n<p>&nbsp;<\/p>\n<p>Die abwechslungsreiche Landschaft des Naturparks Westensee bietet allen G\u00e4sten umfangreiche M\u00f6glichkeiten der Freizeitgestaltung. Die sch\u00f6nen Seen mit ihren versteckten Badem\u00f6glichkeiten, das verzweigte Wegenetz zu Land und zu Wasser sowie die l\u00e4ndlichen Caf\u00e9s und Restaurants machen die Region f\u00fcr Wanderer, Radfahrer, Reiter oder Kanuten besonders attraktiv. Nicht zu vergessen, die vielen Angelm\u00f6glichkeiten an Auen, Fl\u00fcssen und Seen. Eine Angelbrosch\u00fcre zeigt Ihnen, welche Fische in welchen Seen zu finden sind.<\/p>\n<p>F\u00fcr kleinere Gruppen werden gef\u00fchrte Wandertouren (u.a. durch die Interessensgemeinschaft \u201eWanderbares Schleswig-Holstein\u201c oder die Zertifizierten Natur- und Landschaftsf\u00fchrer) angeboten, die Sie zu den sch\u00f6nsten Aussichtspunkten und Sehensw\u00fcrdigkeiten des Naturparks Westensee f\u00fchren. Direkt am Brahmsee finden Sie den bemerkenswerten Tierpark &#8222;Arche Warder&#8220;. Es ist heute Europas gr\u00f6\u00dfter Tierpark f\u00fcr seltene und vom Aussterben bedrohte Nutz- und Haustierrassen. Hier ist f\u00fcttern und streicheln erw\u00fcnscht!<\/p>\n<p>&nbsp;<\/p>\n<div id=\"attachment_12495\" style=\"width: 510px\" class=\"wp-caption alignnone\"><a href=\"https:\/\/www.naturparkmagazin.de\/vdn\/wp-content\/uploads\/sites\/3\/Der-Poitou-Esel-ist-die-schwerste-Eselrasse-der-Welt-Copyright_-Arche-Warderb.jpg\"><img aria-describedby=\"caption-attachment-12495\" decoding=\"async\" loading=\"lazy\" class=\"size-full wp-image-12495\" src=\"https:\/\/www.naturparkmagazin.de\/vdn\/wp-content\/uploads\/sites\/3\/Der-Poitou-Esel-ist-die-schwerste-Eselrasse-der-Welt-Copyright_-Arche-Warderb.jpg\" alt=\"Der Poitou-Esel ist die schwerste Eselrasse der Welt \u00a9 Arche Warder\" width=\"500\" height=\"300\" srcset=\"https:\/\/www.naturparkmagazin.de\/vdn\/wp-content\/uploads\/sites\/3\/Der-Poitou-Esel-ist-die-schwerste-Eselrasse-der-Welt-Copyright_-Arche-Warderb.jpg 500w, https:\/\/www.naturparkmagazin.de\/vdn\/wp-content\/uploads\/sites\/3\/Der-Poitou-Esel-ist-die-schwerste-Eselrasse-der-Welt-Copyright_-Arche-Warderb-300x180.jpg 300w, https:\/\/www.naturparkmagazin.de\/vdn\/wp-content\/uploads\/sites\/3\/Der-Poitou-Esel-ist-die-schwerste-Eselrasse-der-Welt-Copyright_-Arche-Warderb-200x120.jpg 200w\" sizes=\"(max-width: 500px) 100vw, 500px\" \/><\/a><p id=\"caption-attachment-12495\" class=\"wp-caption-text\">Der Poitou-Esel ist die schwerste Eselrasse der Welt \u00a9 Arche Warder<\/p><\/div>\n<p>&nbsp;<\/p>\n<p><strong>N\u00e4here Informationen zum Naturpark Westensee finden Sie unter \u00a0<a href=\"http:\/\/www.nwoe.de%0d\">www.nwoe.de<\/a><\/strong><\/p>\n<p>&nbsp;<\/p>\n","protected":false},"excerpt":{"rendered":"<p>In der mit seinen sanften H\u00fcgeln besonders anmutigen holsteinischen Landschaft liegt im St\u00e4dtedreieck Kiel, Rendsburg und Neum\u00fcnster der Naturpark Westensee. Inmitten dieser herrlichen Natur, in einer typisch holsteinischen Knicklandschaft, findet man pl\u00e4tschernde B\u00e4che und Fl\u00fcsse, ruhige Seen, erfrischende W\u00e4lder, gr\u00fcne Wiesen und \u00fcberschaubare Felder. Das kleinteilige Landschaftsmosaik ist ideal f\u00fcr individuelle Erlebnisse.<\/p>\n","protected":false},"author":51,"featured_media":12539,"comment_status":"open","ping_status":"open","sticky":false,"template":"","format":"standard","meta":{"_links_to":"","_links_to_target":""},"categories":[15],"tags":[2046,87,2048,2042,2049,2050,2043,1270,2041,2053,2051,2052,2045,2044,2040,2047],"yoast_head":"<!-- This site is optimized with the Yoast SEO plugin v19.10 - https:\/\/yoast.com\/wordpress\/plugins\/seo\/ -->\n<title>Naturpark Westensee<\/title>\n<meta name=\"description\" content=\"In der mit seinen sanften H\u00fcgeln besonders anmutigen holsteinischen Landschaft liegt im St\u00e4dtedreieck Kiel, Rendsburg und Neum\u00fcnster der Naturpark Westensee. Inmitten dieser herrlichen Natur, in einer typisch holsteinischen Knicklandschaft, findet man pl\u00e4tschernde B\u00e4che und Fl\u00fcsse, ruhige Seen, erfrischende W\u00e4lder, gr\u00fcne Wiesen und \u00fcberschaubare Felder. Das kleinteilige Landschaftsmosaik ist ideal f\u00fcr individuelle Erlebnisse.\" \/>\n<meta name=\"robots\" content=\"index, follow, max-snippet:-1, max-image-preview:large, max-video-preview:-1\" \/>\n<link rel=\"canonical\" href=\"https:\/\/www.naturparkmagazin.de\/vdn\/naturpark-westensee\/\" \/>\n<meta property=\"og:locale\" content=\"de_DE\" \/>\n<meta property=\"og:type\" content=\"article\" \/>\n<meta property=\"og:title\" content=\"Naturpark Westensee\" \/>\n<meta property=\"og:description\" content=\"In der mit seinen sanften H\u00fcgeln besonders anmutigen holsteinischen Landschaft liegt im St\u00e4dtedreieck Kiel, Rendsburg und Neum\u00fcnster der Naturpark Westensee. Inmitten dieser herrlichen Natur, in einer typisch holsteinischen Knicklandschaft, findet man pl\u00e4tschernde B\u00e4che und Fl\u00fcsse, ruhige Seen, erfrischende W\u00e4lder, gr\u00fcne Wiesen und \u00fcberschaubare Felder. Das kleinteilige Landschaftsmosaik ist ideal f\u00fcr individuelle Erlebnisse.\" \/>\n<meta property=\"og:url\" content=\"https:\/\/www.naturparkmagazin.de\/vdn\/naturpark-westensee\/\" \/>\n<meta property=\"og:site_name\" content=\"Verband Deutscher Naturparke\" \/>\n<meta property=\"article:published_time\" content=\"2020-06-03T15:58:41+00:00\" \/>\n<meta property=\"article:modified_time\" content=\"2020-06-23T08:56:22+00:00\" \/>\n<meta property=\"og:image\" content=\"https:\/\/www.naturparkmagazin.de\/vdn\/wp-content\/uploads\/sites\/3\/HDH8634-epbf.jpg\" \/>\n\t<meta property=\"og:image:width\" content=\"200\" \/>\n\t<meta property=\"og:image:height\" content=\"200\" \/>\n\t<meta property=\"og:image:type\" content=\"image\/jpeg\" \/>\n<meta name=\"author\" content=\"beatrixlosem\" \/>\n<meta name=\"twitter:label1\" content=\"Verfasst von\" \/>\n\t<meta name=\"twitter:data1\" content=\"beatrixlosem\" \/>\n\t<meta name=\"twitter:label2\" content=\"Gesch\u00e4tzte Lesezeit\" \/>\n\t<meta name=\"twitter:data2\" content=\"3\u00a0Minuten\" \/>\n<script type=\"application\/ld+json\" class=\"yoast-schema-graph\">{\"@context\":\"https:\/\/schema.org\",\"@graph\":[{\"@type\":\"WebPage\",\"@id\":\"https:\/\/www.naturparkmagazin.de\/vdn\/naturpark-westensee\/\",\"url\":\"https:\/\/www.naturparkmagazin.de\/vdn\/naturpark-westensee\/\",\"name\":\"Naturpark Westensee\",\"isPartOf\":{\"@id\":\"https:\/\/www.naturparkmagazin.de\/vdn\/#website\"},\"datePublished\":\"2020-06-03T15:58:41+00:00\",\"dateModified\":\"2020-06-23T08:56:22+00:00\",\"author\":{\"@id\":\"https:\/\/www.naturparkmagazin.de\/vdn\/#\/schema\/person\/d71357578c318b6db03be60b1f60396b\"},\"description\":\"In der mit seinen sanften H\u00fcgeln besonders anmutigen holsteinischen Landschaft liegt im St\u00e4dtedreieck Kiel, Rendsburg und Neum\u00fcnster der Naturpark Westensee. Inmitten dieser herrlichen Natur, in einer typisch holsteinischen Knicklandschaft, findet man pl\u00e4tschernde B\u00e4che und Fl\u00fcsse, ruhige Seen, erfrischende W\u00e4lder, gr\u00fcne Wiesen und \u00fcberschaubare Felder. Das kleinteilige Landschaftsmosaik ist ideal f\u00fcr individuelle Erlebnisse.\",\"breadcrumb\":{\"@id\":\"https:\/\/www.naturparkmagazin.de\/vdn\/naturpark-westensee\/#breadcrumb\"},\"inLanguage\":\"de\",\"potentialAction\":[{\"@type\":\"ReadAction\",\"target\":[\"https:\/\/www.naturparkmagazin.de\/vdn\/naturpark-westensee\/\"]}]},{\"@type\":\"BreadcrumbList\",\"@id\":\"https:\/\/www.naturparkmagazin.de\/vdn\/naturpark-westensee\/#breadcrumb\",\"itemListElement\":[{\"@type\":\"ListItem\",\"position\":1,\"name\":\"Home\",\"item\":\"https:\/\/www.naturparkmagazin.de\/vdn\/\"},{\"@type\":\"ListItem\",\"position\":2,\"name\":\"Naturpark Westensee\"}]},{\"@type\":\"WebSite\",\"@id\":\"https:\/\/www.naturparkmagazin.de\/vdn\/#website\",\"url\":\"https:\/\/www.naturparkmagazin.de\/vdn\/\",\"name\":\"Verband Deutscher Naturparke\",\"description\":\"Eine weitere Naturparkmagazin.de Netzwerk Seite\",\"potentialAction\":[{\"@type\":\"SearchAction\",\"target\":{\"@type\":\"EntryPoint\",\"urlTemplate\":\"https:\/\/www.naturparkmagazin.de\/vdn\/?s={search_term_string}\"},\"query-input\":\"required name=search_term_string\"}],\"inLanguage\":\"de\"},{\"@type\":\"Person\",\"@id\":\"https:\/\/www.naturparkmagazin.de\/vdn\/#\/schema\/person\/d71357578c318b6db03be60b1f60396b\",\"name\":\"beatrixlosem\",\"url\":\"https:\/\/www.naturparkmagazin.de\/vdn\/author\/beatrixlosem\/\"}]}<\/script>\n<!-- \/ Yoast SEO plugin. -->","yoast_head_json":{"title":"Naturpark Westensee","description":"In der mit seinen sanften H\u00fcgeln besonders anmutigen holsteinischen Landschaft liegt im St\u00e4dtedreieck Kiel, Rendsburg und Neum\u00fcnster der Naturpark Westensee. Inmitten dieser herrlichen Natur, in einer typisch holsteinischen Knicklandschaft, findet man pl\u00e4tschernde B\u00e4che und Fl\u00fcsse, ruhige Seen, erfrischende W\u00e4lder, gr\u00fcne Wiesen und \u00fcberschaubare Felder. Das kleinteilige Landschaftsmosaik ist ideal f\u00fcr individuelle Erlebnisse.","robots":{"index":"index","follow":"follow","max-snippet":"max-snippet:-1","max-image-preview":"max-image-preview:large","max-video-preview":"max-video-preview:-1"},"canonical":"https:\/\/www.naturparkmagazin.de\/vdn\/naturpark-westensee\/","og_locale":"de_DE","og_type":"article","og_title":"Naturpark Westensee","og_description":"In der mit seinen sanften H\u00fcgeln besonders anmutigen holsteinischen Landschaft liegt im St\u00e4dtedreieck Kiel, Rendsburg und Neum\u00fcnster der Naturpark Westensee. Inmitten dieser herrlichen Natur, in einer typisch holsteinischen Knicklandschaft, findet man pl\u00e4tschernde B\u00e4che und Fl\u00fcsse, ruhige Seen, erfrischende W\u00e4lder, gr\u00fcne Wiesen und \u00fcberschaubare Felder. Das kleinteilige Landschaftsmosaik ist ideal f\u00fcr individuelle Erlebnisse.","og_url":"https:\/\/www.naturparkmagazin.de\/vdn\/naturpark-westensee\/","og_site_name":"Verband Deutscher Naturparke","article_published_time":"2020-06-03T15:58:41+00:00","article_modified_time":"2020-06-23T08:56:22+00:00","og_image":[{"width":200,"height":200,"url":"https:\/\/www.naturparkmagazin.de\/vdn\/wp-content\/uploads\/sites\/3\/HDH8634-epbf.jpg","type":"image\/jpeg"}],"author":"beatrixlosem","twitter_misc":{"Verfasst von":"beatrixlosem","Gesch\u00e4tzte Lesezeit":"3\u00a0Minuten"},"schema":{"@context":"https:\/\/schema.org","@graph":[{"@type":"WebPage","@id":"https:\/\/www.naturparkmagazin.de\/vdn\/naturpark-westensee\/","url":"https:\/\/www.naturparkmagazin.de\/vdn\/naturpark-westensee\/","name":"Naturpark Westensee","isPartOf":{"@id":"https:\/\/www.naturparkmagazin.de\/vdn\/#website"},"datePublished":"2020-06-03T15:58:41+00:00","dateModified":"2020-06-23T08:56:22+00:00","author":{"@id":"https:\/\/www.naturparkmagazin.de\/vdn\/#\/schema\/person\/d71357578c318b6db03be60b1f60396b"},"description":"In der mit seinen sanften H\u00fcgeln besonders anmutigen holsteinischen Landschaft liegt im St\u00e4dtedreieck Kiel, Rendsburg und Neum\u00fcnster der Naturpark Westensee. Inmitten dieser herrlichen Natur, in einer typisch holsteinischen Knicklandschaft, findet man pl\u00e4tschernde B\u00e4che und Fl\u00fcsse, ruhige Seen, erfrischende W\u00e4lder, gr\u00fcne Wiesen und \u00fcberschaubare Felder. Das kleinteilige Landschaftsmosaik ist ideal f\u00fcr individuelle Erlebnisse.","breadcrumb":{"@id":"https:\/\/www.naturparkmagazin.de\/vdn\/naturpark-westensee\/#breadcrumb"},"inLanguage":"de","potentialAction":[{"@type":"ReadAction","target":["https:\/\/www.naturparkmagazin.de\/vdn\/naturpark-westensee\/"]}]},{"@type":"BreadcrumbList","@id":"https:\/\/www.naturparkmagazin.de\/vdn\/naturpark-westensee\/#breadcrumb","itemListElement":[{"@type":"ListItem","position":1,"name":"Home","item":"https:\/\/www.naturparkmagazin.de\/vdn\/"},{"@type":"ListItem","position":2,"name":"Naturpark Westensee"}]},{"@type":"WebSite","@id":"https:\/\/www.naturparkmagazin.de\/vdn\/#website","url":"https:\/\/www.naturparkmagazin.de\/vdn\/","name":"Verband Deutscher Naturparke","description":"Eine weitere Naturparkmagazin.de Netzwerk Seite","potentialAction":[{"@type":"SearchAction","target":{"@type":"EntryPoint","urlTemplate":"https:\/\/www.naturparkmagazin.de\/vdn\/?s={search_term_string}"},"query-input":"required name=search_term_string"}],"inLanguage":"de"},{"@type":"Person","@id":"https:\/\/www.naturparkmagazin.de\/vdn\/#\/schema\/person\/d71357578c318b6db03be60b1f60396b","name":"beatrixlosem","url":"https:\/\/www.naturparkmagazin.de\/vdn\/author\/beatrixlosem\/"}]}},"_links":{"self":[{"href":"https:\/\/www.naturparkmagazin.de\/vdn\/wp-json\/wp\/v2\/posts\/12474"}],"collection":[{"href":"https:\/\/www.naturparkmagazin.de\/vdn\/wp-json\/wp\/v2\/posts"}],"about":[{"href":"https:\/\/www.naturparkmagazin.de\/vdn\/wp-json\/wp\/v2\/types\/post"}],"author":[{"embeddable":true,"href":"https:\/\/www.naturparkmagazin.de\/vdn\/wp-json\/wp\/v2\/users\/51"}],"replies":[{"embeddable":true,"href":"https:\/\/www.naturparkmagazin.de\/vdn\/wp-json\/wp\/v2\/comments?post=12474"}],"version-history":[{"count":8,"href":"https:\/\/www.naturparkmagazin.de\/vdn\/wp-json\/wp\/v2\/posts\/12474\/revisions"}],"predecessor-version":[{"id":12555,"href":"https:\/\/www.naturparkmagazin.de\/vdn\/wp-json\/wp\/v2\/posts\/12474\/revisions\/12555"}],"wp:featuredmedia":[{"embeddable":true,"href":"https:\/\/www.naturparkmagazin.de\/vdn\/wp-json\/wp\/v2\/media\/12539"}],"wp:attachment":[{"href":"https:\/\/www.naturparkmagazin.de\/vdn\/wp-json\/wp\/v2\/media?parent=12474"}],"wp:term":[{"taxonomy":"category","embeddable":true,"href":"https:\/\/www.naturparkmagazin.de\/vdn\/wp-json\/wp\/v2\/categories?post=12474"},{"taxonomy":"post_tag","embeddable":true,"href":"https:\/\/www.naturparkmagazin.de\/vdn\/wp-json\/wp\/v2\/tags?post=12474"}],"curies":[{"name":"wp","href":"https:\/\/api.w.org\/{rel}","templated":true}]}}