{"id":12483,"date":"2020-05-30T18:21:05","date_gmt":"2020-05-30T16:21:05","guid":{"rendered":"https:\/\/www.naturparkmagazin.de\/vdn\/?p=12483"},"modified":"2021-03-08T14:06:59","modified_gmt":"2021-03-08T13:06:59","slug":"dinkeltarte-mit-gruenem-spargel-und-schinken","status":"publish","type":"post","link":"https:\/\/www.naturparkmagazin.de\/vdn\/dinkeltarte-mit-gruenem-spargel-und-schinken\/","title":{"rendered":"Dinkeltarte mit gr\u00fcnem Spargel und Schinken"},"content":{"rendered":"<div id=\"attachment_12526\" style=\"width: 510px\" class=\"wp-caption aligncenter\"><a href=\"https:\/\/www.naturparkmagazin.de\/vdn\/wp-content\/uploads\/sites\/3\/20200515_210057_Beitrag.jpg\"><img aria-describedby=\"caption-attachment-12526\" decoding=\"async\" loading=\"lazy\" class=\"size-full wp-image-12526\" src=\"https:\/\/www.naturparkmagazin.de\/vdn\/wp-content\/uploads\/sites\/3\/20200515_210057_Beitrag.jpg\" alt=\"Copyright: VDN\" width=\"500\" height=\"350\" srcset=\"https:\/\/www.naturparkmagazin.de\/vdn\/wp-content\/uploads\/sites\/3\/20200515_210057_Beitrag.jpg 500w, https:\/\/www.naturparkmagazin.de\/vdn\/wp-content\/uploads\/sites\/3\/20200515_210057_Beitrag-300x210.jpg 300w, https:\/\/www.naturparkmagazin.de\/vdn\/wp-content\/uploads\/sites\/3\/20200515_210057_Beitrag-200x140.jpg 200w\" sizes=\"(max-width: 500px) 100vw, 500px\" \/><\/a><p id=\"caption-attachment-12526\" class=\"wp-caption-text\">Copyright: VDN<\/p><\/div>\n<p>&nbsp;<\/p>\n<p><strong><em>Zutaten Teig:<\/em><\/strong><\/p>\n<p><em>300 g Dinkelmehl<\/em><\/p>\n<p><em>1 Tasse Oliven\u00f6l<\/em><\/p>\n<p><em>Salz, Pfeffer, Petersilie<\/em><\/p>\n<p><em>\u00a0<\/em><\/p>\n<p><strong><em>Zutaten Belag: <\/em><\/strong><\/p>\n<p><em>500 g Gr\u00fcnspargel<\/em><\/p>\n<p><em>4 bis 8 hauchd\u00fcnne Scheiben Schinken (luftgetrocknet oder leicht ger\u00e4uchert)<\/em><\/p>\n<p><em>300 g Cherrytomaten<\/em><\/p>\n<p><em>1 Packung Fertighollandaise oder nat\u00fcrlich auch selbstgemacht<\/em><\/p>\n<p>&nbsp;<\/p>\n<p><strong><em>Zubereitung: <\/em><\/strong><\/p>\n<p>Aus Mehl, Gew\u00fcrz und \u00d6l und kaltem Wasser (l\u00f6ffelweise zuf\u00fcgen) einen Teig kneten bis ein geschmeidiger Teig entsteht. Eine halbe Stunde im K\u00fchlschrank ruhen lassen.\u00a0 Ausrollen und zwei 30 cm Formen mit dem Teig auslegen oder ein Backblech oder wie ich eine 45 cm Form. Teig einstechen und bei 180 \u00b0 ca. 10 Minuten leicht vorbacken (idealerweise blindbacken mit einer Auflage von Trockenerbsen, die kann man gut verschlossen zur \u00f6fteren Verwendung aufbewahren).<\/p>\n<p>Enden des Spargels ca. 4 cm sch\u00e4len. Spitzen ca. 4 bis 5 cm lang abschneiden und beiseitelegen. Die Stangen schr\u00e4g in ca. 4 mm dicken Scheiben schneiden. Cherrytomaten waschen und vierteln.<\/p>\n<p>Schinken auf dem Teig verteilen, Spargelabschnitte und Tomaten dar\u00fcber verteilen, leicht salzen und pfeffern und mit den Spargelspitzen dekorieren und weiter in den Backofen. Nach ca. 15 Minuten die Hollandaise (nicht zu viel) auf der Tarte verteilen und nochmals 10 bis 15 Minuten backen.<\/p>\n<p>Ein Glas Schorle, Wei\u00dfwein oder ein spritziger Ros\u00e9 und raus in die Sonne mit dem Teller! Alte Gem\u00fcsesorten neu entdeckt \u2026<\/p>\n<p>&nbsp;<\/p>\n<p>Ein Rezept vom \u201eHof Sophienlust\u201c in Schierensee im Naturpark Westensee. Info: <a href=\"http:\/\/www.hofsophienlust.de\">www.hofsophienlust.de<\/a><\/p>\n<p>&nbsp;<\/p>\n<div id=\"attachment_12522\" style=\"width: 150px\" class=\"wp-caption alignnone\"><a href=\"https:\/\/www.naturparkmagazin.de\/vdn\/wp-content\/uploads\/sites\/3\/Logo-Hof-Sophienlust.jpg\"><img aria-describedby=\"caption-attachment-12522\" decoding=\"async\" loading=\"lazy\" class=\"size-full wp-image-12522\" src=\"https:\/\/www.naturparkmagazin.de\/vdn\/wp-content\/uploads\/sites\/3\/Logo-Hof-Sophienlust.jpg\" alt=\"\u00a9 Hof Sophienlust\" width=\"140\" height=\"126\" \/><\/a><p id=\"caption-attachment-12522\" class=\"wp-caption-text\">\u00a9 Hof Sophienlust<\/p><\/div>\n<p>&nbsp;<\/p>\n<p><strong>\u00a0<\/strong><\/p>\n<p><strong>\u00a0<\/strong><\/p>\n","protected":false},"excerpt":{"rendered":"<p>Der \u201eHof Sophienlust\u201c  im Naturpark Westensee gibt Menschen mit geistigen Behinderungen ein Zuhause, einen Ort zum Leben und sinnerf\u00fclltes Arbeiten. Im Hoflanden werden gesunde und biologisch\/ biologisch-dynamisch erzeugte Lebensmittel angeboten. Dazu erfreut in jedem Monat der Hof seine Kunden mit einem regionalen, saisonalen Rezept.<\/p>\n","protected":false},"author":51,"featured_media":12527,"comment_status":"open","ping_status":"open","sticky":false,"template":"","format":"standard","meta":{"_links_to":"","_links_to_target":""},"categories":[14],"tags":[2070,2041,2069,2068],"yoast_head":"<!-- This site is optimized with the Yoast SEO plugin v19.10 - https:\/\/yoast.com\/wordpress\/plugins\/seo\/ -->\n<title>Dinkeltarte mit gr\u00fcnem Spargel und Schinken<\/title>\n<meta name=\"description\" content=\"Der \u201eHof Sophienlust\u201c im Naturpark Westensee gibt Menschen mit geistigen Behinderungen ein Zuhause, einen Ort zum Leben und sinnerf\u00fclltes Arbeiten. Im Hoflanden werden gesunde und biologisch\/ biologisch-dynamisch erzeugte Lebensmittel angeboten. Dazu erfreut in jedem Monat der Hof seine Kunden mit einem regionalen, saisonalen Rezept.\" \/>\n<meta name=\"robots\" content=\"index, follow, max-snippet:-1, max-image-preview:large, max-video-preview:-1\" \/>\n<link rel=\"canonical\" href=\"https:\/\/www.naturparkmagazin.de\/vdn\/dinkeltarte-mit-gruenem-spargel-und-schinken\/\" \/>\n<meta property=\"og:locale\" content=\"de_DE\" \/>\n<meta property=\"og:type\" content=\"article\" \/>\n<meta property=\"og:title\" content=\"Dinkeltarte mit gr\u00fcnem Spargel und Schinken\" \/>\n<meta property=\"og:description\" content=\"Der \u201eHof Sophienlust\u201c im Naturpark Westensee gibt Menschen mit geistigen Behinderungen ein Zuhause, einen Ort zum Leben und sinnerf\u00fclltes Arbeiten. Im Hoflanden werden gesunde und biologisch\/ biologisch-dynamisch erzeugte Lebensmittel angeboten. Dazu erfreut in jedem Monat der Hof seine Kunden mit einem regionalen, saisonalen Rezept.\" \/>\n<meta property=\"og:url\" content=\"https:\/\/www.naturparkmagazin.de\/vdn\/dinkeltarte-mit-gruenem-spargel-und-schinken\/\" \/>\n<meta property=\"og:site_name\" content=\"Verband Deutscher Naturparke\" \/>\n<meta property=\"article:published_time\" content=\"2020-05-30T16:21:05+00:00\" \/>\n<meta property=\"article:modified_time\" content=\"2021-03-08T13:06:59+00:00\" \/>\n<meta property=\"og:image\" content=\"https:\/\/www.naturparkmagazin.de\/vdn\/wp-content\/uploads\/sites\/3\/20200515_210057_Beitragsbild.jpg\" \/>\n\t<meta property=\"og:image:width\" content=\"200\" \/>\n\t<meta property=\"og:image:height\" content=\"200\" \/>\n\t<meta property=\"og:image:type\" content=\"image\/jpeg\" \/>\n<meta name=\"author\" content=\"beatrixlosem\" \/>\n<meta name=\"twitter:label1\" content=\"Verfasst von\" \/>\n\t<meta name=\"twitter:data1\" content=\"beatrixlosem\" \/>\n\t<meta name=\"twitter:label2\" content=\"Gesch\u00e4tzte Lesezeit\" \/>\n\t<meta name=\"twitter:data2\" content=\"1\u00a0Minute\" \/>\n<script type=\"application\/ld+json\" class=\"yoast-schema-graph\">{\"@context\":\"https:\/\/schema.org\",\"@graph\":[{\"@type\":\"WebPage\",\"@id\":\"https:\/\/www.naturparkmagazin.de\/vdn\/dinkeltarte-mit-gruenem-spargel-und-schinken\/\",\"url\":\"https:\/\/www.naturparkmagazin.de\/vdn\/dinkeltarte-mit-gruenem-spargel-und-schinken\/\",\"name\":\"Dinkeltarte mit gr\u00fcnem Spargel und Schinken\",\"isPartOf\":{\"@id\":\"https:\/\/www.naturparkmagazin.de\/vdn\/#website\"},\"datePublished\":\"2020-05-30T16:21:05+00:00\",\"dateModified\":\"2021-03-08T13:06:59+00:00\",\"author\":{\"@id\":\"https:\/\/www.naturparkmagazin.de\/vdn\/#\/schema\/person\/d71357578c318b6db03be60b1f60396b\"},\"description\":\"Der \u201eHof Sophienlust\u201c im Naturpark Westensee gibt Menschen mit geistigen Behinderungen ein Zuhause, einen Ort zum Leben und sinnerf\u00fclltes Arbeiten. Im Hoflanden werden gesunde und biologisch\/ biologisch-dynamisch erzeugte Lebensmittel angeboten. Dazu erfreut in jedem Monat der Hof seine Kunden mit einem regionalen, saisonalen Rezept.\",\"breadcrumb\":{\"@id\":\"https:\/\/www.naturparkmagazin.de\/vdn\/dinkeltarte-mit-gruenem-spargel-und-schinken\/#breadcrumb\"},\"inLanguage\":\"de\",\"potentialAction\":[{\"@type\":\"ReadAction\",\"target\":[\"https:\/\/www.naturparkmagazin.de\/vdn\/dinkeltarte-mit-gruenem-spargel-und-schinken\/\"]}]},{\"@type\":\"BreadcrumbList\",\"@id\":\"https:\/\/www.naturparkmagazin.de\/vdn\/dinkeltarte-mit-gruenem-spargel-und-schinken\/#breadcrumb\",\"itemListElement\":[{\"@type\":\"ListItem\",\"position\":1,\"name\":\"Home\",\"item\":\"https:\/\/www.naturparkmagazin.de\/vdn\/\"},{\"@type\":\"ListItem\",\"position\":2,\"name\":\"Dinkeltarte mit gr\u00fcnem Spargel und Schinken\"}]},{\"@type\":\"WebSite\",\"@id\":\"https:\/\/www.naturparkmagazin.de\/vdn\/#website\",\"url\":\"https:\/\/www.naturparkmagazin.de\/vdn\/\",\"name\":\"Verband Deutscher Naturparke\",\"description\":\"Eine weitere Naturparkmagazin.de Netzwerk Seite\",\"potentialAction\":[{\"@type\":\"SearchAction\",\"target\":{\"@type\":\"EntryPoint\",\"urlTemplate\":\"https:\/\/www.naturparkmagazin.de\/vdn\/?s={search_term_string}\"},\"query-input\":\"required name=search_term_string\"}],\"inLanguage\":\"de\"},{\"@type\":\"Person\",\"@id\":\"https:\/\/www.naturparkmagazin.de\/vdn\/#\/schema\/person\/d71357578c318b6db03be60b1f60396b\",\"name\":\"beatrixlosem\",\"url\":\"https:\/\/www.naturparkmagazin.de\/vdn\/author\/beatrixlosem\/\"}]}<\/script>\n<!-- \/ Yoast SEO plugin. -->","yoast_head_json":{"title":"Dinkeltarte mit gr\u00fcnem Spargel und Schinken","description":"Der \u201eHof Sophienlust\u201c im Naturpark Westensee gibt Menschen mit geistigen Behinderungen ein Zuhause, einen Ort zum Leben und sinnerf\u00fclltes Arbeiten. Im Hoflanden werden gesunde und biologisch\/ biologisch-dynamisch erzeugte Lebensmittel angeboten. Dazu erfreut in jedem Monat der Hof seine Kunden mit einem regionalen, saisonalen Rezept.","robots":{"index":"index","follow":"follow","max-snippet":"max-snippet:-1","max-image-preview":"max-image-preview:large","max-video-preview":"max-video-preview:-1"},"canonical":"https:\/\/www.naturparkmagazin.de\/vdn\/dinkeltarte-mit-gruenem-spargel-und-schinken\/","og_locale":"de_DE","og_type":"article","og_title":"Dinkeltarte mit gr\u00fcnem Spargel und Schinken","og_description":"Der \u201eHof Sophienlust\u201c im Naturpark Westensee gibt Menschen mit geistigen Behinderungen ein Zuhause, einen Ort zum Leben und sinnerf\u00fclltes Arbeiten. Im Hoflanden werden gesunde und biologisch\/ biologisch-dynamisch erzeugte Lebensmittel angeboten. Dazu erfreut in jedem Monat der Hof seine Kunden mit einem regionalen, saisonalen Rezept.","og_url":"https:\/\/www.naturparkmagazin.de\/vdn\/dinkeltarte-mit-gruenem-spargel-und-schinken\/","og_site_name":"Verband Deutscher Naturparke","article_published_time":"2020-05-30T16:21:05+00:00","article_modified_time":"2021-03-08T13:06:59+00:00","og_image":[{"width":200,"height":200,"url":"https:\/\/www.naturparkmagazin.de\/vdn\/wp-content\/uploads\/sites\/3\/20200515_210057_Beitragsbild.jpg","type":"image\/jpeg"}],"author":"beatrixlosem","twitter_misc":{"Verfasst von":"beatrixlosem","Gesch\u00e4tzte Lesezeit":"1\u00a0Minute"},"schema":{"@context":"https:\/\/schema.org","@graph":[{"@type":"WebPage","@id":"https:\/\/www.naturparkmagazin.de\/vdn\/dinkeltarte-mit-gruenem-spargel-und-schinken\/","url":"https:\/\/www.naturparkmagazin.de\/vdn\/dinkeltarte-mit-gruenem-spargel-und-schinken\/","name":"Dinkeltarte mit gr\u00fcnem Spargel und Schinken","isPartOf":{"@id":"https:\/\/www.naturparkmagazin.de\/vdn\/#website"},"datePublished":"2020-05-30T16:21:05+00:00","dateModified":"2021-03-08T13:06:59+00:00","author":{"@id":"https:\/\/www.naturparkmagazin.de\/vdn\/#\/schema\/person\/d71357578c318b6db03be60b1f60396b"},"description":"Der \u201eHof Sophienlust\u201c im Naturpark Westensee gibt Menschen mit geistigen Behinderungen ein Zuhause, einen Ort zum Leben und sinnerf\u00fclltes Arbeiten. Im Hoflanden werden gesunde und biologisch\/ biologisch-dynamisch erzeugte Lebensmittel angeboten. Dazu erfreut in jedem Monat der Hof seine Kunden mit einem regionalen, saisonalen Rezept.","breadcrumb":{"@id":"https:\/\/www.naturparkmagazin.de\/vdn\/dinkeltarte-mit-gruenem-spargel-und-schinken\/#breadcrumb"},"inLanguage":"de","potentialAction":[{"@type":"ReadAction","target":["https:\/\/www.naturparkmagazin.de\/vdn\/dinkeltarte-mit-gruenem-spargel-und-schinken\/"]}]},{"@type":"BreadcrumbList","@id":"https:\/\/www.naturparkmagazin.de\/vdn\/dinkeltarte-mit-gruenem-spargel-und-schinken\/#breadcrumb","itemListElement":[{"@type":"ListItem","position":1,"name":"Home","item":"https:\/\/www.naturparkmagazin.de\/vdn\/"},{"@type":"ListItem","position":2,"name":"Dinkeltarte mit gr\u00fcnem Spargel und Schinken"}]},{"@type":"WebSite","@id":"https:\/\/www.naturparkmagazin.de\/vdn\/#website","url":"https:\/\/www.naturparkmagazin.de\/vdn\/","name":"Verband Deutscher Naturparke","description":"Eine weitere Naturparkmagazin.de Netzwerk Seite","potentialAction":[{"@type":"SearchAction","target":{"@type":"EntryPoint","urlTemplate":"https:\/\/www.naturparkmagazin.de\/vdn\/?s={search_term_string}"},"query-input":"required name=search_term_string"}],"inLanguage":"de"},{"@type":"Person","@id":"https:\/\/www.naturparkmagazin.de\/vdn\/#\/schema\/person\/d71357578c318b6db03be60b1f60396b","name":"beatrixlosem","url":"https:\/\/www.naturparkmagazin.de\/vdn\/author\/beatrixlosem\/"}]}},"_links":{"self":[{"href":"https:\/\/www.naturparkmagazin.de\/vdn\/wp-json\/wp\/v2\/posts\/12483"}],"collection":[{"href":"https:\/\/www.naturparkmagazin.de\/vdn\/wp-json\/wp\/v2\/posts"}],"about":[{"href":"https:\/\/www.naturparkmagazin.de\/vdn\/wp-json\/wp\/v2\/types\/post"}],"author":[{"embeddable":true,"href":"https:\/\/www.naturparkmagazin.de\/vdn\/wp-json\/wp\/v2\/users\/51"}],"replies":[{"embeddable":true,"href":"https:\/\/www.naturparkmagazin.de\/vdn\/wp-json\/wp\/v2\/comments?post=12483"}],"version-history":[{"count":6,"href":"https:\/\/www.naturparkmagazin.de\/vdn\/wp-json\/wp\/v2\/posts\/12483\/revisions"}],"predecessor-version":[{"id":12528,"href":"https:\/\/www.naturparkmagazin.de\/vdn\/wp-json\/wp\/v2\/posts\/12483\/revisions\/12528"}],"wp:featuredmedia":[{"embeddable":true,"href":"https:\/\/www.naturparkmagazin.de\/vdn\/wp-json\/wp\/v2\/media\/12527"}],"wp:attachment":[{"href":"https:\/\/www.naturparkmagazin.de\/vdn\/wp-json\/wp\/v2\/media?parent=12483"}],"wp:term":[{"taxonomy":"category","embeddable":true,"href":"https:\/\/www.naturparkmagazin.de\/vdn\/wp-json\/wp\/v2\/categories?post=12483"},{"taxonomy":"post_tag","embeddable":true,"href":"https:\/\/www.naturparkmagazin.de\/vdn\/wp-json\/wp\/v2\/tags?post=12483"}],"curies":[{"name":"wp","href":"https:\/\/api.w.org\/{rel}","templated":true}]}}