{"id":12550,"date":"2020-06-03T15:10:27","date_gmt":"2020-06-03T13:10:27","guid":{"rendered":"https:\/\/www.naturparkmagazin.de\/vdn\/?p=12550"},"modified":"2020-06-23T10:56:54","modified_gmt":"2020-06-23T08:56:54","slug":"digitale-katzensprung-abschlusskonferenz","status":"publish","type":"post","link":"https:\/\/www.naturparkmagazin.de\/vdn\/digitale-katzensprung-abschlusskonferenz\/","title":{"rendered":"Digitale Katzensprung-Abschlusskonferenz"},"content":{"rendered":"<div id=\"attachment_12552\" style=\"width: 510px\" class=\"wp-caption alignnone\"><a href=\"https:\/\/www.naturparkmagazin.de\/vdn\/wp-content\/uploads\/sites\/3\/Baumhaushotel-Sch\u00e4ferwagen-Foto-Baumhaushotel-Seem\u00fchle-2017-07-21_20.33.28_B.jpg\"><img aria-describedby=\"caption-attachment-12552\" decoding=\"async\" loading=\"lazy\" class=\"size-full wp-image-12552\" src=\"https:\/\/www.naturparkmagazin.de\/vdn\/wp-content\/uploads\/sites\/3\/Baumhaushotel-Sch\u00e4ferwagen-Foto-Baumhaushotel-Seem\u00fchle-2017-07-21_20.33.28_B.jpg\" alt=\"\u00ae Baumhaushotel Seem\u00fchle 2017\" width=\"500\" height=\"300\" srcset=\"https:\/\/www.naturparkmagazin.de\/vdn\/wp-content\/uploads\/sites\/3\/Baumhaushotel-Sch\u00e4ferwagen-Foto-Baumhaushotel-Seem\u00fchle-2017-07-21_20.33.28_B.jpg 500w, https:\/\/www.naturparkmagazin.de\/vdn\/wp-content\/uploads\/sites\/3\/Baumhaushotel-Sch\u00e4ferwagen-Foto-Baumhaushotel-Seem\u00fchle-2017-07-21_20.33.28_B-300x180.jpg 300w, https:\/\/www.naturparkmagazin.de\/vdn\/wp-content\/uploads\/sites\/3\/Baumhaushotel-Sch\u00e4ferwagen-Foto-Baumhaushotel-Seem\u00fchle-2017-07-21_20.33.28_B-200x120.jpg 200w\" sizes=\"(max-width: 500px) 100vw, 500px\" \/><\/a><p id=\"caption-attachment-12552\" class=\"wp-caption-text\">\u00ae Baumhaushotel Seem\u00fchle 2017<\/p><\/div>\n<p>Da aufgrund der Covid-19-Pandemie bedauerlicherweise die f\u00fcr den 12. Mai in Berlin geplante gro\u00dfe Abschluss-Konferenz zum Klimaschutz-Projekt \u201eKatzensprung \u2013 Kleine Wege. Gro\u00dfe Erlebnisse.\u201c abgesagt werden musste, sind die Programm-Beitr\u00e4ge seit dem 28. Mai in digitaler Form auf der Seite<a href=\"https:\/\/www.katzensprung-deutschland.de\/konferenz\" target=\"_blank\"> www.katzensprung-deutschland.de\/konferenz<\/a> abrufbar.<\/p>\n<div id=\"attachment_12554\" style=\"width: 510px\" class=\"wp-caption alignnone\"><a href=\"https:\/\/www.naturparkmagazin.de\/vdn\/wp-content\/uploads\/sites\/3\/Celien-Aktivreisen-MannFohlenquer_B.jpg\"><img aria-describedby=\"caption-attachment-12554\" decoding=\"async\" loading=\"lazy\" class=\"size-full wp-image-12554\" src=\"https:\/\/www.naturparkmagazin.de\/vdn\/wp-content\/uploads\/sites\/3\/Celien-Aktivreisen-MannFohlenquer_B.jpg\" alt=\"\u00ae Celien Aktivreisen\" width=\"500\" height=\"300\" srcset=\"https:\/\/www.naturparkmagazin.de\/vdn\/wp-content\/uploads\/sites\/3\/Celien-Aktivreisen-MannFohlenquer_B.jpg 500w, https:\/\/www.naturparkmagazin.de\/vdn\/wp-content\/uploads\/sites\/3\/Celien-Aktivreisen-MannFohlenquer_B-300x180.jpg 300w, https:\/\/www.naturparkmagazin.de\/vdn\/wp-content\/uploads\/sites\/3\/Celien-Aktivreisen-MannFohlenquer_B-200x120.jpg 200w\" sizes=\"(max-width: 500px) 100vw, 500px\" \/><\/a><p id=\"caption-attachment-12554\" class=\"wp-caption-text\">\u00ae Celien Aktivreisen<\/p><\/div>\n<p>Hier treffen prominente Redner auf Leuchtturmprojekte aus drei Jahren Katzensprung-Erfahrung. Eine Videobotschaft der Bundesumweltministerin Svenja Schulze er\u00f6ffnet die digitale Konferenz, die beweist: Die wertvollen Inhalte verlieren ihre Bedeutung angesichts der Corona-Krise nicht. Ganz im Gegenteil: Klimaschutz muss weiterhin gelebt werden!<\/p>\n<p>Im Projekt \u201eKatzensprung \u2013 Kleine Wege. Gro\u00dfe Erlebnisse.\u201c hat der Verband Deutscher Naturparke gemeinsam mit seinen Partnern COMPASS GmbH, fairkehr Verlags GmbH und tippingpoints GmbH zehn Modell-Naturparke ausgew\u00e4hlt und dort Angebote im klimaschonenden und nachhaltigen Tourismus analysiert. In f\u00fcnf dieser zehn Naturparke wurde gemeinsam mit den Mitarbeiter*innen der Naturparke und ihren Partnern aus dem Tourismus an der Weiterentwicklung klimaschonender touristischer Angebote gearbeitet.<\/p>\n<div id=\"attachment_12556\" style=\"width: 510px\" class=\"wp-caption alignnone\"><a href=\"https:\/\/www.naturparkmagazin.de\/vdn\/wp-content\/uploads\/sites\/3\/Kenners-Landlust-Haus_mit_Blumen-Foto-Biohotel-Kenners-LandLust_B.jpg\"><img aria-describedby=\"caption-attachment-12556\" decoding=\"async\" loading=\"lazy\" class=\"size-full wp-image-12556\" src=\"https:\/\/www.naturparkmagazin.de\/vdn\/wp-content\/uploads\/sites\/3\/Kenners-Landlust-Haus_mit_Blumen-Foto-Biohotel-Kenners-LandLust_B.jpg\" alt=\"\u00ae Biohotel Kenners LandLust\" width=\"500\" height=\"300\" srcset=\"https:\/\/www.naturparkmagazin.de\/vdn\/wp-content\/uploads\/sites\/3\/Kenners-Landlust-Haus_mit_Blumen-Foto-Biohotel-Kenners-LandLust_B.jpg 500w, https:\/\/www.naturparkmagazin.de\/vdn\/wp-content\/uploads\/sites\/3\/Kenners-Landlust-Haus_mit_Blumen-Foto-Biohotel-Kenners-LandLust_B-300x180.jpg 300w, https:\/\/www.naturparkmagazin.de\/vdn\/wp-content\/uploads\/sites\/3\/Kenners-Landlust-Haus_mit_Blumen-Foto-Biohotel-Kenners-LandLust_B-200x120.jpg 200w\" sizes=\"(max-width: 500px) 100vw, 500px\" \/><\/a><p id=\"caption-attachment-12556\" class=\"wp-caption-text\">\u00ae Biohotel Kenners LandLust<\/p><\/div>\n<p>In den Videobeitr\u00e4gen und Pr\u00e4sentationen stehen daher Fragen wie \u201eWie gelingt die Vermittlung attraktiver, nahegelegener Reiseziele, die mit geringerem Aufwand und weniger CO<sub>2<\/sub>-Emissionen erreichbar sind?\u201c oder \u201eWie kann die Zielgruppe bestm\u00f6glich angesprochen und durch attraktive touristische Angebote beispielsweise f\u00fcr eine m\u00f6glichst umweltfreundliche An- und Abreise gewonnen werden?\u201c im Fokus.<\/p>\n<p>Lassen Sie sich durch die Beitr\u00e4ge von VDN-Pr\u00e4sident Friedel Heuwinkel und Ulrich K\u00f6ster, VDN-Gesch\u00e4ftsf\u00fchrer, sowie hochkar\u00e4tige Referentinnen und Referenten wie Stefan G\u00f6ssling, Professor f\u00fcr nachhaltigen Tourismus und nachhaltige Mobilit\u00e4t; Christo Foerster; Motivationstrainer und Autor; \u201ebravebird\u201c-Bloggerin Ute Kranz sowie nat\u00fcrlich die beteiligten Modell-Naturparke und touristischen \u201cKatzensprung-Leuchtt\u00fcrme\u201c inspirieren!<\/p>\n<div id=\"attachment_12557\" style=\"width: 510px\" class=\"wp-caption alignnone\"><a href=\"https:\/\/www.naturparkmagazin.de\/vdn\/wp-content\/uploads\/sites\/3\/Saarland_Cloefhaenge_Copy_Martin_Hager_B.jpg\"><img aria-describedby=\"caption-attachment-12557\" decoding=\"async\" loading=\"lazy\" class=\"size-full wp-image-12557\" src=\"https:\/\/www.naturparkmagazin.de\/vdn\/wp-content\/uploads\/sites\/3\/Saarland_Cloefhaenge_Copy_Martin_Hager_B.jpg\" alt=\"\u00ae Martin_Hager\" width=\"500\" height=\"333\" srcset=\"https:\/\/www.naturparkmagazin.de\/vdn\/wp-content\/uploads\/sites\/3\/Saarland_Cloefhaenge_Copy_Martin_Hager_B.jpg 500w, https:\/\/www.naturparkmagazin.de\/vdn\/wp-content\/uploads\/sites\/3\/Saarland_Cloefhaenge_Copy_Martin_Hager_B-300x200.jpg 300w, https:\/\/www.naturparkmagazin.de\/vdn\/wp-content\/uploads\/sites\/3\/Saarland_Cloefhaenge_Copy_Martin_Hager_B-200x133.jpg 200w\" sizes=\"(max-width: 500px) 100vw, 500px\" \/><\/a><p id=\"caption-attachment-12557\" class=\"wp-caption-text\">\u00ae Martin_Hager<\/p><\/div>\n<p>Auf der Seite <a href=\"http:\/\/www.katzensprung-deutschland.de\">www.katzensprung-deutschland.de<\/a> finden Sie \u00fcber 50 klimaschonende Angebote \u2013 f\u00fcr ungew\u00f6hnliche \u00dcbernachtungen, spannende Reiseerlebnisse, k\u00f6stliches Essen und vielf\u00e4ltige Mobilit\u00e4tsangebote &#8211; f\u00fcr den perfekten Urlaub in Deutschland!<\/p>\n<p>Gef\u00f6rdert wurde das Projekt von Juni 2017 bis Mai 2020 vom Bundesministerium f\u00fcr Umwelt, Naturschutz und nukleare Sicherheit aufgrund eines Beschlusses des deutschen Bundestages im Rahmen des F\u00f6rderprogramms f\u00fcr innovative Klimaschutz-Einzelprojekte der Nationalen Klimaschutzinitiative (NKI).<\/p>\n<p>&nbsp;<\/p>\n<p>&gt;&gt; <a href=\"https:\/\/www.naturparke.de\/fileadmin\/files\/public\/Aktuelles\/Pressemitteilungen_pdf\/PM_Katzensprung_digitaleKonferenz_final_fuer_VDN.pdf\" target=\"_blank\"><strong>Hier<\/strong><\/a> k\u00f6nnen Sie die Pressemitteilung anschauen<\/p>\n<p>&gt;&gt; <strong><a href=\"https:\/\/www.katzensprung-deutschland.de\/konferenz\" target=\"_blank\">Hier<\/a><\/strong> geht\u00b4s zur Abschluss-Konferenz zum Klimaschutz-Projekt \u201eKatzensprung \u2013 Kleine Wege. Gro\u00dfe Erlebnisse.\u201c<\/p>\n<p>&nbsp;<\/p>\n<p>&nbsp;<\/p>\n","protected":false},"excerpt":{"rendered":"<p>Angesichts der Corona-Krise konnte die f\u00fcr den 12. Mai in Berlin geplante gro\u00dfe Abschlusskonferenz zum Klimaschutz-Projekt \u201eKatzensprung \u2013 Kleine Wege. Gro\u00dfe Erlebnisse.\u201c nicht stattfinden und steht nun digital zur Verf\u00fcgung.<\/p>\n","protected":false},"author":73,"featured_media":12551,"comment_status":"open","ping_status":"open","sticky":false,"template":"","format":"standard","meta":{"_links_to":"","_links_to_target":""},"categories":[7],"tags":[2076,2077,1218,1297,2078,41,1446],"yoast_head":"<!-- This site is optimized with the Yoast SEO plugin v19.10 - https:\/\/yoast.com\/wordpress\/plugins\/seo\/ -->\n<title>Digitale Katzensprung-Abschlusskonferenz<\/title>\n<meta name=\"description\" content=\"Angesichts der Corona-Krise konnte die f\u00fcr den 12. Mai in Berlin geplante gro\u00dfe Abschlusskonferenz zum Klimaschutz-Projekt \u201eKatzensprung \u2013 Kleine Wege. Gro\u00dfe Erlebnisse.\u201c nicht stattfinden und steht nun digital zur Verf\u00fcgung.\" \/>\n<meta name=\"robots\" content=\"index, follow, max-snippet:-1, max-image-preview:large, max-video-preview:-1\" \/>\n<link rel=\"canonical\" href=\"https:\/\/www.naturparkmagazin.de\/vdn\/digitale-katzensprung-abschlusskonferenz\/\" \/>\n<meta property=\"og:locale\" content=\"de_DE\" \/>\n<meta property=\"og:type\" content=\"article\" \/>\n<meta property=\"og:title\" content=\"Digitale Katzensprung-Abschlusskonferenz\" \/>\n<meta property=\"og:description\" content=\"Angesichts der Corona-Krise konnte die f\u00fcr den 12. Mai in Berlin geplante gro\u00dfe Abschlusskonferenz zum Klimaschutz-Projekt \u201eKatzensprung \u2013 Kleine Wege. Gro\u00dfe Erlebnisse.\u201c nicht stattfinden und steht nun digital zur Verf\u00fcgung.\" \/>\n<meta property=\"og:url\" content=\"https:\/\/www.naturparkmagazin.de\/vdn\/digitale-katzensprung-abschlusskonferenz\/\" \/>\n<meta property=\"og:site_name\" content=\"Verband Deutscher Naturparke\" \/>\n<meta property=\"article:published_time\" content=\"2020-06-03T13:10:27+00:00\" \/>\n<meta property=\"article:modified_time\" content=\"2020-06-23T08:56:54+00:00\" \/>\n<meta property=\"og:image\" content=\"https:\/\/www.naturparkmagazin.de\/vdn\/wp-content\/uploads\/sites\/3\/Baumhaushotel-Sch\u00e4ferwagen-Foto-Baumhaushotel-Seem\u00fchle-2017-07-21_20.33.28_Bf.jpg\" \/>\n\t<meta property=\"og:image:width\" content=\"200\" \/>\n\t<meta property=\"og:image:height\" content=\"200\" \/>\n\t<meta property=\"og:image:type\" content=\"image\/jpeg\" \/>\n<meta name=\"author\" content=\"manuelamerz\" \/>\n<meta name=\"twitter:label1\" content=\"Verfasst von\" \/>\n\t<meta name=\"twitter:data1\" content=\"manuelamerz\" \/>\n\t<meta name=\"twitter:label2\" content=\"Gesch\u00e4tzte Lesezeit\" \/>\n\t<meta name=\"twitter:data2\" content=\"2\u00a0Minuten\" \/>\n<script type=\"application\/ld+json\" class=\"yoast-schema-graph\">{\"@context\":\"https:\/\/schema.org\",\"@graph\":[{\"@type\":\"WebPage\",\"@id\":\"https:\/\/www.naturparkmagazin.de\/vdn\/digitale-katzensprung-abschlusskonferenz\/\",\"url\":\"https:\/\/www.naturparkmagazin.de\/vdn\/digitale-katzensprung-abschlusskonferenz\/\",\"name\":\"Digitale Katzensprung-Abschlusskonferenz\",\"isPartOf\":{\"@id\":\"https:\/\/www.naturparkmagazin.de\/vdn\/#website\"},\"datePublished\":\"2020-06-03T13:10:27+00:00\",\"dateModified\":\"2020-06-23T08:56:54+00:00\",\"author\":{\"@id\":\"https:\/\/www.naturparkmagazin.de\/vdn\/#\/schema\/person\/3cff9b8773ed55f0189255fa9adfd57c\"},\"description\":\"Angesichts der Corona-Krise konnte die f\u00fcr den 12. Mai in Berlin geplante gro\u00dfe Abschlusskonferenz zum Klimaschutz-Projekt \u201eKatzensprung \u2013 Kleine Wege. Gro\u00dfe Erlebnisse.\u201c nicht stattfinden und steht nun digital zur Verf\u00fcgung.\",\"breadcrumb\":{\"@id\":\"https:\/\/www.naturparkmagazin.de\/vdn\/digitale-katzensprung-abschlusskonferenz\/#breadcrumb\"},\"inLanguage\":\"de\",\"potentialAction\":[{\"@type\":\"ReadAction\",\"target\":[\"https:\/\/www.naturparkmagazin.de\/vdn\/digitale-katzensprung-abschlusskonferenz\/\"]}]},{\"@type\":\"BreadcrumbList\",\"@id\":\"https:\/\/www.naturparkmagazin.de\/vdn\/digitale-katzensprung-abschlusskonferenz\/#breadcrumb\",\"itemListElement\":[{\"@type\":\"ListItem\",\"position\":1,\"name\":\"Home\",\"item\":\"https:\/\/www.naturparkmagazin.de\/vdn\/\"},{\"@type\":\"ListItem\",\"position\":2,\"name\":\"Digitale Katzensprung-Abschlusskonferenz\"}]},{\"@type\":\"WebSite\",\"@id\":\"https:\/\/www.naturparkmagazin.de\/vdn\/#website\",\"url\":\"https:\/\/www.naturparkmagazin.de\/vdn\/\",\"name\":\"Verband Deutscher Naturparke\",\"description\":\"Eine weitere Naturparkmagazin.de Netzwerk Seite\",\"potentialAction\":[{\"@type\":\"SearchAction\",\"target\":{\"@type\":\"EntryPoint\",\"urlTemplate\":\"https:\/\/www.naturparkmagazin.de\/vdn\/?s={search_term_string}\"},\"query-input\":\"required name=search_term_string\"}],\"inLanguage\":\"de\"},{\"@type\":\"Person\",\"@id\":\"https:\/\/www.naturparkmagazin.de\/vdn\/#\/schema\/person\/3cff9b8773ed55f0189255fa9adfd57c\",\"name\":\"manuelamerz\",\"url\":\"https:\/\/www.naturparkmagazin.de\/vdn\/author\/manuelamerz\/\"}]}<\/script>\n<!-- \/ Yoast SEO plugin. -->","yoast_head_json":{"title":"Digitale Katzensprung-Abschlusskonferenz","description":"Angesichts der Corona-Krise konnte die f\u00fcr den 12. Mai in Berlin geplante gro\u00dfe Abschlusskonferenz zum Klimaschutz-Projekt \u201eKatzensprung \u2013 Kleine Wege. Gro\u00dfe Erlebnisse.\u201c nicht stattfinden und steht nun digital zur Verf\u00fcgung.","robots":{"index":"index","follow":"follow","max-snippet":"max-snippet:-1","max-image-preview":"max-image-preview:large","max-video-preview":"max-video-preview:-1"},"canonical":"https:\/\/www.naturparkmagazin.de\/vdn\/digitale-katzensprung-abschlusskonferenz\/","og_locale":"de_DE","og_type":"article","og_title":"Digitale Katzensprung-Abschlusskonferenz","og_description":"Angesichts der Corona-Krise konnte die f\u00fcr den 12. Mai in Berlin geplante gro\u00dfe Abschlusskonferenz zum Klimaschutz-Projekt \u201eKatzensprung \u2013 Kleine Wege. Gro\u00dfe Erlebnisse.\u201c nicht stattfinden und steht nun digital zur Verf\u00fcgung.","og_url":"https:\/\/www.naturparkmagazin.de\/vdn\/digitale-katzensprung-abschlusskonferenz\/","og_site_name":"Verband Deutscher Naturparke","article_published_time":"2020-06-03T13:10:27+00:00","article_modified_time":"2020-06-23T08:56:54+00:00","og_image":[{"width":200,"height":200,"url":"https:\/\/www.naturparkmagazin.de\/vdn\/wp-content\/uploads\/sites\/3\/Baumhaushotel-Sch\u00e4ferwagen-Foto-Baumhaushotel-Seem\u00fchle-2017-07-21_20.33.28_Bf.jpg","type":"image\/jpeg"}],"author":"manuelamerz","twitter_misc":{"Verfasst von":"manuelamerz","Gesch\u00e4tzte Lesezeit":"2\u00a0Minuten"},"schema":{"@context":"https:\/\/schema.org","@graph":[{"@type":"WebPage","@id":"https:\/\/www.naturparkmagazin.de\/vdn\/digitale-katzensprung-abschlusskonferenz\/","url":"https:\/\/www.naturparkmagazin.de\/vdn\/digitale-katzensprung-abschlusskonferenz\/","name":"Digitale Katzensprung-Abschlusskonferenz","isPartOf":{"@id":"https:\/\/www.naturparkmagazin.de\/vdn\/#website"},"datePublished":"2020-06-03T13:10:27+00:00","dateModified":"2020-06-23T08:56:54+00:00","author":{"@id":"https:\/\/www.naturparkmagazin.de\/vdn\/#\/schema\/person\/3cff9b8773ed55f0189255fa9adfd57c"},"description":"Angesichts der Corona-Krise konnte die f\u00fcr den 12. Mai in Berlin geplante gro\u00dfe Abschlusskonferenz zum Klimaschutz-Projekt \u201eKatzensprung \u2013 Kleine Wege. Gro\u00dfe Erlebnisse.\u201c nicht stattfinden und steht nun digital zur Verf\u00fcgung.","breadcrumb":{"@id":"https:\/\/www.naturparkmagazin.de\/vdn\/digitale-katzensprung-abschlusskonferenz\/#breadcrumb"},"inLanguage":"de","potentialAction":[{"@type":"ReadAction","target":["https:\/\/www.naturparkmagazin.de\/vdn\/digitale-katzensprung-abschlusskonferenz\/"]}]},{"@type":"BreadcrumbList","@id":"https:\/\/www.naturparkmagazin.de\/vdn\/digitale-katzensprung-abschlusskonferenz\/#breadcrumb","itemListElement":[{"@type":"ListItem","position":1,"name":"Home","item":"https:\/\/www.naturparkmagazin.de\/vdn\/"},{"@type":"ListItem","position":2,"name":"Digitale Katzensprung-Abschlusskonferenz"}]},{"@type":"WebSite","@id":"https:\/\/www.naturparkmagazin.de\/vdn\/#website","url":"https:\/\/www.naturparkmagazin.de\/vdn\/","name":"Verband Deutscher Naturparke","description":"Eine weitere Naturparkmagazin.de Netzwerk Seite","potentialAction":[{"@type":"SearchAction","target":{"@type":"EntryPoint","urlTemplate":"https:\/\/www.naturparkmagazin.de\/vdn\/?s={search_term_string}"},"query-input":"required name=search_term_string"}],"inLanguage":"de"},{"@type":"Person","@id":"https:\/\/www.naturparkmagazin.de\/vdn\/#\/schema\/person\/3cff9b8773ed55f0189255fa9adfd57c","name":"manuelamerz","url":"https:\/\/www.naturparkmagazin.de\/vdn\/author\/manuelamerz\/"}]}},"_links":{"self":[{"href":"https:\/\/www.naturparkmagazin.de\/vdn\/wp-json\/wp\/v2\/posts\/12550"}],"collection":[{"href":"https:\/\/www.naturparkmagazin.de\/vdn\/wp-json\/wp\/v2\/posts"}],"about":[{"href":"https:\/\/www.naturparkmagazin.de\/vdn\/wp-json\/wp\/v2\/types\/post"}],"author":[{"embeddable":true,"href":"https:\/\/www.naturparkmagazin.de\/vdn\/wp-json\/wp\/v2\/users\/73"}],"replies":[{"embeddable":true,"href":"https:\/\/www.naturparkmagazin.de\/vdn\/wp-json\/wp\/v2\/comments?post=12550"}],"version-history":[{"count":4,"href":"https:\/\/www.naturparkmagazin.de\/vdn\/wp-json\/wp\/v2\/posts\/12550\/revisions"}],"predecessor-version":[{"id":12570,"href":"https:\/\/www.naturparkmagazin.de\/vdn\/wp-json\/wp\/v2\/posts\/12550\/revisions\/12570"}],"wp:featuredmedia":[{"embeddable":true,"href":"https:\/\/www.naturparkmagazin.de\/vdn\/wp-json\/wp\/v2\/media\/12551"}],"wp:attachment":[{"href":"https:\/\/www.naturparkmagazin.de\/vdn\/wp-json\/wp\/v2\/media?parent=12550"}],"wp:term":[{"taxonomy":"category","embeddable":true,"href":"https:\/\/www.naturparkmagazin.de\/vdn\/wp-json\/wp\/v2\/categories?post=12550"},{"taxonomy":"post_tag","embeddable":true,"href":"https:\/\/www.naturparkmagazin.de\/vdn\/wp-json\/wp\/v2\/tags?post=12550"}],"curies":[{"name":"wp","href":"https:\/\/api.w.org\/{rel}","templated":true}]}}