{"id":12617,"date":"2020-06-30T14:04:43","date_gmt":"2020-06-30T12:04:43","guid":{"rendered":"https:\/\/www.naturparkmagazin.de\/vdn\/?p=12617"},"modified":"2020-07-14T11:11:04","modified_gmt":"2020-07-14T09:11:04","slug":"sternenpark-wochen-in-der-rhoen","status":"publish","type":"post","link":"https:\/\/www.naturparkmagazin.de\/vdn\/sternenpark-wochen-in-der-rhoen\/","title":{"rendered":"Sternenpark-Wochen in der Rh\u00f6n"},"content":{"rendered":"<div id=\"attachment_12619\" style=\"width: 510px\" class=\"wp-caption alignnone\"><a href=\"https:\/\/www.naturparkmagazin.de\/vdn\/wp-content\/uploads\/sites\/3\/Nachthimmel-Dr-Andreas-Haenel_B.jpg\"><img aria-describedby=\"caption-attachment-12619\" decoding=\"async\" loading=\"lazy\" class=\"size-full wp-image-12619\" src=\"https:\/\/www.naturparkmagazin.de\/vdn\/wp-content\/uploads\/sites\/3\/Nachthimmel-Dr-Andreas-Haenel_B.jpg\" alt=\"Nachthimmel \u00a9 Dr Andreas Haenel\" width=\"500\" height=\"300\" srcset=\"https:\/\/www.naturparkmagazin.de\/vdn\/wp-content\/uploads\/sites\/3\/Nachthimmel-Dr-Andreas-Haenel_B.jpg 500w, https:\/\/www.naturparkmagazin.de\/vdn\/wp-content\/uploads\/sites\/3\/Nachthimmel-Dr-Andreas-Haenel_B-300x180.jpg 300w, https:\/\/www.naturparkmagazin.de\/vdn\/wp-content\/uploads\/sites\/3\/Nachthimmel-Dr-Andreas-Haenel_B-200x120.jpg 200w\" sizes=\"(max-width: 500px) 100vw, 500px\" \/><\/a><p id=\"caption-attachment-12619\" class=\"wp-caption-text\">Nachthimmel \u00a9 Dr Andreas Haenel<\/p><\/div>\n<p>Nicht nur bei Tageslicht beeindruckt die Rh\u00f6n als Land der offenen Fernen, sondern gerade auch bei Nacht. Im Zentrum Deutschlands gelegen und mit einer relativ d\u00fcnnen Besiedlung, kann man hier noch nat\u00fcrliche Nachtlandschaften mit einem sternreichen Himmel erleben, die bei Tagesende mit der blauen Stunde beginnt. So sind in klaren mondlosen N\u00e4chten einige tausend Sterne, die Milchstra\u00dfe, das Zodiakallicht und andere schwache Himmelsobjekte sichtbar. Aber auch Mondn\u00e4chte beeindrucken den Beobachter, denn der schwache silbrige Schein legt sich wie ein Schleier \u00fcber die n\u00e4chtliche H\u00fcgellandschaft.<\/p>\n<p>Was ist ein Stern, was ein Planet und warum zeigt der Polarstern immer nach Norden? Warum ist der Gro\u00dfe Wagen eigentlich eine B\u00e4rin und wo ist der Mond bei Neumond? Das kann man in der Rh\u00f6n bei F\u00fchrungen, auf ausgewiesenen Sternenguckpl\u00e4tzen, einer astronomischen Beobachtungsplattform und in Hessen auf f\u00fcnf Himmelsschaupl\u00e4tzen erfahren.<\/p>\n<p>&nbsp;<\/p>\n<div id=\"attachment_12621\" style=\"width: 510px\" class=\"wp-caption alignnone\"><a href=\"https:\/\/www.naturparkmagazin.de\/vdn\/wp-content\/uploads\/sites\/3\/Polarsternfinder_Anna-Lena_Bieneck_B.jpg\"><img aria-describedby=\"caption-attachment-12621\" decoding=\"async\" loading=\"lazy\" class=\"size-full wp-image-12621\" src=\"https:\/\/www.naturparkmagazin.de\/vdn\/wp-content\/uploads\/sites\/3\/Polarsternfinder_Anna-Lena_Bieneck_B.jpg\" alt=\"Polarsternfinder \u00a9 Anna-Lena Bieneck\" width=\"500\" height=\"300\" srcset=\"https:\/\/www.naturparkmagazin.de\/vdn\/wp-content\/uploads\/sites\/3\/Polarsternfinder_Anna-Lena_Bieneck_B.jpg 500w, https:\/\/www.naturparkmagazin.de\/vdn\/wp-content\/uploads\/sites\/3\/Polarsternfinder_Anna-Lena_Bieneck_B-300x180.jpg 300w, https:\/\/www.naturparkmagazin.de\/vdn\/wp-content\/uploads\/sites\/3\/Polarsternfinder_Anna-Lena_Bieneck_B-200x120.jpg 200w\" sizes=\"(max-width: 500px) 100vw, 500px\" \/><\/a><p id=\"caption-attachment-12621\" class=\"wp-caption-text\">Polarsternfinder \u00a9 Anna-Lena Bieneck<\/p><\/div>\n<p>Getreu dem Motto &#8222;Licht aus, Sterne an&#8220; dreht sich in der Rh\u00f6n vom 1. Bis 15. August w\u00e4hrend der \u201eSternenparkwochen\u201c alles um Sterne, Planeten und die Milchstra\u00dfe. Wer ein ganz besonderes Erlebnis sucht, sollte sich die Angebote nicht entgehen lassen. Weitere Infos: <a href=\"https:\/\/www.rhoen.de\/themenwelten\/sternenpark-rhoen\/32101.Licht-aus-Sterne-an---Sternenparkwochen-in-der-Rhoen.html\">https:\/\/www.rhoen.de\/themenwelten\/sternenpark-rhoen\/32101.Licht-aus-Sterne-an&#8212;Sternenparkwochen-in-der-Rhoen.html<\/a><\/p>\n<p>Wer bereits schon vorher den Sternenpark erkunden m\u00f6chte, kann zum Beispiel eine Wanderung mit einem Ausflug zu einem der f\u00fcnf Himmelsschaupl\u00e4tze verbinden oder an einer Sternenf\u00fchrung teilnehmen. Weitere Infos: <a href=\"http:\/\/www.sternenpark-rhoen.de\">www.sternenpark-rhoen.de<\/a><\/p>\n<p>&nbsp;<\/p>\n<div id=\"attachment_12614\" style=\"width: 510px\" class=\"wp-caption alignnone\"><a href=\"https:\/\/www.naturparkmagazin.de\/vdn\/wp-content\/uploads\/sites\/3\/Sternenf\u00fchrung-Alexander-Mengel_B.jpg\"><img aria-describedby=\"caption-attachment-12614\" decoding=\"async\" loading=\"lazy\" class=\"size-full wp-image-12614\" src=\"https:\/\/www.naturparkmagazin.de\/vdn\/wp-content\/uploads\/sites\/3\/Sternenf\u00fchrung-Alexander-Mengel_B.jpg\" alt=\"Sternenf\u00fchrung  \u00a9 Alexander Mengel\" width=\"500\" height=\"300\" srcset=\"https:\/\/www.naturparkmagazin.de\/vdn\/wp-content\/uploads\/sites\/3\/Sternenf\u00fchrung-Alexander-Mengel_B.jpg 500w, https:\/\/www.naturparkmagazin.de\/vdn\/wp-content\/uploads\/sites\/3\/Sternenf\u00fchrung-Alexander-Mengel_B-300x180.jpg 300w, https:\/\/www.naturparkmagazin.de\/vdn\/wp-content\/uploads\/sites\/3\/Sternenf\u00fchrung-Alexander-Mengel_B-200x120.jpg 200w\" sizes=\"(max-width: 500px) 100vw, 500px\" \/><\/a><p id=\"caption-attachment-12614\" class=\"wp-caption-text\">Sternenf\u00fchrung \u00a9 Alexander Mengel<\/p><\/div>\n","protected":false},"excerpt":{"rendered":"<p>Nicht nur bei Tageslicht beeindruckt die Rh\u00f6n als Land der offenen Fernen, auch nachts kann man hier noch nat\u00fcrliche Nachtlandschaften mit einem sternreichen Himmel erleben<\/p>\n","protected":false},"author":73,"featured_media":12618,"comment_status":"open","ping_status":"open","sticky":false,"template":"","format":"standard","meta":{"_links_to":"","_links_to_target":""},"categories":[617],"tags":[2114,2104,2112,2097,2115,2116,2113,2111],"yoast_head":"<!-- This site is optimized with the Yoast SEO plugin v19.10 - https:\/\/yoast.com\/wordpress\/plugins\/seo\/ -->\n<title>Sternenpark-Wochen in der Rh\u00f6n<\/title>\n<meta name=\"description\" content=\"Nicht nur bei Tageslicht beeindruckt die Rh\u00f6n als Land der offenen Fernen, auch nachts kann man hier noch nat\u00fcrliche Nachtlandschaften mit einem sternreichen Himmel erleben\" \/>\n<meta name=\"robots\" content=\"index, follow, max-snippet:-1, max-image-preview:large, max-video-preview:-1\" \/>\n<link rel=\"canonical\" href=\"https:\/\/www.naturparkmagazin.de\/vdn\/sternenpark-wochen-in-der-rhoen\/\" \/>\n<meta property=\"og:locale\" content=\"de_DE\" \/>\n<meta property=\"og:type\" content=\"article\" \/>\n<meta property=\"og:title\" content=\"Sternenpark-Wochen in der Rh\u00f6n\" \/>\n<meta property=\"og:description\" content=\"Nicht nur bei Tageslicht beeindruckt die Rh\u00f6n als Land der offenen Fernen, auch nachts kann man hier noch nat\u00fcrliche Nachtlandschaften mit einem sternreichen Himmel erleben\" \/>\n<meta property=\"og:url\" content=\"https:\/\/www.naturparkmagazin.de\/vdn\/sternenpark-wochen-in-der-rhoen\/\" \/>\n<meta property=\"og:site_name\" content=\"Verband Deutscher Naturparke\" \/>\n<meta property=\"article:published_time\" content=\"2020-06-30T12:04:43+00:00\" \/>\n<meta property=\"article:modified_time\" content=\"2020-07-14T09:11:04+00:00\" \/>\n<meta property=\"og:image\" content=\"https:\/\/www.naturparkmagazin.de\/vdn\/wp-content\/uploads\/sites\/3\/Nachthimmel-Dr-Andreas-Haenel_Bf.jpg\" \/>\n\t<meta property=\"og:image:width\" content=\"200\" \/>\n\t<meta property=\"og:image:height\" content=\"200\" \/>\n\t<meta property=\"og:image:type\" content=\"image\/jpeg\" \/>\n<meta name=\"author\" content=\"manuelamerz\" \/>\n<meta name=\"twitter:label1\" content=\"Verfasst von\" \/>\n\t<meta name=\"twitter:data1\" content=\"manuelamerz\" \/>\n\t<meta name=\"twitter:label2\" content=\"Gesch\u00e4tzte Lesezeit\" \/>\n\t<meta name=\"twitter:data2\" content=\"1\u00a0Minute\" \/>\n<script type=\"application\/ld+json\" class=\"yoast-schema-graph\">{\"@context\":\"https:\/\/schema.org\",\"@graph\":[{\"@type\":\"WebPage\",\"@id\":\"https:\/\/www.naturparkmagazin.de\/vdn\/sternenpark-wochen-in-der-rhoen\/\",\"url\":\"https:\/\/www.naturparkmagazin.de\/vdn\/sternenpark-wochen-in-der-rhoen\/\",\"name\":\"Sternenpark-Wochen in der Rh\u00f6n\",\"isPartOf\":{\"@id\":\"https:\/\/www.naturparkmagazin.de\/vdn\/#website\"},\"datePublished\":\"2020-06-30T12:04:43+00:00\",\"dateModified\":\"2020-07-14T09:11:04+00:00\",\"author\":{\"@id\":\"https:\/\/www.naturparkmagazin.de\/vdn\/#\/schema\/person\/3cff9b8773ed55f0189255fa9adfd57c\"},\"description\":\"Nicht nur bei Tageslicht beeindruckt die Rh\u00f6n als Land der offenen Fernen, auch nachts kann man hier noch nat\u00fcrliche Nachtlandschaften mit einem sternreichen Himmel erleben\",\"breadcrumb\":{\"@id\":\"https:\/\/www.naturparkmagazin.de\/vdn\/sternenpark-wochen-in-der-rhoen\/#breadcrumb\"},\"inLanguage\":\"de\",\"potentialAction\":[{\"@type\":\"ReadAction\",\"target\":[\"https:\/\/www.naturparkmagazin.de\/vdn\/sternenpark-wochen-in-der-rhoen\/\"]}]},{\"@type\":\"BreadcrumbList\",\"@id\":\"https:\/\/www.naturparkmagazin.de\/vdn\/sternenpark-wochen-in-der-rhoen\/#breadcrumb\",\"itemListElement\":[{\"@type\":\"ListItem\",\"position\":1,\"name\":\"Home\",\"item\":\"https:\/\/www.naturparkmagazin.de\/vdn\/\"},{\"@type\":\"ListItem\",\"position\":2,\"name\":\"Sternenpark-Wochen in der Rh\u00f6n\"}]},{\"@type\":\"WebSite\",\"@id\":\"https:\/\/www.naturparkmagazin.de\/vdn\/#website\",\"url\":\"https:\/\/www.naturparkmagazin.de\/vdn\/\",\"name\":\"Verband Deutscher Naturparke\",\"description\":\"Eine weitere Naturparkmagazin.de Netzwerk Seite\",\"potentialAction\":[{\"@type\":\"SearchAction\",\"target\":{\"@type\":\"EntryPoint\",\"urlTemplate\":\"https:\/\/www.naturparkmagazin.de\/vdn\/?s={search_term_string}\"},\"query-input\":\"required name=search_term_string\"}],\"inLanguage\":\"de\"},{\"@type\":\"Person\",\"@id\":\"https:\/\/www.naturparkmagazin.de\/vdn\/#\/schema\/person\/3cff9b8773ed55f0189255fa9adfd57c\",\"name\":\"manuelamerz\",\"url\":\"https:\/\/www.naturparkmagazin.de\/vdn\/author\/manuelamerz\/\"}]}<\/script>\n<!-- \/ Yoast SEO plugin. -->","yoast_head_json":{"title":"Sternenpark-Wochen in der Rh\u00f6n","description":"Nicht nur bei Tageslicht beeindruckt die Rh\u00f6n als Land der offenen Fernen, auch nachts kann man hier noch nat\u00fcrliche Nachtlandschaften mit einem sternreichen Himmel erleben","robots":{"index":"index","follow":"follow","max-snippet":"max-snippet:-1","max-image-preview":"max-image-preview:large","max-video-preview":"max-video-preview:-1"},"canonical":"https:\/\/www.naturparkmagazin.de\/vdn\/sternenpark-wochen-in-der-rhoen\/","og_locale":"de_DE","og_type":"article","og_title":"Sternenpark-Wochen in der Rh\u00f6n","og_description":"Nicht nur bei Tageslicht beeindruckt die Rh\u00f6n als Land der offenen Fernen, auch nachts kann man hier noch nat\u00fcrliche Nachtlandschaften mit einem sternreichen Himmel erleben","og_url":"https:\/\/www.naturparkmagazin.de\/vdn\/sternenpark-wochen-in-der-rhoen\/","og_site_name":"Verband Deutscher Naturparke","article_published_time":"2020-06-30T12:04:43+00:00","article_modified_time":"2020-07-14T09:11:04+00:00","og_image":[{"width":200,"height":200,"url":"https:\/\/www.naturparkmagazin.de\/vdn\/wp-content\/uploads\/sites\/3\/Nachthimmel-Dr-Andreas-Haenel_Bf.jpg","type":"image\/jpeg"}],"author":"manuelamerz","twitter_misc":{"Verfasst von":"manuelamerz","Gesch\u00e4tzte Lesezeit":"1\u00a0Minute"},"schema":{"@context":"https:\/\/schema.org","@graph":[{"@type":"WebPage","@id":"https:\/\/www.naturparkmagazin.de\/vdn\/sternenpark-wochen-in-der-rhoen\/","url":"https:\/\/www.naturparkmagazin.de\/vdn\/sternenpark-wochen-in-der-rhoen\/","name":"Sternenpark-Wochen in der Rh\u00f6n","isPartOf":{"@id":"https:\/\/www.naturparkmagazin.de\/vdn\/#website"},"datePublished":"2020-06-30T12:04:43+00:00","dateModified":"2020-07-14T09:11:04+00:00","author":{"@id":"https:\/\/www.naturparkmagazin.de\/vdn\/#\/schema\/person\/3cff9b8773ed55f0189255fa9adfd57c"},"description":"Nicht nur bei Tageslicht beeindruckt die Rh\u00f6n als Land der offenen Fernen, auch nachts kann man hier noch nat\u00fcrliche Nachtlandschaften mit einem sternreichen Himmel erleben","breadcrumb":{"@id":"https:\/\/www.naturparkmagazin.de\/vdn\/sternenpark-wochen-in-der-rhoen\/#breadcrumb"},"inLanguage":"de","potentialAction":[{"@type":"ReadAction","target":["https:\/\/www.naturparkmagazin.de\/vdn\/sternenpark-wochen-in-der-rhoen\/"]}]},{"@type":"BreadcrumbList","@id":"https:\/\/www.naturparkmagazin.de\/vdn\/sternenpark-wochen-in-der-rhoen\/#breadcrumb","itemListElement":[{"@type":"ListItem","position":1,"name":"Home","item":"https:\/\/www.naturparkmagazin.de\/vdn\/"},{"@type":"ListItem","position":2,"name":"Sternenpark-Wochen in der Rh\u00f6n"}]},{"@type":"WebSite","@id":"https:\/\/www.naturparkmagazin.de\/vdn\/#website","url":"https:\/\/www.naturparkmagazin.de\/vdn\/","name":"Verband Deutscher Naturparke","description":"Eine weitere Naturparkmagazin.de Netzwerk Seite","potentialAction":[{"@type":"SearchAction","target":{"@type":"EntryPoint","urlTemplate":"https:\/\/www.naturparkmagazin.de\/vdn\/?s={search_term_string}"},"query-input":"required name=search_term_string"}],"inLanguage":"de"},{"@type":"Person","@id":"https:\/\/www.naturparkmagazin.de\/vdn\/#\/schema\/person\/3cff9b8773ed55f0189255fa9adfd57c","name":"manuelamerz","url":"https:\/\/www.naturparkmagazin.de\/vdn\/author\/manuelamerz\/"}]}},"_links":{"self":[{"href":"https:\/\/www.naturparkmagazin.de\/vdn\/wp-json\/wp\/v2\/posts\/12617"}],"collection":[{"href":"https:\/\/www.naturparkmagazin.de\/vdn\/wp-json\/wp\/v2\/posts"}],"about":[{"href":"https:\/\/www.naturparkmagazin.de\/vdn\/wp-json\/wp\/v2\/types\/post"}],"author":[{"embeddable":true,"href":"https:\/\/www.naturparkmagazin.de\/vdn\/wp-json\/wp\/v2\/users\/73"}],"replies":[{"embeddable":true,"href":"https:\/\/www.naturparkmagazin.de\/vdn\/wp-json\/wp\/v2\/comments?post=12617"}],"version-history":[{"count":2,"href":"https:\/\/www.naturparkmagazin.de\/vdn\/wp-json\/wp\/v2\/posts\/12617\/revisions"}],"predecessor-version":[{"id":12624,"href":"https:\/\/www.naturparkmagazin.de\/vdn\/wp-json\/wp\/v2\/posts\/12617\/revisions\/12624"}],"wp:featuredmedia":[{"embeddable":true,"href":"https:\/\/www.naturparkmagazin.de\/vdn\/wp-json\/wp\/v2\/media\/12618"}],"wp:attachment":[{"href":"https:\/\/www.naturparkmagazin.de\/vdn\/wp-json\/wp\/v2\/media?parent=12617"}],"wp:term":[{"taxonomy":"category","embeddable":true,"href":"https:\/\/www.naturparkmagazin.de\/vdn\/wp-json\/wp\/v2\/categories?post=12617"},{"taxonomy":"post_tag","embeddable":true,"href":"https:\/\/www.naturparkmagazin.de\/vdn\/wp-json\/wp\/v2\/tags?post=12617"}],"curies":[{"name":"wp","href":"https:\/\/api.w.org\/{rel}","templated":true}]}}