{"id":12634,"date":"2020-06-30T14:18:40","date_gmt":"2020-06-30T12:18:40","guid":{"rendered":"https:\/\/www.naturparkmagazin.de\/vdn\/?p=12634"},"modified":"2020-07-14T11:10:41","modified_gmt":"2020-07-14T09:10:41","slug":"stefan-zaenker","status":"publish","type":"post","link":"https:\/\/www.naturparkmagazin.de\/vdn\/stefan-zaenker\/","title":{"rendered":"Stefan Zaenker"},"content":{"rendered":"<div id=\"attachment_12636\" style=\"width: 510px\" class=\"wp-caption alignnone\"><a href=\"https:\/\/www.naturparkmagazin.de\/vdn\/wp-content\/uploads\/sites\/3\/Stefan-Zaenker-Buch-H\u00f6hlentiere-Anna-Lena-Bieneck_B.jpg\"><img aria-describedby=\"caption-attachment-12636\" decoding=\"async\" loading=\"lazy\" class=\"size-full wp-image-12636\" src=\"https:\/\/www.naturparkmagazin.de\/vdn\/wp-content\/uploads\/sites\/3\/Stefan-Zaenker-Buch-H\u00f6hlentiere-Anna-Lena-Bieneck_B.jpg\" alt=\"Stefan Zaenker Buch H\u00f6hlentiere \u00a9 Anna-Lena Bieneck\" width=\"500\" height=\"300\" srcset=\"https:\/\/www.naturparkmagazin.de\/vdn\/wp-content\/uploads\/sites\/3\/Stefan-Zaenker-Buch-H\u00f6hlentiere-Anna-Lena-Bieneck_B.jpg 500w, https:\/\/www.naturparkmagazin.de\/vdn\/wp-content\/uploads\/sites\/3\/Stefan-Zaenker-Buch-H\u00f6hlentiere-Anna-Lena-Bieneck_B-300x180.jpg 300w, https:\/\/www.naturparkmagazin.de\/vdn\/wp-content\/uploads\/sites\/3\/Stefan-Zaenker-Buch-H\u00f6hlentiere-Anna-Lena-Bieneck_B-200x120.jpg 200w\" sizes=\"(max-width: 500px) 100vw, 500px\" \/><\/a><p id=\"caption-attachment-12636\" class=\"wp-caption-text\">Stefan Zaenker Buch H\u00f6hlentiere \u00a9 Anna-Lena Bieneck<\/p><\/div>\n<p>In der Rh\u00f6n gibt es wohl niemanden, der sich mit unterirdischen Lebensr\u00e4umen besser auskennt als er: Seit vielen Jahren beteiligt sich der Fuldaer Stefan Zaenker ehrenamtlich an Natur- und Artenschutzprojekten im UNESCO-Biosph\u00e4renreservat Rh\u00f6n und k\u00fcmmert sich dort um den Schutz der Quellen und der Flederm\u00e4use. Jetzt hat der Natursch\u00fctzer zusammen mit zwei Vereinskollegen ein Buch zu den H\u00f6hlentieren Deutschlands ver\u00f6ffentlicht.<\/p>\n<p>Seit 1983 besch\u00e4ftigt sich Stefan Zaenker, Vorsitzender des Landesverbandes f\u00fcr H\u00f6hlen- und Karstforschung Hessen e.V., mit der Zoologie \u201eunter Tage\u201c. Als Referent f\u00fcr Biospel\u00e4ologie im Verband der deutschen H\u00f6hlen- und Karstforscher e.V. koordiniert er nicht nur die faunistische Erforschung der deutschen H\u00f6hlen, sondern engagiert sich zudem seit vielen Jahren im Fledermausschutz und erforscht die Grundwasser- und Quellenfauna. Er ist Autor zahlreicher Fachpublikationen und f\u00fchrt die zentrale Datenbank zur deutschen H\u00f6hlenfauna. Vom Beruf ist Zanker Sachbearbeiter beim Finanzamt Fulda, aber seit September 2019 aufgrund seiner Fachkenntnis zus\u00e4tzlich an die Obere Naturschutzbeh\u00f6rde beim Regierungspr\u00e4sidium Kassel abgeordnet.<\/p>\n<p>Zwei Jahre lang hat er nun mit\u00a0 Alexander Weigand vom Nationalmuseum f\u00fcr Naturgeschichte in Luxemburg und dem Naturfotograf Klaus Bogon aus Sontra an einem neuen Naturf\u00fchrer \u00fcber Deutschlands H\u00f6hlentiere gearbeitet. Ergebnis sind umfangreiche Details zu den 748 bekannten deutschen H\u00f6hlentierarten, aussagekr\u00e4ftige Steckbriefe und beeindruckende Tieraufnahmen \u2013 \u201ef\u00fcr jedermann verst\u00e4ndlich aufbereitet\u201c, erkl\u00e4rt Zaenker. In die Recherchen sind zahlreiche Forschungsergebnisse aus dem UNESCO-Biosph\u00e4renreservat Rh\u00f6n eingeflossen. Bei den j\u00e4hrlichen Fledermaus-Winterkontrollen, die Zaenker im Landkreis Fulda seit langem koordiniert, wurden auch umfangreiche Beobachtungen zu weiteren H\u00f6hlentieren gemacht. Herausgekommen ist ein Naturf\u00fchrer, der die weitgehend unbekannte Tierwelt der H\u00f6hlen beschreibt. So werden nach dem neuesten Forschungsstand Bestimmungsmerkmale, \u00d6kologie und Verhaltensweisen von Asseln, Tausendf\u00fc\u00dfern, Spinnentieren, Insekten, Amphibien, aber auch der heimischen Fledermausarten beschrieben.<\/p>\n<p>Der Naturf\u00fchrer \u201eDie H\u00f6hlentiere Deutschlands. Finden \u2013 Erkennen \u2013 Bestimmen\u201c von Stefan Zaenker, Alexander Weigand und Klaus Bogon ist ab sofort f\u00fcr 29,99 Euro im Buchhandel erh\u00e4ltlich.<\/p>\n<p><strong>\u00a0<\/strong><\/p>\n","protected":false},"excerpt":{"rendered":"<p>Er ist Experte f\u00fcr Rh\u00f6ner Quellen und f\u00fcr H\u00f6hlentiere und es gibt in der Rh\u00f6n wohl niemanden, der sich mit unterirdischen Lebensr\u00e4umen besser auskennt als er.<\/p>\n","protected":false},"author":73,"featured_media":12635,"comment_status":"open","ping_status":"open","sticky":false,"template":"","format":"standard","meta":{"_links_to":"","_links_to_target":""},"categories":[8],"tags":[2127,2126,2097,2124,2125],"yoast_head":"<!-- This site is optimized with the Yoast SEO plugin v19.10 - https:\/\/yoast.com\/wordpress\/plugins\/seo\/ -->\n<title>Stefan Zaenker<\/title>\n<meta name=\"description\" content=\"Er ist Experte f\u00fcr Rh\u00f6ner Quellen und f\u00fcr H\u00f6hlentiere und es gibt in der Rh\u00f6n wohl niemanden, der sich mit unterirdischen Lebensr\u00e4umen besser auskennt als er.\" \/>\n<meta name=\"robots\" content=\"index, follow, max-snippet:-1, max-image-preview:large, max-video-preview:-1\" \/>\n<link rel=\"canonical\" href=\"https:\/\/www.naturparkmagazin.de\/vdn\/stefan-zaenker\/\" \/>\n<meta property=\"og:locale\" content=\"de_DE\" \/>\n<meta property=\"og:type\" content=\"article\" \/>\n<meta property=\"og:title\" content=\"Stefan Zaenker\" \/>\n<meta property=\"og:description\" content=\"Er ist Experte f\u00fcr Rh\u00f6ner Quellen und f\u00fcr H\u00f6hlentiere und es gibt in der Rh\u00f6n wohl niemanden, der sich mit unterirdischen Lebensr\u00e4umen besser auskennt als er.\" \/>\n<meta property=\"og:url\" content=\"https:\/\/www.naturparkmagazin.de\/vdn\/stefan-zaenker\/\" \/>\n<meta property=\"og:site_name\" content=\"Verband Deutscher Naturparke\" \/>\n<meta property=\"article:published_time\" content=\"2020-06-30T12:18:40+00:00\" \/>\n<meta property=\"article:modified_time\" content=\"2020-07-14T09:10:41+00:00\" \/>\n<meta property=\"og:image\" content=\"https:\/\/www.naturparkmagazin.de\/vdn\/wp-content\/uploads\/sites\/3\/Stefan-Zaenker-Buch-H\u00f6hlentiere-Anna-Lena-Bieneck_Bf.jpg\" \/>\n\t<meta property=\"og:image:width\" content=\"200\" \/>\n\t<meta property=\"og:image:height\" content=\"200\" \/>\n\t<meta property=\"og:image:type\" content=\"image\/jpeg\" \/>\n<meta name=\"author\" content=\"manuelamerz\" \/>\n<meta name=\"twitter:label1\" content=\"Verfasst von\" \/>\n\t<meta name=\"twitter:data1\" content=\"manuelamerz\" \/>\n\t<meta name=\"twitter:label2\" content=\"Gesch\u00e4tzte Lesezeit\" \/>\n\t<meta name=\"twitter:data2\" content=\"2\u00a0Minuten\" \/>\n<script type=\"application\/ld+json\" class=\"yoast-schema-graph\">{\"@context\":\"https:\/\/schema.org\",\"@graph\":[{\"@type\":\"WebPage\",\"@id\":\"https:\/\/www.naturparkmagazin.de\/vdn\/stefan-zaenker\/\",\"url\":\"https:\/\/www.naturparkmagazin.de\/vdn\/stefan-zaenker\/\",\"name\":\"Stefan Zaenker\",\"isPartOf\":{\"@id\":\"https:\/\/www.naturparkmagazin.de\/vdn\/#website\"},\"datePublished\":\"2020-06-30T12:18:40+00:00\",\"dateModified\":\"2020-07-14T09:10:41+00:00\",\"author\":{\"@id\":\"https:\/\/www.naturparkmagazin.de\/vdn\/#\/schema\/person\/3cff9b8773ed55f0189255fa9adfd57c\"},\"description\":\"Er ist Experte f\u00fcr Rh\u00f6ner Quellen und f\u00fcr H\u00f6hlentiere und es gibt in der Rh\u00f6n wohl niemanden, der sich mit unterirdischen Lebensr\u00e4umen besser auskennt als er.\",\"breadcrumb\":{\"@id\":\"https:\/\/www.naturparkmagazin.de\/vdn\/stefan-zaenker\/#breadcrumb\"},\"inLanguage\":\"de\",\"potentialAction\":[{\"@type\":\"ReadAction\",\"target\":[\"https:\/\/www.naturparkmagazin.de\/vdn\/stefan-zaenker\/\"]}]},{\"@type\":\"BreadcrumbList\",\"@id\":\"https:\/\/www.naturparkmagazin.de\/vdn\/stefan-zaenker\/#breadcrumb\",\"itemListElement\":[{\"@type\":\"ListItem\",\"position\":1,\"name\":\"Home\",\"item\":\"https:\/\/www.naturparkmagazin.de\/vdn\/\"},{\"@type\":\"ListItem\",\"position\":2,\"name\":\"Stefan Zaenker\"}]},{\"@type\":\"WebSite\",\"@id\":\"https:\/\/www.naturparkmagazin.de\/vdn\/#website\",\"url\":\"https:\/\/www.naturparkmagazin.de\/vdn\/\",\"name\":\"Verband Deutscher Naturparke\",\"description\":\"Eine weitere Naturparkmagazin.de Netzwerk Seite\",\"potentialAction\":[{\"@type\":\"SearchAction\",\"target\":{\"@type\":\"EntryPoint\",\"urlTemplate\":\"https:\/\/www.naturparkmagazin.de\/vdn\/?s={search_term_string}\"},\"query-input\":\"required name=search_term_string\"}],\"inLanguage\":\"de\"},{\"@type\":\"Person\",\"@id\":\"https:\/\/www.naturparkmagazin.de\/vdn\/#\/schema\/person\/3cff9b8773ed55f0189255fa9adfd57c\",\"name\":\"manuelamerz\",\"url\":\"https:\/\/www.naturparkmagazin.de\/vdn\/author\/manuelamerz\/\"}]}<\/script>\n<!-- \/ Yoast SEO plugin. -->","yoast_head_json":{"title":"Stefan Zaenker","description":"Er ist Experte f\u00fcr Rh\u00f6ner Quellen und f\u00fcr H\u00f6hlentiere und es gibt in der Rh\u00f6n wohl niemanden, der sich mit unterirdischen Lebensr\u00e4umen besser auskennt als er.","robots":{"index":"index","follow":"follow","max-snippet":"max-snippet:-1","max-image-preview":"max-image-preview:large","max-video-preview":"max-video-preview:-1"},"canonical":"https:\/\/www.naturparkmagazin.de\/vdn\/stefan-zaenker\/","og_locale":"de_DE","og_type":"article","og_title":"Stefan Zaenker","og_description":"Er ist Experte f\u00fcr Rh\u00f6ner Quellen und f\u00fcr H\u00f6hlentiere und es gibt in der Rh\u00f6n wohl niemanden, der sich mit unterirdischen Lebensr\u00e4umen besser auskennt als er.","og_url":"https:\/\/www.naturparkmagazin.de\/vdn\/stefan-zaenker\/","og_site_name":"Verband Deutscher Naturparke","article_published_time":"2020-06-30T12:18:40+00:00","article_modified_time":"2020-07-14T09:10:41+00:00","og_image":[{"width":200,"height":200,"url":"https:\/\/www.naturparkmagazin.de\/vdn\/wp-content\/uploads\/sites\/3\/Stefan-Zaenker-Buch-H\u00f6hlentiere-Anna-Lena-Bieneck_Bf.jpg","type":"image\/jpeg"}],"author":"manuelamerz","twitter_misc":{"Verfasst von":"manuelamerz","Gesch\u00e4tzte Lesezeit":"2\u00a0Minuten"},"schema":{"@context":"https:\/\/schema.org","@graph":[{"@type":"WebPage","@id":"https:\/\/www.naturparkmagazin.de\/vdn\/stefan-zaenker\/","url":"https:\/\/www.naturparkmagazin.de\/vdn\/stefan-zaenker\/","name":"Stefan Zaenker","isPartOf":{"@id":"https:\/\/www.naturparkmagazin.de\/vdn\/#website"},"datePublished":"2020-06-30T12:18:40+00:00","dateModified":"2020-07-14T09:10:41+00:00","author":{"@id":"https:\/\/www.naturparkmagazin.de\/vdn\/#\/schema\/person\/3cff9b8773ed55f0189255fa9adfd57c"},"description":"Er ist Experte f\u00fcr Rh\u00f6ner Quellen und f\u00fcr H\u00f6hlentiere und es gibt in der Rh\u00f6n wohl niemanden, der sich mit unterirdischen Lebensr\u00e4umen besser auskennt als er.","breadcrumb":{"@id":"https:\/\/www.naturparkmagazin.de\/vdn\/stefan-zaenker\/#breadcrumb"},"inLanguage":"de","potentialAction":[{"@type":"ReadAction","target":["https:\/\/www.naturparkmagazin.de\/vdn\/stefan-zaenker\/"]}]},{"@type":"BreadcrumbList","@id":"https:\/\/www.naturparkmagazin.de\/vdn\/stefan-zaenker\/#breadcrumb","itemListElement":[{"@type":"ListItem","position":1,"name":"Home","item":"https:\/\/www.naturparkmagazin.de\/vdn\/"},{"@type":"ListItem","position":2,"name":"Stefan Zaenker"}]},{"@type":"WebSite","@id":"https:\/\/www.naturparkmagazin.de\/vdn\/#website","url":"https:\/\/www.naturparkmagazin.de\/vdn\/","name":"Verband Deutscher Naturparke","description":"Eine weitere Naturparkmagazin.de Netzwerk Seite","potentialAction":[{"@type":"SearchAction","target":{"@type":"EntryPoint","urlTemplate":"https:\/\/www.naturparkmagazin.de\/vdn\/?s={search_term_string}"},"query-input":"required name=search_term_string"}],"inLanguage":"de"},{"@type":"Person","@id":"https:\/\/www.naturparkmagazin.de\/vdn\/#\/schema\/person\/3cff9b8773ed55f0189255fa9adfd57c","name":"manuelamerz","url":"https:\/\/www.naturparkmagazin.de\/vdn\/author\/manuelamerz\/"}]}},"_links":{"self":[{"href":"https:\/\/www.naturparkmagazin.de\/vdn\/wp-json\/wp\/v2\/posts\/12634"}],"collection":[{"href":"https:\/\/www.naturparkmagazin.de\/vdn\/wp-json\/wp\/v2\/posts"}],"about":[{"href":"https:\/\/www.naturparkmagazin.de\/vdn\/wp-json\/wp\/v2\/types\/post"}],"author":[{"embeddable":true,"href":"https:\/\/www.naturparkmagazin.de\/vdn\/wp-json\/wp\/v2\/users\/73"}],"replies":[{"embeddable":true,"href":"https:\/\/www.naturparkmagazin.de\/vdn\/wp-json\/wp\/v2\/comments?post=12634"}],"version-history":[{"count":3,"href":"https:\/\/www.naturparkmagazin.de\/vdn\/wp-json\/wp\/v2\/posts\/12634\/revisions"}],"predecessor-version":[{"id":12639,"href":"https:\/\/www.naturparkmagazin.de\/vdn\/wp-json\/wp\/v2\/posts\/12634\/revisions\/12639"}],"wp:featuredmedia":[{"embeddable":true,"href":"https:\/\/www.naturparkmagazin.de\/vdn\/wp-json\/wp\/v2\/media\/12635"}],"wp:attachment":[{"href":"https:\/\/www.naturparkmagazin.de\/vdn\/wp-json\/wp\/v2\/media?parent=12634"}],"wp:term":[{"taxonomy":"category","embeddable":true,"href":"https:\/\/www.naturparkmagazin.de\/vdn\/wp-json\/wp\/v2\/categories?post=12634"},{"taxonomy":"post_tag","embeddable":true,"href":"https:\/\/www.naturparkmagazin.de\/vdn\/wp-json\/wp\/v2\/tags?post=12634"}],"curies":[{"name":"wp","href":"https:\/\/api.w.org\/{rel}","templated":true}]}}