{"id":12659,"date":"2020-07-17T17:51:36","date_gmt":"2020-07-17T15:51:36","guid":{"rendered":"https:\/\/www.naturparkmagazin.de\/vdn\/?p=12659"},"modified":"2020-08-26T13:02:07","modified_gmt":"2020-08-26T11:02:07","slug":"naturpark-suedheide","status":"publish","type":"post","link":"https:\/\/www.naturparkmagazin.de\/vdn\/naturpark-suedheide\/","title":{"rendered":"Naturpark S\u00fcdheide"},"content":{"rendered":"<div id=\"attachment_12661\" style=\"width: 510px\" class=\"wp-caption alignnone\"><a href=\"https:\/\/www.naturparkmagazin.de\/vdn\/wp-content\/uploads\/sites\/3\/Luftaufnahme-angelbecksteich-hermannsburg-311020161b.jpg\"><img aria-describedby=\"caption-attachment-12661\" decoding=\"async\" loading=\"lazy\" class=\"wp-image-12661 size-full\" src=\"https:\/\/www.naturparkmagazin.de\/vdn\/wp-content\/uploads\/sites\/3\/Luftaufnahme-angelbecksteich-hermannsburg-311020161b.jpg\" alt=\"Luftaufnahme Angelbecksteich \u00a9 L\u00fcneburger Heide GmbH\" width=\"500\" height=\"300\" srcset=\"https:\/\/www.naturparkmagazin.de\/vdn\/wp-content\/uploads\/sites\/3\/Luftaufnahme-angelbecksteich-hermannsburg-311020161b.jpg 500w, https:\/\/www.naturparkmagazin.de\/vdn\/wp-content\/uploads\/sites\/3\/Luftaufnahme-angelbecksteich-hermannsburg-311020161b-300x180.jpg 300w, https:\/\/www.naturparkmagazin.de\/vdn\/wp-content\/uploads\/sites\/3\/Luftaufnahme-angelbecksteich-hermannsburg-311020161b-200x120.jpg 200w\" sizes=\"(max-width: 500px) 100vw, 500px\" \/><\/a><p id=\"caption-attachment-12661\" class=\"wp-caption-text\">Luftaufnahme Angelbecksteich \u00a9 L\u00fcneburger Heide GmbH<\/p><\/div>\n<p>Das Landschaftsbild des Naturparks S\u00fcdheide wird heute in erster Linie durch gro\u00dfe, zusammenh\u00e4ngende W\u00e4lder gepr\u00e4gt, die Teil eines der gr\u00f6\u00dften Waldgebiete in Niedersachsen sind. Sie bestehen haupts\u00e4chlich aus Kiefern und Fichten, entstanden durch die Heideaufforstungen des vorletzten Jahrhunderts. Hier finden sich u. a. Blaubeeren, Kronsbeeren, Elsbeeren und ein reicher Bestand an Pilzen. Die trockenen Sandheiden werden von der Besenheide, Wacholdern und einigen Gr\u00e4sern gekennzeichnet. In den Feuchtheiden fallen insbesondere die Glockenheide und das Pfeifengras, im Herbst gelb leuchtend, auf. Die Ruhe und geringe Zersiedlung f\u00f6rdert dar\u00fcber hinaus einen gro\u00dfen Bestand an Rot-, Reh- und Schwarzwild.<\/p>\n<p>&nbsp;<\/p>\n<div id=\"attachment_12662\" style=\"width: 510px\" class=\"wp-caption alignnone\"><a href=\"https:\/\/www.naturparkmagazin.de\/vdn\/wp-content\/uploads\/sites\/3\/L\u00b3\u2580wald_Herbst_DK_L\u00b3neburger-Heide-2015-219b.jpg\"><img aria-describedby=\"caption-attachment-12662\" decoding=\"async\" loading=\"lazy\" class=\"size-full wp-image-12662\" src=\"https:\/\/www.naturparkmagazin.de\/vdn\/wp-content\/uploads\/sites\/3\/L\u00b3\u2580wald_Herbst_DK_L\u00b3neburger-Heide-2015-219b.jpg\" alt=\"Herbstwald \u00a9 L\u00fcneburger Heide GmbH\" width=\"500\" height=\"300\" srcset=\"https:\/\/www.naturparkmagazin.de\/vdn\/wp-content\/uploads\/sites\/3\/L\u00b3\u2580wald_Herbst_DK_L\u00b3neburger-Heide-2015-219b.jpg 500w, https:\/\/www.naturparkmagazin.de\/vdn\/wp-content\/uploads\/sites\/3\/L\u00b3\u2580wald_Herbst_DK_L\u00b3neburger-Heide-2015-219b-300x180.jpg 300w, https:\/\/www.naturparkmagazin.de\/vdn\/wp-content\/uploads\/sites\/3\/L\u00b3\u2580wald_Herbst_DK_L\u00b3neburger-Heide-2015-219b-200x120.jpg 200w\" sizes=\"(max-width: 500px) 100vw, 500px\" \/><\/a><p id=\"caption-attachment-12662\" class=\"wp-caption-text\">Herbstwald \u00a9 L\u00fcneburger Heide GmbH<\/p><\/div>\n<p>Die Ruhe und Abgeschiedenheit der Landschaft des Naturparks hat viele Vorteile, besonders f\u00fcr seltene, an extreme Standorte angepasste und st\u00f6rungsempfindliche Tierarten. Der naturnahe Heidebach \u201eLutter\u201c im \u00f6stlichen Teil des Naturparks ist z. B. die Heimat f\u00fcr \u00fcber 160 gef\u00e4hrdete Pflanzen und Tierarten, u. a. der vom Aussterben bedrohten Flu\u00dfperlmuschel. Fischotter und Schwarzstorch haben ihre R\u00fcckzugsst\u00e4tten in Bachn\u00e4he. Zauneidechsen, Kreuzottern und Schlingnattern bahnen sich ihren Weg durch die Heidelandschaft, \u00fcber der die Heidelerche singt. Fischadler, Eisvogel und Seeadler nutzen den Luftraum \u00fcber den gro\u00dfen Fischteichlandschaften. Rauhfu\u00df- und Sperlingskauze hingegen ziehen durch die riesigen W\u00e4lder. Blaufl\u00fcgelprachtlibellen, Quelljungfern und gr\u00fcne Mosaikjungfern schwirren am Tag \u00fcber die klaren B\u00e4che. Kranich und Scharlachlibelle finden sich in den Mooren ein.<\/p>\n<p>&nbsp;<\/p>\n<div id=\"attachment_12663\" style=\"width: 510px\" class=\"wp-caption alignnone\"><a href=\"https:\/\/www.naturparkmagazin.de\/vdn\/wp-content\/uploads\/sites\/3\/Kraniche-im-Postmoorb.jpg\"><img aria-describedby=\"caption-attachment-12663\" decoding=\"async\" loading=\"lazy\" class=\"size-full wp-image-12663\" src=\"https:\/\/www.naturparkmagazin.de\/vdn\/wp-content\/uploads\/sites\/3\/Kraniche-im-Postmoorb.jpg\" alt=\"Kraniche im Postmoor \u00a9 L\u00fcneburger Heide GmbH\" width=\"500\" height=\"300\" srcset=\"https:\/\/www.naturparkmagazin.de\/vdn\/wp-content\/uploads\/sites\/3\/Kraniche-im-Postmoorb.jpg 500w, https:\/\/www.naturparkmagazin.de\/vdn\/wp-content\/uploads\/sites\/3\/Kraniche-im-Postmoorb-300x180.jpg 300w, https:\/\/www.naturparkmagazin.de\/vdn\/wp-content\/uploads\/sites\/3\/Kraniche-im-Postmoorb-200x120.jpg 200w\" sizes=\"(max-width: 500px) 100vw, 500px\" \/><\/a><p id=\"caption-attachment-12663\" class=\"wp-caption-text\">Kraniche im Postmoor \u00a9 L\u00fcneburger Heide GmbH<\/p><\/div>\n<p>Der Naturpark wird durch Hunderte von kilometerlangen Wander- und Radwegen erschlossen. F\u00fcr Reiter ist er mit seinem Reitwegenetz und seinen festen Sandb\u00f6den ein Erholungsschwerpunkt. Das Rad-, Wander- und Reitwegenetz ist mit Piktogrammen sehr gut ausgeschildert. Zehn Rad-Thementouren, 23 themenbezogene Rund-Wanderwege mit f\u00fcnf Erlebniswegen und 18 Reittouren, die in der Regel direkt an den gut ausgebauten und informativen Parkpl\u00e4tzen des Naturparkes beginnen, zeigen die unterschiedlichen Gesichter des Naturparkes S\u00fcdheide. Einzigartig ist der barrierefreie Rundwanderweg bei Angelbecksteich.<\/p>\n<p>&nbsp;<\/p>\n<div id=\"attachment_12664\" style=\"width: 510px\" class=\"wp-caption alignnone\"><a href=\"https:\/\/www.naturparkmagazin.de\/vdn\/wp-content\/uploads\/sites\/3\/X_HSW-Flu\u2580-Wald-Erlebnispfad_DK_382b.jpg\"><img aria-describedby=\"caption-attachment-12664\" decoding=\"async\" loading=\"lazy\" class=\"wp-image-12664 size-full\" src=\"https:\/\/www.naturparkmagazin.de\/vdn\/wp-content\/uploads\/sites\/3\/X_HSW-Flu\u2580-Wald-Erlebnispfad_DK_382b.jpg\" alt=\"Fluss-Wald-Erlebnispfad \u00a9 L\u00fcneburger Heide GmbH\" width=\"500\" height=\"300\" srcset=\"https:\/\/www.naturparkmagazin.de\/vdn\/wp-content\/uploads\/sites\/3\/X_HSW-Flu\u2580-Wald-Erlebnispfad_DK_382b.jpg 500w, https:\/\/www.naturparkmagazin.de\/vdn\/wp-content\/uploads\/sites\/3\/X_HSW-Flu\u2580-Wald-Erlebnispfad_DK_382b-300x180.jpg 300w, https:\/\/www.naturparkmagazin.de\/vdn\/wp-content\/uploads\/sites\/3\/X_HSW-Flu\u2580-Wald-Erlebnispfad_DK_382b-200x120.jpg 200w\" sizes=\"(max-width: 500px) 100vw, 500px\" \/><\/a><p id=\"caption-attachment-12664\" class=\"wp-caption-text\">Fluss-Wald-Erlebnispfad \u00a9 L\u00fcneburger Heide GmbH<\/p><\/div>\n<p>&nbsp;<\/p>\n<p>Dar\u00fcber hinaus durchqueren den Naturpark S\u00fcdheide zwei Fernwanderwege und zwei traditionsreiche Pilgerwege: Der Europ\u00e4ische Fernwanderweg E 1, der als Premiumwanderweg ausgezeichnete Heidschnuckenweg, einer von den TOP TRAILS in Deutschland, sowie der Jakobusweg L\u00fcneburger Heide und die Via Romea Germanica.<\/p>\n<p>In fast allen Heideorten findet man ein reichhaltiges und f\u00fcr die Heide typisches kulinarisches Angebot. Daneben gibt es heute noch im Naturpark S\u00fcdheide eine vielf\u00e4ltige Kulturszene, bei der K\u00fcnstler in ihren Galerien oder die \u201eMagischen Orte\u201c Landart und Heimatkunde verbinden.<\/p>\n<p><strong>Weitere Informationen: <\/strong><a href=\"http:\/\/www.naturpark-suedheide.de\" target=\"_blank\"><strong>www.naturpark-suedheide.de<\/strong><\/a><\/p>\n<p>&nbsp;<\/p>\n<p>&nbsp;<\/p>\n","protected":false},"excerpt":{"rendered":"<p>Der Naturpark S\u00fcdheide erstreckt sich nur wenige Kilometer n\u00f6rdlich von Celle zwischen den beschau-lichen Heideorten Eschede, Hermannsburg, M\u00fcden, Unterl\u00fc\u00df und Winsen an der Aller. Der Charakter des Naturparks, dessen B\u00f6den, Geologie und Relief ihren Ursprung in der Eiszeit haben, wird heute vor allem durch eines der gr\u00f6\u00dften zusammenh\u00e4ngenden Waldgebiete in Niedersachsen gepr\u00e4gt. Die Ruhe und Abgeschiedenheit f\u00f6rdert das Vorkommen seltener, st\u00f6rungsempfindlicher Tierarten wie Kranich und Schwarzstorch. Ein besonders wichtiger Bestandteil der Landschaft sind die in die W\u00e4lder eingestreuten Heidefl\u00e4chen, die zur Bl\u00fctezeit im August zur Attraktion werden.<\/p>\n","protected":false},"author":73,"featured_media":12660,"comment_status":"open","ping_status":"open","sticky":false,"template":"","format":"standard","meta":{"_links_to":"","_links_to_target":""},"categories":[15],"tags":[2143,2140,2142,2138,2139,2136,2137,2144,2135,3154,1245,2141],"yoast_head":"<!-- This site is optimized with the Yoast SEO plugin v19.10 - https:\/\/yoast.com\/wordpress\/plugins\/seo\/ -->\n<title>Naturpark S\u00fcdheide<\/title>\n<meta name=\"description\" content=\"Der Naturpark S\u00fcdheide erstreckt sich nur wenige Kilometer n\u00f6rdlich von Celle zwischen den beschau-lichen Heideorten Eschede, Hermannsburg, M\u00fcden, Unterl\u00fc\u00df und Winsen an der Aller. Der Charakter des Naturparks, dessen B\u00f6den, Geologie und Relief ihren Ursprung in der Eiszeit haben, wird heute vor allem durch eines der gr\u00f6\u00dften zusammenh\u00e4ngenden Waldgebiete in Niedersachsen gepr\u00e4gt. Die Ruhe und Abgeschiedenheit f\u00f6rdert das Vorkommen seltener, st\u00f6rungsempfindlicher Tierarten wie Kranich und Schwarzstorch. Ein besonders wichtiger Bestandteil der Landschaft sind die in die W\u00e4lder eingestreuten Heidefl\u00e4chen, die zur Bl\u00fctezeit im August zur Attraktion werden.\" \/>\n<meta name=\"robots\" content=\"index, follow, max-snippet:-1, max-image-preview:large, max-video-preview:-1\" \/>\n<link rel=\"canonical\" href=\"https:\/\/www.naturparkmagazin.de\/vdn\/naturpark-suedheide\/\" \/>\n<meta property=\"og:locale\" content=\"de_DE\" \/>\n<meta property=\"og:type\" content=\"article\" \/>\n<meta property=\"og:title\" content=\"Naturpark S\u00fcdheide\" \/>\n<meta property=\"og:description\" content=\"Der Naturpark S\u00fcdheide erstreckt sich nur wenige Kilometer n\u00f6rdlich von Celle zwischen den beschau-lichen Heideorten Eschede, Hermannsburg, M\u00fcden, Unterl\u00fc\u00df und Winsen an der Aller. Der Charakter des Naturparks, dessen B\u00f6den, Geologie und Relief ihren Ursprung in der Eiszeit haben, wird heute vor allem durch eines der gr\u00f6\u00dften zusammenh\u00e4ngenden Waldgebiete in Niedersachsen gepr\u00e4gt. Die Ruhe und Abgeschiedenheit f\u00f6rdert das Vorkommen seltener, st\u00f6rungsempfindlicher Tierarten wie Kranich und Schwarzstorch. Ein besonders wichtiger Bestandteil der Landschaft sind die in die W\u00e4lder eingestreuten Heidefl\u00e4chen, die zur Bl\u00fctezeit im August zur Attraktion werden.\" \/>\n<meta property=\"og:url\" content=\"https:\/\/www.naturparkmagazin.de\/vdn\/naturpark-suedheide\/\" \/>\n<meta property=\"og:site_name\" content=\"Verband Deutscher Naturparke\" \/>\n<meta property=\"article:published_time\" content=\"2020-07-17T15:51:36+00:00\" \/>\n<meta property=\"article:modified_time\" content=\"2020-08-26T11:02:07+00:00\" \/>\n<meta property=\"og:image\" content=\"https:\/\/www.naturparkmagazin.de\/vdn\/wp-content\/uploads\/sites\/3\/Luftaufnahme-angelbecksteich-hermannsburg-311020161bf.jpg\" \/>\n\t<meta property=\"og:image:width\" content=\"200\" \/>\n\t<meta property=\"og:image:height\" content=\"200\" \/>\n\t<meta property=\"og:image:type\" content=\"image\/jpeg\" \/>\n<meta name=\"author\" content=\"manuelamerz\" \/>\n<meta name=\"twitter:label1\" content=\"Verfasst von\" \/>\n\t<meta name=\"twitter:data1\" content=\"manuelamerz\" \/>\n\t<meta name=\"twitter:label2\" content=\"Gesch\u00e4tzte Lesezeit\" \/>\n\t<meta name=\"twitter:data2\" content=\"2\u00a0Minuten\" \/>\n<script type=\"application\/ld+json\" class=\"yoast-schema-graph\">{\"@context\":\"https:\/\/schema.org\",\"@graph\":[{\"@type\":\"WebPage\",\"@id\":\"https:\/\/www.naturparkmagazin.de\/vdn\/naturpark-suedheide\/\",\"url\":\"https:\/\/www.naturparkmagazin.de\/vdn\/naturpark-suedheide\/\",\"name\":\"Naturpark S\u00fcdheide\",\"isPartOf\":{\"@id\":\"https:\/\/www.naturparkmagazin.de\/vdn\/#website\"},\"datePublished\":\"2020-07-17T15:51:36+00:00\",\"dateModified\":\"2020-08-26T11:02:07+00:00\",\"author\":{\"@id\":\"https:\/\/www.naturparkmagazin.de\/vdn\/#\/schema\/person\/3cff9b8773ed55f0189255fa9adfd57c\"},\"description\":\"Der Naturpark S\u00fcdheide erstreckt sich nur wenige Kilometer n\u00f6rdlich von Celle zwischen den beschau-lichen Heideorten Eschede, Hermannsburg, M\u00fcden, Unterl\u00fc\u00df und Winsen an der Aller. Der Charakter des Naturparks, dessen B\u00f6den, Geologie und Relief ihren Ursprung in der Eiszeit haben, wird heute vor allem durch eines der gr\u00f6\u00dften zusammenh\u00e4ngenden Waldgebiete in Niedersachsen gepr\u00e4gt. Die Ruhe und Abgeschiedenheit f\u00f6rdert das Vorkommen seltener, st\u00f6rungsempfindlicher Tierarten wie Kranich und Schwarzstorch. Ein besonders wichtiger Bestandteil der Landschaft sind die in die W\u00e4lder eingestreuten Heidefl\u00e4chen, die zur Bl\u00fctezeit im August zur Attraktion werden.\",\"breadcrumb\":{\"@id\":\"https:\/\/www.naturparkmagazin.de\/vdn\/naturpark-suedheide\/#breadcrumb\"},\"inLanguage\":\"de\",\"potentialAction\":[{\"@type\":\"ReadAction\",\"target\":[\"https:\/\/www.naturparkmagazin.de\/vdn\/naturpark-suedheide\/\"]}]},{\"@type\":\"BreadcrumbList\",\"@id\":\"https:\/\/www.naturparkmagazin.de\/vdn\/naturpark-suedheide\/#breadcrumb\",\"itemListElement\":[{\"@type\":\"ListItem\",\"position\":1,\"name\":\"Home\",\"item\":\"https:\/\/www.naturparkmagazin.de\/vdn\/\"},{\"@type\":\"ListItem\",\"position\":2,\"name\":\"Naturpark S\u00fcdheide\"}]},{\"@type\":\"WebSite\",\"@id\":\"https:\/\/www.naturparkmagazin.de\/vdn\/#website\",\"url\":\"https:\/\/www.naturparkmagazin.de\/vdn\/\",\"name\":\"Verband Deutscher Naturparke\",\"description\":\"Eine weitere Naturparkmagazin.de Netzwerk Seite\",\"potentialAction\":[{\"@type\":\"SearchAction\",\"target\":{\"@type\":\"EntryPoint\",\"urlTemplate\":\"https:\/\/www.naturparkmagazin.de\/vdn\/?s={search_term_string}\"},\"query-input\":\"required name=search_term_string\"}],\"inLanguage\":\"de\"},{\"@type\":\"Person\",\"@id\":\"https:\/\/www.naturparkmagazin.de\/vdn\/#\/schema\/person\/3cff9b8773ed55f0189255fa9adfd57c\",\"name\":\"manuelamerz\",\"url\":\"https:\/\/www.naturparkmagazin.de\/vdn\/author\/manuelamerz\/\"}]}<\/script>\n<!-- \/ Yoast SEO plugin. -->","yoast_head_json":{"title":"Naturpark S\u00fcdheide","description":"Der Naturpark S\u00fcdheide erstreckt sich nur wenige Kilometer n\u00f6rdlich von Celle zwischen den beschau-lichen Heideorten Eschede, Hermannsburg, M\u00fcden, Unterl\u00fc\u00df und Winsen an der Aller. Der Charakter des Naturparks, dessen B\u00f6den, Geologie und Relief ihren Ursprung in der Eiszeit haben, wird heute vor allem durch eines der gr\u00f6\u00dften zusammenh\u00e4ngenden Waldgebiete in Niedersachsen gepr\u00e4gt. Die Ruhe und Abgeschiedenheit f\u00f6rdert das Vorkommen seltener, st\u00f6rungsempfindlicher Tierarten wie Kranich und Schwarzstorch. Ein besonders wichtiger Bestandteil der Landschaft sind die in die W\u00e4lder eingestreuten Heidefl\u00e4chen, die zur Bl\u00fctezeit im August zur Attraktion werden.","robots":{"index":"index","follow":"follow","max-snippet":"max-snippet:-1","max-image-preview":"max-image-preview:large","max-video-preview":"max-video-preview:-1"},"canonical":"https:\/\/www.naturparkmagazin.de\/vdn\/naturpark-suedheide\/","og_locale":"de_DE","og_type":"article","og_title":"Naturpark S\u00fcdheide","og_description":"Der Naturpark S\u00fcdheide erstreckt sich nur wenige Kilometer n\u00f6rdlich von Celle zwischen den beschau-lichen Heideorten Eschede, Hermannsburg, M\u00fcden, Unterl\u00fc\u00df und Winsen an der Aller. Der Charakter des Naturparks, dessen B\u00f6den, Geologie und Relief ihren Ursprung in der Eiszeit haben, wird heute vor allem durch eines der gr\u00f6\u00dften zusammenh\u00e4ngenden Waldgebiete in Niedersachsen gepr\u00e4gt. Die Ruhe und Abgeschiedenheit f\u00f6rdert das Vorkommen seltener, st\u00f6rungsempfindlicher Tierarten wie Kranich und Schwarzstorch. Ein besonders wichtiger Bestandteil der Landschaft sind die in die W\u00e4lder eingestreuten Heidefl\u00e4chen, die zur Bl\u00fctezeit im August zur Attraktion werden.","og_url":"https:\/\/www.naturparkmagazin.de\/vdn\/naturpark-suedheide\/","og_site_name":"Verband Deutscher Naturparke","article_published_time":"2020-07-17T15:51:36+00:00","article_modified_time":"2020-08-26T11:02:07+00:00","og_image":[{"width":200,"height":200,"url":"https:\/\/www.naturparkmagazin.de\/vdn\/wp-content\/uploads\/sites\/3\/Luftaufnahme-angelbecksteich-hermannsburg-311020161bf.jpg","type":"image\/jpeg"}],"author":"manuelamerz","twitter_misc":{"Verfasst von":"manuelamerz","Gesch\u00e4tzte Lesezeit":"2\u00a0Minuten"},"schema":{"@context":"https:\/\/schema.org","@graph":[{"@type":"WebPage","@id":"https:\/\/www.naturparkmagazin.de\/vdn\/naturpark-suedheide\/","url":"https:\/\/www.naturparkmagazin.de\/vdn\/naturpark-suedheide\/","name":"Naturpark S\u00fcdheide","isPartOf":{"@id":"https:\/\/www.naturparkmagazin.de\/vdn\/#website"},"datePublished":"2020-07-17T15:51:36+00:00","dateModified":"2020-08-26T11:02:07+00:00","author":{"@id":"https:\/\/www.naturparkmagazin.de\/vdn\/#\/schema\/person\/3cff9b8773ed55f0189255fa9adfd57c"},"description":"Der Naturpark S\u00fcdheide erstreckt sich nur wenige Kilometer n\u00f6rdlich von Celle zwischen den beschau-lichen Heideorten Eschede, Hermannsburg, M\u00fcden, Unterl\u00fc\u00df und Winsen an der Aller. Der Charakter des Naturparks, dessen B\u00f6den, Geologie und Relief ihren Ursprung in der Eiszeit haben, wird heute vor allem durch eines der gr\u00f6\u00dften zusammenh\u00e4ngenden Waldgebiete in Niedersachsen gepr\u00e4gt. Die Ruhe und Abgeschiedenheit f\u00f6rdert das Vorkommen seltener, st\u00f6rungsempfindlicher Tierarten wie Kranich und Schwarzstorch. Ein besonders wichtiger Bestandteil der Landschaft sind die in die W\u00e4lder eingestreuten Heidefl\u00e4chen, die zur Bl\u00fctezeit im August zur Attraktion werden.","breadcrumb":{"@id":"https:\/\/www.naturparkmagazin.de\/vdn\/naturpark-suedheide\/#breadcrumb"},"inLanguage":"de","potentialAction":[{"@type":"ReadAction","target":["https:\/\/www.naturparkmagazin.de\/vdn\/naturpark-suedheide\/"]}]},{"@type":"BreadcrumbList","@id":"https:\/\/www.naturparkmagazin.de\/vdn\/naturpark-suedheide\/#breadcrumb","itemListElement":[{"@type":"ListItem","position":1,"name":"Home","item":"https:\/\/www.naturparkmagazin.de\/vdn\/"},{"@type":"ListItem","position":2,"name":"Naturpark S\u00fcdheide"}]},{"@type":"WebSite","@id":"https:\/\/www.naturparkmagazin.de\/vdn\/#website","url":"https:\/\/www.naturparkmagazin.de\/vdn\/","name":"Verband Deutscher Naturparke","description":"Eine weitere Naturparkmagazin.de Netzwerk Seite","potentialAction":[{"@type":"SearchAction","target":{"@type":"EntryPoint","urlTemplate":"https:\/\/www.naturparkmagazin.de\/vdn\/?s={search_term_string}"},"query-input":"required name=search_term_string"}],"inLanguage":"de"},{"@type":"Person","@id":"https:\/\/www.naturparkmagazin.de\/vdn\/#\/schema\/person\/3cff9b8773ed55f0189255fa9adfd57c","name":"manuelamerz","url":"https:\/\/www.naturparkmagazin.de\/vdn\/author\/manuelamerz\/"}]}},"_links":{"self":[{"href":"https:\/\/www.naturparkmagazin.de\/vdn\/wp-json\/wp\/v2\/posts\/12659"}],"collection":[{"href":"https:\/\/www.naturparkmagazin.de\/vdn\/wp-json\/wp\/v2\/posts"}],"about":[{"href":"https:\/\/www.naturparkmagazin.de\/vdn\/wp-json\/wp\/v2\/types\/post"}],"author":[{"embeddable":true,"href":"https:\/\/www.naturparkmagazin.de\/vdn\/wp-json\/wp\/v2\/users\/73"}],"replies":[{"embeddable":true,"href":"https:\/\/www.naturparkmagazin.de\/vdn\/wp-json\/wp\/v2\/comments?post=12659"}],"version-history":[{"count":5,"href":"https:\/\/www.naturparkmagazin.de\/vdn\/wp-json\/wp\/v2\/posts\/12659\/revisions"}],"predecessor-version":[{"id":12740,"href":"https:\/\/www.naturparkmagazin.de\/vdn\/wp-json\/wp\/v2\/posts\/12659\/revisions\/12740"}],"wp:featuredmedia":[{"embeddable":true,"href":"https:\/\/www.naturparkmagazin.de\/vdn\/wp-json\/wp\/v2\/media\/12660"}],"wp:attachment":[{"href":"https:\/\/www.naturparkmagazin.de\/vdn\/wp-json\/wp\/v2\/media?parent=12659"}],"wp:term":[{"taxonomy":"category","embeddable":true,"href":"https:\/\/www.naturparkmagazin.de\/vdn\/wp-json\/wp\/v2\/categories?post=12659"},{"taxonomy":"post_tag","embeddable":true,"href":"https:\/\/www.naturparkmagazin.de\/vdn\/wp-json\/wp\/v2\/tags?post=12659"}],"curies":[{"name":"wp","href":"https:\/\/api.w.org\/{rel}","templated":true}]}}