{"id":12670,"date":"2020-07-17T17:31:47","date_gmt":"2020-07-17T15:31:47","guid":{"rendered":"https:\/\/www.naturparkmagazin.de\/vdn\/?p=12670"},"modified":"2020-08-26T13:02:36","modified_gmt":"2020-08-26T11:02:36","slug":"die-flussperlmuschel","status":"publish","type":"post","link":"https:\/\/www.naturparkmagazin.de\/vdn\/die-flussperlmuschel\/","title":{"rendered":"Die Flussperlmuschel"},"content":{"rendered":"<div id=\"attachment_12672\" style=\"width: 510px\" class=\"wp-caption alignnone\"><a href=\"https:\/\/www.naturparkmagazin.de\/vdn\/wp-content\/uploads\/sites\/3\/Lutter-bei-Endeholz_MT_DSC6917b.jpg\"><img aria-describedby=\"caption-attachment-12672\" decoding=\"async\" loading=\"lazy\" class=\"size-full wp-image-12672\" src=\"https:\/\/www.naturparkmagazin.de\/vdn\/wp-content\/uploads\/sites\/3\/Lutter-bei-Endeholz_MT_DSC6917b.jpg\" alt=\"Lutter bei Endeholz \u00a9 L\u00fcneburger Heide GmbH\" width=\"500\" height=\"300\" srcset=\"https:\/\/www.naturparkmagazin.de\/vdn\/wp-content\/uploads\/sites\/3\/Lutter-bei-Endeholz_MT_DSC6917b.jpg 500w, https:\/\/www.naturparkmagazin.de\/vdn\/wp-content\/uploads\/sites\/3\/Lutter-bei-Endeholz_MT_DSC6917b-300x180.jpg 300w, https:\/\/www.naturparkmagazin.de\/vdn\/wp-content\/uploads\/sites\/3\/Lutter-bei-Endeholz_MT_DSC6917b-200x120.jpg 200w\" sizes=\"(max-width: 500px) 100vw, 500px\" \/><\/a><p id=\"caption-attachment-12672\" class=\"wp-caption-text\">Lutter bei Endeholz \u00a9 L\u00fcneburger Heide GmbH<\/p><\/div>\n<p>Die Flussperlmuschel ist der heimliche Schatz des Heidebaches Lutter und in Fachkreisen als \u201eEinwohner des Naturparks S\u00fcdheide\u201c bundesweit ber\u00fchmt. Fr\u00fcher kamen sie massenhaft in den Heideb\u00e4chen vor. Heute sind sie vom Aussterben bedroht. In der Lutter befinden sich die letzten intakten Flussperlmuschelbest\u00e4nde Europas.<\/p>\n<p>&nbsp;<\/p>\n<div id=\"attachment_12673\" style=\"width: 510px\" class=\"wp-caption alignnone\"><a href=\"https:\/\/www.naturparkmagazin.de\/vdn\/wp-content\/uploads\/sites\/3\/Oertze_Ego_Perspektive-00000039b.jpg\"><img aria-describedby=\"caption-attachment-12673\" decoding=\"async\" loading=\"lazy\" class=\"size-full wp-image-12673\" src=\"https:\/\/www.naturparkmagazin.de\/vdn\/wp-content\/uploads\/sites\/3\/Oertze_Ego_Perspektive-00000039b.jpg\" alt=\"Heidebach \u00d6rtze \u00a9 L\u00fcneburger Heide GmbH\" width=\"500\" height=\"300\" srcset=\"https:\/\/www.naturparkmagazin.de\/vdn\/wp-content\/uploads\/sites\/3\/Oertze_Ego_Perspektive-00000039b.jpg 500w, https:\/\/www.naturparkmagazin.de\/vdn\/wp-content\/uploads\/sites\/3\/Oertze_Ego_Perspektive-00000039b-300x180.jpg 300w, https:\/\/www.naturparkmagazin.de\/vdn\/wp-content\/uploads\/sites\/3\/Oertze_Ego_Perspektive-00000039b-200x120.jpg 200w\" sizes=\"(max-width: 500px) 100vw, 500px\" \/><\/a><p id=\"caption-attachment-12673\" class=\"wp-caption-text\">Heidebach \u00d6rtze \u00a9 L\u00fcneburger Heide GmbH<\/p><\/div>\n<p>Versteckt sitzen die Muscheln am kiesigen Grund und ern\u00e4hren sich von feinsten Nahrungspartikeln, die sie aus dem Wasser des Baches filtern. Gelangt dabei ein Fremdk\u00f6rper in die Muschel, der nicht mehr ausgeschieden werden kann, kann sich eine Perle bilden. Es hei\u00dft, in etwa jeder tausendsten Muschel sei eine Perle zu finden.<\/p>\n<p>Auch die beiden naturnahen und n\u00e4hrstoffarmen Heideb\u00e4che \u00d6rtze und Lachte bieten mit ihren Nebenb\u00e4chen einen Lebensraum f\u00fcr viele weitere gef\u00e4hrdete und sehr empfindliche Pflanzen- und Tierarten wie z. B. Fischotter, Biber, Bachforellen und viele andere.<\/p>\n<p>&nbsp;<\/p>\n<div id=\"attachment_12674\" style=\"width: 510px\" class=\"wp-caption alignnone\"><a href=\"https:\/\/www.naturparkmagazin.de\/vdn\/wp-content\/uploads\/sites\/3\/fischotterb.jpg\"><img aria-describedby=\"caption-attachment-12674\" decoding=\"async\" loading=\"lazy\" class=\"size-full wp-image-12674\" src=\"https:\/\/www.naturparkmagazin.de\/vdn\/wp-content\/uploads\/sites\/3\/fischotterb.jpg\" alt=\"Fischotter \u00a9 VDN\/Johannes Brenner\" width=\"500\" height=\"300\" srcset=\"https:\/\/www.naturparkmagazin.de\/vdn\/wp-content\/uploads\/sites\/3\/fischotterb.jpg 500w, https:\/\/www.naturparkmagazin.de\/vdn\/wp-content\/uploads\/sites\/3\/fischotterb-300x180.jpg 300w, https:\/\/www.naturparkmagazin.de\/vdn\/wp-content\/uploads\/sites\/3\/fischotterb-200x120.jpg 200w\" sizes=\"(max-width: 500px) 100vw, 500px\" \/><\/a><p id=\"caption-attachment-12674\" class=\"wp-caption-text\">Fischotter \u00a9 VDN\/Johannes Brenner<\/p><\/div>\n<p>Wer sich selbst einmal wie eine Perle in einer Muschelschale f\u00fchlen m\u00f6chte, sollte das Naturpark Informationszentrum (NIZ) im Bahnhof Eschede besuchen. Neben dem Nachbau einer Flussperlmuschel im XXL-Format lassen moderne, multimediale Erlebnisr\u00e4ume den Besucher in die Einzigartigkeit und Vielf\u00e4ltigkeit der S\u00fcdheide eintauchen. Die drei thematisch gegliederten Ausstellungsr\u00e4ume vermitteln Wissenswertes und Interessantes zur historischen Heidebauernwirtschaft, dem Wasser im Naturpark und dessen Landschaftselementen.<\/p>\n<p>&nbsp;<\/p>\n<div id=\"attachment_12675\" style=\"width: 510px\" class=\"wp-caption alignnone\"><a href=\"https:\/\/www.naturparkmagazin.de\/vdn\/wp-content\/uploads\/sites\/3\/NIZ_Flusspermuschelb.jpg\"><img aria-describedby=\"caption-attachment-12675\" decoding=\"async\" loading=\"lazy\" class=\"size-full wp-image-12675\" src=\"https:\/\/www.naturparkmagazin.de\/vdn\/wp-content\/uploads\/sites\/3\/NIZ_Flusspermuschelb.jpg\" alt=\"Flussperlmuschel im Naturpark-Informationszentrum \u00a9 L\u00fcneburger Heide GmbH\" width=\"500\" height=\"300\" srcset=\"https:\/\/www.naturparkmagazin.de\/vdn\/wp-content\/uploads\/sites\/3\/NIZ_Flusspermuschelb.jpg 500w, https:\/\/www.naturparkmagazin.de\/vdn\/wp-content\/uploads\/sites\/3\/NIZ_Flusspermuschelb-300x180.jpg 300w, https:\/\/www.naturparkmagazin.de\/vdn\/wp-content\/uploads\/sites\/3\/NIZ_Flusspermuschelb-200x120.jpg 200w\" sizes=\"(max-width: 500px) 100vw, 500px\" \/><\/a><p id=\"caption-attachment-12675\" class=\"wp-caption-text\">Flussperlmuschel im Naturpark-Informationszentrum \u00a9 L\u00fcneburger Heide GmbH<\/p><\/div>\n<p>&nbsp;<\/p>\n<p><u>Weitere Informationen und Quellen:<\/u><\/p>\n<ul>\n<li><a href=\"https:\/\/www.naturpark-suedheide.de\/naturparkinfozentrum\/\" target=\"_blank\">Naturparkinfozentrum<\/a><\/li>\n<li><a href=\"https:\/\/www.lueneburger-heide.de\/natur\/artikel\/11603\/heidebach-lutter.html\" target=\"_blank\">L\u00fcneburger Heide<\/a><\/li>\n<li><a href=\"https:\/\/www.naturpark-suedheide.de\/natur-und-landschaft\/heidebaeche\/\">Naturpark S\u00fcdheide<\/a><\/li>\n<\/ul>\n<p>&nbsp;<\/p>\n","protected":false},"excerpt":{"rendered":"<p>Die Perlen aus der S\u00fcdheide &#8211; weniger prominent, daf\u00fcr umso kostbarer!\nVon den Perlen der S\u00fcdsee hat man schon h\u00e4ufiger geh\u00f6rt, weniger bekannt sind den Meisten hingegen die Perlen aus der S\u00fcdheide.<\/p>\n","protected":false},"author":73,"featured_media":12671,"comment_status":"open","ping_status":"open","sticky":false,"template":"","format":"standard","meta":{"_links_to":"","_links_to_target":""},"categories":[8],"tags":[2150,331,2149,2139,2145,2152,2146,2148,2151,2135,2147],"yoast_head":"<!-- This site is optimized with the Yoast SEO plugin v19.10 - https:\/\/yoast.com\/wordpress\/plugins\/seo\/ -->\n<title>Die Flussperlmuschel<\/title>\n<meta name=\"description\" content=\"Die Perlen aus der S\u00fcdheide - weniger prominent, daf\u00fcr umso kostbarer! Von den Perlen der S\u00fcdsee hat man schon h\u00e4ufiger geh\u00f6rt, weniger bekannt sind den Meisten hingegen die Perlen aus der S\u00fcdheide.\" \/>\n<meta name=\"robots\" content=\"index, follow, max-snippet:-1, max-image-preview:large, max-video-preview:-1\" \/>\n<link rel=\"canonical\" href=\"https:\/\/www.naturparkmagazin.de\/vdn\/die-flussperlmuschel\/\" \/>\n<meta property=\"og:locale\" content=\"de_DE\" \/>\n<meta property=\"og:type\" content=\"article\" \/>\n<meta property=\"og:title\" content=\"Die Flussperlmuschel\" \/>\n<meta property=\"og:description\" content=\"Die Perlen aus der S\u00fcdheide - weniger prominent, daf\u00fcr umso kostbarer! Von den Perlen der S\u00fcdsee hat man schon h\u00e4ufiger geh\u00f6rt, weniger bekannt sind den Meisten hingegen die Perlen aus der S\u00fcdheide.\" \/>\n<meta property=\"og:url\" content=\"https:\/\/www.naturparkmagazin.de\/vdn\/die-flussperlmuschel\/\" \/>\n<meta property=\"og:site_name\" content=\"Verband Deutscher Naturparke\" \/>\n<meta property=\"article:published_time\" content=\"2020-07-17T15:31:47+00:00\" \/>\n<meta property=\"article:modified_time\" content=\"2020-08-26T11:02:36+00:00\" \/>\n<meta property=\"og:image\" content=\"https:\/\/www.naturparkmagazin.de\/vdn\/wp-content\/uploads\/sites\/3\/Lutter-bei-Endeholz_MT_DSC6917bf.jpg\" \/>\n\t<meta property=\"og:image:width\" content=\"200\" \/>\n\t<meta property=\"og:image:height\" content=\"200\" \/>\n\t<meta property=\"og:image:type\" content=\"image\/jpeg\" \/>\n<meta name=\"author\" content=\"manuelamerz\" \/>\n<meta name=\"twitter:label1\" content=\"Verfasst von\" \/>\n\t<meta name=\"twitter:data1\" content=\"manuelamerz\" \/>\n\t<meta name=\"twitter:label2\" content=\"Gesch\u00e4tzte Lesezeit\" \/>\n\t<meta name=\"twitter:data2\" content=\"1\u00a0Minute\" \/>\n<script type=\"application\/ld+json\" class=\"yoast-schema-graph\">{\"@context\":\"https:\/\/schema.org\",\"@graph\":[{\"@type\":\"WebPage\",\"@id\":\"https:\/\/www.naturparkmagazin.de\/vdn\/die-flussperlmuschel\/\",\"url\":\"https:\/\/www.naturparkmagazin.de\/vdn\/die-flussperlmuschel\/\",\"name\":\"Die Flussperlmuschel\",\"isPartOf\":{\"@id\":\"https:\/\/www.naturparkmagazin.de\/vdn\/#website\"},\"datePublished\":\"2020-07-17T15:31:47+00:00\",\"dateModified\":\"2020-08-26T11:02:36+00:00\",\"author\":{\"@id\":\"https:\/\/www.naturparkmagazin.de\/vdn\/#\/schema\/person\/3cff9b8773ed55f0189255fa9adfd57c\"},\"description\":\"Die Perlen aus der S\u00fcdheide - weniger prominent, daf\u00fcr umso kostbarer! Von den Perlen der S\u00fcdsee hat man schon h\u00e4ufiger geh\u00f6rt, weniger bekannt sind den Meisten hingegen die Perlen aus der S\u00fcdheide.\",\"breadcrumb\":{\"@id\":\"https:\/\/www.naturparkmagazin.de\/vdn\/die-flussperlmuschel\/#breadcrumb\"},\"inLanguage\":\"de\",\"potentialAction\":[{\"@type\":\"ReadAction\",\"target\":[\"https:\/\/www.naturparkmagazin.de\/vdn\/die-flussperlmuschel\/\"]}]},{\"@type\":\"BreadcrumbList\",\"@id\":\"https:\/\/www.naturparkmagazin.de\/vdn\/die-flussperlmuschel\/#breadcrumb\",\"itemListElement\":[{\"@type\":\"ListItem\",\"position\":1,\"name\":\"Home\",\"item\":\"https:\/\/www.naturparkmagazin.de\/vdn\/\"},{\"@type\":\"ListItem\",\"position\":2,\"name\":\"Die Flussperlmuschel\"}]},{\"@type\":\"WebSite\",\"@id\":\"https:\/\/www.naturparkmagazin.de\/vdn\/#website\",\"url\":\"https:\/\/www.naturparkmagazin.de\/vdn\/\",\"name\":\"Verband Deutscher Naturparke\",\"description\":\"Eine weitere Naturparkmagazin.de Netzwerk Seite\",\"potentialAction\":[{\"@type\":\"SearchAction\",\"target\":{\"@type\":\"EntryPoint\",\"urlTemplate\":\"https:\/\/www.naturparkmagazin.de\/vdn\/?s={search_term_string}\"},\"query-input\":\"required name=search_term_string\"}],\"inLanguage\":\"de\"},{\"@type\":\"Person\",\"@id\":\"https:\/\/www.naturparkmagazin.de\/vdn\/#\/schema\/person\/3cff9b8773ed55f0189255fa9adfd57c\",\"name\":\"manuelamerz\",\"url\":\"https:\/\/www.naturparkmagazin.de\/vdn\/author\/manuelamerz\/\"}]}<\/script>\n<!-- \/ Yoast SEO plugin. -->","yoast_head_json":{"title":"Die Flussperlmuschel","description":"Die Perlen aus der S\u00fcdheide - weniger prominent, daf\u00fcr umso kostbarer! Von den Perlen der S\u00fcdsee hat man schon h\u00e4ufiger geh\u00f6rt, weniger bekannt sind den Meisten hingegen die Perlen aus der S\u00fcdheide.","robots":{"index":"index","follow":"follow","max-snippet":"max-snippet:-1","max-image-preview":"max-image-preview:large","max-video-preview":"max-video-preview:-1"},"canonical":"https:\/\/www.naturparkmagazin.de\/vdn\/die-flussperlmuschel\/","og_locale":"de_DE","og_type":"article","og_title":"Die Flussperlmuschel","og_description":"Die Perlen aus der S\u00fcdheide - weniger prominent, daf\u00fcr umso kostbarer! Von den Perlen der S\u00fcdsee hat man schon h\u00e4ufiger geh\u00f6rt, weniger bekannt sind den Meisten hingegen die Perlen aus der S\u00fcdheide.","og_url":"https:\/\/www.naturparkmagazin.de\/vdn\/die-flussperlmuschel\/","og_site_name":"Verband Deutscher Naturparke","article_published_time":"2020-07-17T15:31:47+00:00","article_modified_time":"2020-08-26T11:02:36+00:00","og_image":[{"width":200,"height":200,"url":"https:\/\/www.naturparkmagazin.de\/vdn\/wp-content\/uploads\/sites\/3\/Lutter-bei-Endeholz_MT_DSC6917bf.jpg","type":"image\/jpeg"}],"author":"manuelamerz","twitter_misc":{"Verfasst von":"manuelamerz","Gesch\u00e4tzte Lesezeit":"1\u00a0Minute"},"schema":{"@context":"https:\/\/schema.org","@graph":[{"@type":"WebPage","@id":"https:\/\/www.naturparkmagazin.de\/vdn\/die-flussperlmuschel\/","url":"https:\/\/www.naturparkmagazin.de\/vdn\/die-flussperlmuschel\/","name":"Die Flussperlmuschel","isPartOf":{"@id":"https:\/\/www.naturparkmagazin.de\/vdn\/#website"},"datePublished":"2020-07-17T15:31:47+00:00","dateModified":"2020-08-26T11:02:36+00:00","author":{"@id":"https:\/\/www.naturparkmagazin.de\/vdn\/#\/schema\/person\/3cff9b8773ed55f0189255fa9adfd57c"},"description":"Die Perlen aus der S\u00fcdheide - weniger prominent, daf\u00fcr umso kostbarer! Von den Perlen der S\u00fcdsee hat man schon h\u00e4ufiger geh\u00f6rt, weniger bekannt sind den Meisten hingegen die Perlen aus der S\u00fcdheide.","breadcrumb":{"@id":"https:\/\/www.naturparkmagazin.de\/vdn\/die-flussperlmuschel\/#breadcrumb"},"inLanguage":"de","potentialAction":[{"@type":"ReadAction","target":["https:\/\/www.naturparkmagazin.de\/vdn\/die-flussperlmuschel\/"]}]},{"@type":"BreadcrumbList","@id":"https:\/\/www.naturparkmagazin.de\/vdn\/die-flussperlmuschel\/#breadcrumb","itemListElement":[{"@type":"ListItem","position":1,"name":"Home","item":"https:\/\/www.naturparkmagazin.de\/vdn\/"},{"@type":"ListItem","position":2,"name":"Die Flussperlmuschel"}]},{"@type":"WebSite","@id":"https:\/\/www.naturparkmagazin.de\/vdn\/#website","url":"https:\/\/www.naturparkmagazin.de\/vdn\/","name":"Verband Deutscher Naturparke","description":"Eine weitere Naturparkmagazin.de Netzwerk Seite","potentialAction":[{"@type":"SearchAction","target":{"@type":"EntryPoint","urlTemplate":"https:\/\/www.naturparkmagazin.de\/vdn\/?s={search_term_string}"},"query-input":"required name=search_term_string"}],"inLanguage":"de"},{"@type":"Person","@id":"https:\/\/www.naturparkmagazin.de\/vdn\/#\/schema\/person\/3cff9b8773ed55f0189255fa9adfd57c","name":"manuelamerz","url":"https:\/\/www.naturparkmagazin.de\/vdn\/author\/manuelamerz\/"}]}},"_links":{"self":[{"href":"https:\/\/www.naturparkmagazin.de\/vdn\/wp-json\/wp\/v2\/posts\/12670"}],"collection":[{"href":"https:\/\/www.naturparkmagazin.de\/vdn\/wp-json\/wp\/v2\/posts"}],"about":[{"href":"https:\/\/www.naturparkmagazin.de\/vdn\/wp-json\/wp\/v2\/types\/post"}],"author":[{"embeddable":true,"href":"https:\/\/www.naturparkmagazin.de\/vdn\/wp-json\/wp\/v2\/users\/73"}],"replies":[{"embeddable":true,"href":"https:\/\/www.naturparkmagazin.de\/vdn\/wp-json\/wp\/v2\/comments?post=12670"}],"version-history":[{"count":1,"href":"https:\/\/www.naturparkmagazin.de\/vdn\/wp-json\/wp\/v2\/posts\/12670\/revisions"}],"predecessor-version":[{"id":12676,"href":"https:\/\/www.naturparkmagazin.de\/vdn\/wp-json\/wp\/v2\/posts\/12670\/revisions\/12676"}],"wp:featuredmedia":[{"embeddable":true,"href":"https:\/\/www.naturparkmagazin.de\/vdn\/wp-json\/wp\/v2\/media\/12671"}],"wp:attachment":[{"href":"https:\/\/www.naturparkmagazin.de\/vdn\/wp-json\/wp\/v2\/media?parent=12670"}],"wp:term":[{"taxonomy":"category","embeddable":true,"href":"https:\/\/www.naturparkmagazin.de\/vdn\/wp-json\/wp\/v2\/categories?post=12670"},{"taxonomy":"post_tag","embeddable":true,"href":"https:\/\/www.naturparkmagazin.de\/vdn\/wp-json\/wp\/v2\/tags?post=12670"}],"curies":[{"name":"wp","href":"https:\/\/api.w.org\/{rel}","templated":true}]}}