{"id":12677,"date":"2020-07-17T17:58:36","date_gmt":"2020-07-17T15:58:36","guid":{"rendered":"https:\/\/www.naturparkmagazin.de\/vdn\/?p=12677"},"modified":"2020-08-26T13:01:59","modified_gmt":"2020-08-26T11:01:59","slug":"stimmungsvolle-heidelandschaft","status":"publish","type":"post","link":"https:\/\/www.naturparkmagazin.de\/vdn\/stimmungsvolle-heidelandschaft\/","title":{"rendered":"Stimmungsvolle Heidelandschaft"},"content":{"rendered":"<p>&nbsp;<\/p>\n<div id=\"attachment_12679\" style=\"width: 510px\" class=\"wp-caption alignnone\"><a href=\"https:\/\/www.naturparkmagazin.de\/vdn\/wp-content\/uploads\/sites\/3\/Wietzer-Berg_MT_DSC7541b.jpg\"><img aria-describedby=\"caption-attachment-12679\" decoding=\"async\" loading=\"lazy\" class=\"wp-image-12679 size-full\" src=\"https:\/\/www.naturparkmagazin.de\/vdn\/wp-content\/uploads\/sites\/3\/Wietzer-Berg_MT_DSC7541b.jpg\" alt=\"Wietzer Berg \u00a9 L\u00fcneburger Heide GmbH\" width=\"500\" height=\"300\" srcset=\"https:\/\/www.naturparkmagazin.de\/vdn\/wp-content\/uploads\/sites\/3\/Wietzer-Berg_MT_DSC7541b.jpg 500w, https:\/\/www.naturparkmagazin.de\/vdn\/wp-content\/uploads\/sites\/3\/Wietzer-Berg_MT_DSC7541b-300x180.jpg 300w, https:\/\/www.naturparkmagazin.de\/vdn\/wp-content\/uploads\/sites\/3\/Wietzer-Berg_MT_DSC7541b-200x120.jpg 200w\" sizes=\"(max-width: 500px) 100vw, 500px\" \/><\/a><p id=\"caption-attachment-12679\" class=\"wp-caption-text\">Wietzer Berg \u00a9 L\u00fcneburger Heide GmbH<\/p><\/div>\n<p>Besonders im August, wenn die Heide in voller Pracht bl\u00fcht und fl\u00e4chendeckend in Lila erstrahlt, ist sie eine besondere Besucherattraktion. Aber auch zu jeder anderen Jahreszeit vermitteln die Sand- und Trockenheiden stimmungsvolle Landschaftserlebnisse, wie der im Herbstnebel schon beinahe gespenstisch wirkende \u201eWacholder Wald\u201c bei Schmarbeck mit seinen uralten knorrigen Wacholdern. Weitere Heidefl\u00e4chen finden Sie auf dem Hau\u00dfelberg. Mit seinen ausgedehnten Heidefl\u00e4chen bietet er bei sch\u00f6nem Wetter eine herrliche Aussicht. Ein sehr beliebtes Ausflugsziel ist der L\u00f6nsstein auf dem Wietzer Berg bei M\u00fcden\/\u00d6. Inmitten einer parkartigen Heidelandschaft wurde der Stein zur Erinnerung an den Lieblingsplatz des Dichters Hermann L\u00f6ns errichtet. Die gr\u00f6\u00dften zusammenh\u00e4ngenden Heidefl\u00e4chen finden Sie rund um Oberohe am einzigartigen Kieselgur-Rundwanderweg und in der Misselhorner Heide bei Hermannsburg.<\/p>\n<p>&nbsp;<\/p>\n<div id=\"attachment_12681\" style=\"width: 510px\" class=\"wp-caption alignnone\"><a href=\"https:\/\/www.naturparkmagazin.de\/vdn\/wp-content\/uploads\/sites\/3\/Misselhorner-Heide_Tiefental_Herbst_DK_L\u00b3neburger-Heide-2015-190b.jpg\"><img aria-describedby=\"caption-attachment-12681\" decoding=\"async\" loading=\"lazy\" class=\"size-full wp-image-12681\" src=\"https:\/\/www.naturparkmagazin.de\/vdn\/wp-content\/uploads\/sites\/3\/Misselhorner-Heide_Tiefental_Herbst_DK_L\u00b3neburger-Heide-2015-190b.jpg\" alt=\"Misselhorner Heide im Herbst \u00a9 L\u00fcneburger Heide GmbH\" width=\"500\" height=\"300\" srcset=\"https:\/\/www.naturparkmagazin.de\/vdn\/wp-content\/uploads\/sites\/3\/Misselhorner-Heide_Tiefental_Herbst_DK_L\u00b3neburger-Heide-2015-190b.jpg 500w, https:\/\/www.naturparkmagazin.de\/vdn\/wp-content\/uploads\/sites\/3\/Misselhorner-Heide_Tiefental_Herbst_DK_L\u00b3neburger-Heide-2015-190b-300x180.jpg 300w, https:\/\/www.naturparkmagazin.de\/vdn\/wp-content\/uploads\/sites\/3\/Misselhorner-Heide_Tiefental_Herbst_DK_L\u00b3neburger-Heide-2015-190b-200x120.jpg 200w\" sizes=\"(max-width: 500px) 100vw, 500px\" \/><\/a><p id=\"caption-attachment-12681\" class=\"wp-caption-text\">Misselhorner Heide im Herbst \u00a9 L\u00fcneburger Heide GmbH<\/p><\/div>\n<p>Heute als Erholungsgebiet beliebt, sind die Heidefl\u00e4chen Reste eines\u00a0ehemals riesigen Heidegebietes zwischen L\u00fcneburg und Celle\u00a0und Relikte der fr\u00fcheren Heidebauernwirtschaft und somit auch von kulturhistorischer Bedeutung.<\/p>\n<p>Der Landkreis Celle als Tr\u00e4ger des Naturparks S\u00fcdheide bem\u00fcht sich seit Jahrzehnten um den Erhalt und die Entwicklung charakteristischer Beispiele dieser Landschaft. Er hat \u00fcber 525 ha Heidefl\u00e4chen mit hohem finanziellen Aufwand gepflegt und erhalten. Fast alle diese Fl\u00e4chen sind inzwischen als Naturschutzgebiet oder Teil des europ\u00e4ischen Schutzgebietssystems NATURA 2000 gesichert.<\/p>\n<p>&nbsp;<\/p>\n<div id=\"attachment_12684\" style=\"width: 510px\" class=\"wp-caption alignnone\"><a href=\"https:\/\/www.naturparkmagazin.de\/vdn\/wp-content\/uploads\/sites\/3\/Wacholderwald_Luftaufnahmen_Suedheide308b.jpg\"><img aria-describedby=\"caption-attachment-12684\" decoding=\"async\" loading=\"lazy\" class=\"size-full wp-image-12684\" src=\"https:\/\/www.naturparkmagazin.de\/vdn\/wp-content\/uploads\/sites\/3\/Wacholderwald_Luftaufnahmen_Suedheide308b.jpg\" alt=\"Wacholderwald \u00a9 L\u00fcneburger Heide GmbH\" width=\"500\" height=\"300\" srcset=\"https:\/\/www.naturparkmagazin.de\/vdn\/wp-content\/uploads\/sites\/3\/Wacholderwald_Luftaufnahmen_Suedheide308b.jpg 500w, https:\/\/www.naturparkmagazin.de\/vdn\/wp-content\/uploads\/sites\/3\/Wacholderwald_Luftaufnahmen_Suedheide308b-300x180.jpg 300w, https:\/\/www.naturparkmagazin.de\/vdn\/wp-content\/uploads\/sites\/3\/Wacholderwald_Luftaufnahmen_Suedheide308b-200x120.jpg 200w\" sizes=\"(max-width: 500px) 100vw, 500px\" \/><\/a><p id=\"caption-attachment-12684\" class=\"wp-caption-text\">Wacholderwald \u00a9 L\u00fcneburger Heide GmbH<\/p><\/div>\n<p>Zum Entdecken der Heide bietet das Wanderparadies S\u00fcdheide 23 themenbezogene Rund-Wanderwege mit f\u00fcnf Erlebniswegen. Auf dem R\u00fccken der Pferde oder mit einer Kutschfahrt kann man die Heide besonders stilvoll durchqueren, die festen Sandb\u00f6den bieten dazu ideale Voraussetzungen. Fast 400 Kilometer Radwege laden au\u00dferdem zum Erkunden der Heidefl\u00e4chen zwischen Fa\u00dfberg, Hermannsburg und Unterl\u00fc\u00df ein, z.B. auf der 39 km langen \u201eGro\u00dfen Heidetour\u201c.<\/p>\n<p>&nbsp;<\/p>\n<div id=\"attachment_12682\" style=\"width: 510px\" class=\"wp-caption alignnone\"><a href=\"https:\/\/www.naturparkmagazin.de\/vdn\/wp-content\/uploads\/sites\/3\/300b.jpg\"><img aria-describedby=\"caption-attachment-12682\" decoding=\"async\" loading=\"lazy\" class=\"size-full wp-image-12682\" src=\"https:\/\/www.naturparkmagazin.de\/vdn\/wp-content\/uploads\/sites\/3\/300b.jpg\" alt=\"Heidschnucken bei der Arbeit \u00a9 VDN\/Lore\" width=\"500\" height=\"300\" srcset=\"https:\/\/www.naturparkmagazin.de\/vdn\/wp-content\/uploads\/sites\/3\/300b.jpg 500w, https:\/\/www.naturparkmagazin.de\/vdn\/wp-content\/uploads\/sites\/3\/300b-300x180.jpg 300w, https:\/\/www.naturparkmagazin.de\/vdn\/wp-content\/uploads\/sites\/3\/300b-200x120.jpg 200w\" sizes=\"(max-width: 500px) 100vw, 500px\" \/><\/a><p id=\"caption-attachment-12682\" class=\"wp-caption-text\">Heidschnucken bei der Arbeit \u00a9 VDN\/Lore<\/p><\/div>\n<p>&nbsp;<\/p>\n<p><strong><em>\u201eSchn\u00f6kernde Landschaftspfleger auf vier Beinen\u201c<\/em><\/strong><\/p>\n<p>Einen nicht zu untersch\u00e4tzenden Beitrag zur Pflege und zum Erhalt der Heidefl\u00e4chen leisten unsere vierbeinigen Landschaftspfleger \u2013 die Heidschnucken. Im Naturpark S\u00fcdheide gibt es drei Heidschnuckenherden. Die Herden werden teilweise noch auf traditionelle Art und Weise das ganze Jahr \u00fcber geh\u00fctet. Das bedeutet, jeden Tag ziehen die Heidschnucken mit dem Sch\u00e4fer hinaus in die Heide und laufen dabei bis zu 10 km am Tag. Mit etwas Gl\u00fcck k\u00f6nnen Sie den Herden u. a. in der Misselhorner Heide oder in der Oberoher Heide begegnen.<\/p>\n<p>Wussten Sie, dass die Heidschnucken Genie\u00dfer sind? Sie variieren bei ihrer Nahrung zwischen Gras, Wildkr\u00e4utern und Heidekraut. Daher tragen Sie auch den Namen &#8222;Heideschnucken&#8220;. Er leitet sich von dem Begriff &#8222;schn\u00f6kern\u201c, also naschen ab.<\/p>\n<p>&nbsp;<\/p>\n<div id=\"attachment_12683\" style=\"width: 510px\" class=\"wp-caption alignnone\"><a href=\"https:\/\/www.naturparkmagazin.de\/vdn\/wp-content\/uploads\/sites\/3\/Oberohe-Heide_MT_DSC5194b.jpg\"><img aria-describedby=\"caption-attachment-12683\" decoding=\"async\" loading=\"lazy\" class=\"size-full wp-image-12683\" src=\"https:\/\/www.naturparkmagazin.de\/vdn\/wp-content\/uploads\/sites\/3\/Oberohe-Heide_MT_DSC5194b.jpg\" alt=\"Oberohe Heide \u00a9 L\u00fcneburger Heide GmbH\" width=\"500\" height=\"300\" srcset=\"https:\/\/www.naturparkmagazin.de\/vdn\/wp-content\/uploads\/sites\/3\/Oberohe-Heide_MT_DSC5194b.jpg 500w, https:\/\/www.naturparkmagazin.de\/vdn\/wp-content\/uploads\/sites\/3\/Oberohe-Heide_MT_DSC5194b-300x180.jpg 300w, https:\/\/www.naturparkmagazin.de\/vdn\/wp-content\/uploads\/sites\/3\/Oberohe-Heide_MT_DSC5194b-200x120.jpg 200w\" sizes=\"(max-width: 500px) 100vw, 500px\" \/><\/a><p id=\"caption-attachment-12683\" class=\"wp-caption-text\">Oberohe Heide \u00a9 L\u00fcneburger Heide GmbH<\/p><\/div>\n<p><strong><em>Immer \u201eup-to-date\u201c mit dem Heidebl\u00fcten-Barometer<\/em><\/strong><\/p>\n<p>Ab Ende Juli k\u00f6nnen Sie den aktuellen Stand der Heidebl\u00fcte im <a href=\"https:\/\/www.lueneburger-heide.de\/natur\/artikel\/3452\/heideblueten-barometer-wann-blueht-die-heide.html\" target=\"_blank\">Heidebl\u00fcten-Barometer<\/a> unter mitverfolgen. Bis September k\u00f6nnen Sie dank der nahezu t\u00e4glich neueingestellten Bilder beobachten, welche Heidefl\u00e4che gerade am sch\u00f6nsten bl\u00fcht.<\/p>\n<p><u>Weitere Informationen und Quellen:<\/u><\/p>\n<ul>\n<li><a href=\"https:\/\/www.lueneburger-heide.de\/naturpark-suedheide\" target=\"_blank\">Naturpark S\u00fcdheide<\/a><\/li>\n<li><a href=\"https:\/\/www.lueneburger-heide.de\/heidebluete\" target=\"_blank\">Heidebl\u00fcte<\/a><\/li>\n<li><a href=\"https:\/\/www.naturpark-suedheide.de\/natur-und-landschaft\/heideflaechen\/\" target=\"_blank\">Natur und Landschaft: Heidefl\u00e4chen<\/a><\/li>\n<li><a href=\"https:\/\/www.lueneburger-heide.de\/natur\/artikel\/13838\/heidschnucken-wo-lueneburger-heide.html\" target=\"_blank\">Heidschnucken in der Heide<\/a><\/li>\n<li><a href=\"https:\/\/www.lueneburger-heide.de\/natur\/artikel\/3452\/heideblueten-barometer-wann-blueht-die-heide.html\" target=\"_blank\">Heidebl\u00fctenbarometer &#8211; Wann bl\u00fcht die Heide?<\/a><\/li>\n<\/ul>\n<p>&nbsp;<\/p>\n","protected":false},"excerpt":{"rendered":"<p>Erleben Sie die abwechslungsreichen Heidefl\u00e4chen des Naturparks S\u00fcdheide und ihre vierbeinigen Landschaftspfleger. <\/p>\n","protected":false},"author":73,"featured_media":12678,"comment_status":"open","ping_status":"open","sticky":false,"template":"","format":"standard","meta":{"_links_to":"","_links_to_target":""},"categories":[617],"tags":[659,2155,2133,2153,2156,2158,431,2135,980,2159,2154,2157],"yoast_head":"<!-- This site is optimized with the Yoast SEO plugin v19.10 - https:\/\/yoast.com\/wordpress\/plugins\/seo\/ -->\n<title>Stimmungsvolle Heidelandschaft<\/title>\n<meta name=\"description\" content=\"Erleben Sie die abwechslungsreichen Heidefl\u00e4chen des Naturparks S\u00fcdheide und ihre vierbeinigen Landschaftspfleger.\" \/>\n<meta name=\"robots\" content=\"index, follow, max-snippet:-1, max-image-preview:large, max-video-preview:-1\" \/>\n<link rel=\"canonical\" href=\"https:\/\/www.naturparkmagazin.de\/vdn\/stimmungsvolle-heidelandschaft\/\" \/>\n<meta property=\"og:locale\" content=\"de_DE\" \/>\n<meta property=\"og:type\" content=\"article\" \/>\n<meta property=\"og:title\" content=\"Stimmungsvolle Heidelandschaft\" \/>\n<meta property=\"og:description\" content=\"Erleben Sie die abwechslungsreichen Heidefl\u00e4chen des Naturparks S\u00fcdheide und ihre vierbeinigen Landschaftspfleger.\" \/>\n<meta property=\"og:url\" content=\"https:\/\/www.naturparkmagazin.de\/vdn\/stimmungsvolle-heidelandschaft\/\" \/>\n<meta property=\"og:site_name\" content=\"Verband Deutscher Naturparke\" \/>\n<meta property=\"article:published_time\" content=\"2020-07-17T15:58:36+00:00\" \/>\n<meta property=\"article:modified_time\" content=\"2020-08-26T11:01:59+00:00\" \/>\n<meta property=\"og:image\" content=\"https:\/\/www.naturparkmagazin.de\/vdn\/wp-content\/uploads\/sites\/3\/Wietzer-Berg_MT_DSC7541bf.jpg\" \/>\n\t<meta property=\"og:image:width\" content=\"200\" \/>\n\t<meta property=\"og:image:height\" content=\"200\" \/>\n\t<meta property=\"og:image:type\" content=\"image\/jpeg\" \/>\n<meta name=\"author\" content=\"manuelamerz\" \/>\n<meta name=\"twitter:label1\" content=\"Verfasst von\" \/>\n\t<meta name=\"twitter:data1\" content=\"manuelamerz\" \/>\n\t<meta name=\"twitter:label2\" content=\"Gesch\u00e4tzte Lesezeit\" \/>\n\t<meta name=\"twitter:data2\" content=\"3\u00a0Minuten\" \/>\n<script type=\"application\/ld+json\" class=\"yoast-schema-graph\">{\"@context\":\"https:\/\/schema.org\",\"@graph\":[{\"@type\":\"WebPage\",\"@id\":\"https:\/\/www.naturparkmagazin.de\/vdn\/stimmungsvolle-heidelandschaft\/\",\"url\":\"https:\/\/www.naturparkmagazin.de\/vdn\/stimmungsvolle-heidelandschaft\/\",\"name\":\"Stimmungsvolle Heidelandschaft\",\"isPartOf\":{\"@id\":\"https:\/\/www.naturparkmagazin.de\/vdn\/#website\"},\"datePublished\":\"2020-07-17T15:58:36+00:00\",\"dateModified\":\"2020-08-26T11:01:59+00:00\",\"author\":{\"@id\":\"https:\/\/www.naturparkmagazin.de\/vdn\/#\/schema\/person\/3cff9b8773ed55f0189255fa9adfd57c\"},\"description\":\"Erleben Sie die abwechslungsreichen Heidefl\u00e4chen des Naturparks S\u00fcdheide und ihre vierbeinigen Landschaftspfleger.\",\"breadcrumb\":{\"@id\":\"https:\/\/www.naturparkmagazin.de\/vdn\/stimmungsvolle-heidelandschaft\/#breadcrumb\"},\"inLanguage\":\"de\",\"potentialAction\":[{\"@type\":\"ReadAction\",\"target\":[\"https:\/\/www.naturparkmagazin.de\/vdn\/stimmungsvolle-heidelandschaft\/\"]}]},{\"@type\":\"BreadcrumbList\",\"@id\":\"https:\/\/www.naturparkmagazin.de\/vdn\/stimmungsvolle-heidelandschaft\/#breadcrumb\",\"itemListElement\":[{\"@type\":\"ListItem\",\"position\":1,\"name\":\"Home\",\"item\":\"https:\/\/www.naturparkmagazin.de\/vdn\/\"},{\"@type\":\"ListItem\",\"position\":2,\"name\":\"Stimmungsvolle Heidelandschaft\"}]},{\"@type\":\"WebSite\",\"@id\":\"https:\/\/www.naturparkmagazin.de\/vdn\/#website\",\"url\":\"https:\/\/www.naturparkmagazin.de\/vdn\/\",\"name\":\"Verband Deutscher Naturparke\",\"description\":\"Eine weitere Naturparkmagazin.de Netzwerk Seite\",\"potentialAction\":[{\"@type\":\"SearchAction\",\"target\":{\"@type\":\"EntryPoint\",\"urlTemplate\":\"https:\/\/www.naturparkmagazin.de\/vdn\/?s={search_term_string}\"},\"query-input\":\"required name=search_term_string\"}],\"inLanguage\":\"de\"},{\"@type\":\"Person\",\"@id\":\"https:\/\/www.naturparkmagazin.de\/vdn\/#\/schema\/person\/3cff9b8773ed55f0189255fa9adfd57c\",\"name\":\"manuelamerz\",\"url\":\"https:\/\/www.naturparkmagazin.de\/vdn\/author\/manuelamerz\/\"}]}<\/script>\n<!-- \/ Yoast SEO plugin. -->","yoast_head_json":{"title":"Stimmungsvolle Heidelandschaft","description":"Erleben Sie die abwechslungsreichen Heidefl\u00e4chen des Naturparks S\u00fcdheide und ihre vierbeinigen Landschaftspfleger.","robots":{"index":"index","follow":"follow","max-snippet":"max-snippet:-1","max-image-preview":"max-image-preview:large","max-video-preview":"max-video-preview:-1"},"canonical":"https:\/\/www.naturparkmagazin.de\/vdn\/stimmungsvolle-heidelandschaft\/","og_locale":"de_DE","og_type":"article","og_title":"Stimmungsvolle Heidelandschaft","og_description":"Erleben Sie die abwechslungsreichen Heidefl\u00e4chen des Naturparks S\u00fcdheide und ihre vierbeinigen Landschaftspfleger.","og_url":"https:\/\/www.naturparkmagazin.de\/vdn\/stimmungsvolle-heidelandschaft\/","og_site_name":"Verband Deutscher Naturparke","article_published_time":"2020-07-17T15:58:36+00:00","article_modified_time":"2020-08-26T11:01:59+00:00","og_image":[{"width":200,"height":200,"url":"https:\/\/www.naturparkmagazin.de\/vdn\/wp-content\/uploads\/sites\/3\/Wietzer-Berg_MT_DSC7541bf.jpg","type":"image\/jpeg"}],"author":"manuelamerz","twitter_misc":{"Verfasst von":"manuelamerz","Gesch\u00e4tzte Lesezeit":"3\u00a0Minuten"},"schema":{"@context":"https:\/\/schema.org","@graph":[{"@type":"WebPage","@id":"https:\/\/www.naturparkmagazin.de\/vdn\/stimmungsvolle-heidelandschaft\/","url":"https:\/\/www.naturparkmagazin.de\/vdn\/stimmungsvolle-heidelandschaft\/","name":"Stimmungsvolle Heidelandschaft","isPartOf":{"@id":"https:\/\/www.naturparkmagazin.de\/vdn\/#website"},"datePublished":"2020-07-17T15:58:36+00:00","dateModified":"2020-08-26T11:01:59+00:00","author":{"@id":"https:\/\/www.naturparkmagazin.de\/vdn\/#\/schema\/person\/3cff9b8773ed55f0189255fa9adfd57c"},"description":"Erleben Sie die abwechslungsreichen Heidefl\u00e4chen des Naturparks S\u00fcdheide und ihre vierbeinigen Landschaftspfleger.","breadcrumb":{"@id":"https:\/\/www.naturparkmagazin.de\/vdn\/stimmungsvolle-heidelandschaft\/#breadcrumb"},"inLanguage":"de","potentialAction":[{"@type":"ReadAction","target":["https:\/\/www.naturparkmagazin.de\/vdn\/stimmungsvolle-heidelandschaft\/"]}]},{"@type":"BreadcrumbList","@id":"https:\/\/www.naturparkmagazin.de\/vdn\/stimmungsvolle-heidelandschaft\/#breadcrumb","itemListElement":[{"@type":"ListItem","position":1,"name":"Home","item":"https:\/\/www.naturparkmagazin.de\/vdn\/"},{"@type":"ListItem","position":2,"name":"Stimmungsvolle Heidelandschaft"}]},{"@type":"WebSite","@id":"https:\/\/www.naturparkmagazin.de\/vdn\/#website","url":"https:\/\/www.naturparkmagazin.de\/vdn\/","name":"Verband Deutscher Naturparke","description":"Eine weitere Naturparkmagazin.de Netzwerk Seite","potentialAction":[{"@type":"SearchAction","target":{"@type":"EntryPoint","urlTemplate":"https:\/\/www.naturparkmagazin.de\/vdn\/?s={search_term_string}"},"query-input":"required name=search_term_string"}],"inLanguage":"de"},{"@type":"Person","@id":"https:\/\/www.naturparkmagazin.de\/vdn\/#\/schema\/person\/3cff9b8773ed55f0189255fa9adfd57c","name":"manuelamerz","url":"https:\/\/www.naturparkmagazin.de\/vdn\/author\/manuelamerz\/"}]}},"_links":{"self":[{"href":"https:\/\/www.naturparkmagazin.de\/vdn\/wp-json\/wp\/v2\/posts\/12677"}],"collection":[{"href":"https:\/\/www.naturparkmagazin.de\/vdn\/wp-json\/wp\/v2\/posts"}],"about":[{"href":"https:\/\/www.naturparkmagazin.de\/vdn\/wp-json\/wp\/v2\/types\/post"}],"author":[{"embeddable":true,"href":"https:\/\/www.naturparkmagazin.de\/vdn\/wp-json\/wp\/v2\/users\/73"}],"replies":[{"embeddable":true,"href":"https:\/\/www.naturparkmagazin.de\/vdn\/wp-json\/wp\/v2\/comments?post=12677"}],"version-history":[{"count":2,"href":"https:\/\/www.naturparkmagazin.de\/vdn\/wp-json\/wp\/v2\/posts\/12677\/revisions"}],"predecessor-version":[{"id":12739,"href":"https:\/\/www.naturparkmagazin.de\/vdn\/wp-json\/wp\/v2\/posts\/12677\/revisions\/12739"}],"wp:featuredmedia":[{"embeddable":true,"href":"https:\/\/www.naturparkmagazin.de\/vdn\/wp-json\/wp\/v2\/media\/12678"}],"wp:attachment":[{"href":"https:\/\/www.naturparkmagazin.de\/vdn\/wp-json\/wp\/v2\/media?parent=12677"}],"wp:term":[{"taxonomy":"category","embeddable":true,"href":"https:\/\/www.naturparkmagazin.de\/vdn\/wp-json\/wp\/v2\/categories?post=12677"},{"taxonomy":"post_tag","embeddable":true,"href":"https:\/\/www.naturparkmagazin.de\/vdn\/wp-json\/wp\/v2\/tags?post=12677"}],"curies":[{"name":"wp","href":"https:\/\/api.w.org\/{rel}","templated":true}]}}