{"id":12686,"date":"2020-07-17T17:25:39","date_gmt":"2020-07-17T15:25:39","guid":{"rendered":"https:\/\/www.naturparkmagazin.de\/vdn\/?p=12686"},"modified":"2020-08-26T13:02:47","modified_gmt":"2020-08-26T11:02:47","slug":"entdecke-deine-naturlandschaft-auf-der-tournatur-2020","status":"publish","type":"post","link":"https:\/\/www.naturparkmagazin.de\/vdn\/entdecke-deine-naturlandschaft-auf-der-tournatur-2020\/","title":{"rendered":"\u201eEntdecke deine Naturlandschaft\u201c auf der TourNatur 2020"},"content":{"rendered":"<div id=\"attachment_12688\" style=\"width: 510px\" class=\"wp-caption alignnone\"><a href=\"https:\/\/www.naturparkmagazin.de\/vdn\/wp-content\/uploads\/sites\/3\/20180831_112954b.jpg\"><img aria-describedby=\"caption-attachment-12688\" decoding=\"async\" loading=\"lazy\" class=\"size-full wp-image-12688\" src=\"https:\/\/www.naturparkmagazin.de\/vdn\/wp-content\/uploads\/sites\/3\/20180831_112954b.jpg\" alt=\"TourNatur \u00a9 VDN\" width=\"500\" height=\"300\" srcset=\"https:\/\/www.naturparkmagazin.de\/vdn\/wp-content\/uploads\/sites\/3\/20180831_112954b.jpg 500w, https:\/\/www.naturparkmagazin.de\/vdn\/wp-content\/uploads\/sites\/3\/20180831_112954b-300x180.jpg 300w, https:\/\/www.naturparkmagazin.de\/vdn\/wp-content\/uploads\/sites\/3\/20180831_112954b-200x120.jpg 200w\" sizes=\"(max-width: 500px) 100vw, 500px\" \/><\/a><p id=\"caption-attachment-12688\" class=\"wp-caption-text\">TourNatur \u00a9 VDN<\/p><\/div>\n<p>Vom 4. bis 6. September 2020 \u00f6ffnet die TourNatur auf der Messe D\u00fcsseldorf ihre Tore und der VDN sowie einige Naturparke sind mit dabei.<\/p>\n<p>Auf der TourNatur dreht sich alles rund um Outdoor-Aktivit\u00e4ten in der Natur. Neben vielen Informationen zu spannenden Reisezielen, stellen sich verschiedene Gro\u00dfschutzgebiete vor und pr\u00e4sentieren ihre vielf\u00e4ltigen Angebote.<\/p>\n<p>Direkt am Sonderstand \u201eErlebnis Natur \u2013 Entdecke Deine Naturlandschaft\u201c erwarten Sie unter anderem die Naturparke Habichtswald, Hohe Mark, Schwalm-Nette und Siebengebirge.<\/p>\n<p>Wir freuen uns auf Ihren Besuch in Halle 14.<\/p>\n<p>&nbsp;<\/p>\n","protected":false},"excerpt":{"rendered":"<p>Der VDN und Naturparke beteiligen sich am Sonderstand \u201eErlebnis Natur \u2013 Entdecke Deine Naturlandschaft\u201c auf der TourNatur 2020<\/p>\n","protected":false},"author":73,"featured_media":12687,"comment_status":"open","ping_status":"open","sticky":false,"template":"","format":"standard","meta":{"_links_to":"","_links_to_target":""},"categories":[7],"tags":[1289,2161,2162,682,976,662,2160,41,1054],"yoast_head":"<!-- This site is optimized with the Yoast SEO plugin v19.10 - https:\/\/yoast.com\/wordpress\/plugins\/seo\/ -->\n<title>\u201eEntdecke deine Naturlandschaft\u201c auf der TourNatur 2020<\/title>\n<meta name=\"description\" content=\"Der VDN und Naturparke beteiligen sich am Sonderstand \u201eErlebnis Natur \u2013 Entdecke Deine Naturlandschaft\u201c auf der TourNatur 2020\" \/>\n<meta name=\"robots\" content=\"index, follow, max-snippet:-1, max-image-preview:large, max-video-preview:-1\" \/>\n<link rel=\"canonical\" href=\"https:\/\/www.naturparkmagazin.de\/vdn\/entdecke-deine-naturlandschaft-auf-der-tournatur-2020\/\" \/>\n<meta property=\"og:locale\" content=\"de_DE\" \/>\n<meta property=\"og:type\" content=\"article\" \/>\n<meta property=\"og:title\" content=\"\u201eEntdecke deine Naturlandschaft\u201c auf der TourNatur 2020\" \/>\n<meta property=\"og:description\" content=\"Der VDN und Naturparke beteiligen sich am Sonderstand \u201eErlebnis Natur \u2013 Entdecke Deine Naturlandschaft\u201c auf der TourNatur 2020\" \/>\n<meta property=\"og:url\" content=\"https:\/\/www.naturparkmagazin.de\/vdn\/entdecke-deine-naturlandschaft-auf-der-tournatur-2020\/\" \/>\n<meta property=\"og:site_name\" content=\"Verband Deutscher Naturparke\" \/>\n<meta property=\"article:published_time\" content=\"2020-07-17T15:25:39+00:00\" \/>\n<meta property=\"article:modified_time\" content=\"2020-08-26T11:02:47+00:00\" \/>\n<meta property=\"og:image\" content=\"https:\/\/www.naturparkmagazin.de\/vdn\/wp-content\/uploads\/sites\/3\/tou2002_HeaderDesktop_945x265px_DEbf.jpg\" \/>\n\t<meta property=\"og:image:width\" content=\"200\" \/>\n\t<meta property=\"og:image:height\" content=\"200\" \/>\n\t<meta property=\"og:image:type\" content=\"image\/jpeg\" \/>\n<meta name=\"author\" content=\"manuelamerz\" \/>\n<meta name=\"twitter:label1\" content=\"Verfasst von\" \/>\n\t<meta name=\"twitter:data1\" content=\"manuelamerz\" \/>\n<script type=\"application\/ld+json\" class=\"yoast-schema-graph\">{\"@context\":\"https:\/\/schema.org\",\"@graph\":[{\"@type\":\"WebPage\",\"@id\":\"https:\/\/www.naturparkmagazin.de\/vdn\/entdecke-deine-naturlandschaft-auf-der-tournatur-2020\/\",\"url\":\"https:\/\/www.naturparkmagazin.de\/vdn\/entdecke-deine-naturlandschaft-auf-der-tournatur-2020\/\",\"name\":\"\u201eEntdecke deine Naturlandschaft\u201c auf der TourNatur 2020\",\"isPartOf\":{\"@id\":\"https:\/\/www.naturparkmagazin.de\/vdn\/#website\"},\"datePublished\":\"2020-07-17T15:25:39+00:00\",\"dateModified\":\"2020-08-26T11:02:47+00:00\",\"author\":{\"@id\":\"https:\/\/www.naturparkmagazin.de\/vdn\/#\/schema\/person\/3cff9b8773ed55f0189255fa9adfd57c\"},\"description\":\"Der VDN und Naturparke beteiligen sich am Sonderstand \u201eErlebnis Natur \u2013 Entdecke Deine Naturlandschaft\u201c auf der TourNatur 2020\",\"breadcrumb\":{\"@id\":\"https:\/\/www.naturparkmagazin.de\/vdn\/entdecke-deine-naturlandschaft-auf-der-tournatur-2020\/#breadcrumb\"},\"inLanguage\":\"de\",\"potentialAction\":[{\"@type\":\"ReadAction\",\"target\":[\"https:\/\/www.naturparkmagazin.de\/vdn\/entdecke-deine-naturlandschaft-auf-der-tournatur-2020\/\"]}]},{\"@type\":\"BreadcrumbList\",\"@id\":\"https:\/\/www.naturparkmagazin.de\/vdn\/entdecke-deine-naturlandschaft-auf-der-tournatur-2020\/#breadcrumb\",\"itemListElement\":[{\"@type\":\"ListItem\",\"position\":1,\"name\":\"Home\",\"item\":\"https:\/\/www.naturparkmagazin.de\/vdn\/\"},{\"@type\":\"ListItem\",\"position\":2,\"name\":\"\u201eEntdecke deine Naturlandschaft\u201c auf der TourNatur 2020\"}]},{\"@type\":\"WebSite\",\"@id\":\"https:\/\/www.naturparkmagazin.de\/vdn\/#website\",\"url\":\"https:\/\/www.naturparkmagazin.de\/vdn\/\",\"name\":\"Verband Deutscher Naturparke\",\"description\":\"Eine weitere Naturparkmagazin.de Netzwerk Seite\",\"potentialAction\":[{\"@type\":\"SearchAction\",\"target\":{\"@type\":\"EntryPoint\",\"urlTemplate\":\"https:\/\/www.naturparkmagazin.de\/vdn\/?s={search_term_string}\"},\"query-input\":\"required name=search_term_string\"}],\"inLanguage\":\"de\"},{\"@type\":\"Person\",\"@id\":\"https:\/\/www.naturparkmagazin.de\/vdn\/#\/schema\/person\/3cff9b8773ed55f0189255fa9adfd57c\",\"name\":\"manuelamerz\",\"url\":\"https:\/\/www.naturparkmagazin.de\/vdn\/author\/manuelamerz\/\"}]}<\/script>\n<!-- \/ Yoast SEO plugin. -->","yoast_head_json":{"title":"\u201eEntdecke deine Naturlandschaft\u201c auf der TourNatur 2020","description":"Der VDN und Naturparke beteiligen sich am Sonderstand \u201eErlebnis Natur \u2013 Entdecke Deine Naturlandschaft\u201c auf der TourNatur 2020","robots":{"index":"index","follow":"follow","max-snippet":"max-snippet:-1","max-image-preview":"max-image-preview:large","max-video-preview":"max-video-preview:-1"},"canonical":"https:\/\/www.naturparkmagazin.de\/vdn\/entdecke-deine-naturlandschaft-auf-der-tournatur-2020\/","og_locale":"de_DE","og_type":"article","og_title":"\u201eEntdecke deine Naturlandschaft\u201c auf der TourNatur 2020","og_description":"Der VDN und Naturparke beteiligen sich am Sonderstand \u201eErlebnis Natur \u2013 Entdecke Deine Naturlandschaft\u201c auf der TourNatur 2020","og_url":"https:\/\/www.naturparkmagazin.de\/vdn\/entdecke-deine-naturlandschaft-auf-der-tournatur-2020\/","og_site_name":"Verband Deutscher Naturparke","article_published_time":"2020-07-17T15:25:39+00:00","article_modified_time":"2020-08-26T11:02:47+00:00","og_image":[{"width":200,"height":200,"url":"https:\/\/www.naturparkmagazin.de\/vdn\/wp-content\/uploads\/sites\/3\/tou2002_HeaderDesktop_945x265px_DEbf.jpg","type":"image\/jpeg"}],"author":"manuelamerz","twitter_misc":{"Verfasst von":"manuelamerz"},"schema":{"@context":"https:\/\/schema.org","@graph":[{"@type":"WebPage","@id":"https:\/\/www.naturparkmagazin.de\/vdn\/entdecke-deine-naturlandschaft-auf-der-tournatur-2020\/","url":"https:\/\/www.naturparkmagazin.de\/vdn\/entdecke-deine-naturlandschaft-auf-der-tournatur-2020\/","name":"\u201eEntdecke deine Naturlandschaft\u201c auf der TourNatur 2020","isPartOf":{"@id":"https:\/\/www.naturparkmagazin.de\/vdn\/#website"},"datePublished":"2020-07-17T15:25:39+00:00","dateModified":"2020-08-26T11:02:47+00:00","author":{"@id":"https:\/\/www.naturparkmagazin.de\/vdn\/#\/schema\/person\/3cff9b8773ed55f0189255fa9adfd57c"},"description":"Der VDN und Naturparke beteiligen sich am Sonderstand \u201eErlebnis Natur \u2013 Entdecke Deine Naturlandschaft\u201c auf der TourNatur 2020","breadcrumb":{"@id":"https:\/\/www.naturparkmagazin.de\/vdn\/entdecke-deine-naturlandschaft-auf-der-tournatur-2020\/#breadcrumb"},"inLanguage":"de","potentialAction":[{"@type":"ReadAction","target":["https:\/\/www.naturparkmagazin.de\/vdn\/entdecke-deine-naturlandschaft-auf-der-tournatur-2020\/"]}]},{"@type":"BreadcrumbList","@id":"https:\/\/www.naturparkmagazin.de\/vdn\/entdecke-deine-naturlandschaft-auf-der-tournatur-2020\/#breadcrumb","itemListElement":[{"@type":"ListItem","position":1,"name":"Home","item":"https:\/\/www.naturparkmagazin.de\/vdn\/"},{"@type":"ListItem","position":2,"name":"\u201eEntdecke deine Naturlandschaft\u201c auf der TourNatur 2020"}]},{"@type":"WebSite","@id":"https:\/\/www.naturparkmagazin.de\/vdn\/#website","url":"https:\/\/www.naturparkmagazin.de\/vdn\/","name":"Verband Deutscher Naturparke","description":"Eine weitere Naturparkmagazin.de Netzwerk Seite","potentialAction":[{"@type":"SearchAction","target":{"@type":"EntryPoint","urlTemplate":"https:\/\/www.naturparkmagazin.de\/vdn\/?s={search_term_string}"},"query-input":"required name=search_term_string"}],"inLanguage":"de"},{"@type":"Person","@id":"https:\/\/www.naturparkmagazin.de\/vdn\/#\/schema\/person\/3cff9b8773ed55f0189255fa9adfd57c","name":"manuelamerz","url":"https:\/\/www.naturparkmagazin.de\/vdn\/author\/manuelamerz\/"}]}},"_links":{"self":[{"href":"https:\/\/www.naturparkmagazin.de\/vdn\/wp-json\/wp\/v2\/posts\/12686"}],"collection":[{"href":"https:\/\/www.naturparkmagazin.de\/vdn\/wp-json\/wp\/v2\/posts"}],"about":[{"href":"https:\/\/www.naturparkmagazin.de\/vdn\/wp-json\/wp\/v2\/types\/post"}],"author":[{"embeddable":true,"href":"https:\/\/www.naturparkmagazin.de\/vdn\/wp-json\/wp\/v2\/users\/73"}],"replies":[{"embeddable":true,"href":"https:\/\/www.naturparkmagazin.de\/vdn\/wp-json\/wp\/v2\/comments?post=12686"}],"version-history":[{"count":2,"href":"https:\/\/www.naturparkmagazin.de\/vdn\/wp-json\/wp\/v2\/posts\/12686\/revisions"}],"predecessor-version":[{"id":12690,"href":"https:\/\/www.naturparkmagazin.de\/vdn\/wp-json\/wp\/v2\/posts\/12686\/revisions\/12690"}],"wp:featuredmedia":[{"embeddable":true,"href":"https:\/\/www.naturparkmagazin.de\/vdn\/wp-json\/wp\/v2\/media\/12687"}],"wp:attachment":[{"href":"https:\/\/www.naturparkmagazin.de\/vdn\/wp-json\/wp\/v2\/media?parent=12686"}],"wp:term":[{"taxonomy":"category","embeddable":true,"href":"https:\/\/www.naturparkmagazin.de\/vdn\/wp-json\/wp\/v2\/categories?post=12686"},{"taxonomy":"post_tag","embeddable":true,"href":"https:\/\/www.naturparkmagazin.de\/vdn\/wp-json\/wp\/v2\/tags?post=12686"}],"curies":[{"name":"wp","href":"https:\/\/api.w.org\/{rel}","templated":true}]}}