{"id":12691,"date":"2020-07-17T17:32:33","date_gmt":"2020-07-17T15:32:33","guid":{"rendered":"https:\/\/www.naturparkmagazin.de\/vdn\/?p=12691"},"modified":"2020-07-28T12:13:06","modified_gmt":"2020-07-28T10:13:06","slug":"das-gold-der-heide","status":"publish","type":"post","link":"https:\/\/www.naturparkmagazin.de\/vdn\/das-gold-der-heide\/","title":{"rendered":"\u201eDas Gold der Heide\u201c"},"content":{"rendered":"<div id=\"attachment_12693\" style=\"width: 510px\" class=\"wp-caption alignnone\"><a href=\"https:\/\/www.naturparkmagazin.de\/vdn\/wp-content\/uploads\/sites\/3\/Honig_EB_IMG_0558b.jpg\"><img aria-describedby=\"caption-attachment-12693\" decoding=\"async\" loading=\"lazy\" class=\"size-full wp-image-12693\" src=\"https:\/\/www.naturparkmagazin.de\/vdn\/wp-content\/uploads\/sites\/3\/Honig_EB_IMG_0558b.jpg\" alt=\"Heidehonig \u00a9 L\u00fcneburger Heide GmbH\" width=\"500\" height=\"300\" srcset=\"https:\/\/www.naturparkmagazin.de\/vdn\/wp-content\/uploads\/sites\/3\/Honig_EB_IMG_0558b.jpg 500w, https:\/\/www.naturparkmagazin.de\/vdn\/wp-content\/uploads\/sites\/3\/Honig_EB_IMG_0558b-300x180.jpg 300w, https:\/\/www.naturparkmagazin.de\/vdn\/wp-content\/uploads\/sites\/3\/Honig_EB_IMG_0558b-200x120.jpg 200w\" sizes=\"(max-width: 500px) 100vw, 500px\" \/><\/a><p id=\"caption-attachment-12693\" class=\"wp-caption-text\">Heidehonig \u00a9 L\u00fcneburger Heide GmbH<\/p><\/div>\n<p>Etwa 1,4 kg Honig verbraucht jeder Deutsche im Schnitt pro Jahr. Und wer sein frisches, knuspriges Sonntagsbr\u00f6tchen mit etwas Besonderem garnieren m\u00f6chte, w\u00e4hlt den Heidehonig. Honig ist nicht nur lecker, sondern wirkt entz\u00fcndungshemmend und ist gesund &#8211; insbesondere dem Heide-Honig wird nachgesagt, dass er gut gegen Arthrose sei. Heide-Honig hat ein kr\u00e4ftiges, w\u00fcrziges Aroma und ist bernsteinfarben. Er bleibt lange dickfl\u00fcssig (das liegt am hohen Anteil von Eiwei\u00dfverbindungen und Kolloiden).<\/p>\n<p>F\u00fcr diese leckere und gesunde Spezialit\u00e4t summen Millionen flei\u00dfiger Bienen w\u00e4hrend der Heidebl\u00fcte im August und September durch die Heidefl\u00e4chen und sammeln den ber\u00fchmten Honig ein. Die Bienenk\u00f6rbe kann man an vielen Stellen in der Heide sehen.<\/p>\n<div id=\"attachment_12694\" style=\"width: 510px\" class=\"wp-caption alignnone\"><a href=\"https:\/\/www.naturparkmagazin.de\/vdn\/wp-content\/uploads\/sites\/3\/L\u00b3neburger_Heide_Bienenk\u00f7rbeb.jpg\"><img aria-describedby=\"caption-attachment-12694\" decoding=\"async\" loading=\"lazy\" class=\"size-full wp-image-12694\" src=\"https:\/\/www.naturparkmagazin.de\/vdn\/wp-content\/uploads\/sites\/3\/L\u00b3neburger_Heide_Bienenk\u00f7rbeb.jpg\" alt=\"Bienenk\u00f6rbe \u00a9 L\u00fcneburger Heide GmbH\" width=\"500\" height=\"300\" srcset=\"https:\/\/www.naturparkmagazin.de\/vdn\/wp-content\/uploads\/sites\/3\/L\u00b3neburger_Heide_Bienenk\u00f7rbeb.jpg 500w, https:\/\/www.naturparkmagazin.de\/vdn\/wp-content\/uploads\/sites\/3\/L\u00b3neburger_Heide_Bienenk\u00f7rbeb-300x180.jpg 300w, https:\/\/www.naturparkmagazin.de\/vdn\/wp-content\/uploads\/sites\/3\/L\u00b3neburger_Heide_Bienenk\u00f7rbeb-200x120.jpg 200w\" sizes=\"(max-width: 500px) 100vw, 500px\" \/><\/a><p id=\"caption-attachment-12694\" class=\"wp-caption-text\">Bienenk\u00f6rbe \u00a9 L\u00fcneburger Heide GmbH<\/p><\/div>\n<p>Schon zu R\u00f6merzeiten war der Heide-Honig eine Delikatesse. Die Einf\u00fchrung von Minerald\u00fcnger in der zweiten H\u00e4lfte des 19. Jahrhunderts machte den Heidefl\u00e4chen zu schaffen. Mit dem R\u00fcckgang der Heidefl\u00e4chen gingen auch immer mehr Heide-Imkereien zu Grunde. Inzwischen nehmen aber immer mehr Betriebe das alte Handwerk auf und stellen unter gro\u00dfem Aufwand \u201edas Gold der Heide\u201c her. Die charakteristische, gelartige Konsistenz des Heidehonigs erfordert ein spezielles Verfahren &#8211; eine Heidenarbeit sozusagen.<\/p>\n<p>Eine Arbeit, die sich lohnt, denn die S\u00fcdheide ist eine der wenigen Regionen, in denen die ben\u00f6tigten Trachtpflanzen \u2013 die Besenheide und das Heidekraut \u2013 noch vorkommen und der echte Heidehonig produziert werden kann. Diese Tatsache und der enorme Arbeitsaufwand machen den Honig auch so kostbar.<\/p>\n<div id=\"attachment_12695\" style=\"width: 510px\" class=\"wp-caption alignnone\"><a href=\"https:\/\/www.naturparkmagazin.de\/vdn\/wp-content\/uploads\/sites\/3\/L\u00b3neburger_Heide_Biene_auf_Heideb.jpg\"><img aria-describedby=\"caption-attachment-12695\" decoding=\"async\" loading=\"lazy\" class=\"size-full wp-image-12695\" src=\"https:\/\/www.naturparkmagazin.de\/vdn\/wp-content\/uploads\/sites\/3\/L\u00b3neburger_Heide_Biene_auf_Heideb.jpg\" alt=\"Biene auf Heidebl\u00fcte \u00a9 L\u00fcneburger Heide GmbH\" width=\"500\" height=\"300\" srcset=\"https:\/\/www.naturparkmagazin.de\/vdn\/wp-content\/uploads\/sites\/3\/L\u00b3neburger_Heide_Biene_auf_Heideb.jpg 500w, https:\/\/www.naturparkmagazin.de\/vdn\/wp-content\/uploads\/sites\/3\/L\u00b3neburger_Heide_Biene_auf_Heideb-300x180.jpg 300w, https:\/\/www.naturparkmagazin.de\/vdn\/wp-content\/uploads\/sites\/3\/L\u00b3neburger_Heide_Biene_auf_Heideb-200x120.jpg 200w\" sizes=\"(max-width: 500px) 100vw, 500px\" \/><\/a><p id=\"caption-attachment-12695\" class=\"wp-caption-text\">Biene auf Heidebl\u00fcte \u00a9 L\u00fcneburger Heide GmbH<\/p><\/div>\n<p>Nicht nur den Bienen und Imkern ist der Genuss der Spezialit\u00e4t zu verdanken. Auch die Heidschnucken leisten ihren Beitrag zur Honigherstellung: Heidschnucken bereiten auf ihrer Wanderung durch die Heide den Weg f\u00fcr die Bienen vor. Sie fressen Sch\u00f6sslinge ab und zertreten die Spinnenweben, die den Bienen sonst zum Verh\u00e4ngnis werden w\u00fcrden.<\/p>\n<p>Die neue Ernte bekommt man in etwa ab Ende September in fast allen Hofl\u00e4den, in vielen Gesch\u00e4ften oder nat\u00fcrlich bei den Imkern (z T. auch mit Online-Shop) selbst.<\/p>\n<p>Weitere Informationen erhalten Sie <a href=\"https:\/\/www.lueneburger-heide.de\/natur\/artikel\/964\/heide-honig-html\" target=\"_blank\">hier.<u>\n<\/u><\/a><\/p>\n<p>&nbsp;<\/p>\n","protected":false},"excerpt":{"rendered":"<p>Etwa 1,4 kg Honig verbraucht jeder Deutsche im Schnitt pro Jahr. Und wer sein frisches, knuspriges Sonntagsbr\u00f6tchen mit etwas Besonderem garnieren m\u00f6chte, w\u00e4hlt den Heidehonig. <\/p>\n","protected":false},"author":73,"featured_media":12692,"comment_status":"open","ping_status":"open","sticky":false,"template":"","format":"standard","meta":{"_links_to":"","_links_to_target":""},"categories":[13],"tags":[2134,2164,2133,2163,1498,22,2135],"yoast_head":"<!-- This site is optimized with the Yoast SEO plugin v19.10 - https:\/\/yoast.com\/wordpress\/plugins\/seo\/ -->\n<title>\u201eDas Gold der Heide\u201c<\/title>\n<meta name=\"description\" content=\"Etwa 1,4 kg Honig verbraucht jeder Deutsche im Schnitt pro Jahr. Und wer sein frisches, knuspriges Sonntagsbr\u00f6tchen mit etwas Besonderem garnieren m\u00f6chte, w\u00e4hlt den Heidehonig.\" \/>\n<meta name=\"robots\" content=\"index, follow, max-snippet:-1, max-image-preview:large, max-video-preview:-1\" \/>\n<link rel=\"canonical\" href=\"https:\/\/www.naturparkmagazin.de\/vdn\/das-gold-der-heide\/\" \/>\n<meta property=\"og:locale\" content=\"de_DE\" \/>\n<meta property=\"og:type\" content=\"article\" \/>\n<meta property=\"og:title\" content=\"\u201eDas Gold der Heide\u201c\" \/>\n<meta property=\"og:description\" content=\"Etwa 1,4 kg Honig verbraucht jeder Deutsche im Schnitt pro Jahr. Und wer sein frisches, knuspriges Sonntagsbr\u00f6tchen mit etwas Besonderem garnieren m\u00f6chte, w\u00e4hlt den Heidehonig.\" \/>\n<meta property=\"og:url\" content=\"https:\/\/www.naturparkmagazin.de\/vdn\/das-gold-der-heide\/\" \/>\n<meta property=\"og:site_name\" content=\"Verband Deutscher Naturparke\" \/>\n<meta property=\"article:published_time\" content=\"2020-07-17T15:32:33+00:00\" \/>\n<meta property=\"article:modified_time\" content=\"2020-07-28T10:13:06+00:00\" \/>\n<meta property=\"og:image\" content=\"https:\/\/www.naturparkmagazin.de\/vdn\/wp-content\/uploads\/sites\/3\/Honig_EB_IMG_0558bf.jpg\" \/>\n\t<meta property=\"og:image:width\" content=\"200\" \/>\n\t<meta property=\"og:image:height\" content=\"200\" \/>\n\t<meta property=\"og:image:type\" content=\"image\/jpeg\" \/>\n<meta name=\"author\" content=\"manuelamerz\" \/>\n<meta name=\"twitter:label1\" content=\"Verfasst von\" \/>\n\t<meta name=\"twitter:data1\" content=\"manuelamerz\" \/>\n\t<meta name=\"twitter:label2\" content=\"Gesch\u00e4tzte Lesezeit\" \/>\n\t<meta name=\"twitter:data2\" content=\"2\u00a0Minuten\" \/>\n<script type=\"application\/ld+json\" class=\"yoast-schema-graph\">{\"@context\":\"https:\/\/schema.org\",\"@graph\":[{\"@type\":\"WebPage\",\"@id\":\"https:\/\/www.naturparkmagazin.de\/vdn\/das-gold-der-heide\/\",\"url\":\"https:\/\/www.naturparkmagazin.de\/vdn\/das-gold-der-heide\/\",\"name\":\"\u201eDas Gold der Heide\u201c\",\"isPartOf\":{\"@id\":\"https:\/\/www.naturparkmagazin.de\/vdn\/#website\"},\"datePublished\":\"2020-07-17T15:32:33+00:00\",\"dateModified\":\"2020-07-28T10:13:06+00:00\",\"author\":{\"@id\":\"https:\/\/www.naturparkmagazin.de\/vdn\/#\/schema\/person\/3cff9b8773ed55f0189255fa9adfd57c\"},\"description\":\"Etwa 1,4 kg Honig verbraucht jeder Deutsche im Schnitt pro Jahr. Und wer sein frisches, knuspriges Sonntagsbr\u00f6tchen mit etwas Besonderem garnieren m\u00f6chte, w\u00e4hlt den Heidehonig.\",\"breadcrumb\":{\"@id\":\"https:\/\/www.naturparkmagazin.de\/vdn\/das-gold-der-heide\/#breadcrumb\"},\"inLanguage\":\"de\",\"potentialAction\":[{\"@type\":\"ReadAction\",\"target\":[\"https:\/\/www.naturparkmagazin.de\/vdn\/das-gold-der-heide\/\"]}]},{\"@type\":\"BreadcrumbList\",\"@id\":\"https:\/\/www.naturparkmagazin.de\/vdn\/das-gold-der-heide\/#breadcrumb\",\"itemListElement\":[{\"@type\":\"ListItem\",\"position\":1,\"name\":\"Home\",\"item\":\"https:\/\/www.naturparkmagazin.de\/vdn\/\"},{\"@type\":\"ListItem\",\"position\":2,\"name\":\"\u201eDas Gold der Heide\u201c\"}]},{\"@type\":\"WebSite\",\"@id\":\"https:\/\/www.naturparkmagazin.de\/vdn\/#website\",\"url\":\"https:\/\/www.naturparkmagazin.de\/vdn\/\",\"name\":\"Verband Deutscher Naturparke\",\"description\":\"Eine weitere Naturparkmagazin.de Netzwerk Seite\",\"potentialAction\":[{\"@type\":\"SearchAction\",\"target\":{\"@type\":\"EntryPoint\",\"urlTemplate\":\"https:\/\/www.naturparkmagazin.de\/vdn\/?s={search_term_string}\"},\"query-input\":\"required name=search_term_string\"}],\"inLanguage\":\"de\"},{\"@type\":\"Person\",\"@id\":\"https:\/\/www.naturparkmagazin.de\/vdn\/#\/schema\/person\/3cff9b8773ed55f0189255fa9adfd57c\",\"name\":\"manuelamerz\",\"url\":\"https:\/\/www.naturparkmagazin.de\/vdn\/author\/manuelamerz\/\"}]}<\/script>\n<!-- \/ Yoast SEO plugin. -->","yoast_head_json":{"title":"\u201eDas Gold der Heide\u201c","description":"Etwa 1,4 kg Honig verbraucht jeder Deutsche im Schnitt pro Jahr. Und wer sein frisches, knuspriges Sonntagsbr\u00f6tchen mit etwas Besonderem garnieren m\u00f6chte, w\u00e4hlt den Heidehonig.","robots":{"index":"index","follow":"follow","max-snippet":"max-snippet:-1","max-image-preview":"max-image-preview:large","max-video-preview":"max-video-preview:-1"},"canonical":"https:\/\/www.naturparkmagazin.de\/vdn\/das-gold-der-heide\/","og_locale":"de_DE","og_type":"article","og_title":"\u201eDas Gold der Heide\u201c","og_description":"Etwa 1,4 kg Honig verbraucht jeder Deutsche im Schnitt pro Jahr. Und wer sein frisches, knuspriges Sonntagsbr\u00f6tchen mit etwas Besonderem garnieren m\u00f6chte, w\u00e4hlt den Heidehonig.","og_url":"https:\/\/www.naturparkmagazin.de\/vdn\/das-gold-der-heide\/","og_site_name":"Verband Deutscher Naturparke","article_published_time":"2020-07-17T15:32:33+00:00","article_modified_time":"2020-07-28T10:13:06+00:00","og_image":[{"width":200,"height":200,"url":"https:\/\/www.naturparkmagazin.de\/vdn\/wp-content\/uploads\/sites\/3\/Honig_EB_IMG_0558bf.jpg","type":"image\/jpeg"}],"author":"manuelamerz","twitter_misc":{"Verfasst von":"manuelamerz","Gesch\u00e4tzte Lesezeit":"2\u00a0Minuten"},"schema":{"@context":"https:\/\/schema.org","@graph":[{"@type":"WebPage","@id":"https:\/\/www.naturparkmagazin.de\/vdn\/das-gold-der-heide\/","url":"https:\/\/www.naturparkmagazin.de\/vdn\/das-gold-der-heide\/","name":"\u201eDas Gold der Heide\u201c","isPartOf":{"@id":"https:\/\/www.naturparkmagazin.de\/vdn\/#website"},"datePublished":"2020-07-17T15:32:33+00:00","dateModified":"2020-07-28T10:13:06+00:00","author":{"@id":"https:\/\/www.naturparkmagazin.de\/vdn\/#\/schema\/person\/3cff9b8773ed55f0189255fa9adfd57c"},"description":"Etwa 1,4 kg Honig verbraucht jeder Deutsche im Schnitt pro Jahr. Und wer sein frisches, knuspriges Sonntagsbr\u00f6tchen mit etwas Besonderem garnieren m\u00f6chte, w\u00e4hlt den Heidehonig.","breadcrumb":{"@id":"https:\/\/www.naturparkmagazin.de\/vdn\/das-gold-der-heide\/#breadcrumb"},"inLanguage":"de","potentialAction":[{"@type":"ReadAction","target":["https:\/\/www.naturparkmagazin.de\/vdn\/das-gold-der-heide\/"]}]},{"@type":"BreadcrumbList","@id":"https:\/\/www.naturparkmagazin.de\/vdn\/das-gold-der-heide\/#breadcrumb","itemListElement":[{"@type":"ListItem","position":1,"name":"Home","item":"https:\/\/www.naturparkmagazin.de\/vdn\/"},{"@type":"ListItem","position":2,"name":"\u201eDas Gold der Heide\u201c"}]},{"@type":"WebSite","@id":"https:\/\/www.naturparkmagazin.de\/vdn\/#website","url":"https:\/\/www.naturparkmagazin.de\/vdn\/","name":"Verband Deutscher Naturparke","description":"Eine weitere Naturparkmagazin.de Netzwerk Seite","potentialAction":[{"@type":"SearchAction","target":{"@type":"EntryPoint","urlTemplate":"https:\/\/www.naturparkmagazin.de\/vdn\/?s={search_term_string}"},"query-input":"required name=search_term_string"}],"inLanguage":"de"},{"@type":"Person","@id":"https:\/\/www.naturparkmagazin.de\/vdn\/#\/schema\/person\/3cff9b8773ed55f0189255fa9adfd57c","name":"manuelamerz","url":"https:\/\/www.naturparkmagazin.de\/vdn\/author\/manuelamerz\/"}]}},"_links":{"self":[{"href":"https:\/\/www.naturparkmagazin.de\/vdn\/wp-json\/wp\/v2\/posts\/12691"}],"collection":[{"href":"https:\/\/www.naturparkmagazin.de\/vdn\/wp-json\/wp\/v2\/posts"}],"about":[{"href":"https:\/\/www.naturparkmagazin.de\/vdn\/wp-json\/wp\/v2\/types\/post"}],"author":[{"embeddable":true,"href":"https:\/\/www.naturparkmagazin.de\/vdn\/wp-json\/wp\/v2\/users\/73"}],"replies":[{"embeddable":true,"href":"https:\/\/www.naturparkmagazin.de\/vdn\/wp-json\/wp\/v2\/comments?post=12691"}],"version-history":[{"count":2,"href":"https:\/\/www.naturparkmagazin.de\/vdn\/wp-json\/wp\/v2\/posts\/12691\/revisions"}],"predecessor-version":[{"id":12734,"href":"https:\/\/www.naturparkmagazin.de\/vdn\/wp-json\/wp\/v2\/posts\/12691\/revisions\/12734"}],"wp:featuredmedia":[{"embeddable":true,"href":"https:\/\/www.naturparkmagazin.de\/vdn\/wp-json\/wp\/v2\/media\/12692"}],"wp:attachment":[{"href":"https:\/\/www.naturparkmagazin.de\/vdn\/wp-json\/wp\/v2\/media?parent=12691"}],"wp:term":[{"taxonomy":"category","embeddable":true,"href":"https:\/\/www.naturparkmagazin.de\/vdn\/wp-json\/wp\/v2\/categories?post=12691"},{"taxonomy":"post_tag","embeddable":true,"href":"https:\/\/www.naturparkmagazin.de\/vdn\/wp-json\/wp\/v2\/tags?post=12691"}],"curies":[{"name":"wp","href":"https:\/\/api.w.org\/{rel}","templated":true}]}}