{"id":12698,"date":"2020-07-17T17:38:55","date_gmt":"2020-07-17T15:38:55","guid":{"rendered":"https:\/\/www.naturparkmagazin.de\/vdn\/?p=12698"},"modified":"2020-08-26T13:01:49","modified_gmt":"2020-08-26T11:01:49","slug":"traum-in-lila-heidebluete-in-naturparken","status":"publish","type":"post","link":"https:\/\/www.naturparkmagazin.de\/vdn\/traum-in-lila-heidebluete-in-naturparken\/","title":{"rendered":"Traum in lila \u2013 Heidebl\u00fcte in Naturparken"},"content":{"rendered":"<p>&nbsp;<\/p>\n<div id=\"attachment_12700\" style=\"width: 510px\" class=\"wp-caption alignnone\"><a href=\"https:\/\/www.naturparkmagazin.de\/vdn\/wp-content\/uploads\/sites\/3\/calluna-abend-105-klb.jpg\"><img aria-describedby=\"caption-attachment-12700\" decoding=\"async\" loading=\"lazy\" class=\"size-full wp-image-12700\" src=\"https:\/\/www.naturparkmagazin.de\/vdn\/wp-content\/uploads\/sites\/3\/calluna-abend-105-klb.jpg\" alt=\"Calluna-Abend \u00a9 VDN\/I. Noack\" width=\"500\" height=\"300\" srcset=\"https:\/\/www.naturparkmagazin.de\/vdn\/wp-content\/uploads\/sites\/3\/calluna-abend-105-klb.jpg 500w, https:\/\/www.naturparkmagazin.de\/vdn\/wp-content\/uploads\/sites\/3\/calluna-abend-105-klb-300x180.jpg 300w, https:\/\/www.naturparkmagazin.de\/vdn\/wp-content\/uploads\/sites\/3\/calluna-abend-105-klb-200x120.jpg 200w\" sizes=\"(max-width: 500px) 100vw, 500px\" \/><\/a><p id=\"caption-attachment-12700\" class=\"wp-caption-text\">Calluna-Abend \u00a9 VDN\/I. Noack<\/p><\/div>\n<p>Heidelandschaften sind durch den Menschen entstanden &#8211; ohne Pflegema\u00dfnahmen w\u00fcrden die Heidefl\u00e4chen vergrasen und verbuschen. Die Beweidung der Heide mit den Heidschnucken ist wohl die bekannteste Methode, die Heide zu pflegen. Aber auch das manuelle M\u00e4hen oder Entkusseln erhalten diese einzigartigen Kulturlandschaften. Letzteres bedeutet \u00fcpbrigens, junge Geh\u00f6lze, die sog. Kussel, zu beseitigen.<\/p>\n<p>Wenn im August und September die Heide bl\u00fcht, belohnt das kr\u00e4ftige Lila von vielen Millionen Bl\u00fcten die Arbeit der vielen Aktiven in Naturparken, die sich f\u00fcr den Erhalt der Heidefl\u00e4chen engagieren. Dann verspr\u00fcht die Landschaft einen ganz besonderen Charme und zieht alle &#8211; Einheimische wie Besucher &#8211; in ihren Bann.<\/p>\n<p>&nbsp;<\/p>\n<div id=\"attachment_12701\" style=\"width: 510px\" class=\"wp-caption alignnone\"><a href=\"https:\/\/www.naturparkmagazin.de\/vdn\/wp-content\/uploads\/sites\/3\/landschaft046-p-kraupa-29-08-15-mg-9970-hdrb.jpg\"><img aria-describedby=\"caption-attachment-12701\" decoding=\"async\" loading=\"lazy\" class=\"size-full wp-image-12701\" src=\"https:\/\/www.naturparkmagazin.de\/vdn\/wp-content\/uploads\/sites\/3\/landschaft046-p-kraupa-29-08-15-mg-9970-hdrb.jpg\" alt=\"Farbe Lila \u00a9 VDN\/Petra K\u00fcster\" width=\"500\" height=\"300\" srcset=\"https:\/\/www.naturparkmagazin.de\/vdn\/wp-content\/uploads\/sites\/3\/landschaft046-p-kraupa-29-08-15-mg-9970-hdrb.jpg 500w, https:\/\/www.naturparkmagazin.de\/vdn\/wp-content\/uploads\/sites\/3\/landschaft046-p-kraupa-29-08-15-mg-9970-hdrb-300x180.jpg 300w, https:\/\/www.naturparkmagazin.de\/vdn\/wp-content\/uploads\/sites\/3\/landschaft046-p-kraupa-29-08-15-mg-9970-hdrb-200x120.jpg 200w\" sizes=\"(max-width: 500px) 100vw, 500px\" \/><\/a><p id=\"caption-attachment-12701\" class=\"wp-caption-text\">Farbe Lila \u00a9 VDN\/Petra K\u00fcster<\/p><\/div>\n<p>Im Herzen des Naturparks L\u00fcneburger Heide liegt das autofreie Naturschutzgebiet L\u00fcneburger Heide mit den gr\u00f6\u00dften zusammenh\u00e4ngenden Heidefl\u00e4chen Mitteleuropas. Gute Ausgangspunkte f\u00fcr eine Wanderung, Radtour oder Kutschfahrt in das Naturschutzgebiet L\u00fcneburger Heide sind die Heideorte Niederhaverbeck, Oberhaverbeck, D\u00f6hle und Undeloh. Im Naturpark S\u00fcdheide liegen die Heidefl\u00e4chen rund um die Heideorte M\u00fcden (\u00d6rtze), Fa\u00dfberg, Hermannsburg und Unterl\u00fc\u00df. Sowohl im Naturpark L\u00fcneburger Heide als auch im Naturpark S\u00fcdheide werden gef\u00fchrte Natur- und Landschaftsf\u00fchrungen angeboten. Hier bekommen Sie die einzigartige Kulturlandschaft auf anschauliche und lebendige Art und Weise erkl\u00e4rt.<\/p>\n<div id=\"attachment_12702\" style=\"width: 510px\" class=\"wp-caption alignnone\"><a href=\"https:\/\/www.naturparkmagazin.de\/vdn\/wp-content\/uploads\/sites\/3\/Heidebilder_062b.jpg\"><img aria-describedby=\"caption-attachment-12702\" decoding=\"async\" loading=\"lazy\" class=\"size-full wp-image-12702\" src=\"https:\/\/www.naturparkmagazin.de\/vdn\/wp-content\/uploads\/sites\/3\/Heidebilder_062b.jpg\" alt=\"Heidelandschaft am Thurmberg \u00a9 VDN\/Lo Wendt\" width=\"500\" height=\"300\" srcset=\"https:\/\/www.naturparkmagazin.de\/vdn\/wp-content\/uploads\/sites\/3\/Heidebilder_062b.jpg 500w, https:\/\/www.naturparkmagazin.de\/vdn\/wp-content\/uploads\/sites\/3\/Heidebilder_062b-300x180.jpg 300w, https:\/\/www.naturparkmagazin.de\/vdn\/wp-content\/uploads\/sites\/3\/Heidebilder_062b-200x120.jpg 200w\" sizes=\"(max-width: 500px) 100vw, 500px\" \/><\/a><p id=\"caption-attachment-12702\" class=\"wp-caption-text\">Heidelandschaft am Thurmberg \u00a9 VDN\/Lo Wendt<\/p><\/div>\n<p>&nbsp;<\/p>\n<p><strong><a href=\"https:\/\/www.reiseland-niedersachsen.de\/erleben\/natur\/saisonale-naturhighlights\/die-zauberhafte-heidebluete\" target=\"_blank\">Heidebl\u00fcte im Naturpark L\u00fcneburger Heide und in der S\u00fcdheide<\/a><\/strong><\/p>\n<p>&nbsp;<\/p>\n<p>Bei einer morgendlichen Wanderung durch die bl\u00fchende Kyritz-Ruppiner-Heide \u2013 noch immer eine der gr\u00f6\u00dften zusammenh\u00e4ngenden Heidegebiete mit Besenheide in Europa \u2014 kann man im Naturpark Stechlin-Ruppiner Land jede Menge erleben.<\/p>\n<p><strong><a href=\"https:\/\/www.stechlin-ruppiner-land-naturpark.de\/veranstaltungen\/heidewanderung-1\/\" target=\"_blank\">Heidebl\u00fcte im Naturpark Stechlin-Ruppiner Land<\/a><\/strong><\/p>\n<p>&nbsp;<\/p>\n<p>Im Naturpark Uckerm\u00e4rkische Seen bieten Ranger der Naturwacht mit der Heidetour erlebnisreiche Entdeckerfahrten per Maultier-Kutsche durch die Heidebl\u00fcte an.<\/p>\n<p><strong><a href=\"https:\/\/www.reiseland-brandenburg.de\/veranstaltung\/uckermark\/ranger-erlebnistour-mit-maultieren-durch-die-bluehende-heide\/?no_cache=1\" target=\"_blank\">Heidebl\u00fcte im Naturpark Uckerm\u00e4rkische Seen<\/a><\/strong><\/p>\n<p>&nbsp;<\/p>\n<p>Oder erleben Sie das j\u00e4hrlich wiederkehrende Naturschauspiel im Naturpark Niederlausitzer Heidelandschaft und begleiten Sie Ranger durch diesen besonderen Lebensraum. Besuchen Sie den Sch\u00e4fer mit seiner Herde und erfahren Sie etwas \u00fcber die gro\u00dfe Artenvielfalt an diesem speziellen Standort und die Anstrengungen, die zu seinem Erhalt unternommen werden.<\/p>\n<p><strong><a href=\"https:\/\/www.reiseland-brandenburg.de\/veranstaltung\/elbe-elster-land\/rangertour-heide-spaziergang-in-das-naturschutzgebiet-forsthaus-proesa\/?no_cache=1\" target=\"_blank\">Heidebl\u00fcte im Naturpark Niederlausitzer Heidelandschaft<\/a><\/strong><\/p>\n<p>&nbsp;<\/p>\n<p>Ein Sonntagsspaziergang mit der Naturparkf\u00fchrerin f\u00fchrt im Naturpark Barnim durch die bl\u00fchende Sch\u00f6nower Heide. Teilnehmende k\u00f6nnen sich nicht nur an der Farbenpracht der Heidebl\u00fcte erfreuen, sondern erfahren auch Vieles \u00fcber Pflanzen, Tiere, die Nutzung der Heide und anderes Interessante.<\/p>\n<p><strong><a href=\"https:\/\/www.reiseland-brandenburg.de\/veranstaltung\/barnimer-land\/die-heide-blueht-in-der-reihe-sonntags-in-und-um-bernau\/?no_cache=1\" target=\"_blank\">Heidebl\u00fcte im Naturpark Barnim<\/a><\/strong><\/p>\n<p>&nbsp;<\/p>\n<p>Im Naturpark Boutanger Moor \u2013 Bargerveen verf\u00e4rbt sich mit der Heidebl\u00fcte die ganze Landschaft in ein sattes Lila und zieht unerm\u00fcdlich fliegende Bienen an. \u00a0Das internationale Bienenzentrum Imme Bourtanger Moor erkl\u00e4rt anschaulich die Zusammenh\u00e4nge zwischen den Heidebauern und der Imkerei sowie die heutige Bedeutung der Bienenzucht und der Wildbienen.<\/p>\n<p><strong><a href=\"https:\/\/www.naturpark-moor.eu\/service\/moorpforten\/bienenzentrum\/\" target=\"_blank\">Heidebauern und Imkerei im Naturpark Boutanger Moor \u2013 Bargerveen<\/a><\/strong><\/p>\n<p>&nbsp;<\/p>\n<p>Auch die Heidebl\u00fcte in der Hochheide im Naturpark Diemelsee oder in der Niedersfelder Hochheide im Naturpark Sauerland Rothaargebirge &#8211; letztere geh\u00f6rt zu den gr\u00f6\u00dften der europaweit seltenen Bergheiden in Nordwestdeutschland &#8211; zieht allj\u00e4hrlich Tausende von Besuchern an, die auf einer Wanderung die Sch\u00f6nheit der Landschaft erleben und einmalige Eindr\u00fccke sammeln wollen.<\/p>\n<p><strong><a href=\"https:\/\/www.willingen.de\/themen\/familie\/naturerlebnisse\/hochheide.html\" target=\"_blank\">Heidebl\u00fcte im Naturpark Diemelsee<\/a><\/strong><\/p>\n<p><strong><a href=\"https:\/\/www.naturpark-sauerland-rothaargebirge.de\/Unterwegs-im-Naturpark\/Natur-entdecken\/Unsere-Tipps-Unsere-schoensten-Schutzgebiete-im-Naturpark\/Niedersfelder-Hochheide\" target=\"_blank\">Heidebl\u00fcte im Naturpark Sauerland Rothaargebirge<\/a><\/strong><\/p>\n<p>&nbsp;<\/p>\n<p>&nbsp;<\/p>\n","protected":false},"excerpt":{"rendered":"<p>Im August \u00fcberzieht die Heidebl\u00fcte in Deutschlands Naturparken die Landschaft mit einem satten lilafarbenen Teppich. Besenheide (Calluna Vulgaris) oder die weniger verbreitete Glockenheide (Erica tetralix) zaubern dann Orte von ganz besonderer Anziehungskraft. <\/p>\n","protected":false},"author":73,"featured_media":12699,"comment_status":"open","ping_status":"open","sticky":false,"template":"","format":"standard","meta":{"_links_to":"","_links_to_target":""},"categories":[51],"tags":[659,2133,691,2166,476,2165,656,535,838,2135,611],"yoast_head":"<!-- This site is optimized with the Yoast SEO plugin v19.10 - https:\/\/yoast.com\/wordpress\/plugins\/seo\/ -->\n<title>Traum in lila \u2013 Heidebl\u00fcte in Naturparken<\/title>\n<meta name=\"description\" content=\"Im August \u00fcberzieht die Heidebl\u00fcte in Deutschlands Naturparken die Landschaft mit einem satten lilafarbenen Teppich. Besenheide (Calluna Vulgaris) oder die weniger verbreitete Glockenheide (Erica tetralix) zaubern dann Orte von ganz besonderer Anziehungskraft.\" \/>\n<meta name=\"robots\" content=\"index, follow, max-snippet:-1, max-image-preview:large, max-video-preview:-1\" \/>\n<link rel=\"canonical\" href=\"https:\/\/www.naturparkmagazin.de\/vdn\/traum-in-lila-heidebluete-in-naturparken\/\" \/>\n<meta property=\"og:locale\" content=\"de_DE\" \/>\n<meta property=\"og:type\" content=\"article\" \/>\n<meta property=\"og:title\" content=\"Traum in lila \u2013 Heidebl\u00fcte in Naturparken\" \/>\n<meta property=\"og:description\" content=\"Im August \u00fcberzieht die Heidebl\u00fcte in Deutschlands Naturparken die Landschaft mit einem satten lilafarbenen Teppich. Besenheide (Calluna Vulgaris) oder die weniger verbreitete Glockenheide (Erica tetralix) zaubern dann Orte von ganz besonderer Anziehungskraft.\" \/>\n<meta property=\"og:url\" content=\"https:\/\/www.naturparkmagazin.de\/vdn\/traum-in-lila-heidebluete-in-naturparken\/\" \/>\n<meta property=\"og:site_name\" content=\"Verband Deutscher Naturparke\" \/>\n<meta property=\"article:published_time\" content=\"2020-07-17T15:38:55+00:00\" \/>\n<meta property=\"article:modified_time\" content=\"2020-08-26T11:01:49+00:00\" \/>\n<meta property=\"og:image\" content=\"https:\/\/www.naturparkmagazin.de\/vdn\/wp-content\/uploads\/sites\/3\/calluna-abend-105-klbf.jpg\" \/>\n\t<meta property=\"og:image:width\" content=\"200\" \/>\n\t<meta property=\"og:image:height\" content=\"200\" \/>\n\t<meta property=\"og:image:type\" content=\"image\/jpeg\" \/>\n<meta name=\"author\" content=\"manuelamerz\" \/>\n<meta name=\"twitter:label1\" content=\"Verfasst von\" \/>\n\t<meta name=\"twitter:data1\" content=\"manuelamerz\" \/>\n\t<meta name=\"twitter:label2\" content=\"Gesch\u00e4tzte Lesezeit\" \/>\n\t<meta name=\"twitter:data2\" content=\"3\u00a0Minuten\" \/>\n<script type=\"application\/ld+json\" class=\"yoast-schema-graph\">{\"@context\":\"https:\/\/schema.org\",\"@graph\":[{\"@type\":\"WebPage\",\"@id\":\"https:\/\/www.naturparkmagazin.de\/vdn\/traum-in-lila-heidebluete-in-naturparken\/\",\"url\":\"https:\/\/www.naturparkmagazin.de\/vdn\/traum-in-lila-heidebluete-in-naturparken\/\",\"name\":\"Traum in lila \u2013 Heidebl\u00fcte in Naturparken\",\"isPartOf\":{\"@id\":\"https:\/\/www.naturparkmagazin.de\/vdn\/#website\"},\"datePublished\":\"2020-07-17T15:38:55+00:00\",\"dateModified\":\"2020-08-26T11:01:49+00:00\",\"author\":{\"@id\":\"https:\/\/www.naturparkmagazin.de\/vdn\/#\/schema\/person\/3cff9b8773ed55f0189255fa9adfd57c\"},\"description\":\"Im August \u00fcberzieht die Heidebl\u00fcte in Deutschlands Naturparken die Landschaft mit einem satten lilafarbenen Teppich. Besenheide (Calluna Vulgaris) oder die weniger verbreitete Glockenheide (Erica tetralix) zaubern dann Orte von ganz besonderer Anziehungskraft.\",\"breadcrumb\":{\"@id\":\"https:\/\/www.naturparkmagazin.de\/vdn\/traum-in-lila-heidebluete-in-naturparken\/#breadcrumb\"},\"inLanguage\":\"de\",\"potentialAction\":[{\"@type\":\"ReadAction\",\"target\":[\"https:\/\/www.naturparkmagazin.de\/vdn\/traum-in-lila-heidebluete-in-naturparken\/\"]}]},{\"@type\":\"BreadcrumbList\",\"@id\":\"https:\/\/www.naturparkmagazin.de\/vdn\/traum-in-lila-heidebluete-in-naturparken\/#breadcrumb\",\"itemListElement\":[{\"@type\":\"ListItem\",\"position\":1,\"name\":\"Home\",\"item\":\"https:\/\/www.naturparkmagazin.de\/vdn\/\"},{\"@type\":\"ListItem\",\"position\":2,\"name\":\"Traum in lila \u2013 Heidebl\u00fcte in Naturparken\"}]},{\"@type\":\"WebSite\",\"@id\":\"https:\/\/www.naturparkmagazin.de\/vdn\/#website\",\"url\":\"https:\/\/www.naturparkmagazin.de\/vdn\/\",\"name\":\"Verband Deutscher Naturparke\",\"description\":\"Eine weitere Naturparkmagazin.de Netzwerk Seite\",\"potentialAction\":[{\"@type\":\"SearchAction\",\"target\":{\"@type\":\"EntryPoint\",\"urlTemplate\":\"https:\/\/www.naturparkmagazin.de\/vdn\/?s={search_term_string}\"},\"query-input\":\"required name=search_term_string\"}],\"inLanguage\":\"de\"},{\"@type\":\"Person\",\"@id\":\"https:\/\/www.naturparkmagazin.de\/vdn\/#\/schema\/person\/3cff9b8773ed55f0189255fa9adfd57c\",\"name\":\"manuelamerz\",\"url\":\"https:\/\/www.naturparkmagazin.de\/vdn\/author\/manuelamerz\/\"}]}<\/script>\n<!-- \/ Yoast SEO plugin. -->","yoast_head_json":{"title":"Traum in lila \u2013 Heidebl\u00fcte in Naturparken","description":"Im August \u00fcberzieht die Heidebl\u00fcte in Deutschlands Naturparken die Landschaft mit einem satten lilafarbenen Teppich. Besenheide (Calluna Vulgaris) oder die weniger verbreitete Glockenheide (Erica tetralix) zaubern dann Orte von ganz besonderer Anziehungskraft.","robots":{"index":"index","follow":"follow","max-snippet":"max-snippet:-1","max-image-preview":"max-image-preview:large","max-video-preview":"max-video-preview:-1"},"canonical":"https:\/\/www.naturparkmagazin.de\/vdn\/traum-in-lila-heidebluete-in-naturparken\/","og_locale":"de_DE","og_type":"article","og_title":"Traum in lila \u2013 Heidebl\u00fcte in Naturparken","og_description":"Im August \u00fcberzieht die Heidebl\u00fcte in Deutschlands Naturparken die Landschaft mit einem satten lilafarbenen Teppich. Besenheide (Calluna Vulgaris) oder die weniger verbreitete Glockenheide (Erica tetralix) zaubern dann Orte von ganz besonderer Anziehungskraft.","og_url":"https:\/\/www.naturparkmagazin.de\/vdn\/traum-in-lila-heidebluete-in-naturparken\/","og_site_name":"Verband Deutscher Naturparke","article_published_time":"2020-07-17T15:38:55+00:00","article_modified_time":"2020-08-26T11:01:49+00:00","og_image":[{"width":200,"height":200,"url":"https:\/\/www.naturparkmagazin.de\/vdn\/wp-content\/uploads\/sites\/3\/calluna-abend-105-klbf.jpg","type":"image\/jpeg"}],"author":"manuelamerz","twitter_misc":{"Verfasst von":"manuelamerz","Gesch\u00e4tzte Lesezeit":"3\u00a0Minuten"},"schema":{"@context":"https:\/\/schema.org","@graph":[{"@type":"WebPage","@id":"https:\/\/www.naturparkmagazin.de\/vdn\/traum-in-lila-heidebluete-in-naturparken\/","url":"https:\/\/www.naturparkmagazin.de\/vdn\/traum-in-lila-heidebluete-in-naturparken\/","name":"Traum in lila \u2013 Heidebl\u00fcte in Naturparken","isPartOf":{"@id":"https:\/\/www.naturparkmagazin.de\/vdn\/#website"},"datePublished":"2020-07-17T15:38:55+00:00","dateModified":"2020-08-26T11:01:49+00:00","author":{"@id":"https:\/\/www.naturparkmagazin.de\/vdn\/#\/schema\/person\/3cff9b8773ed55f0189255fa9adfd57c"},"description":"Im August \u00fcberzieht die Heidebl\u00fcte in Deutschlands Naturparken die Landschaft mit einem satten lilafarbenen Teppich. Besenheide (Calluna Vulgaris) oder die weniger verbreitete Glockenheide (Erica tetralix) zaubern dann Orte von ganz besonderer Anziehungskraft.","breadcrumb":{"@id":"https:\/\/www.naturparkmagazin.de\/vdn\/traum-in-lila-heidebluete-in-naturparken\/#breadcrumb"},"inLanguage":"de","potentialAction":[{"@type":"ReadAction","target":["https:\/\/www.naturparkmagazin.de\/vdn\/traum-in-lila-heidebluete-in-naturparken\/"]}]},{"@type":"BreadcrumbList","@id":"https:\/\/www.naturparkmagazin.de\/vdn\/traum-in-lila-heidebluete-in-naturparken\/#breadcrumb","itemListElement":[{"@type":"ListItem","position":1,"name":"Home","item":"https:\/\/www.naturparkmagazin.de\/vdn\/"},{"@type":"ListItem","position":2,"name":"Traum in lila \u2013 Heidebl\u00fcte in Naturparken"}]},{"@type":"WebSite","@id":"https:\/\/www.naturparkmagazin.de\/vdn\/#website","url":"https:\/\/www.naturparkmagazin.de\/vdn\/","name":"Verband Deutscher Naturparke","description":"Eine weitere Naturparkmagazin.de Netzwerk Seite","potentialAction":[{"@type":"SearchAction","target":{"@type":"EntryPoint","urlTemplate":"https:\/\/www.naturparkmagazin.de\/vdn\/?s={search_term_string}"},"query-input":"required name=search_term_string"}],"inLanguage":"de"},{"@type":"Person","@id":"https:\/\/www.naturparkmagazin.de\/vdn\/#\/schema\/person\/3cff9b8773ed55f0189255fa9adfd57c","name":"manuelamerz","url":"https:\/\/www.naturparkmagazin.de\/vdn\/author\/manuelamerz\/"}]}},"_links":{"self":[{"href":"https:\/\/www.naturparkmagazin.de\/vdn\/wp-json\/wp\/v2\/posts\/12698"}],"collection":[{"href":"https:\/\/www.naturparkmagazin.de\/vdn\/wp-json\/wp\/v2\/posts"}],"about":[{"href":"https:\/\/www.naturparkmagazin.de\/vdn\/wp-json\/wp\/v2\/types\/post"}],"author":[{"embeddable":true,"href":"https:\/\/www.naturparkmagazin.de\/vdn\/wp-json\/wp\/v2\/users\/73"}],"replies":[{"embeddable":true,"href":"https:\/\/www.naturparkmagazin.de\/vdn\/wp-json\/wp\/v2\/comments?post=12698"}],"version-history":[{"count":3,"href":"https:\/\/www.naturparkmagazin.de\/vdn\/wp-json\/wp\/v2\/posts\/12698\/revisions"}],"predecessor-version":[{"id":12732,"href":"https:\/\/www.naturparkmagazin.de\/vdn\/wp-json\/wp\/v2\/posts\/12698\/revisions\/12732"}],"wp:featuredmedia":[{"embeddable":true,"href":"https:\/\/www.naturparkmagazin.de\/vdn\/wp-json\/wp\/v2\/media\/12699"}],"wp:attachment":[{"href":"https:\/\/www.naturparkmagazin.de\/vdn\/wp-json\/wp\/v2\/media?parent=12698"}],"wp:term":[{"taxonomy":"category","embeddable":true,"href":"https:\/\/www.naturparkmagazin.de\/vdn\/wp-json\/wp\/v2\/categories?post=12698"},{"taxonomy":"post_tag","embeddable":true,"href":"https:\/\/www.naturparkmagazin.de\/vdn\/wp-json\/wp\/v2\/tags?post=12698"}],"curies":[{"name":"wp","href":"https:\/\/api.w.org\/{rel}","templated":true}]}}