{"id":12713,"date":"2020-07-17T17:59:29","date_gmt":"2020-07-17T15:59:29","guid":{"rendered":"https:\/\/www.naturparkmagazin.de\/vdn\/?p=12713"},"modified":"2020-08-25T16:10:12","modified_gmt":"2020-08-25T14:10:12","slug":"naturaktionstage-2020-gestartet","status":"publish","type":"post","link":"https:\/\/www.naturparkmagazin.de\/vdn\/naturaktionstage-2020-gestartet\/","title":{"rendered":"Naturaktionstage 2020 gestartet"},"content":{"rendered":"<div id=\"attachment_12716\" style=\"width: 510px\" class=\"wp-caption alignnone\"><a href=\"https:\/\/www.naturparkmagazin.de\/vdn\/wp-content\/uploads\/sites\/3\/Bild-11b.jpg\"><img aria-describedby=\"caption-attachment-12716\" decoding=\"async\" loading=\"lazy\" class=\"size-full wp-image-12716\" src=\"https:\/\/www.naturparkmagazin.de\/vdn\/wp-content\/uploads\/sites\/3\/Bild-11b.jpg\" alt=\"Teilnahmeurkunde Naturaktionstage \u00a9 Naturpark Unteres Saaletal\" width=\"500\" height=\"300\" srcset=\"https:\/\/www.naturparkmagazin.de\/vdn\/wp-content\/uploads\/sites\/3\/Bild-11b.jpg 500w, https:\/\/www.naturparkmagazin.de\/vdn\/wp-content\/uploads\/sites\/3\/Bild-11b-300x180.jpg 300w, https:\/\/www.naturparkmagazin.de\/vdn\/wp-content\/uploads\/sites\/3\/Bild-11b-200x120.jpg 200w\" sizes=\"(max-width: 500px) 100vw, 500px\" \/><\/a><p id=\"caption-attachment-12716\" class=\"wp-caption-text\">Teilnahmeurkunde Naturaktionstage \u00a9 Naturpark Unteres Saaletal<\/p><\/div>\n<p>Natur erleben im Klassenverband ist jetzt wieder m\u00f6glich. Sch\u00fcler*innen der Grundschule Hanoier Stra\u00dfe in Halle konnten beim ersten Naturaktionstag in diesem Jahr im Naturpark Unteres Saaletal erfahren, wie spannend die Natur vor der Haust\u00fcr sein kann. Die Exkursion wurde erm\u00f6glicht durch eine Kooperation des Verbandes Deutscher Naturparke e.V. (VDN) mit dem Unternehmen Kaufland. Ziel der Kooperation ist es, Kindern aus st\u00e4dtischen Umfeld mit wenig Naturerfahrungen den Zugang zur Natur zu erm\u00f6glichen.<\/p>\n<p>F\u00fcr die Viertkl\u00e4ssler ging es nach Besuch der ehemaligen Residenzstadt Bernburg mit ihren interessanten historischen Geb\u00e4uden und dem beeindruckenden Schloss oberhalb der Saale auf Entdeckertour mit den Naturpark-Entdecker-Westen in die Auenlandschaft s\u00fcdlich von Bernburg. Dort lernten die Kinder Baumarten wie Eiche, Ulme und Esche sowie die Arten der Strauch- und Krautschicht wie z.B. das Pfaffenh\u00fctchen kennen. \u00dcberall waren in der Auenlandschaft Singv\u00f6gel zu h\u00f6ren und zahlreich vorhandene Insekten zu entdecken.<\/p>\n<div id=\"attachment_12719\" style=\"width: 510px\" class=\"wp-caption alignnone\"><a href=\"https:\/\/www.naturparke.de\/aufgaben-ziele\/bildung\/naturaktionstage\/naturaktionstage-2020.html\" target=\"_blank\"><img aria-describedby=\"caption-attachment-12719\" decoding=\"async\" loading=\"lazy\" class=\"size-full wp-image-12719\" src=\"https:\/\/www.naturparkmagazin.de\/vdn\/wp-content\/uploads\/sites\/3\/Bild-1b.jpg\" alt=\"\u00a9 Naturpark Unteres Saaletal\" width=\"500\" height=\"300\" srcset=\"https:\/\/www.naturparkmagazin.de\/vdn\/wp-content\/uploads\/sites\/3\/Bild-1b.jpg 500w, https:\/\/www.naturparkmagazin.de\/vdn\/wp-content\/uploads\/sites\/3\/Bild-1b-300x180.jpg 300w, https:\/\/www.naturparkmagazin.de\/vdn\/wp-content\/uploads\/sites\/3\/Bild-1b-200x120.jpg 200w\" sizes=\"(max-width: 500px) 100vw, 500px\" \/><\/a><p id=\"caption-attachment-12719\" class=\"wp-caption-text\">\u00a9 Naturpark Unteres Saaletal<\/p><\/div>\n<p>&nbsp;<\/p>\n<p>Das p\u00e4dagogische Konzept der Naturaktionstage wurde vom Verband Deutscher Naturparke erarbeitet. Durchgef\u00fchrt, organisiert und betreut wurde die Exkursion am 8. Juli nach den geltenden Regeln und Sicherheitsvorkehrungen f\u00fcr Veranstaltungen im Au\u00dfenbereich in Zeiten von Corona durch Mitarbeitende des Naturparks Unteres Saaletal.<\/p>\n<p>Die Naturaktionstage bilden zusammen mit den Umwelt- und Ern\u00e4hrungsaktionstagen das Programm \u201eMachen macht Schule\u201c und sind fester Bestandteil des gesellschaftlichen Engagements von Kaufland.<\/p>\n<p>Mehr Informationen zu den Aktionstagen finden Sie unter: <a href=\"https:\/\/unternehmen.kaufland.de\/unsere-verantwortung\/machen-macht-den-unterschied\/gesellschaftliches-engagement\/erlebnis-umwelt-fuer-kinder.html\" target=\"_blank\">kaufland.de\/aktionstage<\/a><\/p>\n<p>Mehr Informationen zu den einzelnen Naturaktionstagen 2020 finden Sie unter: <a href=\"https:\/\/www.naturparke.de\/aufgaben-ziele\/bildung\/naturaktionstage\/naturaktionstage-2020.html\" target=\"_blank\">https:\/\/www.naturparke.de\/aufgaben-ziele\/bildung\/naturaktionstage\/naturaktionstage-2020.html<\/a><\/p>\n<p>&gt;&gt; <a href=\"https:\/\/www.naturparke.de\/fileadmin\/files\/public\/Aktuelles\/Pressemitteilungen_pdf\/PM_Start_Naturaktionstag_2020_final_final.pdf\" target=\"_blank\">Hier k\u00f6nnen Sie die Pressemitteilung anschauen<\/a><\/p>\n<p>&nbsp;<\/p>\n<p>&nbsp;<\/p>\n","protected":false},"excerpt":{"rendered":"<p>Am 8. Juli 2020 konnte die 4. Klasse der Grundschule Hanoier Stra\u00dfe aus Halle beim Naturaktionstag im Naturpark Unteres Saaletal erfahren, wie spannend die Natur vor der Haust\u00fcr sein kann. <\/p>\n","protected":false},"author":73,"featured_media":12714,"comment_status":"open","ping_status":"open","sticky":false,"template":"","format":"standard","meta":{"_links_to":"","_links_to_target":""},"categories":[7],"tags":[674,1229,522,2172,231,1737,2170,2012,2171,327,41,1054],"yoast_head":"<!-- This site is optimized with the Yoast SEO plugin v19.10 - https:\/\/yoast.com\/wordpress\/plugins\/seo\/ -->\n<title>Naturaktionstage 2020 gestartet<\/title>\n<meta name=\"description\" content=\"Am 8. Juli 2020 konnte die 4. Klasse der Grundschule Hanoier Stra\u00dfe aus Halle beim Naturaktionstag im Naturpark Unteres Saaletal erfahren, wie spannend die Natur vor der Haust\u00fcr sein kann.\" \/>\n<meta name=\"robots\" content=\"index, follow, max-snippet:-1, max-image-preview:large, max-video-preview:-1\" \/>\n<link rel=\"canonical\" href=\"https:\/\/www.naturparkmagazin.de\/vdn\/naturaktionstage-2020-gestartet\/\" \/>\n<meta property=\"og:locale\" content=\"de_DE\" \/>\n<meta property=\"og:type\" content=\"article\" \/>\n<meta property=\"og:title\" content=\"Naturaktionstage 2020 gestartet\" \/>\n<meta property=\"og:description\" content=\"Am 8. Juli 2020 konnte die 4. Klasse der Grundschule Hanoier Stra\u00dfe aus Halle beim Naturaktionstag im Naturpark Unteres Saaletal erfahren, wie spannend die Natur vor der Haust\u00fcr sein kann.\" \/>\n<meta property=\"og:url\" content=\"https:\/\/www.naturparkmagazin.de\/vdn\/naturaktionstage-2020-gestartet\/\" \/>\n<meta property=\"og:site_name\" content=\"Verband Deutscher Naturparke\" \/>\n<meta property=\"article:published_time\" content=\"2020-07-17T15:59:29+00:00\" \/>\n<meta property=\"article:modified_time\" content=\"2020-08-25T14:10:12+00:00\" \/>\n<meta property=\"og:image\" content=\"https:\/\/www.naturparkmagazin.de\/vdn\/wp-content\/uploads\/sites\/3\/Bild-11bff.jpg\" \/>\n\t<meta property=\"og:image:width\" content=\"200\" \/>\n\t<meta property=\"og:image:height\" content=\"200\" \/>\n\t<meta property=\"og:image:type\" content=\"image\/jpeg\" \/>\n<meta name=\"author\" content=\"manuelamerz\" \/>\n<meta name=\"twitter:label1\" content=\"Verfasst von\" \/>\n\t<meta name=\"twitter:data1\" content=\"manuelamerz\" \/>\n\t<meta name=\"twitter:label2\" content=\"Gesch\u00e4tzte Lesezeit\" \/>\n\t<meta name=\"twitter:data2\" content=\"1\u00a0Minute\" \/>\n<script type=\"application\/ld+json\" class=\"yoast-schema-graph\">{\"@context\":\"https:\/\/schema.org\",\"@graph\":[{\"@type\":\"WebPage\",\"@id\":\"https:\/\/www.naturparkmagazin.de\/vdn\/naturaktionstage-2020-gestartet\/\",\"url\":\"https:\/\/www.naturparkmagazin.de\/vdn\/naturaktionstage-2020-gestartet\/\",\"name\":\"Naturaktionstage 2020 gestartet\",\"isPartOf\":{\"@id\":\"https:\/\/www.naturparkmagazin.de\/vdn\/#website\"},\"datePublished\":\"2020-07-17T15:59:29+00:00\",\"dateModified\":\"2020-08-25T14:10:12+00:00\",\"author\":{\"@id\":\"https:\/\/www.naturparkmagazin.de\/vdn\/#\/schema\/person\/3cff9b8773ed55f0189255fa9adfd57c\"},\"description\":\"Am 8. Juli 2020 konnte die 4. Klasse der Grundschule Hanoier Stra\u00dfe aus Halle beim Naturaktionstag im Naturpark Unteres Saaletal erfahren, wie spannend die Natur vor der Haust\u00fcr sein kann.\",\"breadcrumb\":{\"@id\":\"https:\/\/www.naturparkmagazin.de\/vdn\/naturaktionstage-2020-gestartet\/#breadcrumb\"},\"inLanguage\":\"de\",\"potentialAction\":[{\"@type\":\"ReadAction\",\"target\":[\"https:\/\/www.naturparkmagazin.de\/vdn\/naturaktionstage-2020-gestartet\/\"]}]},{\"@type\":\"BreadcrumbList\",\"@id\":\"https:\/\/www.naturparkmagazin.de\/vdn\/naturaktionstage-2020-gestartet\/#breadcrumb\",\"itemListElement\":[{\"@type\":\"ListItem\",\"position\":1,\"name\":\"Home\",\"item\":\"https:\/\/www.naturparkmagazin.de\/vdn\/\"},{\"@type\":\"ListItem\",\"position\":2,\"name\":\"Naturaktionstage 2020 gestartet\"}]},{\"@type\":\"WebSite\",\"@id\":\"https:\/\/www.naturparkmagazin.de\/vdn\/#website\",\"url\":\"https:\/\/www.naturparkmagazin.de\/vdn\/\",\"name\":\"Verband Deutscher Naturparke\",\"description\":\"Eine weitere Naturparkmagazin.de Netzwerk Seite\",\"potentialAction\":[{\"@type\":\"SearchAction\",\"target\":{\"@type\":\"EntryPoint\",\"urlTemplate\":\"https:\/\/www.naturparkmagazin.de\/vdn\/?s={search_term_string}\"},\"query-input\":\"required name=search_term_string\"}],\"inLanguage\":\"de\"},{\"@type\":\"Person\",\"@id\":\"https:\/\/www.naturparkmagazin.de\/vdn\/#\/schema\/person\/3cff9b8773ed55f0189255fa9adfd57c\",\"name\":\"manuelamerz\",\"url\":\"https:\/\/www.naturparkmagazin.de\/vdn\/author\/manuelamerz\/\"}]}<\/script>\n<!-- \/ Yoast SEO plugin. -->","yoast_head_json":{"title":"Naturaktionstage 2020 gestartet","description":"Am 8. Juli 2020 konnte die 4. Klasse der Grundschule Hanoier Stra\u00dfe aus Halle beim Naturaktionstag im Naturpark Unteres Saaletal erfahren, wie spannend die Natur vor der Haust\u00fcr sein kann.","robots":{"index":"index","follow":"follow","max-snippet":"max-snippet:-1","max-image-preview":"max-image-preview:large","max-video-preview":"max-video-preview:-1"},"canonical":"https:\/\/www.naturparkmagazin.de\/vdn\/naturaktionstage-2020-gestartet\/","og_locale":"de_DE","og_type":"article","og_title":"Naturaktionstage 2020 gestartet","og_description":"Am 8. Juli 2020 konnte die 4. Klasse der Grundschule Hanoier Stra\u00dfe aus Halle beim Naturaktionstag im Naturpark Unteres Saaletal erfahren, wie spannend die Natur vor der Haust\u00fcr sein kann.","og_url":"https:\/\/www.naturparkmagazin.de\/vdn\/naturaktionstage-2020-gestartet\/","og_site_name":"Verband Deutscher Naturparke","article_published_time":"2020-07-17T15:59:29+00:00","article_modified_time":"2020-08-25T14:10:12+00:00","og_image":[{"width":200,"height":200,"url":"https:\/\/www.naturparkmagazin.de\/vdn\/wp-content\/uploads\/sites\/3\/Bild-11bff.jpg","type":"image\/jpeg"}],"author":"manuelamerz","twitter_misc":{"Verfasst von":"manuelamerz","Gesch\u00e4tzte Lesezeit":"1\u00a0Minute"},"schema":{"@context":"https:\/\/schema.org","@graph":[{"@type":"WebPage","@id":"https:\/\/www.naturparkmagazin.de\/vdn\/naturaktionstage-2020-gestartet\/","url":"https:\/\/www.naturparkmagazin.de\/vdn\/naturaktionstage-2020-gestartet\/","name":"Naturaktionstage 2020 gestartet","isPartOf":{"@id":"https:\/\/www.naturparkmagazin.de\/vdn\/#website"},"datePublished":"2020-07-17T15:59:29+00:00","dateModified":"2020-08-25T14:10:12+00:00","author":{"@id":"https:\/\/www.naturparkmagazin.de\/vdn\/#\/schema\/person\/3cff9b8773ed55f0189255fa9adfd57c"},"description":"Am 8. Juli 2020 konnte die 4. Klasse der Grundschule Hanoier Stra\u00dfe aus Halle beim Naturaktionstag im Naturpark Unteres Saaletal erfahren, wie spannend die Natur vor der Haust\u00fcr sein kann.","breadcrumb":{"@id":"https:\/\/www.naturparkmagazin.de\/vdn\/naturaktionstage-2020-gestartet\/#breadcrumb"},"inLanguage":"de","potentialAction":[{"@type":"ReadAction","target":["https:\/\/www.naturparkmagazin.de\/vdn\/naturaktionstage-2020-gestartet\/"]}]},{"@type":"BreadcrumbList","@id":"https:\/\/www.naturparkmagazin.de\/vdn\/naturaktionstage-2020-gestartet\/#breadcrumb","itemListElement":[{"@type":"ListItem","position":1,"name":"Home","item":"https:\/\/www.naturparkmagazin.de\/vdn\/"},{"@type":"ListItem","position":2,"name":"Naturaktionstage 2020 gestartet"}]},{"@type":"WebSite","@id":"https:\/\/www.naturparkmagazin.de\/vdn\/#website","url":"https:\/\/www.naturparkmagazin.de\/vdn\/","name":"Verband Deutscher Naturparke","description":"Eine weitere Naturparkmagazin.de Netzwerk Seite","potentialAction":[{"@type":"SearchAction","target":{"@type":"EntryPoint","urlTemplate":"https:\/\/www.naturparkmagazin.de\/vdn\/?s={search_term_string}"},"query-input":"required name=search_term_string"}],"inLanguage":"de"},{"@type":"Person","@id":"https:\/\/www.naturparkmagazin.de\/vdn\/#\/schema\/person\/3cff9b8773ed55f0189255fa9adfd57c","name":"manuelamerz","url":"https:\/\/www.naturparkmagazin.de\/vdn\/author\/manuelamerz\/"}]}},"_links":{"self":[{"href":"https:\/\/www.naturparkmagazin.de\/vdn\/wp-json\/wp\/v2\/posts\/12713"}],"collection":[{"href":"https:\/\/www.naturparkmagazin.de\/vdn\/wp-json\/wp\/v2\/posts"}],"about":[{"href":"https:\/\/www.naturparkmagazin.de\/vdn\/wp-json\/wp\/v2\/types\/post"}],"author":[{"embeddable":true,"href":"https:\/\/www.naturparkmagazin.de\/vdn\/wp-json\/wp\/v2\/users\/73"}],"replies":[{"embeddable":true,"href":"https:\/\/www.naturparkmagazin.de\/vdn\/wp-json\/wp\/v2\/comments?post=12713"}],"version-history":[{"count":7,"href":"https:\/\/www.naturparkmagazin.de\/vdn\/wp-json\/wp\/v2\/posts\/12713\/revisions"}],"predecessor-version":[{"id":12737,"href":"https:\/\/www.naturparkmagazin.de\/vdn\/wp-json\/wp\/v2\/posts\/12713\/revisions\/12737"}],"wp:featuredmedia":[{"embeddable":true,"href":"https:\/\/www.naturparkmagazin.de\/vdn\/wp-json\/wp\/v2\/media\/12714"}],"wp:attachment":[{"href":"https:\/\/www.naturparkmagazin.de\/vdn\/wp-json\/wp\/v2\/media?parent=12713"}],"wp:term":[{"taxonomy":"category","embeddable":true,"href":"https:\/\/www.naturparkmagazin.de\/vdn\/wp-json\/wp\/v2\/categories?post=12713"},{"taxonomy":"post_tag","embeddable":true,"href":"https:\/\/www.naturparkmagazin.de\/vdn\/wp-json\/wp\/v2\/tags?post=12713"}],"curies":[{"name":"wp","href":"https:\/\/api.w.org\/{rel}","templated":true}]}}