{"id":12756,"date":"2020-08-31T12:12:19","date_gmt":"2020-08-31T10:12:19","guid":{"rendered":"https:\/\/www.naturparkmagazin.de\/vdn\/?p=12756"},"modified":"2020-09-16T10:02:40","modified_gmt":"2020-09-16T08:02:40","slug":"bewerbung-fuer-die-aktionstage-2021-startet","status":"publish","type":"post","link":"https:\/\/www.naturparkmagazin.de\/vdn\/bewerbung-fuer-die-aktionstage-2021-startet\/","title":{"rendered":"Bewerbung f\u00fcr die \u201eAktionstage 2021\u201c startet"},"content":{"rendered":"<div id=\"attachment_12757\" style=\"width: 510px\" class=\"wp-caption aligncenter\"><a href=\"https:\/\/www.naturparkmagazin.de\/vdn\/wp-content\/uploads\/sites\/3\/aktionstage_VDN_carolin_lauer_b.jpg\"><img aria-describedby=\"caption-attachment-12757\" decoding=\"async\" loading=\"lazy\" class=\"size-full wp-image-12757\" src=\"https:\/\/www.naturparkmagazin.de\/vdn\/wp-content\/uploads\/sites\/3\/aktionstage_VDN_carolin_lauer_b.jpg\" alt=\"&quot;Machen macht Schule&quot; - Aktionstage f\u00fcr Kinder - Copyright: VDN\/Carolin Lauer\" width=\"500\" height=\"300\" srcset=\"https:\/\/www.naturparkmagazin.de\/vdn\/wp-content\/uploads\/sites\/3\/aktionstage_VDN_carolin_lauer_b.jpg 500w, https:\/\/www.naturparkmagazin.de\/vdn\/wp-content\/uploads\/sites\/3\/aktionstage_VDN_carolin_lauer_b-300x180.jpg 300w, https:\/\/www.naturparkmagazin.de\/vdn\/wp-content\/uploads\/sites\/3\/aktionstage_VDN_carolin_lauer_b-200x120.jpg 200w\" sizes=\"(max-width: 500px) 100vw, 500px\" \/><\/a><p id=\"caption-attachment-12757\" class=\"wp-caption-text\">&#8222;Machen macht Schule&#8220; &#8211; Aktionstage f\u00fcr Kinder &#8211; Copyright: VDN\/Carolin Lauer<\/p><\/div>\n<p>\u201eMachen macht Schule\u201d hei\u00dft das Kaufland-Umweltbildungsprogramm, bei dem \u00a0Kitas und Schulen auch 2021 wieder die M\u00f6glichkeit haben, an einem von insgesamt 200 \u201eNatur-, Umwelt- und Ern\u00e4hrungsaktionstagen\u201c teilzunehmen.<\/p>\n<p>Im Rahmen der Kooperation von Kaufland und dem VDN werden 2021 wieder 40 <strong>\u201eNaturaktionstage\u201c<\/strong> unter dem Motto &#8222;Wir machen Natur erlebbar&#8220; gef\u00f6rdert. Zielgruppe sind Grundschulen und weiterf\u00fchrende Schulen. Ziel dieses Projektes ist es, Sch\u00fclerinnen und Sch\u00fclern Aspekte der Natur auf spielerische Weise n\u00e4her zu bringen. Die \u201eNaturaktionstage\u201c sind ein gemeinsames Projekt von Kaufland und VDN und werden von einzelnen Naturparken durchgef\u00fchrt.<\/p>\n<p>Die <strong>\u201eUmweltaktionstage\u201c<\/strong> sind ein Projekt von Kaufland, das vom \u201eUmweltb\u00fcro Trenz\u201d in enger Zusammenarbeit mit den Naturparken Deutschland durchgef\u00fchrt wird. Zielgruppe sind Schulen und Kitas. Mit den &#8222;Umweltaktionstagen&#8220; will Kaufland auch im Jahr 2021 Kindern auf spielerische Weise Natur und Umwelt n\u00e4herbringen. Zus\u00e4tzlich zu den Themen Bienen, Plastik und Wasser wird 2021 auch das Thema Klima angeboten. Der Modulkatalog auf der Website wurde entsprechend aktualisiert. Die Umweltaktionstage finden in den R\u00e4umen der Schulen bzw. Kitas statt.<\/p>\n<p>Die <strong>\u201eErn\u00e4hrungsaktionstage\u201c<\/strong> sind ein Projekt von Kaufland f\u00fcr Grundschulen und weiterf\u00fchrende Schulen, das von einem weiteren Partner begleitet wird. VDN und Naturparke sind hier nicht eingebunden.<\/p>\n<p>Unter www.kaufland.de\/aktionstage k\u00f6nnen sich Schulen und Kitas im Zeitraum vom <strong>3.9. bis 18.10.2020<\/strong> f\u00fcr die &#8222;Aktionstage 2021&#8220; bewerben. Jede Schule\/Kita kann sich nur f\u00fcr einen Aktionstag bewerben \u2013 also entweder einen \u201eNaturaktionstag\u201c oder einen \u201eUmweltaktionstag\u201c oder auch einen \u201eErn\u00e4hrungsaktionstag\u201c.<\/p>\n<p>&nbsp;<\/p>\n<p>&gt;&gt;<a href=\"https:\/\/unternehmen.kaufland.de\/unsere-verantwortung\/machen-macht-den-unterschied\/gesellschaftliches-engagement\/erlebnis-umwelt-fuer-kinder.html\" target=\"_blank\"> <strong>Hier<\/strong><\/a> k\u00f6nnen Sie sich weiter informieren oder f\u00fcr die \u201eMachen macht Schule \u2013 Aktionstage f\u00fcr Kinder 2021\u201c bewerben<\/p>\n<p>&nbsp;<\/p>\n","protected":false},"excerpt":{"rendered":"<p>Vom 3. September bis 18. Oktober 2020 k\u00f6nnen sich Schulen und Kitas wieder im Kaufland-Umweltbildungsprojekt \u201eMachen macht Schule\u201c f\u00fcr die Aktionstage 2021 bewerben.<\/p>\n","protected":false},"author":51,"featured_media":12758,"comment_status":"open","ping_status":"open","sticky":false,"template":"","format":"standard","meta":{"_links_to":"","_links_to_target":""},"categories":[7],"tags":[],"yoast_head":"<!-- This site is optimized with the Yoast SEO plugin v19.10 - https:\/\/yoast.com\/wordpress\/plugins\/seo\/ -->\n<title>Bewerbung f\u00fcr die \u201eAktionstage 2021\u201c startet<\/title>\n<meta name=\"description\" content=\"Vom 3. September bis 18. Oktober 2020 k\u00f6nnen sich Schulen und Kitas wieder im Kaufland-Umweltbildungsprojekt \u201eMachen macht Schule\u201c f\u00fcr die Aktionstage 2021 bewerben.\" \/>\n<meta name=\"robots\" content=\"index, follow, max-snippet:-1, max-image-preview:large, max-video-preview:-1\" \/>\n<link rel=\"canonical\" href=\"https:\/\/www.naturparkmagazin.de\/vdn\/bewerbung-fuer-die-aktionstage-2021-startet\/\" \/>\n<meta property=\"og:locale\" content=\"de_DE\" \/>\n<meta property=\"og:type\" content=\"article\" \/>\n<meta property=\"og:title\" content=\"Bewerbung f\u00fcr die \u201eAktionstage 2021\u201c startet\" \/>\n<meta property=\"og:description\" content=\"Vom 3. September bis 18. Oktober 2020 k\u00f6nnen sich Schulen und Kitas wieder im Kaufland-Umweltbildungsprojekt \u201eMachen macht Schule\u201c f\u00fcr die Aktionstage 2021 bewerben.\" \/>\n<meta property=\"og:url\" content=\"https:\/\/www.naturparkmagazin.de\/vdn\/bewerbung-fuer-die-aktionstage-2021-startet\/\" \/>\n<meta property=\"og:site_name\" content=\"Verband Deutscher Naturparke\" \/>\n<meta property=\"article:published_time\" content=\"2020-08-31T10:12:19+00:00\" \/>\n<meta property=\"article:modified_time\" content=\"2020-09-16T08:02:40+00:00\" \/>\n<meta property=\"og:image\" content=\"https:\/\/www.naturparkmagazin.de\/vdn\/wp-content\/uploads\/sites\/3\/aktionstage_VDN_carolin_lauer_bb.jpg\" \/>\n\t<meta property=\"og:image:width\" content=\"200\" \/>\n\t<meta property=\"og:image:height\" content=\"200\" \/>\n\t<meta property=\"og:image:type\" content=\"image\/jpeg\" \/>\n<meta name=\"author\" content=\"beatrixlosem\" \/>\n<meta name=\"twitter:label1\" content=\"Verfasst von\" \/>\n\t<meta name=\"twitter:data1\" content=\"beatrixlosem\" \/>\n\t<meta name=\"twitter:label2\" content=\"Gesch\u00e4tzte Lesezeit\" \/>\n\t<meta name=\"twitter:data2\" content=\"1\u00a0Minute\" \/>\n<script type=\"application\/ld+json\" class=\"yoast-schema-graph\">{\"@context\":\"https:\/\/schema.org\",\"@graph\":[{\"@type\":\"WebPage\",\"@id\":\"https:\/\/www.naturparkmagazin.de\/vdn\/bewerbung-fuer-die-aktionstage-2021-startet\/\",\"url\":\"https:\/\/www.naturparkmagazin.de\/vdn\/bewerbung-fuer-die-aktionstage-2021-startet\/\",\"name\":\"Bewerbung f\u00fcr die \u201eAktionstage 2021\u201c startet\",\"isPartOf\":{\"@id\":\"https:\/\/www.naturparkmagazin.de\/vdn\/#website\"},\"datePublished\":\"2020-08-31T10:12:19+00:00\",\"dateModified\":\"2020-09-16T08:02:40+00:00\",\"author\":{\"@id\":\"https:\/\/www.naturparkmagazin.de\/vdn\/#\/schema\/person\/d71357578c318b6db03be60b1f60396b\"},\"description\":\"Vom 3. September bis 18. Oktober 2020 k\u00f6nnen sich Schulen und Kitas wieder im Kaufland-Umweltbildungsprojekt \u201eMachen macht Schule\u201c f\u00fcr die Aktionstage 2021 bewerben.\",\"breadcrumb\":{\"@id\":\"https:\/\/www.naturparkmagazin.de\/vdn\/bewerbung-fuer-die-aktionstage-2021-startet\/#breadcrumb\"},\"inLanguage\":\"de\",\"potentialAction\":[{\"@type\":\"ReadAction\",\"target\":[\"https:\/\/www.naturparkmagazin.de\/vdn\/bewerbung-fuer-die-aktionstage-2021-startet\/\"]}]},{\"@type\":\"BreadcrumbList\",\"@id\":\"https:\/\/www.naturparkmagazin.de\/vdn\/bewerbung-fuer-die-aktionstage-2021-startet\/#breadcrumb\",\"itemListElement\":[{\"@type\":\"ListItem\",\"position\":1,\"name\":\"Home\",\"item\":\"https:\/\/www.naturparkmagazin.de\/vdn\/\"},{\"@type\":\"ListItem\",\"position\":2,\"name\":\"Bewerbung f\u00fcr die \u201eAktionstage 2021\u201c startet\"}]},{\"@type\":\"WebSite\",\"@id\":\"https:\/\/www.naturparkmagazin.de\/vdn\/#website\",\"url\":\"https:\/\/www.naturparkmagazin.de\/vdn\/\",\"name\":\"Verband Deutscher Naturparke\",\"description\":\"Eine weitere Naturparkmagazin.de Netzwerk Seite\",\"potentialAction\":[{\"@type\":\"SearchAction\",\"target\":{\"@type\":\"EntryPoint\",\"urlTemplate\":\"https:\/\/www.naturparkmagazin.de\/vdn\/?s={search_term_string}\"},\"query-input\":\"required name=search_term_string\"}],\"inLanguage\":\"de\"},{\"@type\":\"Person\",\"@id\":\"https:\/\/www.naturparkmagazin.de\/vdn\/#\/schema\/person\/d71357578c318b6db03be60b1f60396b\",\"name\":\"beatrixlosem\",\"url\":\"https:\/\/www.naturparkmagazin.de\/vdn\/author\/beatrixlosem\/\"}]}<\/script>\n<!-- \/ Yoast SEO plugin. -->","yoast_head_json":{"title":"Bewerbung f\u00fcr die \u201eAktionstage 2021\u201c startet","description":"Vom 3. September bis 18. Oktober 2020 k\u00f6nnen sich Schulen und Kitas wieder im Kaufland-Umweltbildungsprojekt \u201eMachen macht Schule\u201c f\u00fcr die Aktionstage 2021 bewerben.","robots":{"index":"index","follow":"follow","max-snippet":"max-snippet:-1","max-image-preview":"max-image-preview:large","max-video-preview":"max-video-preview:-1"},"canonical":"https:\/\/www.naturparkmagazin.de\/vdn\/bewerbung-fuer-die-aktionstage-2021-startet\/","og_locale":"de_DE","og_type":"article","og_title":"Bewerbung f\u00fcr die \u201eAktionstage 2021\u201c startet","og_description":"Vom 3. September bis 18. Oktober 2020 k\u00f6nnen sich Schulen und Kitas wieder im Kaufland-Umweltbildungsprojekt \u201eMachen macht Schule\u201c f\u00fcr die Aktionstage 2021 bewerben.","og_url":"https:\/\/www.naturparkmagazin.de\/vdn\/bewerbung-fuer-die-aktionstage-2021-startet\/","og_site_name":"Verband Deutscher Naturparke","article_published_time":"2020-08-31T10:12:19+00:00","article_modified_time":"2020-09-16T08:02:40+00:00","og_image":[{"width":200,"height":200,"url":"https:\/\/www.naturparkmagazin.de\/vdn\/wp-content\/uploads\/sites\/3\/aktionstage_VDN_carolin_lauer_bb.jpg","type":"image\/jpeg"}],"author":"beatrixlosem","twitter_misc":{"Verfasst von":"beatrixlosem","Gesch\u00e4tzte Lesezeit":"1\u00a0Minute"},"schema":{"@context":"https:\/\/schema.org","@graph":[{"@type":"WebPage","@id":"https:\/\/www.naturparkmagazin.de\/vdn\/bewerbung-fuer-die-aktionstage-2021-startet\/","url":"https:\/\/www.naturparkmagazin.de\/vdn\/bewerbung-fuer-die-aktionstage-2021-startet\/","name":"Bewerbung f\u00fcr die \u201eAktionstage 2021\u201c startet","isPartOf":{"@id":"https:\/\/www.naturparkmagazin.de\/vdn\/#website"},"datePublished":"2020-08-31T10:12:19+00:00","dateModified":"2020-09-16T08:02:40+00:00","author":{"@id":"https:\/\/www.naturparkmagazin.de\/vdn\/#\/schema\/person\/d71357578c318b6db03be60b1f60396b"},"description":"Vom 3. September bis 18. Oktober 2020 k\u00f6nnen sich Schulen und Kitas wieder im Kaufland-Umweltbildungsprojekt \u201eMachen macht Schule\u201c f\u00fcr die Aktionstage 2021 bewerben.","breadcrumb":{"@id":"https:\/\/www.naturparkmagazin.de\/vdn\/bewerbung-fuer-die-aktionstage-2021-startet\/#breadcrumb"},"inLanguage":"de","potentialAction":[{"@type":"ReadAction","target":["https:\/\/www.naturparkmagazin.de\/vdn\/bewerbung-fuer-die-aktionstage-2021-startet\/"]}]},{"@type":"BreadcrumbList","@id":"https:\/\/www.naturparkmagazin.de\/vdn\/bewerbung-fuer-die-aktionstage-2021-startet\/#breadcrumb","itemListElement":[{"@type":"ListItem","position":1,"name":"Home","item":"https:\/\/www.naturparkmagazin.de\/vdn\/"},{"@type":"ListItem","position":2,"name":"Bewerbung f\u00fcr die \u201eAktionstage 2021\u201c startet"}]},{"@type":"WebSite","@id":"https:\/\/www.naturparkmagazin.de\/vdn\/#website","url":"https:\/\/www.naturparkmagazin.de\/vdn\/","name":"Verband Deutscher Naturparke","description":"Eine weitere Naturparkmagazin.de Netzwerk Seite","potentialAction":[{"@type":"SearchAction","target":{"@type":"EntryPoint","urlTemplate":"https:\/\/www.naturparkmagazin.de\/vdn\/?s={search_term_string}"},"query-input":"required name=search_term_string"}],"inLanguage":"de"},{"@type":"Person","@id":"https:\/\/www.naturparkmagazin.de\/vdn\/#\/schema\/person\/d71357578c318b6db03be60b1f60396b","name":"beatrixlosem","url":"https:\/\/www.naturparkmagazin.de\/vdn\/author\/beatrixlosem\/"}]}},"_links":{"self":[{"href":"https:\/\/www.naturparkmagazin.de\/vdn\/wp-json\/wp\/v2\/posts\/12756"}],"collection":[{"href":"https:\/\/www.naturparkmagazin.de\/vdn\/wp-json\/wp\/v2\/posts"}],"about":[{"href":"https:\/\/www.naturparkmagazin.de\/vdn\/wp-json\/wp\/v2\/types\/post"}],"author":[{"embeddable":true,"href":"https:\/\/www.naturparkmagazin.de\/vdn\/wp-json\/wp\/v2\/users\/51"}],"replies":[{"embeddable":true,"href":"https:\/\/www.naturparkmagazin.de\/vdn\/wp-json\/wp\/v2\/comments?post=12756"}],"version-history":[{"count":4,"href":"https:\/\/www.naturparkmagazin.de\/vdn\/wp-json\/wp\/v2\/posts\/12756\/revisions"}],"predecessor-version":[{"id":12841,"href":"https:\/\/www.naturparkmagazin.de\/vdn\/wp-json\/wp\/v2\/posts\/12756\/revisions\/12841"}],"wp:featuredmedia":[{"embeddable":true,"href":"https:\/\/www.naturparkmagazin.de\/vdn\/wp-json\/wp\/v2\/media\/12758"}],"wp:attachment":[{"href":"https:\/\/www.naturparkmagazin.de\/vdn\/wp-json\/wp\/v2\/media?parent=12756"}],"wp:term":[{"taxonomy":"category","embeddable":true,"href":"https:\/\/www.naturparkmagazin.de\/vdn\/wp-json\/wp\/v2\/categories?post=12756"},{"taxonomy":"post_tag","embeddable":true,"href":"https:\/\/www.naturparkmagazin.de\/vdn\/wp-json\/wp\/v2\/tags?post=12756"}],"curies":[{"name":"wp","href":"https:\/\/api.w.org\/{rel}","templated":true}]}}