{"id":12760,"date":"2020-08-31T10:17:29","date_gmt":"2020-08-31T08:17:29","guid":{"rendered":"https:\/\/www.naturparkmagazin.de\/vdn\/?p=12760"},"modified":"2020-09-16T10:05:24","modified_gmt":"2020-09-16T08:05:24","slug":"naturbewusstseinsstudie-2019","status":"publish","type":"post","link":"https:\/\/www.naturparkmagazin.de\/vdn\/naturbewusstseinsstudie-2019\/","title":{"rendered":"Naturbewusstseinsstudie 2019"},"content":{"rendered":"<div id=\"attachment_12761\" style=\"width: 310px\" class=\"wp-caption aligncenter\"><a href=\"https:\/\/www.naturparkmagazin.de\/vdn\/wp-content\/uploads\/sites\/3\/NBStudie-2019_b.jpg\"><img aria-describedby=\"caption-attachment-12761\" decoding=\"async\" loading=\"lazy\" class=\"size-full wp-image-12761\" src=\"https:\/\/www.naturparkmagazin.de\/vdn\/wp-content\/uploads\/sites\/3\/NBStudie-2019_b.jpg\" alt=\"Naturbewusstseinsstudie 2019 - Copyright BMU\/BfN\" width=\"300\" height=\"420\" srcset=\"https:\/\/www.naturparkmagazin.de\/vdn\/wp-content\/uploads\/sites\/3\/NBStudie-2019_b.jpg 300w, https:\/\/www.naturparkmagazin.de\/vdn\/wp-content\/uploads\/sites\/3\/NBStudie-2019_b-200x280.jpg 200w\" sizes=\"(max-width: 300px) 100vw, 300px\" \/><\/a><p id=\"caption-attachment-12761\" class=\"wp-caption-text\">Naturbewusstseinsstudie 2019 &#8211; Copyright BMU\/BfN<\/p><\/div>\n<p>Alle zwei Jahre zeigt die Naturbewusstseinsstudie, wie wichtig Natur und biologische Vielfalt in den Augen der B\u00fcrgerinnen und B\u00fcrger sind. Die Studie wird vom Bundesumweltministerium und dem Bundesamt f\u00fcr Naturschutz herausgegeben. Eines der zentralen Ergebnisse der Naturbewusstseinsstudie 2019 ist, dass das Naturbewusstsein in Deutschland w\u00e4chst. Bundesumweltministerin Svenja Schulze und Beate Jessel, Pr\u00e4sidentin des Bundesamts f\u00fcr Naturschutz, stellten die Ergebnisse Mitte August gemeinsam mit dem Vorsitzenden des Verbands \u201eNationale Naturlandschaften e.V.\u201c, Peter S\u00fcdbeck, in Berlin vor. Eine gro\u00dfe Mehrheit der Deutschen findet dar\u00fcber hinaus Schutzgebiete wichtig, um die Natur f\u00fcr nachfolgende Generationen zu erhalten. Sie unterst\u00fctzen daher deren St\u00e4rkung \u2013 national wie international. Die gro\u00dfe Mehrheit der mehr als 2.000 Befragten der aktuellen Naturbewusstseinsstudie w\u00fcnscht sich au\u00dferdem mehr Informationen \u00fcber die heimischen Tier- und Pflanzenarten, allen voran \u00fcber die V\u00f6gel.<\/p>\n<p>Der mittlerweile sechsten Naturbewusstseinsstudie liegt eine bundesweite Befragung zugrunde, die zum Jahresende 2019 durchgef\u00fchrt wurde. Die Studie ist in ihrer Aussagekraft f\u00fcr ganz Deutschland repr\u00e4sentativ und bezieht Menschen aus allen Regionen und sozialen Lagen Deutschlands ein. Insgesamt 2.044 zuf\u00e4llig ausgew\u00e4hlte Personen aus der deutschsprachigen Bev\u00f6lkerung im Alter ab 18 Jahren nahmen an der Studie teil. Die Naturbewusstseinsstudie erfasst die gesellschaftlichen Einstellungen zur Natur und biologischen Vielfalt in Deutschland. Sie stellt aktuelle und empirisch abgesicherte Daten bereit, die f\u00fcr die Naturschutzpolitik, den \u00f6ffentlichen Diskurs und die Bildungsarbeit wertvolle Grundlagen sind.<\/p>\n<p>Als Hintergrundmaterial zur Vorstellung der Naturbewusstseinsstudie haben der Verband Deutscher Naturparke e. V. (VDN e. V.) und der Verein Nationale Naturlandschaften e. V. (NNL e. V.) in Kooperation ein Presse-Informationspaket zusammengestellt, dass Sie auf der Seite des BMU herunterladen k\u00f6nnen, wenn Sie auf den im Folgenden aufgef\u00fchrten Link der Pressemitteilung klicken.<\/p>\n<p>VDN e. V. mit Sitz in Bonn ist Dachverband der Naturparke in Deutschland und vertritt derzeit 101 der 104 Naturparke in Deutschland.<\/p>\n<p>NNL e. V. mit Sitz in Berlin vertritt als Dachverband aktuell die Interessen von 16 Nationalparken, einem zertifizierten Wildnisgebiet sowie 18 Biosph\u00e4renreservaten und 16 Naturparken in Deutschland.<\/p>\n<p>Beide Verb\u00e4nde arbeiten partnerschaftlich und in enger Abstimmung zusammen und verstehen sich im Zusammenschluss als die gemeinsame Stimme der deutschen Gro\u00dfschutzgebiete.<\/p>\n<p>&gt;&gt;<strong> <a href=\"https:\/\/www.bmu.de\/pressemitteilung\/naturbewusstsein-in-der-bevoelkerung-steigt\/\" target=\"_blank\">Hier<\/a><\/strong> k\u00f6nnen Sie die gemeinsame <strong>Pressemitteilung von BMU und BfN <\/strong>nachlesen<\/p>\n<p>&gt;&gt; <strong><a href=\"https:\/\/www.bmu.de\/fileadmin\/Daten_BMU\/Pools\/Broschueren\/naturbewusstseinsstudie_2019_bf.pdf\" target=\"_blank\">Hier<\/a><\/strong> k\u00f6nnen Sie die <strong>Naturbewusstseinsstudie 2019<\/strong> herunterladen<\/p>\n<p>&nbsp;<\/p>\n","protected":false},"excerpt":{"rendered":"<p>\u201eDas Naturbewusstsein in Deutschland w\u00e4chst\u201c ist eines der zentralen Ergebnisse der Naturbewusstseinsstudie 2019, die im August von Bundesumweltministerium und Bundesamt f\u00fcr Naturschutz herausgegeben wurde. <\/p>\n","protected":false},"author":51,"featured_media":12762,"comment_status":"open","ping_status":"open","sticky":false,"template":"","format":"standard","meta":{"_links_to":"","_links_to_target":""},"categories":[7],"tags":[],"yoast_head":"<!-- This site is optimized with the Yoast SEO plugin v19.10 - https:\/\/yoast.com\/wordpress\/plugins\/seo\/ -->\n<title>Naturbewusstseinsstudie 2019<\/title>\n<meta name=\"description\" content=\"\u201eDas Naturbewusstsein in Deutschland w\u00e4chst\u201c ist eines der zentralen Ergebnisse der Naturbewusstseinsstudie 2019, die im August von Bundesumweltministerium und Bundesamt f\u00fcr Naturschutz herausgegeben wurde.\" \/>\n<meta name=\"robots\" content=\"index, follow, max-snippet:-1, max-image-preview:large, max-video-preview:-1\" \/>\n<link rel=\"canonical\" href=\"https:\/\/www.naturparkmagazin.de\/vdn\/naturbewusstseinsstudie-2019\/\" \/>\n<meta property=\"og:locale\" content=\"de_DE\" \/>\n<meta property=\"og:type\" content=\"article\" \/>\n<meta property=\"og:title\" content=\"Naturbewusstseinsstudie 2019\" \/>\n<meta property=\"og:description\" content=\"\u201eDas Naturbewusstsein in Deutschland w\u00e4chst\u201c ist eines der zentralen Ergebnisse der Naturbewusstseinsstudie 2019, die im August von Bundesumweltministerium und Bundesamt f\u00fcr Naturschutz herausgegeben wurde.\" \/>\n<meta property=\"og:url\" content=\"https:\/\/www.naturparkmagazin.de\/vdn\/naturbewusstseinsstudie-2019\/\" \/>\n<meta property=\"og:site_name\" content=\"Verband Deutscher Naturparke\" \/>\n<meta property=\"article:published_time\" content=\"2020-08-31T08:17:29+00:00\" \/>\n<meta property=\"article:modified_time\" content=\"2020-09-16T08:05:24+00:00\" \/>\n<meta property=\"og:image\" content=\"https:\/\/www.naturparkmagazin.de\/vdn\/wp-content\/uploads\/sites\/3\/NBStudie-2019_bb.jpg\" \/>\n\t<meta property=\"og:image:width\" content=\"200\" \/>\n\t<meta property=\"og:image:height\" content=\"200\" \/>\n\t<meta property=\"og:image:type\" content=\"image\/jpeg\" \/>\n<meta name=\"author\" content=\"beatrixlosem\" \/>\n<meta name=\"twitter:label1\" content=\"Verfasst von\" \/>\n\t<meta name=\"twitter:data1\" content=\"beatrixlosem\" \/>\n\t<meta name=\"twitter:label2\" content=\"Gesch\u00e4tzte Lesezeit\" \/>\n\t<meta name=\"twitter:data2\" content=\"2\u00a0Minuten\" \/>\n<script type=\"application\/ld+json\" class=\"yoast-schema-graph\">{\"@context\":\"https:\/\/schema.org\",\"@graph\":[{\"@type\":\"WebPage\",\"@id\":\"https:\/\/www.naturparkmagazin.de\/vdn\/naturbewusstseinsstudie-2019\/\",\"url\":\"https:\/\/www.naturparkmagazin.de\/vdn\/naturbewusstseinsstudie-2019\/\",\"name\":\"Naturbewusstseinsstudie 2019\",\"isPartOf\":{\"@id\":\"https:\/\/www.naturparkmagazin.de\/vdn\/#website\"},\"datePublished\":\"2020-08-31T08:17:29+00:00\",\"dateModified\":\"2020-09-16T08:05:24+00:00\",\"author\":{\"@id\":\"https:\/\/www.naturparkmagazin.de\/vdn\/#\/schema\/person\/d71357578c318b6db03be60b1f60396b\"},\"description\":\"\u201eDas Naturbewusstsein in Deutschland w\u00e4chst\u201c ist eines der zentralen Ergebnisse der Naturbewusstseinsstudie 2019, die im August von Bundesumweltministerium und Bundesamt f\u00fcr Naturschutz herausgegeben wurde.\",\"breadcrumb\":{\"@id\":\"https:\/\/www.naturparkmagazin.de\/vdn\/naturbewusstseinsstudie-2019\/#breadcrumb\"},\"inLanguage\":\"de\",\"potentialAction\":[{\"@type\":\"ReadAction\",\"target\":[\"https:\/\/www.naturparkmagazin.de\/vdn\/naturbewusstseinsstudie-2019\/\"]}]},{\"@type\":\"BreadcrumbList\",\"@id\":\"https:\/\/www.naturparkmagazin.de\/vdn\/naturbewusstseinsstudie-2019\/#breadcrumb\",\"itemListElement\":[{\"@type\":\"ListItem\",\"position\":1,\"name\":\"Home\",\"item\":\"https:\/\/www.naturparkmagazin.de\/vdn\/\"},{\"@type\":\"ListItem\",\"position\":2,\"name\":\"Naturbewusstseinsstudie 2019\"}]},{\"@type\":\"WebSite\",\"@id\":\"https:\/\/www.naturparkmagazin.de\/vdn\/#website\",\"url\":\"https:\/\/www.naturparkmagazin.de\/vdn\/\",\"name\":\"Verband Deutscher Naturparke\",\"description\":\"Eine weitere Naturparkmagazin.de Netzwerk Seite\",\"potentialAction\":[{\"@type\":\"SearchAction\",\"target\":{\"@type\":\"EntryPoint\",\"urlTemplate\":\"https:\/\/www.naturparkmagazin.de\/vdn\/?s={search_term_string}\"},\"query-input\":\"required name=search_term_string\"}],\"inLanguage\":\"de\"},{\"@type\":\"Person\",\"@id\":\"https:\/\/www.naturparkmagazin.de\/vdn\/#\/schema\/person\/d71357578c318b6db03be60b1f60396b\",\"name\":\"beatrixlosem\",\"url\":\"https:\/\/www.naturparkmagazin.de\/vdn\/author\/beatrixlosem\/\"}]}<\/script>\n<!-- \/ Yoast SEO plugin. -->","yoast_head_json":{"title":"Naturbewusstseinsstudie 2019","description":"\u201eDas Naturbewusstsein in Deutschland w\u00e4chst\u201c ist eines der zentralen Ergebnisse der Naturbewusstseinsstudie 2019, die im August von Bundesumweltministerium und Bundesamt f\u00fcr Naturschutz herausgegeben wurde.","robots":{"index":"index","follow":"follow","max-snippet":"max-snippet:-1","max-image-preview":"max-image-preview:large","max-video-preview":"max-video-preview:-1"},"canonical":"https:\/\/www.naturparkmagazin.de\/vdn\/naturbewusstseinsstudie-2019\/","og_locale":"de_DE","og_type":"article","og_title":"Naturbewusstseinsstudie 2019","og_description":"\u201eDas Naturbewusstsein in Deutschland w\u00e4chst\u201c ist eines der zentralen Ergebnisse der Naturbewusstseinsstudie 2019, die im August von Bundesumweltministerium und Bundesamt f\u00fcr Naturschutz herausgegeben wurde.","og_url":"https:\/\/www.naturparkmagazin.de\/vdn\/naturbewusstseinsstudie-2019\/","og_site_name":"Verband Deutscher Naturparke","article_published_time":"2020-08-31T08:17:29+00:00","article_modified_time":"2020-09-16T08:05:24+00:00","og_image":[{"width":200,"height":200,"url":"https:\/\/www.naturparkmagazin.de\/vdn\/wp-content\/uploads\/sites\/3\/NBStudie-2019_bb.jpg","type":"image\/jpeg"}],"author":"beatrixlosem","twitter_misc":{"Verfasst von":"beatrixlosem","Gesch\u00e4tzte Lesezeit":"2\u00a0Minuten"},"schema":{"@context":"https:\/\/schema.org","@graph":[{"@type":"WebPage","@id":"https:\/\/www.naturparkmagazin.de\/vdn\/naturbewusstseinsstudie-2019\/","url":"https:\/\/www.naturparkmagazin.de\/vdn\/naturbewusstseinsstudie-2019\/","name":"Naturbewusstseinsstudie 2019","isPartOf":{"@id":"https:\/\/www.naturparkmagazin.de\/vdn\/#website"},"datePublished":"2020-08-31T08:17:29+00:00","dateModified":"2020-09-16T08:05:24+00:00","author":{"@id":"https:\/\/www.naturparkmagazin.de\/vdn\/#\/schema\/person\/d71357578c318b6db03be60b1f60396b"},"description":"\u201eDas Naturbewusstsein in Deutschland w\u00e4chst\u201c ist eines der zentralen Ergebnisse der Naturbewusstseinsstudie 2019, die im August von Bundesumweltministerium und Bundesamt f\u00fcr Naturschutz herausgegeben wurde.","breadcrumb":{"@id":"https:\/\/www.naturparkmagazin.de\/vdn\/naturbewusstseinsstudie-2019\/#breadcrumb"},"inLanguage":"de","potentialAction":[{"@type":"ReadAction","target":["https:\/\/www.naturparkmagazin.de\/vdn\/naturbewusstseinsstudie-2019\/"]}]},{"@type":"BreadcrumbList","@id":"https:\/\/www.naturparkmagazin.de\/vdn\/naturbewusstseinsstudie-2019\/#breadcrumb","itemListElement":[{"@type":"ListItem","position":1,"name":"Home","item":"https:\/\/www.naturparkmagazin.de\/vdn\/"},{"@type":"ListItem","position":2,"name":"Naturbewusstseinsstudie 2019"}]},{"@type":"WebSite","@id":"https:\/\/www.naturparkmagazin.de\/vdn\/#website","url":"https:\/\/www.naturparkmagazin.de\/vdn\/","name":"Verband Deutscher Naturparke","description":"Eine weitere Naturparkmagazin.de Netzwerk Seite","potentialAction":[{"@type":"SearchAction","target":{"@type":"EntryPoint","urlTemplate":"https:\/\/www.naturparkmagazin.de\/vdn\/?s={search_term_string}"},"query-input":"required name=search_term_string"}],"inLanguage":"de"},{"@type":"Person","@id":"https:\/\/www.naturparkmagazin.de\/vdn\/#\/schema\/person\/d71357578c318b6db03be60b1f60396b","name":"beatrixlosem","url":"https:\/\/www.naturparkmagazin.de\/vdn\/author\/beatrixlosem\/"}]}},"_links":{"self":[{"href":"https:\/\/www.naturparkmagazin.de\/vdn\/wp-json\/wp\/v2\/posts\/12760"}],"collection":[{"href":"https:\/\/www.naturparkmagazin.de\/vdn\/wp-json\/wp\/v2\/posts"}],"about":[{"href":"https:\/\/www.naturparkmagazin.de\/vdn\/wp-json\/wp\/v2\/types\/post"}],"author":[{"embeddable":true,"href":"https:\/\/www.naturparkmagazin.de\/vdn\/wp-json\/wp\/v2\/users\/51"}],"replies":[{"embeddable":true,"href":"https:\/\/www.naturparkmagazin.de\/vdn\/wp-json\/wp\/v2\/comments?post=12760"}],"version-history":[{"count":4,"href":"https:\/\/www.naturparkmagazin.de\/vdn\/wp-json\/wp\/v2\/posts\/12760\/revisions"}],"predecessor-version":[{"id":12766,"href":"https:\/\/www.naturparkmagazin.de\/vdn\/wp-json\/wp\/v2\/posts\/12760\/revisions\/12766"}],"wp:featuredmedia":[{"embeddable":true,"href":"https:\/\/www.naturparkmagazin.de\/vdn\/wp-json\/wp\/v2\/media\/12762"}],"wp:attachment":[{"href":"https:\/\/www.naturparkmagazin.de\/vdn\/wp-json\/wp\/v2\/media?parent=12760"}],"wp:term":[{"taxonomy":"category","embeddable":true,"href":"https:\/\/www.naturparkmagazin.de\/vdn\/wp-json\/wp\/v2\/categories?post=12760"},{"taxonomy":"post_tag","embeddable":true,"href":"https:\/\/www.naturparkmagazin.de\/vdn\/wp-json\/wp\/v2\/tags?post=12760"}],"curies":[{"name":"wp","href":"https:\/\/api.w.org\/{rel}","templated":true}]}}