{"id":12783,"date":"2020-08-14T09:44:54","date_gmt":"2020-08-14T07:44:54","guid":{"rendered":"https:\/\/www.naturparkmagazin.de\/vdn\/?p=12783"},"modified":"2020-09-16T10:06:20","modified_gmt":"2020-09-16T08:06:20","slug":"deutschlands-groesster-landart-kunstpfad","status":"publish","type":"post","link":"https:\/\/www.naturparkmagazin.de\/vdn\/deutschlands-groesster-landart-kunstpfad\/","title":{"rendered":"Deutschlands gr\u00f6\u00dfter LandArt-Kunstpfad"},"content":{"rendered":"<div id=\"attachment_12785\" style=\"width: 510px\" class=\"wp-caption alignnone\"><a href=\"https:\/\/www.naturparkmagazin.de\/vdn\/wp-content\/uploads\/sites\/3\/Bonstetten_LandArt2FotoReALWest_B.jpg\"><img aria-describedby=\"caption-attachment-12785\" decoding=\"async\" loading=\"lazy\" class=\"wp-image-12785 size-full\" src=\"https:\/\/www.naturparkmagazin.de\/vdn\/wp-content\/uploads\/sites\/3\/Bonstetten_LandArt2FotoReALWest_B.jpg\" alt=\"\u00ae RealWest\" width=\"500\" height=\"300\" srcset=\"https:\/\/www.naturparkmagazin.de\/vdn\/wp-content\/uploads\/sites\/3\/Bonstetten_LandArt2FotoReALWest_B.jpg 500w, https:\/\/www.naturparkmagazin.de\/vdn\/wp-content\/uploads\/sites\/3\/Bonstetten_LandArt2FotoReALWest_B-300x180.jpg 300w, https:\/\/www.naturparkmagazin.de\/vdn\/wp-content\/uploads\/sites\/3\/Bonstetten_LandArt2FotoReALWest_B-200x120.jpg 200w\" sizes=\"(max-width: 500px) 100vw, 500px\" \/><\/a><p id=\"caption-attachment-12785\" class=\"wp-caption-text\">LandArt Bonstetten \u00a9 RealWest<\/p><\/div>\n<p>LandArt ist eine Kunstform die alle Sinne ber\u00fchrt, Phantasie weckt und dabei hilft, die Natur neu und sich selbst als ein Teil davon zu entdecken und wahrzunehmen. Die einzigartigen Werke bestehen aus Naturmaterialien der Umgebung und ver\u00e4ndern sich durch Zeit und Witterungseinfl\u00fcsse. Gehen Sie auf eine inspirierende Reise durch die W\u00e4lder um Bonstetten im Naturpark Augsburg \u2013 Westliche W\u00e4lder. Im Anschluss besteht eine Einkehrm\u00f6glichkeit im Br\u00e4ust\u00fcble in Bonstetten.<\/p>\n<p>&nbsp;<\/p>\n<div id=\"attachment_12786\" style=\"width: 510px\" class=\"wp-caption alignnone\"><a href=\"https:\/\/www.naturparkmagazin.de\/vdn\/wp-content\/uploads\/sites\/3\/LandArt-Bonstetten-1-Foto-Hama-Lohrmann_B.jpg\"><img aria-describedby=\"caption-attachment-12786\" decoding=\"async\" loading=\"lazy\" class=\"wp-image-12786 size-full\" src=\"https:\/\/www.naturparkmagazin.de\/vdn\/wp-content\/uploads\/sites\/3\/LandArt-Bonstetten-1-Foto-Hama-Lohrmann_B.jpg\" alt=\"\" width=\"500\" height=\"300\" srcset=\"https:\/\/www.naturparkmagazin.de\/vdn\/wp-content\/uploads\/sites\/3\/LandArt-Bonstetten-1-Foto-Hama-Lohrmann_B.jpg 500w, https:\/\/www.naturparkmagazin.de\/vdn\/wp-content\/uploads\/sites\/3\/LandArt-Bonstetten-1-Foto-Hama-Lohrmann_B-300x180.jpg 300w, https:\/\/www.naturparkmagazin.de\/vdn\/wp-content\/uploads\/sites\/3\/LandArt-Bonstetten-1-Foto-Hama-Lohrmann_B-200x120.jpg 200w\" sizes=\"(max-width: 500px) 100vw, 500px\" \/><\/a><p id=\"caption-attachment-12786\" class=\"wp-caption-text\">LandArt Bonstetten \u00a9 Hama Lohrmann<\/p><\/div>\n<p>Zweimal j\u00e4hrlich \u2013 und auf Anfrage \u2013 bietet Ihnen der K\u00fcnstler Hama Lohrmann eine ganz pers\u00f6nliche und individuelle F\u00fchrung auf dem Rundweg an.<\/p>\n<p>&nbsp;<\/p>\n<p>Start der ca. 6 km langen Rundtour ist am Dorfplatz, Hauptstra\u00dfe 9 in Bonstetten.<\/p>\n<p>&nbsp;<\/p>\n<p>N\u00e4here Informationen finden Sie unter <a href=\"http:\/\/www.kunstpfad-bonstetten.de\">www.kunstpfad-bonstetten.de<\/a><\/p>\n<p>&nbsp;<\/p>\n<p>&nbsp;<\/p>\n","protected":false},"excerpt":{"rendered":"<p>LandArt ist eine Kunstform die alle Sinne ber\u00fchrt, Phantasie weckt und dabei hilft, die Natur neu und sich selbst als ein Teil davon zu entdecken und wahrzunehmen.<\/p>\n","protected":false},"author":73,"featured_media":12784,"comment_status":"open","ping_status":"open","sticky":false,"template":"","format":"standard","meta":{"_links_to":"","_links_to_target":""},"categories":[8],"tags":[2198,2197,81,2195,2199,41],"yoast_head":"<!-- This site is optimized with the Yoast SEO plugin v19.10 - https:\/\/yoast.com\/wordpress\/plugins\/seo\/ -->\n<title>Deutschlands gr\u00f6\u00dfter LandArt-Kunstpfad<\/title>\n<meta name=\"description\" content=\"LandArt ist eine Kunstform die alle Sinne ber\u00fchrt, Phantasie weckt und dabei hilft, die Natur neu und sich selbst als ein Teil davon zu entdecken und wahrzunehmen.\" \/>\n<meta name=\"robots\" content=\"index, follow, max-snippet:-1, max-image-preview:large, max-video-preview:-1\" \/>\n<link rel=\"canonical\" href=\"https:\/\/www.naturparkmagazin.de\/vdn\/deutschlands-groesster-landart-kunstpfad\/\" \/>\n<meta property=\"og:locale\" content=\"de_DE\" \/>\n<meta property=\"og:type\" content=\"article\" \/>\n<meta property=\"og:title\" content=\"Deutschlands gr\u00f6\u00dfter LandArt-Kunstpfad\" \/>\n<meta property=\"og:description\" content=\"LandArt ist eine Kunstform die alle Sinne ber\u00fchrt, Phantasie weckt und dabei hilft, die Natur neu und sich selbst als ein Teil davon zu entdecken und wahrzunehmen.\" \/>\n<meta property=\"og:url\" content=\"https:\/\/www.naturparkmagazin.de\/vdn\/deutschlands-groesster-landart-kunstpfad\/\" \/>\n<meta property=\"og:site_name\" content=\"Verband Deutscher Naturparke\" \/>\n<meta property=\"article:published_time\" content=\"2020-08-14T07:44:54+00:00\" \/>\n<meta property=\"article:modified_time\" content=\"2020-09-16T08:06:20+00:00\" \/>\n<meta property=\"og:image\" content=\"https:\/\/www.naturparkmagazin.de\/vdn\/wp-content\/uploads\/sites\/3\/Bonstetten_LandArt2FotoReALWest_Bf.jpg\" \/>\n\t<meta property=\"og:image:width\" content=\"200\" \/>\n\t<meta property=\"og:image:height\" content=\"200\" \/>\n\t<meta property=\"og:image:type\" content=\"image\/jpeg\" \/>\n<meta name=\"author\" content=\"manuelamerz\" \/>\n<meta name=\"twitter:label1\" content=\"Verfasst von\" \/>\n\t<meta name=\"twitter:data1\" content=\"manuelamerz\" \/>\n\t<meta name=\"twitter:label2\" content=\"Gesch\u00e4tzte Lesezeit\" \/>\n\t<meta name=\"twitter:data2\" content=\"1\u00a0Minute\" \/>\n<script type=\"application\/ld+json\" class=\"yoast-schema-graph\">{\"@context\":\"https:\/\/schema.org\",\"@graph\":[{\"@type\":\"WebPage\",\"@id\":\"https:\/\/www.naturparkmagazin.de\/vdn\/deutschlands-groesster-landart-kunstpfad\/\",\"url\":\"https:\/\/www.naturparkmagazin.de\/vdn\/deutschlands-groesster-landart-kunstpfad\/\",\"name\":\"Deutschlands gr\u00f6\u00dfter LandArt-Kunstpfad\",\"isPartOf\":{\"@id\":\"https:\/\/www.naturparkmagazin.de\/vdn\/#website\"},\"datePublished\":\"2020-08-14T07:44:54+00:00\",\"dateModified\":\"2020-09-16T08:06:20+00:00\",\"author\":{\"@id\":\"https:\/\/www.naturparkmagazin.de\/vdn\/#\/schema\/person\/3cff9b8773ed55f0189255fa9adfd57c\"},\"description\":\"LandArt ist eine Kunstform die alle Sinne ber\u00fchrt, Phantasie weckt und dabei hilft, die Natur neu und sich selbst als ein Teil davon zu entdecken und wahrzunehmen.\",\"breadcrumb\":{\"@id\":\"https:\/\/www.naturparkmagazin.de\/vdn\/deutschlands-groesster-landart-kunstpfad\/#breadcrumb\"},\"inLanguage\":\"de\",\"potentialAction\":[{\"@type\":\"ReadAction\",\"target\":[\"https:\/\/www.naturparkmagazin.de\/vdn\/deutschlands-groesster-landart-kunstpfad\/\"]}]},{\"@type\":\"BreadcrumbList\",\"@id\":\"https:\/\/www.naturparkmagazin.de\/vdn\/deutschlands-groesster-landart-kunstpfad\/#breadcrumb\",\"itemListElement\":[{\"@type\":\"ListItem\",\"position\":1,\"name\":\"Home\",\"item\":\"https:\/\/www.naturparkmagazin.de\/vdn\/\"},{\"@type\":\"ListItem\",\"position\":2,\"name\":\"Deutschlands gr\u00f6\u00dfter LandArt-Kunstpfad\"}]},{\"@type\":\"WebSite\",\"@id\":\"https:\/\/www.naturparkmagazin.de\/vdn\/#website\",\"url\":\"https:\/\/www.naturparkmagazin.de\/vdn\/\",\"name\":\"Verband Deutscher Naturparke\",\"description\":\"Eine weitere Naturparkmagazin.de Netzwerk Seite\",\"potentialAction\":[{\"@type\":\"SearchAction\",\"target\":{\"@type\":\"EntryPoint\",\"urlTemplate\":\"https:\/\/www.naturparkmagazin.de\/vdn\/?s={search_term_string}\"},\"query-input\":\"required name=search_term_string\"}],\"inLanguage\":\"de\"},{\"@type\":\"Person\",\"@id\":\"https:\/\/www.naturparkmagazin.de\/vdn\/#\/schema\/person\/3cff9b8773ed55f0189255fa9adfd57c\",\"name\":\"manuelamerz\",\"url\":\"https:\/\/www.naturparkmagazin.de\/vdn\/author\/manuelamerz\/\"}]}<\/script>\n<!-- \/ Yoast SEO plugin. -->","yoast_head_json":{"title":"Deutschlands gr\u00f6\u00dfter LandArt-Kunstpfad","description":"LandArt ist eine Kunstform die alle Sinne ber\u00fchrt, Phantasie weckt und dabei hilft, die Natur neu und sich selbst als ein Teil davon zu entdecken und wahrzunehmen.","robots":{"index":"index","follow":"follow","max-snippet":"max-snippet:-1","max-image-preview":"max-image-preview:large","max-video-preview":"max-video-preview:-1"},"canonical":"https:\/\/www.naturparkmagazin.de\/vdn\/deutschlands-groesster-landart-kunstpfad\/","og_locale":"de_DE","og_type":"article","og_title":"Deutschlands gr\u00f6\u00dfter LandArt-Kunstpfad","og_description":"LandArt ist eine Kunstform die alle Sinne ber\u00fchrt, Phantasie weckt und dabei hilft, die Natur neu und sich selbst als ein Teil davon zu entdecken und wahrzunehmen.","og_url":"https:\/\/www.naturparkmagazin.de\/vdn\/deutschlands-groesster-landart-kunstpfad\/","og_site_name":"Verband Deutscher Naturparke","article_published_time":"2020-08-14T07:44:54+00:00","article_modified_time":"2020-09-16T08:06:20+00:00","og_image":[{"width":200,"height":200,"url":"https:\/\/www.naturparkmagazin.de\/vdn\/wp-content\/uploads\/sites\/3\/Bonstetten_LandArt2FotoReALWest_Bf.jpg","type":"image\/jpeg"}],"author":"manuelamerz","twitter_misc":{"Verfasst von":"manuelamerz","Gesch\u00e4tzte Lesezeit":"1\u00a0Minute"},"schema":{"@context":"https:\/\/schema.org","@graph":[{"@type":"WebPage","@id":"https:\/\/www.naturparkmagazin.de\/vdn\/deutschlands-groesster-landart-kunstpfad\/","url":"https:\/\/www.naturparkmagazin.de\/vdn\/deutschlands-groesster-landart-kunstpfad\/","name":"Deutschlands gr\u00f6\u00dfter LandArt-Kunstpfad","isPartOf":{"@id":"https:\/\/www.naturparkmagazin.de\/vdn\/#website"},"datePublished":"2020-08-14T07:44:54+00:00","dateModified":"2020-09-16T08:06:20+00:00","author":{"@id":"https:\/\/www.naturparkmagazin.de\/vdn\/#\/schema\/person\/3cff9b8773ed55f0189255fa9adfd57c"},"description":"LandArt ist eine Kunstform die alle Sinne ber\u00fchrt, Phantasie weckt und dabei hilft, die Natur neu und sich selbst als ein Teil davon zu entdecken und wahrzunehmen.","breadcrumb":{"@id":"https:\/\/www.naturparkmagazin.de\/vdn\/deutschlands-groesster-landart-kunstpfad\/#breadcrumb"},"inLanguage":"de","potentialAction":[{"@type":"ReadAction","target":["https:\/\/www.naturparkmagazin.de\/vdn\/deutschlands-groesster-landart-kunstpfad\/"]}]},{"@type":"BreadcrumbList","@id":"https:\/\/www.naturparkmagazin.de\/vdn\/deutschlands-groesster-landart-kunstpfad\/#breadcrumb","itemListElement":[{"@type":"ListItem","position":1,"name":"Home","item":"https:\/\/www.naturparkmagazin.de\/vdn\/"},{"@type":"ListItem","position":2,"name":"Deutschlands gr\u00f6\u00dfter LandArt-Kunstpfad"}]},{"@type":"WebSite","@id":"https:\/\/www.naturparkmagazin.de\/vdn\/#website","url":"https:\/\/www.naturparkmagazin.de\/vdn\/","name":"Verband Deutscher Naturparke","description":"Eine weitere Naturparkmagazin.de Netzwerk Seite","potentialAction":[{"@type":"SearchAction","target":{"@type":"EntryPoint","urlTemplate":"https:\/\/www.naturparkmagazin.de\/vdn\/?s={search_term_string}"},"query-input":"required name=search_term_string"}],"inLanguage":"de"},{"@type":"Person","@id":"https:\/\/www.naturparkmagazin.de\/vdn\/#\/schema\/person\/3cff9b8773ed55f0189255fa9adfd57c","name":"manuelamerz","url":"https:\/\/www.naturparkmagazin.de\/vdn\/author\/manuelamerz\/"}]}},"_links":{"self":[{"href":"https:\/\/www.naturparkmagazin.de\/vdn\/wp-json\/wp\/v2\/posts\/12783"}],"collection":[{"href":"https:\/\/www.naturparkmagazin.de\/vdn\/wp-json\/wp\/v2\/posts"}],"about":[{"href":"https:\/\/www.naturparkmagazin.de\/vdn\/wp-json\/wp\/v2\/types\/post"}],"author":[{"embeddable":true,"href":"https:\/\/www.naturparkmagazin.de\/vdn\/wp-json\/wp\/v2\/users\/73"}],"replies":[{"embeddable":true,"href":"https:\/\/www.naturparkmagazin.de\/vdn\/wp-json\/wp\/v2\/comments?post=12783"}],"version-history":[{"count":4,"href":"https:\/\/www.naturparkmagazin.de\/vdn\/wp-json\/wp\/v2\/posts\/12783\/revisions"}],"predecessor-version":[{"id":12839,"href":"https:\/\/www.naturparkmagazin.de\/vdn\/wp-json\/wp\/v2\/posts\/12783\/revisions\/12839"}],"wp:featuredmedia":[{"embeddable":true,"href":"https:\/\/www.naturparkmagazin.de\/vdn\/wp-json\/wp\/v2\/media\/12784"}],"wp:attachment":[{"href":"https:\/\/www.naturparkmagazin.de\/vdn\/wp-json\/wp\/v2\/media?parent=12783"}],"wp:term":[{"taxonomy":"category","embeddable":true,"href":"https:\/\/www.naturparkmagazin.de\/vdn\/wp-json\/wp\/v2\/categories?post=12783"},{"taxonomy":"post_tag","embeddable":true,"href":"https:\/\/www.naturparkmagazin.de\/vdn\/wp-json\/wp\/v2\/tags?post=12783"}],"curies":[{"name":"wp","href":"https:\/\/api.w.org\/{rel}","templated":true}]}}