{"id":12800,"date":"2020-08-31T11:15:29","date_gmt":"2020-08-31T09:15:29","guid":{"rendered":"https:\/\/www.naturparkmagazin.de\/vdn\/?p=12800"},"modified":"2020-09-16T10:05:01","modified_gmt":"2020-09-16T08:05:01","slug":"staudensaft","status":"publish","type":"post","link":"https:\/\/www.naturparkmagazin.de\/vdn\/staudensaft\/","title":{"rendered":"Staudensaft"},"content":{"rendered":"<div id=\"attachment_12802\" style=\"width: 310px\" class=\"wp-caption alignnone\"><a href=\"https:\/\/www.naturparkmagazin.de\/vdn\/wp-content\/uploads\/sites\/3\/dreifrucht_B.jpg\"><img aria-describedby=\"caption-attachment-12802\" decoding=\"async\" loading=\"lazy\" class=\"size-full wp-image-12802\" src=\"https:\/\/www.naturparkmagazin.de\/vdn\/wp-content\/uploads\/sites\/3\/dreifrucht_B.jpg\" alt=\"\u00ae Naturpark Augsburg-Westliche W\u00e4lder\" width=\"300\" height=\"500\" srcset=\"https:\/\/www.naturparkmagazin.de\/vdn\/wp-content\/uploads\/sites\/3\/dreifrucht_B.jpg 300w, https:\/\/www.naturparkmagazin.de\/vdn\/wp-content\/uploads\/sites\/3\/dreifrucht_B-200x333.jpg 200w\" sizes=\"(max-width: 300px) 100vw, 300px\" \/><\/a><p id=\"caption-attachment-12802\" class=\"wp-caption-text\">\u00a9 Naturpark Augsburg-Westliche W\u00e4lder<\/p><\/div>\n<p>Der s\u00fcdliche Teil des Naturpark Augsburg &#8211; Westliche W\u00e4lder wird \u201cDie Stauden\u201d genannt. Die h\u00fcgelige und sehr abwechslungsreiche Landschaft war schon vor Jahrhunderten f\u00fcr die Obstversorgung der Region und f\u00fcr die Stadt Augsburg zust\u00e4ndig. So entstanden wertvolle Streuobstwiesen mit \u00fcberwiegend alten Sorten von Apfelb\u00e4umen und weiteren Streuobstbest\u00e4nden.<\/p>\n<p>&nbsp;<\/p>\n<div id=\"attachment_12803\" style=\"width: 410px\" class=\"wp-caption alignnone\"><a href=\"https:\/\/www.naturparkmagazin.de\/vdn\/wp-content\/uploads\/sites\/3\/Holunder.jpg\"><img aria-describedby=\"caption-attachment-12803\" decoding=\"async\" loading=\"lazy\" class=\"size-full wp-image-12803\" src=\"https:\/\/www.naturparkmagazin.de\/vdn\/wp-content\/uploads\/sites\/3\/Holunder.jpg\" alt=\"\u00ae Naturpark Augsburg-Westliche W\u00e4lder\" width=\"400\" height=\"400\" srcset=\"https:\/\/www.naturparkmagazin.de\/vdn\/wp-content\/uploads\/sites\/3\/Holunder.jpg 400w, https:\/\/www.naturparkmagazin.de\/vdn\/wp-content\/uploads\/sites\/3\/Holunder-300x300.jpg 300w, https:\/\/www.naturparkmagazin.de\/vdn\/wp-content\/uploads\/sites\/3\/Holunder-200x200.jpg 200w, https:\/\/www.naturparkmagazin.de\/vdn\/wp-content\/uploads\/sites\/3\/Holunder-30x30.jpg 30w\" sizes=\"(max-width: 400px) 100vw, 400px\" \/><\/a><p id=\"caption-attachment-12803\" class=\"wp-caption-text\">\u00a9 Naturpark Augsburg-Westliche W\u00e4lder<\/p><\/div>\n<p>Wie k\u00f6nnen wir in der heutigen Zeit \u2013 eine Zeit, in der die \u00c4pfel ganzj\u00e4hrig im Supermarkt zu kaufen sind \u2013 die \u00c4pfel aus unseren Streuobstwiesen nutzen? Wie k\u00f6nnen die sch\u00f6nen B\u00e4ume gepflegt und erhalten werden? Das fragten sich schon im Jahr 2000 eine Gruppe engagierter B\u00fcrger aus verschiedenen Winkeln der Region Stauden im Rahmen einer Projektgruppe der Regionalentwicklung Stauden. Und somit war die Idee geboren, einen Apfelsaft aus der Region und f\u00fcr die Region herzustellen und zu vermarkten.<\/p>\n<p>&nbsp;<\/p>\n<div id=\"attachment_12804\" style=\"width: 410px\" class=\"wp-caption alignnone\"><a href=\"https:\/\/www.naturparkmagazin.de\/vdn\/wp-content\/uploads\/sites\/3\/Apfelsaft.jpg\"><img aria-describedby=\"caption-attachment-12804\" decoding=\"async\" loading=\"lazy\" class=\"size-full wp-image-12804\" src=\"https:\/\/www.naturparkmagazin.de\/vdn\/wp-content\/uploads\/sites\/3\/Apfelsaft.jpg\" alt=\"\u00ae Naturpark Augsburg-Westliche W\u00e4lder\" width=\"400\" height=\"400\" srcset=\"https:\/\/www.naturparkmagazin.de\/vdn\/wp-content\/uploads\/sites\/3\/Apfelsaft.jpg 400w, https:\/\/www.naturparkmagazin.de\/vdn\/wp-content\/uploads\/sites\/3\/Apfelsaft-300x300.jpg 300w, https:\/\/www.naturparkmagazin.de\/vdn\/wp-content\/uploads\/sites\/3\/Apfelsaft-200x200.jpg 200w, https:\/\/www.naturparkmagazin.de\/vdn\/wp-content\/uploads\/sites\/3\/Apfelsaft-30x30.jpg 30w\" sizes=\"(max-width: 400px) 100vw, 400px\" \/><\/a><p id=\"caption-attachment-12804\" class=\"wp-caption-text\">\u00a9 Naturpark Augsburg-Westliche W\u00e4lder<\/p><\/div>\n<p>Aus dieser Idee entstand der Verein \u201cInteressengemeinschaft Streuobstwiese Stauden e.V.\u201d. Ziel und Zweck des Vereins ist es, die Pflege und Nutzung der landschaftspr\u00e4genden Steuobstwiesen zu f\u00f6rdern. Die T\u00e4tigkeiten der Vereinsmitglieder ist ehrenamtlich, allein die Mosterei und die flei\u00dfigen Obstsammler bekommen eine Verg\u00fctung. Die Literpreise f\u00fcr die S\u00e4fte sind so kalkuliert, dass die Obstabgabe bestm\u00f6glich verg\u00fctet werden kann. Dann macht das \u201cBrocken\u201d wieder Spa\u00df. Zwischenzeitlich gibt es \u2013 neben dem Apfelsaft &#8211; zahlreiche Sorten wie Apfel-Holundersaft, Apfel-Kirschsaft, Apfel-Johannisbeersaft, Apfel-Karottensaft, die Schw\u00e4bische Dreifrucht mit Zwetschge und einen Apfelmost. Abgef\u00fcllt werden die S\u00e4fte umweltfreundlich in 0,33 und 1 Liter Pfandflaschen aus Glas.<\/p>\n<p>&nbsp;<\/p>\n<p>N\u00e4here Informationen gibt es unter <a href=\"http:\/\/www.staudensaft.de\">www.staudensaft.de<\/a><\/p>\n<p>&nbsp;<\/p>\n<p>&nbsp;<\/p>\n","protected":false},"excerpt":{"rendered":"<p>Der s\u00fcdliche Teil des Naturpark Augsburg &#8211; Westliche W\u00e4lder wird \u201cDie Stauden\u201d genannt und von dort stammt der hundertprozentige regionale Direktsaft, der zum Erhalt der Streuobstwiesen produziert wird.<\/p>\n","protected":false},"author":73,"featured_media":12805,"comment_status":"open","ping_status":"open","sticky":false,"template":"","format":"standard","meta":{"_links_to":"","_links_to_target":""},"categories":[13],"tags":[2204,2195,2203,677,41],"yoast_head":"<!-- This site is optimized with the Yoast SEO plugin v19.10 - https:\/\/yoast.com\/wordpress\/plugins\/seo\/ -->\n<title>Staudensaft<\/title>\n<meta name=\"description\" content=\"Der s\u00fcdliche Teil des Naturpark Augsburg - Westliche W\u00e4lder wird \u201cDie Stauden\u201d genannt und von dort stammt der hundertprozentige regionale Direktsaft, der zum Erhalt der Streuobstwiesen produziert wird.\" \/>\n<meta name=\"robots\" content=\"index, follow, max-snippet:-1, max-image-preview:large, max-video-preview:-1\" \/>\n<link rel=\"canonical\" href=\"https:\/\/www.naturparkmagazin.de\/vdn\/staudensaft\/\" \/>\n<meta property=\"og:locale\" content=\"de_DE\" \/>\n<meta property=\"og:type\" content=\"article\" \/>\n<meta property=\"og:title\" content=\"Staudensaft\" \/>\n<meta property=\"og:description\" content=\"Der s\u00fcdliche Teil des Naturpark Augsburg - Westliche W\u00e4lder wird \u201cDie Stauden\u201d genannt und von dort stammt der hundertprozentige regionale Direktsaft, der zum Erhalt der Streuobstwiesen produziert wird.\" \/>\n<meta property=\"og:url\" content=\"https:\/\/www.naturparkmagazin.de\/vdn\/staudensaft\/\" \/>\n<meta property=\"og:site_name\" content=\"Verband Deutscher Naturparke\" \/>\n<meta property=\"article:published_time\" content=\"2020-08-31T09:15:29+00:00\" \/>\n<meta property=\"article:modified_time\" content=\"2020-09-16T08:05:01+00:00\" \/>\n<meta property=\"og:image\" content=\"https:\/\/www.naturparkmagazin.de\/vdn\/wp-content\/uploads\/sites\/3\/dreifrucht_Bf.jpg\" \/>\n\t<meta property=\"og:image:width\" content=\"200\" \/>\n\t<meta property=\"og:image:height\" content=\"200\" \/>\n\t<meta property=\"og:image:type\" content=\"image\/jpeg\" \/>\n<meta name=\"author\" content=\"manuelamerz\" \/>\n<meta name=\"twitter:label1\" content=\"Verfasst von\" \/>\n\t<meta name=\"twitter:data1\" content=\"manuelamerz\" \/>\n\t<meta name=\"twitter:label2\" content=\"Gesch\u00e4tzte Lesezeit\" \/>\n\t<meta name=\"twitter:data2\" content=\"1\u00a0Minute\" \/>\n<script type=\"application\/ld+json\" class=\"yoast-schema-graph\">{\"@context\":\"https:\/\/schema.org\",\"@graph\":[{\"@type\":\"WebPage\",\"@id\":\"https:\/\/www.naturparkmagazin.de\/vdn\/staudensaft\/\",\"url\":\"https:\/\/www.naturparkmagazin.de\/vdn\/staudensaft\/\",\"name\":\"Staudensaft\",\"isPartOf\":{\"@id\":\"https:\/\/www.naturparkmagazin.de\/vdn\/#website\"},\"datePublished\":\"2020-08-31T09:15:29+00:00\",\"dateModified\":\"2020-09-16T08:05:01+00:00\",\"author\":{\"@id\":\"https:\/\/www.naturparkmagazin.de\/vdn\/#\/schema\/person\/3cff9b8773ed55f0189255fa9adfd57c\"},\"description\":\"Der s\u00fcdliche Teil des Naturpark Augsburg - Westliche W\u00e4lder wird \u201cDie Stauden\u201d genannt und von dort stammt der hundertprozentige regionale Direktsaft, der zum Erhalt der Streuobstwiesen produziert wird.\",\"breadcrumb\":{\"@id\":\"https:\/\/www.naturparkmagazin.de\/vdn\/staudensaft\/#breadcrumb\"},\"inLanguage\":\"de\",\"potentialAction\":[{\"@type\":\"ReadAction\",\"target\":[\"https:\/\/www.naturparkmagazin.de\/vdn\/staudensaft\/\"]}]},{\"@type\":\"BreadcrumbList\",\"@id\":\"https:\/\/www.naturparkmagazin.de\/vdn\/staudensaft\/#breadcrumb\",\"itemListElement\":[{\"@type\":\"ListItem\",\"position\":1,\"name\":\"Home\",\"item\":\"https:\/\/www.naturparkmagazin.de\/vdn\/\"},{\"@type\":\"ListItem\",\"position\":2,\"name\":\"Staudensaft\"}]},{\"@type\":\"WebSite\",\"@id\":\"https:\/\/www.naturparkmagazin.de\/vdn\/#website\",\"url\":\"https:\/\/www.naturparkmagazin.de\/vdn\/\",\"name\":\"Verband Deutscher Naturparke\",\"description\":\"Eine weitere Naturparkmagazin.de Netzwerk Seite\",\"potentialAction\":[{\"@type\":\"SearchAction\",\"target\":{\"@type\":\"EntryPoint\",\"urlTemplate\":\"https:\/\/www.naturparkmagazin.de\/vdn\/?s={search_term_string}\"},\"query-input\":\"required name=search_term_string\"}],\"inLanguage\":\"de\"},{\"@type\":\"Person\",\"@id\":\"https:\/\/www.naturparkmagazin.de\/vdn\/#\/schema\/person\/3cff9b8773ed55f0189255fa9adfd57c\",\"name\":\"manuelamerz\",\"url\":\"https:\/\/www.naturparkmagazin.de\/vdn\/author\/manuelamerz\/\"}]}<\/script>\n<!-- \/ Yoast SEO plugin. -->","yoast_head_json":{"title":"Staudensaft","description":"Der s\u00fcdliche Teil des Naturpark Augsburg - Westliche W\u00e4lder wird \u201cDie Stauden\u201d genannt und von dort stammt der hundertprozentige regionale Direktsaft, der zum Erhalt der Streuobstwiesen produziert wird.","robots":{"index":"index","follow":"follow","max-snippet":"max-snippet:-1","max-image-preview":"max-image-preview:large","max-video-preview":"max-video-preview:-1"},"canonical":"https:\/\/www.naturparkmagazin.de\/vdn\/staudensaft\/","og_locale":"de_DE","og_type":"article","og_title":"Staudensaft","og_description":"Der s\u00fcdliche Teil des Naturpark Augsburg - Westliche W\u00e4lder wird \u201cDie Stauden\u201d genannt und von dort stammt der hundertprozentige regionale Direktsaft, der zum Erhalt der Streuobstwiesen produziert wird.","og_url":"https:\/\/www.naturparkmagazin.de\/vdn\/staudensaft\/","og_site_name":"Verband Deutscher Naturparke","article_published_time":"2020-08-31T09:15:29+00:00","article_modified_time":"2020-09-16T08:05:01+00:00","og_image":[{"width":200,"height":200,"url":"https:\/\/www.naturparkmagazin.de\/vdn\/wp-content\/uploads\/sites\/3\/dreifrucht_Bf.jpg","type":"image\/jpeg"}],"author":"manuelamerz","twitter_misc":{"Verfasst von":"manuelamerz","Gesch\u00e4tzte Lesezeit":"1\u00a0Minute"},"schema":{"@context":"https:\/\/schema.org","@graph":[{"@type":"WebPage","@id":"https:\/\/www.naturparkmagazin.de\/vdn\/staudensaft\/","url":"https:\/\/www.naturparkmagazin.de\/vdn\/staudensaft\/","name":"Staudensaft","isPartOf":{"@id":"https:\/\/www.naturparkmagazin.de\/vdn\/#website"},"datePublished":"2020-08-31T09:15:29+00:00","dateModified":"2020-09-16T08:05:01+00:00","author":{"@id":"https:\/\/www.naturparkmagazin.de\/vdn\/#\/schema\/person\/3cff9b8773ed55f0189255fa9adfd57c"},"description":"Der s\u00fcdliche Teil des Naturpark Augsburg - Westliche W\u00e4lder wird \u201cDie Stauden\u201d genannt und von dort stammt der hundertprozentige regionale Direktsaft, der zum Erhalt der Streuobstwiesen produziert wird.","breadcrumb":{"@id":"https:\/\/www.naturparkmagazin.de\/vdn\/staudensaft\/#breadcrumb"},"inLanguage":"de","potentialAction":[{"@type":"ReadAction","target":["https:\/\/www.naturparkmagazin.de\/vdn\/staudensaft\/"]}]},{"@type":"BreadcrumbList","@id":"https:\/\/www.naturparkmagazin.de\/vdn\/staudensaft\/#breadcrumb","itemListElement":[{"@type":"ListItem","position":1,"name":"Home","item":"https:\/\/www.naturparkmagazin.de\/vdn\/"},{"@type":"ListItem","position":2,"name":"Staudensaft"}]},{"@type":"WebSite","@id":"https:\/\/www.naturparkmagazin.de\/vdn\/#website","url":"https:\/\/www.naturparkmagazin.de\/vdn\/","name":"Verband Deutscher Naturparke","description":"Eine weitere Naturparkmagazin.de Netzwerk Seite","potentialAction":[{"@type":"SearchAction","target":{"@type":"EntryPoint","urlTemplate":"https:\/\/www.naturparkmagazin.de\/vdn\/?s={search_term_string}"},"query-input":"required name=search_term_string"}],"inLanguage":"de"},{"@type":"Person","@id":"https:\/\/www.naturparkmagazin.de\/vdn\/#\/schema\/person\/3cff9b8773ed55f0189255fa9adfd57c","name":"manuelamerz","url":"https:\/\/www.naturparkmagazin.de\/vdn\/author\/manuelamerz\/"}]}},"_links":{"self":[{"href":"https:\/\/www.naturparkmagazin.de\/vdn\/wp-json\/wp\/v2\/posts\/12800"}],"collection":[{"href":"https:\/\/www.naturparkmagazin.de\/vdn\/wp-json\/wp\/v2\/posts"}],"about":[{"href":"https:\/\/www.naturparkmagazin.de\/vdn\/wp-json\/wp\/v2\/types\/post"}],"author":[{"embeddable":true,"href":"https:\/\/www.naturparkmagazin.de\/vdn\/wp-json\/wp\/v2\/users\/73"}],"replies":[{"embeddable":true,"href":"https:\/\/www.naturparkmagazin.de\/vdn\/wp-json\/wp\/v2\/comments?post=12800"}],"version-history":[{"count":2,"href":"https:\/\/www.naturparkmagazin.de\/vdn\/wp-json\/wp\/v2\/posts\/12800\/revisions"}],"predecessor-version":[{"id":12837,"href":"https:\/\/www.naturparkmagazin.de\/vdn\/wp-json\/wp\/v2\/posts\/12800\/revisions\/12837"}],"wp:featuredmedia":[{"embeddable":true,"href":"https:\/\/www.naturparkmagazin.de\/vdn\/wp-json\/wp\/v2\/media\/12805"}],"wp:attachment":[{"href":"https:\/\/www.naturparkmagazin.de\/vdn\/wp-json\/wp\/v2\/media?parent=12800"}],"wp:term":[{"taxonomy":"category","embeddable":true,"href":"https:\/\/www.naturparkmagazin.de\/vdn\/wp-json\/wp\/v2\/categories?post=12800"},{"taxonomy":"post_tag","embeddable":true,"href":"https:\/\/www.naturparkmagazin.de\/vdn\/wp-json\/wp\/v2\/tags?post=12800"}],"curies":[{"name":"wp","href":"https:\/\/api.w.org\/{rel}","templated":true}]}}