{"id":12801,"date":"2020-08-31T11:33:47","date_gmt":"2020-08-31T09:33:47","guid":{"rendered":"https:\/\/www.naturparkmagazin.de\/vdn\/?p=12801"},"modified":"2020-09-16T10:04:36","modified_gmt":"2020-09-16T08:04:36","slug":"naturpark-augsburg-westliche-waelder","status":"publish","type":"post","link":"https:\/\/www.naturparkmagazin.de\/vdn\/naturpark-augsburg-westliche-waelder\/","title":{"rendered":"Naturpark Augsburg \u2013 Westliche W\u00e4lder"},"content":{"rendered":"<div id=\"attachment_12816\" style=\"width: 510px\" class=\"wp-caption alignnone\"><a href=\"https:\/\/www.naturparkmagazin.de\/vdn\/wp-content\/uploads\/sites\/3\/Obersch\u00f6nenfeld-Foto-Naturpark_B.jpg\"><img aria-describedby=\"caption-attachment-12816\" decoding=\"async\" loading=\"lazy\" class=\"wp-image-12816 size-full\" src=\"https:\/\/www.naturparkmagazin.de\/vdn\/wp-content\/uploads\/sites\/3\/Obersch\u00f6nenfeld-Foto-Naturpark_B.jpg\" alt=\"Die Abtei Obersch\u00f6nenfeld \u2013 mit dem Naturpark-Haus \u2013 liegt im Herzen des Naturparks \u00ae Naturpark Augsburg-Westliche W\u00e4lder\" width=\"500\" height=\"300\" srcset=\"https:\/\/www.naturparkmagazin.de\/vdn\/wp-content\/uploads\/sites\/3\/Obersch\u00f6nenfeld-Foto-Naturpark_B.jpg 500w, https:\/\/www.naturparkmagazin.de\/vdn\/wp-content\/uploads\/sites\/3\/Obersch\u00f6nenfeld-Foto-Naturpark_B-300x180.jpg 300w, https:\/\/www.naturparkmagazin.de\/vdn\/wp-content\/uploads\/sites\/3\/Obersch\u00f6nenfeld-Foto-Naturpark_B-200x120.jpg 200w\" sizes=\"(max-width: 500px) 100vw, 500px\" \/><\/a><p id=\"caption-attachment-12816\" class=\"wp-caption-text\">Die Abtei Obersch\u00f6nenfeld \u2013 mit dem Naturpark-Haus \u2013 liegt im Herzen des Naturparks \u00a9 Naturpark Augsburg-Westliche W\u00e4lder<\/p><\/div>\n<p>Auszeichnend ist, dass 45 Prozent seiner Fl\u00e4che mit Wald bedeckt wird und weniger als 100 Einwohnern je Quadratkilometer leben. Er gilt als Garant f\u00fcr saubere Luft und reines Wasser und nicht zuletzt als Naherholungsgebiet f\u00fcr \u00fcber 500.000 Menschen. Somit umfasst der Naturpark Augsburg \u2013 Westliche W\u00e4lder ein etwa 1200 Quadratkilometer gro\u00dfes Gebiet westlich von Augsburg.<\/p>\n<p>Die h\u00fcgelige, von B\u00e4chen zergliederte Landschaft des Naturparks ist das Resultat geologischer Vorg\u00e4nge der letzten gut 2 Millionen Jahre w\u00e4hrend, zwischen und nach den Eiszeiten. Er gliedert sich in drei Landschaftsr\u00e4ume, die &#8222;Stauden&#8220; im S\u00fcden, die &#8222;Reischenau&#8220; in der Mitte liegend und den &#8222;Holzwinkel&#8220; im Norden.<\/p>\n<p>Die &#8222;Stauden&#8220;, das &#8222;Mozartl\u00e4ndle&#8220;, weil hier die Vorfahren von Wolfgang Amadeus Mozart zu Hause sind, werden von Erholungssuchenden besonders gesch\u00e4tzt. Lebhafte, bewaldete H\u00fcgellandschaften, idyllische Bacht\u00e4ler, D\u00f6rfer und Weiler &#8211; ein Kleinod f\u00fcr Augen, Herz und Gem\u00fct.<\/p>\n<p>&nbsp;<\/p>\n<div id=\"attachment_12815\" style=\"width: 510px\" class=\"wp-caption alignnone\"><a href=\"https:\/\/www.naturparkmagazin.de\/vdn\/wp-content\/uploads\/sites\/3\/Bild-12-Mozarthaus-mit-Tafel_B.jpg\"><img aria-describedby=\"caption-attachment-12815\" decoding=\"async\" loading=\"lazy\" class=\"wp-image-12815 size-full\" src=\"https:\/\/www.naturparkmagazin.de\/vdn\/wp-content\/uploads\/sites\/3\/Bild-12-Mozarthaus-mit-Tafel_B.jpg\" alt=\"Das Mozarthaus in Heimberg, einem Ortsteil von Fischach in den Stauden \u00ae Naturpark Augsburg-Westliche W\u00e4lder\" width=\"500\" height=\"300\" srcset=\"https:\/\/www.naturparkmagazin.de\/vdn\/wp-content\/uploads\/sites\/3\/Bild-12-Mozarthaus-mit-Tafel_B.jpg 500w, https:\/\/www.naturparkmagazin.de\/vdn\/wp-content\/uploads\/sites\/3\/Bild-12-Mozarthaus-mit-Tafel_B-300x180.jpg 300w, https:\/\/www.naturparkmagazin.de\/vdn\/wp-content\/uploads\/sites\/3\/Bild-12-Mozarthaus-mit-Tafel_B-200x120.jpg 200w\" sizes=\"(max-width: 500px) 100vw, 500px\" \/><\/a><p id=\"caption-attachment-12815\" class=\"wp-caption-text\">Das Mozarthaus in Heimberg, einem Ortsteil von Fischach in den Stauden \u00a9 Naturpark Augsburg-Westliche W\u00e4lder<\/p><\/div>\n<p>Unser Tipp f\u00fcr den Erstbesuch: Fahren Sie von Augsburg aus zur Abtei Obersch\u00f6nenfeld und erkunden sie auf dem Staudenmetitationsweg die s\u00fcdliche Region. Im Herzen der Abtei liegt das Naturpark-Haus, wo es bei jeder Witterung vieles zu entdecken gibt. Derzeit auch ein ganz au\u00dfergew\u00f6hnliches, europ\u00e4isches Projekt \u201eTreeWatch\u201c von Twitternden B\u00e4umen \u2013 ein Besuch lohnt sich immer. Eine Anreise ist mit dem \u00d6PNV (Bahn + Bus) oder mit dem PKW m\u00f6glich.<\/p>\n<p>&nbsp;<\/p>\n<div id=\"attachment_12809\" style=\"width: 510px\" class=\"wp-caption alignnone\"><a href=\"https:\/\/www.naturparkmagazin.de\/vdn\/wp-content\/uploads\/sites\/3\/IMG_0019b.jpg\"><img aria-describedby=\"caption-attachment-12809\" decoding=\"async\" loading=\"lazy\" class=\"size-full wp-image-12809\" src=\"https:\/\/www.naturparkmagazin.de\/vdn\/wp-content\/uploads\/sites\/3\/IMG_0019b.jpg\" alt=\"Setzen sich ein f\u00fcr den Erhalt der naturnahen Kulturlandschaft des Naturparks: v.li. Eva Liebig (Gesch\u00e4ftsf\u00fchrerin), Karin Hauber (stellvertr. Gesch\u00e4ftsf\u00fchrerin), Daniela Scharpf (Leiterin Naturpark-Haus) \u00a9 Naturpark Augsburg Westliche W\u00e4lder \" width=\"500\" height=\"300\" srcset=\"https:\/\/www.naturparkmagazin.de\/vdn\/wp-content\/uploads\/sites\/3\/IMG_0019b.jpg 500w, https:\/\/www.naturparkmagazin.de\/vdn\/wp-content\/uploads\/sites\/3\/IMG_0019b-300x180.jpg 300w, https:\/\/www.naturparkmagazin.de\/vdn\/wp-content\/uploads\/sites\/3\/IMG_0019b-200x120.jpg 200w\" sizes=\"(max-width: 500px) 100vw, 500px\" \/><\/a><p id=\"caption-attachment-12809\" class=\"wp-caption-text\">Setzen sich ein f\u00fcr den Erhalt der naturnahen Kulturlandschaft des Naturparks: v.li. Eva Liebig (Gesch\u00e4ftsf\u00fchrerin), Karin Hauber (stellvertr. Gesch\u00e4ftsf\u00fchrerin), Daniela Scharpf (LeiterinNaturpark-Haus) \u00a9 Naturpark Augsburg Westliche W\u00e4lder<\/p><\/div>\n<p>Ehemals ein ausgedehntes Niedermoorgebiet, sind in der &#8222;Reischenau&#8220; noch heute zahlreiche botanische und faunistische Rarit\u00e4ten beheimatet. Von den heckenbestandenen Randh\u00e4ngen \u00f6ffnen sich herrliche Ausblicke in das weite Talbecken und in das Zusamtal. Eine erfrischende Erholung mit einem sensationellen Ausblick bietet in Dinkelscherben das Waldfreibad.<\/p>\n<p>Der n\u00f6rdlich gelegene &#8222;Holzwinkel&#8220; zeichnet sich durch ausgedehnte Waldgebiete und weitl\u00e4ufige H\u00fcgel mit dem h\u00f6chsten Punkt im Naturpark in Bonstetten aus. Dort befindet sich auch Deutschlands gr\u00f6\u00dfer LandArt-Kunstpfad, der von Hama Lohrmann gestaltet wurde. Begeben sie sich auf eine ca. 6 km lange, inspirierende Reise und entdecken sie hierbei eine Kunstform, die alle Sinne ber\u00fchrt, Phantasie weckt und dabei hilft, die Natur und sich selbst als ein Teil davon wahrzunehmen.<\/p>\n<p>&nbsp;<\/p>\n<div id=\"attachment_12813\" style=\"width: 310px\" class=\"wp-caption alignnone\"><a href=\"https:\/\/www.naturparkmagazin.de\/vdn\/wp-content\/uploads\/sites\/3\/Welden_GanghoferLausbubenwegFotoReALWest_B.jpg\"><img aria-describedby=\"caption-attachment-12813\" decoding=\"async\" loading=\"lazy\" class=\"wp-image-12813 size-full\" src=\"https:\/\/www.naturparkmagazin.de\/vdn\/wp-content\/uploads\/sites\/3\/Welden_GanghoferLausbubenwegFotoReALWest_B.jpg\" alt=\"\" width=\"300\" height=\"500\" srcset=\"https:\/\/www.naturparkmagazin.de\/vdn\/wp-content\/uploads\/sites\/3\/Welden_GanghoferLausbubenwegFotoReALWest_B.jpg 300w, https:\/\/www.naturparkmagazin.de\/vdn\/wp-content\/uploads\/sites\/3\/Welden_GanghoferLausbubenwegFotoReALWest_B-200x333.jpg 200w\" sizes=\"(max-width: 300px) 100vw, 300px\" \/><\/a><p id=\"caption-attachment-12813\" class=\"wp-caption-text\">Abenteuer und Spa\u00df f\u00fcr die ganze Familie auf dem Ludwig-Ganghofer-Lausbubenweg \u00a9 Real West<\/p><\/div>\n<p>In Welden verlebte der Heimatdichter Ludwig Ganghofer seine Jugend. Sein Vater, sp\u00e4terer Chef der Bayerischen Staatsforstverwaltung, leitete hier das damalige Forstamt. Ludwigs Naturliebe, aber auch die markanten Charaktere mancher seiner Romangestalten, haben wohl auch hier ihre Wurzeln. Familien k\u00f6nnen auf dem Ludwig-Ganghofer-Lausbubenweg viele seiner Streiche nacherleben \u2013 Spa\u00df f\u00fcr Gro\u00df und Klein ist garantiert. Das kleine Ganghofermuseum und die regionale Speisekarte im Landgasthaus Zum Hirsch ist hierzu empfehlenswert.<\/p>\n<p>&nbsp;<\/p>\n<div id=\"attachment_12818\" style=\"width: 310px\" class=\"wp-caption alignnone\"><a href=\"https:\/\/www.naturparkmagazin.de\/vdn\/wp-content\/uploads\/sites\/3\/Nordschwaben_RadwegenetzFotoReALWestb.jpg\"><img aria-describedby=\"caption-attachment-12818\" decoding=\"async\" loading=\"lazy\" class=\"wp-image-12818 size-full\" src=\"https:\/\/www.naturparkmagazin.de\/vdn\/wp-content\/uploads\/sites\/3\/Nordschwaben_RadwegenetzFotoReALWestb.jpg\" alt=\"Ein gut ausgeschildertes Rad- und Wanderwegenetz bietet sich den Besuchern des Naturpark Augsburg \u2013 Westliche W\u00e4lder \u00ae Naturpark Augsburg-Westliche W\u00e4lder\" width=\"300\" height=\"500\" srcset=\"https:\/\/www.naturparkmagazin.de\/vdn\/wp-content\/uploads\/sites\/3\/Nordschwaben_RadwegenetzFotoReALWestb.jpg 300w, https:\/\/www.naturparkmagazin.de\/vdn\/wp-content\/uploads\/sites\/3\/Nordschwaben_RadwegenetzFotoReALWestb-200x333.jpg 200w\" sizes=\"(max-width: 300px) 100vw, 300px\" \/><\/a><p id=\"caption-attachment-12818\" class=\"wp-caption-text\">Ein gut ausgeschildertes Rad- und Wanderwegenetz bietet sich den Besuchern des Naturpark Augsburg \u2013 Westliche W\u00e4lder \u00a9 Naturpark Augsburg-Westliche W\u00e4lder<\/p><\/div>\n<p>Der Naturpark Augsburg \u2013 Westliche W\u00e4lder ist ein Paradies f\u00fcr Radwanderer und alle, die einsame Wanderungen lieben.<\/p>\n<p><a href=\"https:\/\/naturpark-augsburg.de\/\" target=\"_blank\">N\u00e4here Informationen und viele weitere Tourentipps erhalten Sie hier.<\/a><\/p>\n<p>&nbsp;<\/p>\n<p>&nbsp;<\/p>\n<p>&nbsp;<\/p>\n","protected":false},"excerpt":{"rendered":"<p>Der Naturpark Augsburg \u2013 Westliche W\u00e4lder liegt vor den Toren Augsburgs und ist keine Autostunde von M\u00fcnchen entfernt. Umgrenzt wird er von den Fl\u00fcssen wie Wertach und Schmutter im Osten, Mindel im Westen und Donau im Norden. Er liegt im Alpenvorland, im \u201eMittelschw\u00e4bischen Schotterriedel- und H\u00fcgelland\u201c. Typisch ist der Wechsel von bewaldeten H\u00f6hen und landwirtschaftlich genutzten Bacht\u00e4lern, in denen die meisten der insgesamt 300 Ortschaften liegen.<\/p>\n","protected":false},"author":73,"featured_media":12817,"comment_status":"open","ping_status":"open","sticky":false,"template":"","format":"standard","meta":{"_links_to":"","_links_to_target":""},"categories":[15],"tags":[2207,2205,2208,2210,2195,2206,2209,41],"yoast_head":"<!-- This site is optimized with the Yoast SEO plugin v19.10 - https:\/\/yoast.com\/wordpress\/plugins\/seo\/ -->\n<title>Naturpark Augsburg \u2013 Westliche W\u00e4lder<\/title>\n<meta name=\"description\" content=\"Der Naturpark Augsburg \u2013 Westliche W\u00e4lder liegt vor den Toren Augsburgs und ist keine Autostunde von M\u00fcnchen entfernt. Umgrenzt wird er von den Fl\u00fcssen wie Wertach und Schmutter im Osten, Mindel im Westen und Donau im Norden. Er liegt im Alpenvorland, im \u201eMittelschw\u00e4bischen Schotterriedel- und H\u00fcgelland\u201c. Typisch ist der Wechsel von bewaldeten H\u00f6hen und landwirtschaftlich genutzten Bacht\u00e4lern, in denen die meisten der insgesamt 300 Ortschaften liegen.\" \/>\n<meta name=\"robots\" content=\"index, follow, max-snippet:-1, max-image-preview:large, max-video-preview:-1\" \/>\n<link rel=\"canonical\" href=\"https:\/\/www.naturparkmagazin.de\/vdn\/naturpark-augsburg-westliche-waelder\/\" \/>\n<meta property=\"og:locale\" content=\"de_DE\" \/>\n<meta property=\"og:type\" content=\"article\" \/>\n<meta property=\"og:title\" content=\"Naturpark Augsburg \u2013 Westliche W\u00e4lder\" \/>\n<meta property=\"og:description\" content=\"Der Naturpark Augsburg \u2013 Westliche W\u00e4lder liegt vor den Toren Augsburgs und ist keine Autostunde von M\u00fcnchen entfernt. Umgrenzt wird er von den Fl\u00fcssen wie Wertach und Schmutter im Osten, Mindel im Westen und Donau im Norden. Er liegt im Alpenvorland, im \u201eMittelschw\u00e4bischen Schotterriedel- und H\u00fcgelland\u201c. Typisch ist der Wechsel von bewaldeten H\u00f6hen und landwirtschaftlich genutzten Bacht\u00e4lern, in denen die meisten der insgesamt 300 Ortschaften liegen.\" \/>\n<meta property=\"og:url\" content=\"https:\/\/www.naturparkmagazin.de\/vdn\/naturpark-augsburg-westliche-waelder\/\" \/>\n<meta property=\"og:site_name\" content=\"Verband Deutscher Naturparke\" \/>\n<meta property=\"article:published_time\" content=\"2020-08-31T09:33:47+00:00\" \/>\n<meta property=\"article:modified_time\" content=\"2020-09-16T08:04:36+00:00\" \/>\n<meta property=\"og:image\" content=\"https:\/\/www.naturparkmagazin.de\/vdn\/wp-content\/uploads\/sites\/3\/Obersch\u00f6nenfeld-Foto-Naturpark_Bf.jpg\" \/>\n\t<meta property=\"og:image:width\" content=\"200\" \/>\n\t<meta property=\"og:image:height\" content=\"200\" \/>\n\t<meta property=\"og:image:type\" content=\"image\/jpeg\" \/>\n<meta name=\"author\" content=\"manuelamerz\" \/>\n<meta name=\"twitter:label1\" content=\"Verfasst von\" \/>\n\t<meta name=\"twitter:data1\" content=\"manuelamerz\" \/>\n\t<meta name=\"twitter:label2\" content=\"Gesch\u00e4tzte Lesezeit\" \/>\n\t<meta name=\"twitter:data2\" content=\"3\u00a0Minuten\" \/>\n<script type=\"application\/ld+json\" class=\"yoast-schema-graph\">{\"@context\":\"https:\/\/schema.org\",\"@graph\":[{\"@type\":\"WebPage\",\"@id\":\"https:\/\/www.naturparkmagazin.de\/vdn\/naturpark-augsburg-westliche-waelder\/\",\"url\":\"https:\/\/www.naturparkmagazin.de\/vdn\/naturpark-augsburg-westliche-waelder\/\",\"name\":\"Naturpark Augsburg \u2013 Westliche W\u00e4lder\",\"isPartOf\":{\"@id\":\"https:\/\/www.naturparkmagazin.de\/vdn\/#website\"},\"datePublished\":\"2020-08-31T09:33:47+00:00\",\"dateModified\":\"2020-09-16T08:04:36+00:00\",\"author\":{\"@id\":\"https:\/\/www.naturparkmagazin.de\/vdn\/#\/schema\/person\/3cff9b8773ed55f0189255fa9adfd57c\"},\"description\":\"Der Naturpark Augsburg \u2013 Westliche W\u00e4lder liegt vor den Toren Augsburgs und ist keine Autostunde von M\u00fcnchen entfernt. Umgrenzt wird er von den Fl\u00fcssen wie Wertach und Schmutter im Osten, Mindel im Westen und Donau im Norden. Er liegt im Alpenvorland, im \u201eMittelschw\u00e4bischen Schotterriedel- und H\u00fcgelland\u201c. Typisch ist der Wechsel von bewaldeten H\u00f6hen und landwirtschaftlich genutzten Bacht\u00e4lern, in denen die meisten der insgesamt 300 Ortschaften liegen.\",\"breadcrumb\":{\"@id\":\"https:\/\/www.naturparkmagazin.de\/vdn\/naturpark-augsburg-westliche-waelder\/#breadcrumb\"},\"inLanguage\":\"de\",\"potentialAction\":[{\"@type\":\"ReadAction\",\"target\":[\"https:\/\/www.naturparkmagazin.de\/vdn\/naturpark-augsburg-westliche-waelder\/\"]}]},{\"@type\":\"BreadcrumbList\",\"@id\":\"https:\/\/www.naturparkmagazin.de\/vdn\/naturpark-augsburg-westliche-waelder\/#breadcrumb\",\"itemListElement\":[{\"@type\":\"ListItem\",\"position\":1,\"name\":\"Home\",\"item\":\"https:\/\/www.naturparkmagazin.de\/vdn\/\"},{\"@type\":\"ListItem\",\"position\":2,\"name\":\"Naturpark Augsburg \u2013 Westliche W\u00e4lder\"}]},{\"@type\":\"WebSite\",\"@id\":\"https:\/\/www.naturparkmagazin.de\/vdn\/#website\",\"url\":\"https:\/\/www.naturparkmagazin.de\/vdn\/\",\"name\":\"Verband Deutscher Naturparke\",\"description\":\"Eine weitere Naturparkmagazin.de Netzwerk Seite\",\"potentialAction\":[{\"@type\":\"SearchAction\",\"target\":{\"@type\":\"EntryPoint\",\"urlTemplate\":\"https:\/\/www.naturparkmagazin.de\/vdn\/?s={search_term_string}\"},\"query-input\":\"required name=search_term_string\"}],\"inLanguage\":\"de\"},{\"@type\":\"Person\",\"@id\":\"https:\/\/www.naturparkmagazin.de\/vdn\/#\/schema\/person\/3cff9b8773ed55f0189255fa9adfd57c\",\"name\":\"manuelamerz\",\"url\":\"https:\/\/www.naturparkmagazin.de\/vdn\/author\/manuelamerz\/\"}]}<\/script>\n<!-- \/ Yoast SEO plugin. -->","yoast_head_json":{"title":"Naturpark Augsburg \u2013 Westliche W\u00e4lder","description":"Der Naturpark Augsburg \u2013 Westliche W\u00e4lder liegt vor den Toren Augsburgs und ist keine Autostunde von M\u00fcnchen entfernt. Umgrenzt wird er von den Fl\u00fcssen wie Wertach und Schmutter im Osten, Mindel im Westen und Donau im Norden. Er liegt im Alpenvorland, im \u201eMittelschw\u00e4bischen Schotterriedel- und H\u00fcgelland\u201c. Typisch ist der Wechsel von bewaldeten H\u00f6hen und landwirtschaftlich genutzten Bacht\u00e4lern, in denen die meisten der insgesamt 300 Ortschaften liegen.","robots":{"index":"index","follow":"follow","max-snippet":"max-snippet:-1","max-image-preview":"max-image-preview:large","max-video-preview":"max-video-preview:-1"},"canonical":"https:\/\/www.naturparkmagazin.de\/vdn\/naturpark-augsburg-westliche-waelder\/","og_locale":"de_DE","og_type":"article","og_title":"Naturpark Augsburg \u2013 Westliche W\u00e4lder","og_description":"Der Naturpark Augsburg \u2013 Westliche W\u00e4lder liegt vor den Toren Augsburgs und ist keine Autostunde von M\u00fcnchen entfernt. Umgrenzt wird er von den Fl\u00fcssen wie Wertach und Schmutter im Osten, Mindel im Westen und Donau im Norden. Er liegt im Alpenvorland, im \u201eMittelschw\u00e4bischen Schotterriedel- und H\u00fcgelland\u201c. Typisch ist der Wechsel von bewaldeten H\u00f6hen und landwirtschaftlich genutzten Bacht\u00e4lern, in denen die meisten der insgesamt 300 Ortschaften liegen.","og_url":"https:\/\/www.naturparkmagazin.de\/vdn\/naturpark-augsburg-westliche-waelder\/","og_site_name":"Verband Deutscher Naturparke","article_published_time":"2020-08-31T09:33:47+00:00","article_modified_time":"2020-09-16T08:04:36+00:00","og_image":[{"width":200,"height":200,"url":"https:\/\/www.naturparkmagazin.de\/vdn\/wp-content\/uploads\/sites\/3\/Obersch\u00f6nenfeld-Foto-Naturpark_Bf.jpg","type":"image\/jpeg"}],"author":"manuelamerz","twitter_misc":{"Verfasst von":"manuelamerz","Gesch\u00e4tzte Lesezeit":"3\u00a0Minuten"},"schema":{"@context":"https:\/\/schema.org","@graph":[{"@type":"WebPage","@id":"https:\/\/www.naturparkmagazin.de\/vdn\/naturpark-augsburg-westliche-waelder\/","url":"https:\/\/www.naturparkmagazin.de\/vdn\/naturpark-augsburg-westliche-waelder\/","name":"Naturpark Augsburg \u2013 Westliche W\u00e4lder","isPartOf":{"@id":"https:\/\/www.naturparkmagazin.de\/vdn\/#website"},"datePublished":"2020-08-31T09:33:47+00:00","dateModified":"2020-09-16T08:04:36+00:00","author":{"@id":"https:\/\/www.naturparkmagazin.de\/vdn\/#\/schema\/person\/3cff9b8773ed55f0189255fa9adfd57c"},"description":"Der Naturpark Augsburg \u2013 Westliche W\u00e4lder liegt vor den Toren Augsburgs und ist keine Autostunde von M\u00fcnchen entfernt. Umgrenzt wird er von den Fl\u00fcssen wie Wertach und Schmutter im Osten, Mindel im Westen und Donau im Norden. Er liegt im Alpenvorland, im \u201eMittelschw\u00e4bischen Schotterriedel- und H\u00fcgelland\u201c. Typisch ist der Wechsel von bewaldeten H\u00f6hen und landwirtschaftlich genutzten Bacht\u00e4lern, in denen die meisten der insgesamt 300 Ortschaften liegen.","breadcrumb":{"@id":"https:\/\/www.naturparkmagazin.de\/vdn\/naturpark-augsburg-westliche-waelder\/#breadcrumb"},"inLanguage":"de","potentialAction":[{"@type":"ReadAction","target":["https:\/\/www.naturparkmagazin.de\/vdn\/naturpark-augsburg-westliche-waelder\/"]}]},{"@type":"BreadcrumbList","@id":"https:\/\/www.naturparkmagazin.de\/vdn\/naturpark-augsburg-westliche-waelder\/#breadcrumb","itemListElement":[{"@type":"ListItem","position":1,"name":"Home","item":"https:\/\/www.naturparkmagazin.de\/vdn\/"},{"@type":"ListItem","position":2,"name":"Naturpark Augsburg \u2013 Westliche W\u00e4lder"}]},{"@type":"WebSite","@id":"https:\/\/www.naturparkmagazin.de\/vdn\/#website","url":"https:\/\/www.naturparkmagazin.de\/vdn\/","name":"Verband Deutscher Naturparke","description":"Eine weitere Naturparkmagazin.de Netzwerk Seite","potentialAction":[{"@type":"SearchAction","target":{"@type":"EntryPoint","urlTemplate":"https:\/\/www.naturparkmagazin.de\/vdn\/?s={search_term_string}"},"query-input":"required name=search_term_string"}],"inLanguage":"de"},{"@type":"Person","@id":"https:\/\/www.naturparkmagazin.de\/vdn\/#\/schema\/person\/3cff9b8773ed55f0189255fa9adfd57c","name":"manuelamerz","url":"https:\/\/www.naturparkmagazin.de\/vdn\/author\/manuelamerz\/"}]}},"_links":{"self":[{"href":"https:\/\/www.naturparkmagazin.de\/vdn\/wp-json\/wp\/v2\/posts\/12801"}],"collection":[{"href":"https:\/\/www.naturparkmagazin.de\/vdn\/wp-json\/wp\/v2\/posts"}],"about":[{"href":"https:\/\/www.naturparkmagazin.de\/vdn\/wp-json\/wp\/v2\/types\/post"}],"author":[{"embeddable":true,"href":"https:\/\/www.naturparkmagazin.de\/vdn\/wp-json\/wp\/v2\/users\/73"}],"replies":[{"embeddable":true,"href":"https:\/\/www.naturparkmagazin.de\/vdn\/wp-json\/wp\/v2\/comments?post=12801"}],"version-history":[{"count":7,"href":"https:\/\/www.naturparkmagazin.de\/vdn\/wp-json\/wp\/v2\/posts\/12801\/revisions"}],"predecessor-version":[{"id":12836,"href":"https:\/\/www.naturparkmagazin.de\/vdn\/wp-json\/wp\/v2\/posts\/12801\/revisions\/12836"}],"wp:featuredmedia":[{"embeddable":true,"href":"https:\/\/www.naturparkmagazin.de\/vdn\/wp-json\/wp\/v2\/media\/12817"}],"wp:attachment":[{"href":"https:\/\/www.naturparkmagazin.de\/vdn\/wp-json\/wp\/v2\/media?parent=12801"}],"wp:term":[{"taxonomy":"category","embeddable":true,"href":"https:\/\/www.naturparkmagazin.de\/vdn\/wp-json\/wp\/v2\/categories?post=12801"},{"taxonomy":"post_tag","embeddable":true,"href":"https:\/\/www.naturparkmagazin.de\/vdn\/wp-json\/wp\/v2\/tags?post=12801"}],"curies":[{"name":"wp","href":"https:\/\/api.w.org\/{rel}","templated":true}]}}